{"id":88619,"date":"2021-10-25T18:31:45","date_gmt":"2021-10-25T16:31:45","guid":{"rendered":"https:\/\/territorialchallenges.com\/?p=88619"},"modified":"2022-05-02T22:05:13","modified_gmt":"2022-05-02T20:05:13","slug":"ladministration-biden-ou-lembellie-des-smart-cities-post-covid-19","status":"publish","type":"post","link":"https:\/\/territorialchallenges.com\/nl\/2021\/10\/25\/ladministration-biden-ou-lembellie-des-smart-cities-post-covid-19\/88619\/","title":{"rendered":"De regering-Biden of de verbetering van slimme gebieden na COVID-19"},"content":{"rendered":"<p>In een technologiegericht interview met de National League of Cities, vlak na zijn verkiezing in november, beloofde Joe Biden gekozen bestuurders te steunen zodra ze aan de macht waren, waarmee hij een langdurige en wijdverbreide vriendschap met Amerikaanse lokale overheden benadrukte. Betekent dit dat het investeringsbeleid... <\/p>\n<div class=\"pmpro_content_message\">Artikel alleen beschikbaar voor abonnees.<br \/><a href=\"https:\/\/territorialchallenges.com\/wp-login.php\">Login<\/a><br \/><a href=\"https:\/\/territorialchallenges.com\/nl\/wp-login.php\/?action=register\">Register<\/a><\/div>","protected":false},"excerpt":{"rendered":"<p>Lors d&rsquo;un entretien ax\u00e9 sur la technologie avec la National League of Cities (Ligue nationale des villes,) juste apr\u00e8s son \u00e9lection en novembre, Joe Biden a promis de soutenir les \u00e9lus une fois au pouvoir, faisant \u00e9cho \u00e0 une amiti\u00e9 ancienne et g\u00e9n\u00e9rale avec les collectivit\u00e9s territoriales am\u00e9ricaines. Cela veut-il dire que la politique d\u2019investissement... <\/p>\n<div class=\"pmpro_content_message\">Artikel alleen beschikbaar voor abonnees.<br \/><a href=\"https:\/\/territorialchallenges.com\/wp-login.php\">Login<\/a><br \/><a href=\"https:\/\/territorialchallenges.com\/nl\/wp-login.php\/?action=register\">Register<\/a><\/div>","protected":false},"author":11,"featured_media":88620,"comment_status":"open","ping_status":"open","sticky":true,"template":"","format":"standard","meta":{"pmpro_default_level":0,"footnotes":""},"categories":[130,117],"tags":[],"blocksy_meta":"","yoast_head":"<!-- This site is optimized with the Yoast SEO plugin v21.5 - https:\/\/yoast.com\/wordpress\/plugins\/seo\/ -->\n<title>L&#039;administration Biden ou l\u2019embellie des Territoires Intelligents post-COVID 19 - Territorial Challenges<\/title>\n<meta name=\"robots\" content=\"index, follow, max-snippet:-1, max-image-preview:large, max-video-preview:-1\" \/>\n<link rel=\"canonical\" href=\"https:\/\/territorialchallenges.com\/nl\/2021\/10\/25\/ladministration-biden-ou-lembellie-des-smart-cities-post-covid-19\/88619\/\" \/>\n<meta property=\"og:locale\" content=\"nl_NL\" \/>\n<meta property=\"og:type\" content=\"article\" \/>\n<meta property=\"og:title\" content=\"L&#039;administration Biden ou l\u2019embellie des Territoires Intelligents post-COVID 19 - Territorial Challenges\" \/>\n<meta property=\"og:description\" content=\"Lors d&rsquo;un entretien ax\u00e9 sur la technologie avec la National League of Cities (Ligue nationale des villes,) juste apr\u00e8s son \u00e9lection en novembre, Joe Biden a promis de soutenir les \u00e9lus une fois au pouvoir, faisant \u00e9cho \u00e0 une amiti\u00e9 ancienne et g\u00e9n\u00e9rale avec les collectivit\u00e9s territoriales am\u00e9ricaines. Cela veut-il dire que la politique d\u2019investissement [&hellip;]\" \/>\n<meta property=\"og:url\" content=\"https:\/\/territorialchallenges.com\/nl\/2021\/10\/25\/ladministration-biden-ou-lembellie-des-smart-cities-post-covid-19\/88619\/\" \/>\n<meta property=\"og:site_name\" content=\"Territorial Challenges\" \/>\n<meta property=\"article:published_time\" content=\"2021-10-25T16:31:45+00:00\" \/>\n<meta property=\"article:modified_time\" content=\"2022-05-02T20:05:13+00:00\" \/>\n<meta property=\"og:image\" content=\"https:\/\/territorialchallenges.com\/wp-content\/uploads\/2021\/01\/joebiden.jpg\" \/>\n\t<meta property=\"og:image:width\" content=\"1920\" \/>\n\t<meta property=\"og:image:height\" content=\"1280\" \/>\n\t<meta property=\"og:image:type\" content=\"image\/jpeg\" \/>\n<meta name=\"author\" content=\"ni.abdi\" \/>\n<meta name=\"twitter:card\" content=\"summary_large_image\" \/>\n<meta name=\"twitter:creator\" content=\"@Ni.abdi\" \/>\n<meta name=\"twitter:label1\" content=\"Geschreven door\" \/>\n\t<meta name=\"twitter:data1\" content=\"ni.abdi\" \/>\n\t<meta name=\"twitter:label2\" content=\"Geschatte leestijd\" \/>\n\t<meta name=\"twitter:data2\" content=\"3 minuten\" \/>\n<script type=\"application\/ld+json\" class=\"yoast-schema-graph\">{\"@context\":\"https:\/\/schema.org\",\"@graph\":[{\"@type\":\"Article\",\"@id\":\"https:\/\/territorialchallenges.com\/2021\/10\/25\/ladministration-biden-ou-lembellie-des-smart-cities-post-covid-19\/88619\/#article\",\"isPartOf\":{\"@id\":\"https:\/\/territorialchallenges.com\/2021\/10\/25\/ladministration-biden-ou-lembellie-des-smart-cities-post-covid-19\/88619\/\"},\"author\":{\"name\":\"ni.abdi\",\"@id\":\"https:\/\/territorialchallenges.com\/#\/schema\/person\/098f145c7c61a021c425e010f840080f\"},\"headline\":\"L&rsquo;administration Biden ou l\u2019embellie des Territoires Intelligents post-COVID 19\",\"datePublished\":\"2021-10-25T16:31:45+00:00\",\"dateModified\":\"2022-05-02T20:05:13+00:00\",\"mainEntityOfPage\":{\"@id\":\"https:\/\/territorialchallenges.com\/2021\/10\/25\/ladministration-biden-ou-lembellie-des-smart-cities-post-covid-19\/88619\/\"},\"wordCount\":536,\"commentCount\":0,\"publisher\":{\"@id\":\"https:\/\/territorialchallenges.com\/#organization\"},\"articleSection\":[\"R\u00e9flexion faite\",\"\u00c9cosyst\u00e8me\"],\"inLanguage\":\"nl-NL\"},{\"@type\":\"WebPage\",\"@id\":\"https:\/\/territorialchallenges.com\/2021\/10\/25\/ladministration-biden-ou-lembellie-des-smart-cities-post-covid-19\/88619\/\",\"url\":\"https:\/\/territorialchallenges.com\/2021\/10\/25\/ladministration-biden-ou-lembellie-des-smart-cities-post-covid-19\/88619\/\",\"name\":\"L'administration Biden ou l\u2019embellie des Territoires Intelligents post-COVID 19 - Territorial Challenges\",\"isPartOf\":{\"@id\":\"https:\/\/territorialchallenges.com\/#website\"},\"datePublished\":\"2021-10-25T16:31:45+00:00\",\"dateModified\":\"2022-05-02T20:05:13+00:00\",\"breadcrumb\":{\"@id\":\"https:\/\/territorialchallenges.com\/2021\/10\/25\/ladministration-biden-ou-lembellie-des-smart-cities-post-covid-19\/88619\/#breadcrumb\"},\"inLanguage\":\"nl-NL\",\"potentialAction\":[{\"@type\":\"ReadAction\",\"target\":[\"https:\/\/territorialchallenges.com\/2021\/10\/25\/ladministration-biden-ou-lembellie-des-smart-cities-post-covid-19\/88619\/\"]}]},{\"@type\":\"BreadcrumbList\",\"@id\":\"https:\/\/territorialchallenges.com\/2021\/10\/25\/ladministration-biden-ou-lembellie-des-smart-cities-post-covid-19\/88619\/#breadcrumb\",\"itemListElement\":[{\"@type\":\"ListItem\",\"position\":1,\"name\":\"Home\",\"item\":\"https:\/\/territorialchallenges.com\/\"},{\"@type\":\"ListItem\",\"position\":2,\"name\":\"L&rsquo;administration Biden ou l\u2019embellie des Territoires Intelligents post-COVID 19\"}]},{\"@type\":\"WebSite\",\"@id\":\"https:\/\/territorialchallenges.com\/#website\",\"url\":\"https:\/\/territorialchallenges.com\/\",\"name\":\"Territorial Challenges\",\"description\":\"Veille Internationale - Strat\u00e9gie Intelligentes - Bonnes pratiques\",\"publisher\":{\"@id\":\"https:\/\/territorialchallenges.com\/#organization\"},\"potentialAction\":[{\"@type\":\"SearchAction\",\"target\":{\"@type\":\"EntryPoint\",\"urlTemplate\":\"https:\/\/territorialchallenges.com\/?s={search_term_string}\"},\"query-input\":\"required name=search_term_string\"}],\"inLanguage\":\"nl-NL\"},{\"@type\":\"Organization\",\"@id\":\"https:\/\/territorialchallenges.com\/#organization\",\"name\":\"Territorial Challenges\",\"url\":\"https:\/\/territorialchallenges.com\/\",\"logo\":{\"@type\":\"ImageObject\",\"inLanguage\":\"nl-NL\",\"@id\":\"https:\/\/territorialchallenges.com\/#\/schema\/logo\/image\/\",\"url\":\"https:\/\/territorialchallenges.com\/wp-content\/uploads\/2023\/10\/logo-1.png\",\"contentUrl\":\"https:\/\/territorialchallenges.com\/wp-content\/uploads\/2023\/10\/logo-1.png\",\"width\":1832,\"height\":576,\"caption\":\"Territorial Challenges\"},\"image\":{\"@id\":\"https:\/\/territorialchallenges.com\/#\/schema\/logo\/image\/\"}},{\"@type\":\"Person\",\"@id\":\"https:\/\/territorialchallenges.com\/#\/schema\/person\/098f145c7c61a021c425e010f840080f\",\"name\":\"ni.abdi\",\"image\":{\"@type\":\"ImageObject\",\"inLanguage\":\"nl-NL\",\"@id\":\"https:\/\/territorialchallenges.com\/#\/schema\/person\/image\/\",\"url\":\"https:\/\/secure.gravatar.com\/avatar\/2a2f2491f3c80039986ba989b1e4b510?s=96&d=identicon&r=g\",\"contentUrl\":\"https:\/\/secure.gravatar.com\/avatar\/2a2f2491f3c80039986ba989b1e4b510?s=96&d=identicon&r=g\",\"caption\":\"ni.abdi\"},\"sameAs\":[\"https:\/\/twitter.com\/Ni.abdi\"],\"url\":\"https:\/\/territorialchallenges.com\/nl\/author\/ni-abdi\/\"}]}<\/script>\n<!-- \/ Yoast SEO plugin. -->","yoast_head_json":{"title":"L'administration Biden ou l\u2019embellie des Territoires Intelligents post-COVID 19 - Territorial Challenges","robots":{"index":"index","follow":"follow","max-snippet":"max-snippet:-1","max-image-preview":"max-image-preview:large","max-video-preview":"max-video-preview:-1"},"canonical":"https:\/\/territorialchallenges.com\/nl\/2021\/10\/25\/ladministration-biden-ou-lembellie-des-smart-cities-post-covid-19\/88619\/","og_locale":"nl_NL","og_type":"article","og_title":"L'administration Biden ou l\u2019embellie des Territoires Intelligents post-COVID 19 - Territorial Challenges","og_description":"Lors d&rsquo;un entretien ax\u00e9 sur la technologie avec la National League of Cities (Ligue nationale des villes,) juste apr\u00e8s son \u00e9lection en novembre, Joe Biden a promis de soutenir les \u00e9lus une fois au pouvoir, faisant \u00e9cho \u00e0 une amiti\u00e9 ancienne et g\u00e9n\u00e9rale avec les collectivit\u00e9s territoriales am\u00e9ricaines. Cela veut-il dire que la politique d\u2019investissement [&hellip;]","og_url":"https:\/\/territorialchallenges.com\/nl\/2021\/10\/25\/ladministration-biden-ou-lembellie-des-smart-cities-post-covid-19\/88619\/","og_site_name":"Territorial Challenges","article_published_time":"2021-10-25T16:31:45+00:00","article_modified_time":"2022-05-02T20:05:13+00:00","og_image":[{"width":1920,"height":1280,"url":"https:\/\/territorialchallenges.com\/wp-content\/uploads\/2021\/01\/joebiden.jpg","type":"image\/jpeg"}],"author":"ni.abdi","twitter_card":"summary_large_image","twitter_creator":"@Ni.abdi","twitter_misc":{"Geschreven door":"ni.abdi","Geschatte leestijd":"3 minuten"},"schema":{"@context":"https:\/\/schema.org","@graph":[{"@type":"Article","@id":"https:\/\/territorialchallenges.com\/2021\/10\/25\/ladministration-biden-ou-lembellie-des-smart-cities-post-covid-19\/88619\/#article","isPartOf":{"@id":"https:\/\/territorialchallenges.com\/2021\/10\/25\/ladministration-biden-ou-lembellie-des-smart-cities-post-covid-19\/88619\/"},"author":{"name":"ni.abdi","@id":"https:\/\/territorialchallenges.com\/#\/schema\/person\/098f145c7c61a021c425e010f840080f"},"headline":"L&rsquo;administration Biden ou l\u2019embellie des Territoires Intelligents post-COVID 19","datePublished":"2021-10-25T16:31:45+00:00","dateModified":"2022-05-02T20:05:13+00:00","mainEntityOfPage":{"@id":"https:\/\/territorialchallenges.com\/2021\/10\/25\/ladministration-biden-ou-lembellie-des-smart-cities-post-covid-19\/88619\/"},"wordCount":536,"commentCount":0,"publisher":{"@id":"https:\/\/territorialchallenges.com\/#organization"},"articleSection":["R\u00e9flexion faite","\u00c9cosyst\u00e8me"],"inLanguage":"nl-NL"},{"@type":"WebPage","@id":"https:\/\/territorialchallenges.com\/2021\/10\/25\/ladministration-biden-ou-lembellie-des-smart-cities-post-covid-19\/88619\/","url":"https:\/\/territorialchallenges.com\/2021\/10\/25\/ladministration-biden-ou-lembellie-des-smart-cities-post-covid-19\/88619\/","name":"L'administration Biden ou l\u2019embellie des Territoires Intelligents post-COVID 19 - Territorial Challenges","isPartOf":{"@id":"https:\/\/territorialchallenges.com\/#website"},"datePublished":"2021-10-25T16:31:45+00:00","dateModified":"2022-05-02T20:05:13+00:00","breadcrumb":{"@id":"https:\/\/territorialchallenges.com\/2021\/10\/25\/ladministration-biden-ou-lembellie-des-smart-cities-post-covid-19\/88619\/#breadcrumb"},"inLanguage":"nl-NL","potentialAction":[{"@type":"ReadAction","target":["https:\/\/territorialchallenges.com\/2021\/10\/25\/ladministration-biden-ou-lembellie-des-smart-cities-post-covid-19\/88619\/"]}]},{"@type":"BreadcrumbList","@id":"https:\/\/territorialchallenges.com\/2021\/10\/25\/ladministration-biden-ou-lembellie-des-smart-cities-post-covid-19\/88619\/#breadcrumb","itemListElement":[{"@type":"ListItem","position":1,"name":"Home","item":"https:\/\/territorialchallenges.com\/"},{"@type":"ListItem","position":2,"name":"L&rsquo;administration Biden ou l\u2019embellie des Territoires Intelligents post-COVID 19"}]},{"@type":"WebSite","@id":"https:\/\/territorialchallenges.com\/#website","url":"https:\/\/territorialchallenges.com\/","name":"Territoriale uitdagingen","description":"Internationale monitoring - Slimme strategie\u00ebn - Beste praktijken","publisher":{"@id":"https:\/\/territorialchallenges.com\/#organization"},"potentialAction":[{"@type":"SearchAction","target":{"@type":"EntryPoint","urlTemplate":"https:\/\/territorialchallenges.com\/?s={search_term_string}"},"query-input":"required name=search_term_string"}],"inLanguage":"nl-NL"},{"@type":"Organization","@id":"https:\/\/territorialchallenges.com\/#organization","name":"Territoriale uitdagingen","url":"https:\/\/territorialchallenges.com\/","logo":{"@type":"ImageObject","inLanguage":"nl-NL","@id":"https:\/\/territorialchallenges.com\/#\/schema\/logo\/image\/","url":"https:\/\/territorialchallenges.com\/wp-content\/uploads\/2023\/10\/logo-1.png","contentUrl":"https:\/\/territorialchallenges.com\/wp-content\/uploads\/2023\/10\/logo-1.png","width":1832,"height":576,"caption":"Territorial Challenges"},"image":{"@id":"https:\/\/territorialchallenges.com\/#\/schema\/logo\/image\/"}},{"@type":"Person","@id":"https:\/\/territorialchallenges.com\/#\/schema\/person\/098f145c7c61a021c425e010f840080f","name":"ni.abdi","image":{"@type":"ImageObject","inLanguage":"nl-NL","@id":"https:\/\/territorialchallenges.com\/#\/schema\/person\/image\/","url":"https:\/\/secure.gravatar.com\/avatar\/2a2f2491f3c80039986ba989b1e4b510?s=96&d=identicon&r=g","contentUrl":"https:\/\/secure.gravatar.com\/avatar\/2a2f2491f3c80039986ba989b1e4b510?s=96&d=identicon&r=g","caption":"ni.abdi"},"sameAs":["https:\/\/twitter.com\/Ni.abdi"],"url":"https:\/\/territorialchallenges.com\/nl\/author\/ni-abdi\/"}]}},"_links":{"self":[{"href":"https:\/\/territorialchallenges.com\/nl\/wp-json\/wp\/v2\/posts\/88619"}],"collection":[{"href":"https:\/\/territorialchallenges.com\/nl\/wp-json\/wp\/v2\/posts"}],"about":[{"href":"https:\/\/territorialchallenges.com\/nl\/wp-json\/wp\/v2\/types\/post"}],"author":[{"embeddable":true,"href":"https:\/\/territorialchallenges.com\/nl\/wp-json\/wp\/v2\/users\/11"}],"replies":[{"embeddable":true,"href":"https:\/\/territorialchallenges.com\/nl\/wp-json\/wp\/v2\/comments?post=88619"}],"version-history":[{"count":3,"href":"https:\/\/territorialchallenges.com\/nl\/wp-json\/wp\/v2\/posts\/88619\/revisions"}],"predecessor-version":[{"id":88627,"href":"https:\/\/territorialchallenges.com\/nl\/wp-json\/wp\/v2\/posts\/88619\/revisions\/88627"}],"wp:featuredmedia":[{"embeddable":true,"href":"https:\/\/territorialchallenges.com\/nl\/wp-json\/wp\/v2\/media\/88620"}],"wp:attachment":[{"href":"https:\/\/territorialchallenges.com\/nl\/wp-json\/wp\/v2\/media?parent=88619"}],"wp:term":[{"taxonomy":"category","embeddable":true,"href":"https:\/\/territorialchallenges.com\/nl\/wp-json\/wp\/v2\/categories?post=88619"},{"taxonomy":"post_tag","embeddable":true,"href":"https:\/\/territorialchallenges.com\/nl\/wp-json\/wp\/v2\/tags?post=88619"}],"curies":[{"name":"wp","href":"https:\/\/api.w.org\/{rel}","templated":true}]}}