{"id":88602,"date":"2021-10-25T09:51:35","date_gmt":"2021-10-25T07:51:35","guid":{"rendered":"https:\/\/territorialchallenges.com\/?p=88602"},"modified":"2022-05-02T22:05:25","modified_gmt":"2022-05-02T20:05:25","slug":"eric-lander-loreille-scientifique-et-technologique-de-jo-biden","status":"publish","type":"post","link":"https:\/\/territorialchallenges.com\/nl\/2021\/10\/25\/eric-lander-loreille-scientifique-et-technologique-de-jo-biden\/88602\/","title":{"rendered":"Eric Lander, Joe Bidens wetenschaps- en technologieadviseur"},"content":{"rendered":"<p>Op 15 januari maakte aankomend president Biden zijn kandidaten voor hoge functies binnen het wetenschapsbeleid binnen zijn regering bekend en presenteerde deze tijdens een bijeenkomst de volgende dag. Geneticus Eric Lander zal optreden als presidentieel wetenschappelijk adviseur en is voorgedragen om leiding te geven aan het Bureau voor Wetenschaps- en Technologiebeleid. <\/p>\n<div class=\"pmpro_content_message\">Artikel alleen beschikbaar voor abonnees.<br \/><a href=\"https:\/\/territorialchallenges.com\/wp-login.php\">Login<\/a><br \/><a href=\"https:\/\/territorialchallenges.com\/nl\/wp-login.php\/?action=register\">Register<\/a><\/div>","protected":false},"excerpt":{"rendered":"<p>Le 15 janvier, le pr\u00e9sident \u00e9lu Biden a annonc\u00e9\u00a0ses s\u00e9lections pour des postes de direction de la politique scientifique des Etats-Unis, au sein de son administration et les a\u00a0pr\u00e9sent\u00e9s\u00a0lors d&rsquo;un \u00e9v\u00e9nement le lendemain.\u00a0Le g\u00e9n\u00e9ticien Eric Lander sera le conseiller scientifique pr\u00e9sidentiel et est nomm\u00e9 directeur du Bureau de la politique scientifique et technologique de la... <\/p>\n<div class=\"pmpro_content_message\">Artikel alleen beschikbaar voor abonnees.<br \/><a href=\"https:\/\/territorialchallenges.com\/wp-login.php\">Login<\/a><br \/><a href=\"https:\/\/territorialchallenges.com\/nl\/wp-login.php\/?action=register\">Register<\/a><\/div>","protected":false},"author":11,"featured_media":88610,"comment_status":"open","ping_status":"open","sticky":true,"template":"","format":"standard","meta":{"pmpro_default_level":0,"footnotes":""},"categories":[126,117],"tags":[],"blocksy_meta":"","yoast_head":"<!-- This site is optimized with the Yoast SEO plugin v21.5 - https:\/\/yoast.com\/wordpress\/plugins\/seo\/ -->\n<title>Eric Lander, le conseiller scientifique et technologique de Jo Biden - Territorial Challenges<\/title>\n<meta name=\"robots\" content=\"index, follow, max-snippet:-1, max-image-preview:large, max-video-preview:-1\" \/>\n<link rel=\"canonical\" href=\"https:\/\/territorialchallenges.com\/nl\/2021\/10\/25\/eric-lander-loreille-scientifique-et-technologique-de-jo-biden\/88602\/\" \/>\n<meta property=\"og:locale\" content=\"nl_NL\" \/>\n<meta property=\"og:type\" content=\"article\" \/>\n<meta property=\"og:title\" content=\"Eric Lander, le conseiller scientifique et technologique de Jo Biden - Territorial Challenges\" \/>\n<meta property=\"og:description\" content=\"Le 15 janvier, le pr\u00e9sident \u00e9lu Biden a annonc\u00e9\u00a0ses s\u00e9lections pour des postes de direction de la politique scientifique des Etats-Unis, au sein de son administration et les a\u00a0pr\u00e9sent\u00e9s\u00a0lors d&rsquo;un \u00e9v\u00e9nement le lendemain.\u00a0Le g\u00e9n\u00e9ticien Eric Lander sera le conseiller scientifique pr\u00e9sidentiel et est nomm\u00e9 directeur du Bureau de la politique scientifique et technologique de la [&hellip;]\" \/>\n<meta property=\"og:url\" content=\"https:\/\/territorialchallenges.com\/nl\/2021\/10\/25\/eric-lander-loreille-scientifique-et-technologique-de-jo-biden\/88602\/\" \/>\n<meta property=\"og:site_name\" content=\"Territorial Challenges\" \/>\n<meta property=\"article:published_time\" content=\"2021-10-25T07:51:35+00:00\" \/>\n<meta property=\"article:modified_time\" content=\"2022-05-02T20:05:25+00:00\" \/>\n<meta property=\"og:image\" content=\"https:\/\/territorialchallenges.com\/wp-content\/uploads\/2021\/01\/ericlanderonparledeux.png\" \/>\n\t<meta property=\"og:image:width\" content=\"1280\" \/>\n\t<meta property=\"og:image:height\" content=\"720\" \/>\n\t<meta property=\"og:image:type\" content=\"image\/png\" \/>\n<meta name=\"author\" content=\"ni.abdi\" \/>\n<meta name=\"twitter:card\" content=\"summary_large_image\" \/>\n<meta name=\"twitter:creator\" content=\"@Ni.abdi\" \/>\n<meta name=\"twitter:label1\" content=\"Geschreven door\" \/>\n\t<meta name=\"twitter:data1\" content=\"ni.abdi\" \/>\n\t<meta name=\"twitter:label2\" content=\"Geschatte leestijd\" \/>\n\t<meta name=\"twitter:data2\" content=\"4 minuten\" \/>\n<script type=\"application\/ld+json\" class=\"yoast-schema-graph\">{\"@context\":\"https:\/\/schema.org\",\"@graph\":[{\"@type\":\"Article\",\"@id\":\"https:\/\/territorialchallenges.com\/2021\/10\/25\/eric-lander-loreille-scientifique-et-technologique-de-jo-biden\/88602\/#article\",\"isPartOf\":{\"@id\":\"https:\/\/territorialchallenges.com\/2021\/10\/25\/eric-lander-loreille-scientifique-et-technologique-de-jo-biden\/88602\/\"},\"author\":{\"name\":\"ni.abdi\",\"@id\":\"https:\/\/territorialchallenges.com\/#\/schema\/person\/098f145c7c61a021c425e010f840080f\"},\"headline\":\"Eric Lander, le conseiller scientifique et technologique de Jo Biden\",\"datePublished\":\"2021-10-25T07:51:35+00:00\",\"dateModified\":\"2022-05-02T20:05:25+00:00\",\"mainEntityOfPage\":{\"@id\":\"https:\/\/territorialchallenges.com\/2021\/10\/25\/eric-lander-loreille-scientifique-et-technologique-de-jo-biden\/88602\/\"},\"wordCount\":861,\"commentCount\":0,\"publisher\":{\"@id\":\"https:\/\/territorialchallenges.com\/#organization\"},\"articleSection\":[\"On parle d'eux\",\"\u00c9cosyst\u00e8me\"],\"inLanguage\":\"nl-NL\"},{\"@type\":\"WebPage\",\"@id\":\"https:\/\/territorialchallenges.com\/2021\/10\/25\/eric-lander-loreille-scientifique-et-technologique-de-jo-biden\/88602\/\",\"url\":\"https:\/\/territorialchallenges.com\/2021\/10\/25\/eric-lander-loreille-scientifique-et-technologique-de-jo-biden\/88602\/\",\"name\":\"Eric Lander, le conseiller scientifique et technologique de Jo Biden - Territorial Challenges\",\"isPartOf\":{\"@id\":\"https:\/\/territorialchallenges.com\/#website\"},\"datePublished\":\"2021-10-25T07:51:35+00:00\",\"dateModified\":\"2022-05-02T20:05:25+00:00\",\"breadcrumb\":{\"@id\":\"https:\/\/territorialchallenges.com\/2021\/10\/25\/eric-lander-loreille-scientifique-et-technologique-de-jo-biden\/88602\/#breadcrumb\"},\"inLanguage\":\"nl-NL\",\"potentialAction\":[{\"@type\":\"ReadAction\",\"target\":[\"https:\/\/territorialchallenges.com\/2021\/10\/25\/eric-lander-loreille-scientifique-et-technologique-de-jo-biden\/88602\/\"]}]},{\"@type\":\"BreadcrumbList\",\"@id\":\"https:\/\/territorialchallenges.com\/2021\/10\/25\/eric-lander-loreille-scientifique-et-technologique-de-jo-biden\/88602\/#breadcrumb\",\"itemListElement\":[{\"@type\":\"ListItem\",\"position\":1,\"name\":\"Home\",\"item\":\"https:\/\/territorialchallenges.com\/\"},{\"@type\":\"ListItem\",\"position\":2,\"name\":\"Eric Lander, le conseiller scientifique et technologique de Jo Biden\"}]},{\"@type\":\"WebSite\",\"@id\":\"https:\/\/territorialchallenges.com\/#website\",\"url\":\"https:\/\/territorialchallenges.com\/\",\"name\":\"Territorial Challenges\",\"description\":\"Veille Internationale - Strat\u00e9gie Intelligentes - Bonnes pratiques\",\"publisher\":{\"@id\":\"https:\/\/territorialchallenges.com\/#organization\"},\"potentialAction\":[{\"@type\":\"SearchAction\",\"target\":{\"@type\":\"EntryPoint\",\"urlTemplate\":\"https:\/\/territorialchallenges.com\/?s={search_term_string}\"},\"query-input\":\"required name=search_term_string\"}],\"inLanguage\":\"nl-NL\"},{\"@type\":\"Organization\",\"@id\":\"https:\/\/territorialchallenges.com\/#organization\",\"name\":\"Territorial Challenges\",\"url\":\"https:\/\/territorialchallenges.com\/\",\"logo\":{\"@type\":\"ImageObject\",\"inLanguage\":\"nl-NL\",\"@id\":\"https:\/\/territorialchallenges.com\/#\/schema\/logo\/image\/\",\"url\":\"https:\/\/territorialchallenges.com\/wp-content\/uploads\/2023\/10\/logo-1.png\",\"contentUrl\":\"https:\/\/territorialchallenges.com\/wp-content\/uploads\/2023\/10\/logo-1.png\",\"width\":1832,\"height\":576,\"caption\":\"Territorial Challenges\"},\"image\":{\"@id\":\"https:\/\/territorialchallenges.com\/#\/schema\/logo\/image\/\"}},{\"@type\":\"Person\",\"@id\":\"https:\/\/territorialchallenges.com\/#\/schema\/person\/098f145c7c61a021c425e010f840080f\",\"name\":\"ni.abdi\",\"image\":{\"@type\":\"ImageObject\",\"inLanguage\":\"nl-NL\",\"@id\":\"https:\/\/territorialchallenges.com\/#\/schema\/person\/image\/\",\"url\":\"https:\/\/secure.gravatar.com\/avatar\/2a2f2491f3c80039986ba989b1e4b510?s=96&d=identicon&r=g\",\"contentUrl\":\"https:\/\/secure.gravatar.com\/avatar\/2a2f2491f3c80039986ba989b1e4b510?s=96&d=identicon&r=g\",\"caption\":\"ni.abdi\"},\"sameAs\":[\"https:\/\/twitter.com\/Ni.abdi\"],\"url\":\"https:\/\/territorialchallenges.com\/nl\/author\/ni-abdi\/\"}]}<\/script>\n<!-- \/ Yoast SEO plugin. -->","yoast_head_json":{"title":"Eric Lander, le conseiller scientifique et technologique de Jo Biden - Territorial Challenges","robots":{"index":"index","follow":"follow","max-snippet":"max-snippet:-1","max-image-preview":"max-image-preview:large","max-video-preview":"max-video-preview:-1"},"canonical":"https:\/\/territorialchallenges.com\/nl\/2021\/10\/25\/eric-lander-loreille-scientifique-et-technologique-de-jo-biden\/88602\/","og_locale":"nl_NL","og_type":"article","og_title":"Eric Lander, le conseiller scientifique et technologique de Jo Biden - Territorial Challenges","og_description":"Le 15 janvier, le pr\u00e9sident \u00e9lu Biden a annonc\u00e9\u00a0ses s\u00e9lections pour des postes de direction de la politique scientifique des Etats-Unis, au sein de son administration et les a\u00a0pr\u00e9sent\u00e9s\u00a0lors d&rsquo;un \u00e9v\u00e9nement le lendemain.\u00a0Le g\u00e9n\u00e9ticien Eric Lander sera le conseiller scientifique pr\u00e9sidentiel et est nomm\u00e9 directeur du Bureau de la politique scientifique et technologique de la [&hellip;]","og_url":"https:\/\/territorialchallenges.com\/nl\/2021\/10\/25\/eric-lander-loreille-scientifique-et-technologique-de-jo-biden\/88602\/","og_site_name":"Territorial Challenges","article_published_time":"2021-10-25T07:51:35+00:00","article_modified_time":"2022-05-02T20:05:25+00:00","og_image":[{"width":1280,"height":720,"url":"https:\/\/territorialchallenges.com\/wp-content\/uploads\/2021\/01\/ericlanderonparledeux.png","type":"image\/png"}],"author":"ni.abdi","twitter_card":"summary_large_image","twitter_creator":"@Ni.abdi","twitter_misc":{"Geschreven door":"ni.abdi","Geschatte leestijd":"4 minuten"},"schema":{"@context":"https:\/\/schema.org","@graph":[{"@type":"Article","@id":"https:\/\/territorialchallenges.com\/2021\/10\/25\/eric-lander-loreille-scientifique-et-technologique-de-jo-biden\/88602\/#article","isPartOf":{"@id":"https:\/\/territorialchallenges.com\/2021\/10\/25\/eric-lander-loreille-scientifique-et-technologique-de-jo-biden\/88602\/"},"author":{"name":"ni.abdi","@id":"https:\/\/territorialchallenges.com\/#\/schema\/person\/098f145c7c61a021c425e010f840080f"},"headline":"Eric Lander, le conseiller scientifique et technologique de Jo Biden","datePublished":"2021-10-25T07:51:35+00:00","dateModified":"2022-05-02T20:05:25+00:00","mainEntityOfPage":{"@id":"https:\/\/territorialchallenges.com\/2021\/10\/25\/eric-lander-loreille-scientifique-et-technologique-de-jo-biden\/88602\/"},"wordCount":861,"commentCount":0,"publisher":{"@id":"https:\/\/territorialchallenges.com\/#organization"},"articleSection":["On parle d'eux","\u00c9cosyst\u00e8me"],"inLanguage":"nl-NL"},{"@type":"WebPage","@id":"https:\/\/territorialchallenges.com\/2021\/10\/25\/eric-lander-loreille-scientifique-et-technologique-de-jo-biden\/88602\/","url":"https:\/\/territorialchallenges.com\/2021\/10\/25\/eric-lander-loreille-scientifique-et-technologique-de-jo-biden\/88602\/","name":"Eric Lander, le conseiller scientifique et technologique de Jo Biden - Territorial Challenges","isPartOf":{"@id":"https:\/\/territorialchallenges.com\/#website"},"datePublished":"2021-10-25T07:51:35+00:00","dateModified":"2022-05-02T20:05:25+00:00","breadcrumb":{"@id":"https:\/\/territorialchallenges.com\/2021\/10\/25\/eric-lander-loreille-scientifique-et-technologique-de-jo-biden\/88602\/#breadcrumb"},"inLanguage":"nl-NL","potentialAction":[{"@type":"ReadAction","target":["https:\/\/territorialchallenges.com\/2021\/10\/25\/eric-lander-loreille-scientifique-et-technologique-de-jo-biden\/88602\/"]}]},{"@type":"BreadcrumbList","@id":"https:\/\/territorialchallenges.com\/2021\/10\/25\/eric-lander-loreille-scientifique-et-technologique-de-jo-biden\/88602\/#breadcrumb","itemListElement":[{"@type":"ListItem","position":1,"name":"Home","item":"https:\/\/territorialchallenges.com\/"},{"@type":"ListItem","position":2,"name":"Eric Lander, le conseiller scientifique et technologique de Jo Biden"}]},{"@type":"WebSite","@id":"https:\/\/territorialchallenges.com\/#website","url":"https:\/\/territorialchallenges.com\/","name":"Territoriale uitdagingen","description":"Internationale monitoring - Slimme strategie\u00ebn - Beste praktijken","publisher":{"@id":"https:\/\/territorialchallenges.com\/#organization"},"potentialAction":[{"@type":"SearchAction","target":{"@type":"EntryPoint","urlTemplate":"https:\/\/territorialchallenges.com\/?s={search_term_string}"},"query-input":"required name=search_term_string"}],"inLanguage":"nl-NL"},{"@type":"Organization","@id":"https:\/\/territorialchallenges.com\/#organization","name":"Territoriale uitdagingen","url":"https:\/\/territorialchallenges.com\/","logo":{"@type":"ImageObject","inLanguage":"nl-NL","@id":"https:\/\/territorialchallenges.com\/#\/schema\/logo\/image\/","url":"https:\/\/territorialchallenges.com\/wp-content\/uploads\/2023\/10\/logo-1.png","contentUrl":"https:\/\/territorialchallenges.com\/wp-content\/uploads\/2023\/10\/logo-1.png","width":1832,"height":576,"caption":"Territorial Challenges"},"image":{"@id":"https:\/\/territorialchallenges.com\/#\/schema\/logo\/image\/"}},{"@type":"Person","@id":"https:\/\/territorialchallenges.com\/#\/schema\/person\/098f145c7c61a021c425e010f840080f","name":"ni.abdi","image":{"@type":"ImageObject","inLanguage":"nl-NL","@id":"https:\/\/territorialchallenges.com\/#\/schema\/person\/image\/","url":"https:\/\/secure.gravatar.com\/avatar\/2a2f2491f3c80039986ba989b1e4b510?s=96&d=identicon&r=g","contentUrl":"https:\/\/secure.gravatar.com\/avatar\/2a2f2491f3c80039986ba989b1e4b510?s=96&d=identicon&r=g","caption":"ni.abdi"},"sameAs":["https:\/\/twitter.com\/Ni.abdi"],"url":"https:\/\/territorialchallenges.com\/nl\/author\/ni-abdi\/"}]}},"_links":{"self":[{"href":"https:\/\/territorialchallenges.com\/nl\/wp-json\/wp\/v2\/posts\/88602"}],"collection":[{"href":"https:\/\/territorialchallenges.com\/nl\/wp-json\/wp\/v2\/posts"}],"about":[{"href":"https:\/\/territorialchallenges.com\/nl\/wp-json\/wp\/v2\/types\/post"}],"author":[{"embeddable":true,"href":"https:\/\/territorialchallenges.com\/nl\/wp-json\/wp\/v2\/users\/11"}],"replies":[{"embeddable":true,"href":"https:\/\/territorialchallenges.com\/nl\/wp-json\/wp\/v2\/comments?post=88602"}],"version-history":[{"count":2,"href":"https:\/\/territorialchallenges.com\/nl\/wp-json\/wp\/v2\/posts\/88602\/revisions"}],"predecessor-version":[{"id":88611,"href":"https:\/\/territorialchallenges.com\/nl\/wp-json\/wp\/v2\/posts\/88602\/revisions\/88611"}],"wp:featuredmedia":[{"embeddable":true,"href":"https:\/\/territorialchallenges.com\/nl\/wp-json\/wp\/v2\/media\/88610"}],"wp:attachment":[{"href":"https:\/\/territorialchallenges.com\/nl\/wp-json\/wp\/v2\/media?parent=88602"}],"wp:term":[{"taxonomy":"category","embeddable":true,"href":"https:\/\/territorialchallenges.com\/nl\/wp-json\/wp\/v2\/categories?post=88602"},{"taxonomy":"post_tag","embeddable":true,"href":"https:\/\/territorialchallenges.com\/nl\/wp-json\/wp\/v2\/tags?post=88602"}],"curies":[{"name":"wp","href":"https:\/\/api.w.org\/{rel}","templated":true}]}}