{"id":88585,"date":"2021-10-25T09:28:03","date_gmt":"2021-10-25T07:28:03","guid":{"rendered":"https:\/\/territorialchallenges.com\/?p=88585"},"modified":"2022-05-02T22:05:59","modified_gmt":"2022-05-02T20:05:59","slug":"limpact-de-larrivee-de-la-5g-sur-les-villes-intelligentes-et-limmobilier-a-lheure-du-covid-19","status":"publish","type":"post","link":"https:\/\/territorialchallenges.com\/nl\/2021\/10\/25\/limpact-de-larrivee-de-la-5g-sur-les-villes-intelligentes-et-limmobilier-a-lheure-du-covid-19\/88585\/","title":{"rendered":"De impact van 5G op slimme steden en vastgoed in het tijdperk van COVID-19"},"content":{"rendered":"<p>5G-technologie maakt de overdracht en analyse van enorme hoeveelheden data mogelijk, wat aanzienlijke kansen biedt voor slimme steden en commercieel vastgoed. Dit is de visie van Richard Kingston, hoogleraar stedenbouw aan de Universiteit van Manchester, die in een bijdrage de aanstaande komst van het netwerk in Groot-Brittanni\u00eb en de rest van de wereld op dit moment onderzoekt... <\/p>\n<div class=\"pmpro_content_message\">Artikel alleen beschikbaar voor abonnees.<br \/><a href=\"https:\/\/territorialchallenges.com\/wp-login.php\">Login<\/a><br \/><a href=\"https:\/\/territorialchallenges.com\/nl\/wp-login.php\/?action=register\">Register<\/a><\/div>","protected":false},"excerpt":{"rendered":"<p>La technologie 5G permettra de transf\u00e9rer et d&rsquo;analyser de grandes quantit\u00e9s de donn\u00e9es, offrant des opportunit\u00e9s significatives pour les villes intelligentes et l&rsquo;immobilier commercial.\u00a0C\u2019est le point de vue de Richard Kingston, professeur d&rsquo;urbanisme \u00e0 l\u2019Universit\u00e9 de Manchester qui examine dans une contribution, l\u2019arriv\u00e9e \u00e9minente du r\u00e9seau en Grande Bretagne et dans le monde \u00e0 l\u2019heure... <\/p>\n<div class=\"pmpro_content_message\">Artikel alleen beschikbaar voor abonnees.<br \/><a href=\"https:\/\/territorialchallenges.com\/wp-login.php\">Login<\/a><br \/><a href=\"https:\/\/territorialchallenges.com\/nl\/wp-login.php\/?action=register\">Register<\/a><\/div>","protected":false},"author":11,"featured_media":88586,"comment_status":"open","ping_status":"open","sticky":true,"template":"","format":"standard","meta":{"pmpro_default_level":0,"footnotes":""},"categories":[19,127],"tags":[],"blocksy_meta":"","yoast_head":"<!-- This site is optimized with the Yoast SEO plugin v21.5 - https:\/\/yoast.com\/wordpress\/plugins\/seo\/ -->\n<title>L&#039;impact de l&#039;arriv\u00e9e de la 5G sur les villes intelligentes et l&#039;immobilier \u00e0 l\u2019heure du COVID 19 - Territorial Challenges<\/title>\n<meta name=\"robots\" content=\"index, follow, max-snippet:-1, max-image-preview:large, max-video-preview:-1\" \/>\n<link rel=\"canonical\" href=\"https:\/\/territorialchallenges.com\/nl\/2021\/10\/25\/limpact-de-larrivee-de-la-5g-sur-les-villes-intelligentes-et-limmobilier-a-lheure-du-covid-19\/88585\/\" \/>\n<meta property=\"og:locale\" content=\"nl_NL\" \/>\n<meta property=\"og:type\" content=\"article\" \/>\n<meta property=\"og:title\" content=\"L&#039;impact de l&#039;arriv\u00e9e de la 5G sur les villes intelligentes et l&#039;immobilier \u00e0 l\u2019heure du COVID 19 - Territorial Challenges\" \/>\n<meta property=\"og:description\" content=\"La technologie 5G permettra de transf\u00e9rer et d&rsquo;analyser de grandes quantit\u00e9s de donn\u00e9es, offrant des opportunit\u00e9s significatives pour les villes intelligentes et l&rsquo;immobilier commercial.\u00a0C\u2019est le point de vue de Richard Kingston, professeur d&rsquo;urbanisme \u00e0 l\u2019Universit\u00e9 de Manchester qui examine dans une contribution, l\u2019arriv\u00e9e \u00e9minente du r\u00e9seau en Grande Bretagne et dans le monde \u00e0 l\u2019heure [&hellip;]\" \/>\n<meta property=\"og:url\" content=\"https:\/\/territorialchallenges.com\/nl\/2021\/10\/25\/limpact-de-larrivee-de-la-5g-sur-les-villes-intelligentes-et-limmobilier-a-lheure-du-covid-19\/88585\/\" \/>\n<meta property=\"og:site_name\" content=\"Territorial Challenges\" \/>\n<meta property=\"article:published_time\" content=\"2021-10-25T07:28:03+00:00\" \/>\n<meta property=\"article:modified_time\" content=\"2022-05-02T20:05:59+00:00\" \/>\n<meta property=\"og:image\" content=\"https:\/\/territorialchallenges.com\/wp-content\/uploads\/2021\/01\/smarticities250121image.jpg\" \/>\n\t<meta property=\"og:image:width\" content=\"2040\" \/>\n\t<meta property=\"og:image:height\" content=\"1360\" \/>\n\t<meta property=\"og:image:type\" content=\"image\/jpeg\" \/>\n<meta name=\"author\" content=\"ni.abdi\" \/>\n<meta name=\"twitter:card\" content=\"summary_large_image\" \/>\n<meta name=\"twitter:creator\" content=\"@Ni.abdi\" \/>\n<meta name=\"twitter:label1\" content=\"Geschreven door\" \/>\n\t<meta name=\"twitter:data1\" content=\"ni.abdi\" \/>\n\t<meta name=\"twitter:label2\" content=\"Geschatte leestijd\" \/>\n\t<meta name=\"twitter:data2\" content=\"5 minuten\" \/>\n<script type=\"application\/ld+json\" class=\"yoast-schema-graph\">{\"@context\":\"https:\/\/schema.org\",\"@graph\":[{\"@type\":\"Article\",\"@id\":\"https:\/\/territorialchallenges.com\/2021\/10\/25\/limpact-de-larrivee-de-la-5g-sur-les-villes-intelligentes-et-limmobilier-a-lheure-du-covid-19\/88585\/#article\",\"isPartOf\":{\"@id\":\"https:\/\/territorialchallenges.com\/2021\/10\/25\/limpact-de-larrivee-de-la-5g-sur-les-villes-intelligentes-et-limmobilier-a-lheure-du-covid-19\/88585\/\"},\"author\":{\"name\":\"ni.abdi\",\"@id\":\"https:\/\/territorialchallenges.com\/#\/schema\/person\/098f145c7c61a021c425e010f840080f\"},\"headline\":\"L&rsquo;impact de l&rsquo;arriv\u00e9e de la 5G sur les villes intelligentes et l&rsquo;immobilier \u00e0 l\u2019heure du COVID 19\",\"datePublished\":\"2021-10-25T07:28:03+00:00\",\"dateModified\":\"2022-05-02T20:05:59+00:00\",\"mainEntityOfPage\":{\"@id\":\"https:\/\/territorialchallenges.com\/2021\/10\/25\/limpact-de-larrivee-de-la-5g-sur-les-villes-intelligentes-et-limmobilier-a-lheure-du-covid-19\/88585\/\"},\"wordCount\":1047,\"commentCount\":0,\"publisher\":{\"@id\":\"https:\/\/territorialchallenges.com\/#organization\"},\"articleSection\":[\"Territoires Intelligents\",\"Actualit\u00e9 Europe\"],\"inLanguage\":\"nl-NL\"},{\"@type\":\"WebPage\",\"@id\":\"https:\/\/territorialchallenges.com\/2021\/10\/25\/limpact-de-larrivee-de-la-5g-sur-les-villes-intelligentes-et-limmobilier-a-lheure-du-covid-19\/88585\/\",\"url\":\"https:\/\/territorialchallenges.com\/2021\/10\/25\/limpact-de-larrivee-de-la-5g-sur-les-villes-intelligentes-et-limmobilier-a-lheure-du-covid-19\/88585\/\",\"name\":\"L'impact de l'arriv\u00e9e de la 5G sur les villes intelligentes et l'immobilier \u00e0 l\u2019heure du COVID 19 - Territorial Challenges\",\"isPartOf\":{\"@id\":\"https:\/\/territorialchallenges.com\/#website\"},\"datePublished\":\"2021-10-25T07:28:03+00:00\",\"dateModified\":\"2022-05-02T20:05:59+00:00\",\"breadcrumb\":{\"@id\":\"https:\/\/territorialchallenges.com\/2021\/10\/25\/limpact-de-larrivee-de-la-5g-sur-les-villes-intelligentes-et-limmobilier-a-lheure-du-covid-19\/88585\/#breadcrumb\"},\"inLanguage\":\"nl-NL\",\"potentialAction\":[{\"@type\":\"ReadAction\",\"target\":[\"https:\/\/territorialchallenges.com\/2021\/10\/25\/limpact-de-larrivee-de-la-5g-sur-les-villes-intelligentes-et-limmobilier-a-lheure-du-covid-19\/88585\/\"]}]},{\"@type\":\"BreadcrumbList\",\"@id\":\"https:\/\/territorialchallenges.com\/2021\/10\/25\/limpact-de-larrivee-de-la-5g-sur-les-villes-intelligentes-et-limmobilier-a-lheure-du-covid-19\/88585\/#breadcrumb\",\"itemListElement\":[{\"@type\":\"ListItem\",\"position\":1,\"name\":\"Home\",\"item\":\"https:\/\/territorialchallenges.com\/\"},{\"@type\":\"ListItem\",\"position\":2,\"name\":\"L&rsquo;impact de l&rsquo;arriv\u00e9e de la 5G sur les villes intelligentes et l&rsquo;immobilier \u00e0 l\u2019heure du COVID 19\"}]},{\"@type\":\"WebSite\",\"@id\":\"https:\/\/territorialchallenges.com\/#website\",\"url\":\"https:\/\/territorialchallenges.com\/\",\"name\":\"Territorial Challenges\",\"description\":\"Veille Internationale - Strat\u00e9gie Intelligentes - Bonnes pratiques\",\"publisher\":{\"@id\":\"https:\/\/territorialchallenges.com\/#organization\"},\"potentialAction\":[{\"@type\":\"SearchAction\",\"target\":{\"@type\":\"EntryPoint\",\"urlTemplate\":\"https:\/\/territorialchallenges.com\/?s={search_term_string}\"},\"query-input\":\"required name=search_term_string\"}],\"inLanguage\":\"nl-NL\"},{\"@type\":\"Organization\",\"@id\":\"https:\/\/territorialchallenges.com\/#organization\",\"name\":\"Territorial Challenges\",\"url\":\"https:\/\/territorialchallenges.com\/\",\"logo\":{\"@type\":\"ImageObject\",\"inLanguage\":\"nl-NL\",\"@id\":\"https:\/\/territorialchallenges.com\/#\/schema\/logo\/image\/\",\"url\":\"https:\/\/territorialchallenges.com\/wp-content\/uploads\/2023\/10\/logo-1.png\",\"contentUrl\":\"https:\/\/territorialchallenges.com\/wp-content\/uploads\/2023\/10\/logo-1.png\",\"width\":1832,\"height\":576,\"caption\":\"Territorial Challenges\"},\"image\":{\"@id\":\"https:\/\/territorialchallenges.com\/#\/schema\/logo\/image\/\"}},{\"@type\":\"Person\",\"@id\":\"https:\/\/territorialchallenges.com\/#\/schema\/person\/098f145c7c61a021c425e010f840080f\",\"name\":\"ni.abdi\",\"image\":{\"@type\":\"ImageObject\",\"inLanguage\":\"nl-NL\",\"@id\":\"https:\/\/territorialchallenges.com\/#\/schema\/person\/image\/\",\"url\":\"https:\/\/secure.gravatar.com\/avatar\/2a2f2491f3c80039986ba989b1e4b510?s=96&d=identicon&r=g\",\"contentUrl\":\"https:\/\/secure.gravatar.com\/avatar\/2a2f2491f3c80039986ba989b1e4b510?s=96&d=identicon&r=g\",\"caption\":\"ni.abdi\"},\"sameAs\":[\"https:\/\/twitter.com\/Ni.abdi\"],\"url\":\"https:\/\/territorialchallenges.com\/nl\/author\/ni-abdi\/\"}]}<\/script>\n<!-- \/ Yoast SEO plugin. -->","yoast_head_json":{"title":"L'impact de l'arriv\u00e9e de la 5G sur les villes intelligentes et l'immobilier \u00e0 l\u2019heure du COVID 19 - Territorial Challenges","robots":{"index":"index","follow":"follow","max-snippet":"max-snippet:-1","max-image-preview":"max-image-preview:large","max-video-preview":"max-video-preview:-1"},"canonical":"https:\/\/territorialchallenges.com\/nl\/2021\/10\/25\/limpact-de-larrivee-de-la-5g-sur-les-villes-intelligentes-et-limmobilier-a-lheure-du-covid-19\/88585\/","og_locale":"nl_NL","og_type":"article","og_title":"L'impact de l'arriv\u00e9e de la 5G sur les villes intelligentes et l'immobilier \u00e0 l\u2019heure du COVID 19 - Territorial Challenges","og_description":"La technologie 5G permettra de transf\u00e9rer et d&rsquo;analyser de grandes quantit\u00e9s de donn\u00e9es, offrant des opportunit\u00e9s significatives pour les villes intelligentes et l&rsquo;immobilier commercial.\u00a0C\u2019est le point de vue de Richard Kingston, professeur d&rsquo;urbanisme \u00e0 l\u2019Universit\u00e9 de Manchester qui examine dans une contribution, l\u2019arriv\u00e9e \u00e9minente du r\u00e9seau en Grande Bretagne et dans le monde \u00e0 l\u2019heure [&hellip;]","og_url":"https:\/\/territorialchallenges.com\/nl\/2021\/10\/25\/limpact-de-larrivee-de-la-5g-sur-les-villes-intelligentes-et-limmobilier-a-lheure-du-covid-19\/88585\/","og_site_name":"Territorial Challenges","article_published_time":"2021-10-25T07:28:03+00:00","article_modified_time":"2022-05-02T20:05:59+00:00","og_image":[{"width":2040,"height":1360,"url":"https:\/\/territorialchallenges.com\/wp-content\/uploads\/2021\/01\/smarticities250121image.jpg","type":"image\/jpeg"}],"author":"ni.abdi","twitter_card":"summary_large_image","twitter_creator":"@Ni.abdi","twitter_misc":{"Geschreven door":"ni.abdi","Geschatte leestijd":"5 minuten"},"schema":{"@context":"https:\/\/schema.org","@graph":[{"@type":"Article","@id":"https:\/\/territorialchallenges.com\/2021\/10\/25\/limpact-de-larrivee-de-la-5g-sur-les-villes-intelligentes-et-limmobilier-a-lheure-du-covid-19\/88585\/#article","isPartOf":{"@id":"https:\/\/territorialchallenges.com\/2021\/10\/25\/limpact-de-larrivee-de-la-5g-sur-les-villes-intelligentes-et-limmobilier-a-lheure-du-covid-19\/88585\/"},"author":{"name":"ni.abdi","@id":"https:\/\/territorialchallenges.com\/#\/schema\/person\/098f145c7c61a021c425e010f840080f"},"headline":"L&rsquo;impact de l&rsquo;arriv\u00e9e de la 5G sur les villes intelligentes et l&rsquo;immobilier \u00e0 l\u2019heure du COVID 19","datePublished":"2021-10-25T07:28:03+00:00","dateModified":"2022-05-02T20:05:59+00:00","mainEntityOfPage":{"@id":"https:\/\/territorialchallenges.com\/2021\/10\/25\/limpact-de-larrivee-de-la-5g-sur-les-villes-intelligentes-et-limmobilier-a-lheure-du-covid-19\/88585\/"},"wordCount":1047,"commentCount":0,"publisher":{"@id":"https:\/\/territorialchallenges.com\/#organization"},"articleSection":["Territoires Intelligents","Actualit\u00e9 Europe"],"inLanguage":"nl-NL"},{"@type":"WebPage","@id":"https:\/\/territorialchallenges.com\/2021\/10\/25\/limpact-de-larrivee-de-la-5g-sur-les-villes-intelligentes-et-limmobilier-a-lheure-du-covid-19\/88585\/","url":"https:\/\/territorialchallenges.com\/2021\/10\/25\/limpact-de-larrivee-de-la-5g-sur-les-villes-intelligentes-et-limmobilier-a-lheure-du-covid-19\/88585\/","name":"L'impact de l'arriv\u00e9e de la 5G sur les villes intelligentes et l'immobilier \u00e0 l\u2019heure du COVID 19 - Territorial Challenges","isPartOf":{"@id":"https:\/\/territorialchallenges.com\/#website"},"datePublished":"2021-10-25T07:28:03+00:00","dateModified":"2022-05-02T20:05:59+00:00","breadcrumb":{"@id":"https:\/\/territorialchallenges.com\/2021\/10\/25\/limpact-de-larrivee-de-la-5g-sur-les-villes-intelligentes-et-limmobilier-a-lheure-du-covid-19\/88585\/#breadcrumb"},"inLanguage":"nl-NL","potentialAction":[{"@type":"ReadAction","target":["https:\/\/territorialchallenges.com\/2021\/10\/25\/limpact-de-larrivee-de-la-5g-sur-les-villes-intelligentes-et-limmobilier-a-lheure-du-covid-19\/88585\/"]}]},{"@type":"BreadcrumbList","@id":"https:\/\/territorialchallenges.com\/2021\/10\/25\/limpact-de-larrivee-de-la-5g-sur-les-villes-intelligentes-et-limmobilier-a-lheure-du-covid-19\/88585\/#breadcrumb","itemListElement":[{"@type":"ListItem","position":1,"name":"Home","item":"https:\/\/territorialchallenges.com\/"},{"@type":"ListItem","position":2,"name":"L&rsquo;impact de l&rsquo;arriv\u00e9e de la 5G sur les villes intelligentes et l&rsquo;immobilier \u00e0 l\u2019heure du COVID 19"}]},{"@type":"WebSite","@id":"https:\/\/territorialchallenges.com\/#website","url":"https:\/\/territorialchallenges.com\/","name":"Territoriale uitdagingen","description":"Internationale monitoring - Slimme strategie\u00ebn - Beste praktijken","publisher":{"@id":"https:\/\/territorialchallenges.com\/#organization"},"potentialAction":[{"@type":"SearchAction","target":{"@type":"EntryPoint","urlTemplate":"https:\/\/territorialchallenges.com\/?s={search_term_string}"},"query-input":"required name=search_term_string"}],"inLanguage":"nl-NL"},{"@type":"Organization","@id":"https:\/\/territorialchallenges.com\/#organization","name":"Territoriale uitdagingen","url":"https:\/\/territorialchallenges.com\/","logo":{"@type":"ImageObject","inLanguage":"nl-NL","@id":"https:\/\/territorialchallenges.com\/#\/schema\/logo\/image\/","url":"https:\/\/territorialchallenges.com\/wp-content\/uploads\/2023\/10\/logo-1.png","contentUrl":"https:\/\/territorialchallenges.com\/wp-content\/uploads\/2023\/10\/logo-1.png","width":1832,"height":576,"caption":"Territorial Challenges"},"image":{"@id":"https:\/\/territorialchallenges.com\/#\/schema\/logo\/image\/"}},{"@type":"Person","@id":"https:\/\/territorialchallenges.com\/#\/schema\/person\/098f145c7c61a021c425e010f840080f","name":"ni.abdi","image":{"@type":"ImageObject","inLanguage":"nl-NL","@id":"https:\/\/territorialchallenges.com\/#\/schema\/person\/image\/","url":"https:\/\/secure.gravatar.com\/avatar\/2a2f2491f3c80039986ba989b1e4b510?s=96&d=identicon&r=g","contentUrl":"https:\/\/secure.gravatar.com\/avatar\/2a2f2491f3c80039986ba989b1e4b510?s=96&d=identicon&r=g","caption":"ni.abdi"},"sameAs":["https:\/\/twitter.com\/Ni.abdi"],"url":"https:\/\/territorialchallenges.com\/nl\/author\/ni-abdi\/"}]}},"_links":{"self":[{"href":"https:\/\/territorialchallenges.com\/nl\/wp-json\/wp\/v2\/posts\/88585"}],"collection":[{"href":"https:\/\/territorialchallenges.com\/nl\/wp-json\/wp\/v2\/posts"}],"about":[{"href":"https:\/\/territorialchallenges.com\/nl\/wp-json\/wp\/v2\/types\/post"}],"author":[{"embeddable":true,"href":"https:\/\/territorialchallenges.com\/nl\/wp-json\/wp\/v2\/users\/11"}],"replies":[{"embeddable":true,"href":"https:\/\/territorialchallenges.com\/nl\/wp-json\/wp\/v2\/comments?post=88585"}],"version-history":[{"count":1,"href":"https:\/\/territorialchallenges.com\/nl\/wp-json\/wp\/v2\/posts\/88585\/revisions"}],"predecessor-version":[{"id":88590,"href":"https:\/\/territorialchallenges.com\/nl\/wp-json\/wp\/v2\/posts\/88585\/revisions\/88590"}],"wp:featuredmedia":[{"embeddable":true,"href":"https:\/\/territorialchallenges.com\/nl\/wp-json\/wp\/v2\/media\/88586"}],"wp:attachment":[{"href":"https:\/\/territorialchallenges.com\/nl\/wp-json\/wp\/v2\/media?parent=88585"}],"wp:term":[{"taxonomy":"category","embeddable":true,"href":"https:\/\/territorialchallenges.com\/nl\/wp-json\/wp\/v2\/categories?post=88585"},{"taxonomy":"post_tag","embeddable":true,"href":"https:\/\/territorialchallenges.com\/nl\/wp-json\/wp\/v2\/tags?post=88585"}],"curies":[{"name":"wp","href":"https:\/\/api.w.org\/{rel}","templated":true}]}}