{"id":88098,"date":"2021-10-08T01:05:48","date_gmt":"2021-10-07T23:05:48","guid":{"rendered":"https:\/\/territorialchallenges.com\/?p=88098"},"modified":"2022-05-03T10:03:29","modified_gmt":"2022-05-03T08:03:29","slug":"perspectives-de-croissance-du-marche-mondial-des-plates-formes-de-ville-intelligente","status":"publish","type":"post","link":"https:\/\/territorialchallenges.com\/nl\/2021\/10\/08\/perspectives-de-croissance-du-marche-mondial-des-plates-formes-de-ville-intelligente\/88098\/","title":{"rendered":"Groeivooruitzichten voor de wereldwijde markt voor slimme stadsplatforms"},"content":{"rendered":"<p>Het recent gepubliceerde onderzoek naar de markt voor slimme steden omvat belangrijke segmenten, regionale verdeling, concurrentielandschap, marktomvang en -groei, trends en strategie\u00ebn in deze markt. De wereldwijde markt voor slimme stadsplatformen zal naar verwachting met een maximale samengestelde jaarlijkse groei (CAGR) van 10,81% groeien gedurende de\u2026 <\/p>\n<div class=\"pmpro_content_message\">Artikel alleen beschikbaar voor abonnees.<br \/><a href=\"https:\/\/territorialchallenges.com\/wp-login.php\">Login<\/a><br \/><a href=\"https:\/\/territorialchallenges.com\/nl\/wp-login.php\/?action=register\">Register<\/a><\/div>","protected":false},"excerpt":{"rendered":"<p>Les recherches r\u00e9cemment publi\u00e9es sur le march\u00e9 des villes intelligentes, couvre les segments cl\u00e9s, la r\u00e9partition r\u00e9gionale, le paysage concurrentiel, la taille et la croissance du march\u00e9, les tendances et les strat\u00e9gies sur ce march\u00e9. Le march\u00e9 mondial des plateformes de villes intelligentes devrait cro\u00eetre avec un TCAC maximal de 10,8% au cours de la... <\/p>\n<div class=\"pmpro_content_message\">Artikel alleen beschikbaar voor abonnees.<br \/><a href=\"https:\/\/territorialchallenges.com\/wp-login.php\">Login<\/a><br \/><a href=\"https:\/\/territorialchallenges.com\/nl\/wp-login.php\/?action=register\">Register<\/a><\/div>","protected":false},"author":11,"featured_media":88099,"comment_status":"open","ping_status":"open","sticky":true,"template":"","format":"standard","meta":{"pmpro_default_level":0,"footnotes":""},"categories":[19,124],"tags":[],"blocksy_meta":"","yoast_head":"<!-- This site is optimized with the Yoast SEO plugin v21.5 - https:\/\/yoast.com\/wordpress\/plugins\/seo\/ -->\n<title>Perspectives de croissance du march\u00e9 mondial des plates-formes de ville intelligente - Territorial Challenges<\/title>\n<meta name=\"robots\" content=\"index, follow, max-snippet:-1, max-image-preview:large, max-video-preview:-1\" \/>\n<link rel=\"canonical\" href=\"https:\/\/territorialchallenges.com\/nl\/2021\/10\/08\/perspectives-de-croissance-du-marche-mondial-des-plates-formes-de-ville-intelligente\/88098\/\" \/>\n<meta property=\"og:locale\" content=\"nl_NL\" \/>\n<meta property=\"og:type\" content=\"article\" \/>\n<meta property=\"og:title\" content=\"Perspectives de croissance du march\u00e9 mondial des plates-formes de ville intelligente - Territorial Challenges\" \/>\n<meta property=\"og:description\" content=\"Les recherches r\u00e9cemment publi\u00e9es sur le march\u00e9 des villes intelligentes, couvre les segments cl\u00e9s, la r\u00e9partition r\u00e9gionale, le paysage concurrentiel, la taille et la croissance du march\u00e9, les tendances et les strat\u00e9gies sur ce march\u00e9. Le march\u00e9 mondial des plateformes de villes intelligentes devrait cro\u00eetre avec un TCAC maximal de 10,8% au cours de la [&hellip;]\" \/>\n<meta property=\"og:url\" content=\"https:\/\/territorialchallenges.com\/nl\/2021\/10\/08\/perspectives-de-croissance-du-marche-mondial-des-plates-formes-de-ville-intelligente\/88098\/\" \/>\n<meta property=\"og:site_name\" content=\"Territorial Challenges\" \/>\n<meta property=\"article:published_time\" content=\"2021-10-07T23:05:48+00:00\" \/>\n<meta property=\"article:modified_time\" content=\"2022-05-03T08:03:29+00:00\" \/>\n<meta property=\"og:image\" content=\"https:\/\/territorialchallenges.com\/wp-content\/uploads\/2021\/01\/smartcitiesimage160121.jpg\" \/>\n\t<meta property=\"og:image:width\" content=\"1920\" \/>\n\t<meta property=\"og:image:height\" content=\"1079\" \/>\n\t<meta property=\"og:image:type\" content=\"image\/jpeg\" \/>\n<meta name=\"author\" content=\"ni.abdi\" \/>\n<meta name=\"twitter:card\" content=\"summary_large_image\" \/>\n<meta name=\"twitter:creator\" content=\"@Ni.abdi\" \/>\n<meta name=\"twitter:label1\" content=\"Geschreven door\" \/>\n\t<meta name=\"twitter:data1\" content=\"ni.abdi\" \/>\n\t<meta name=\"twitter:label2\" content=\"Geschatte leestijd\" \/>\n\t<meta name=\"twitter:data2\" content=\"4 minuten\" \/>\n<script type=\"application\/ld+json\" class=\"yoast-schema-graph\">{\"@context\":\"https:\/\/schema.org\",\"@graph\":[{\"@type\":\"Article\",\"@id\":\"https:\/\/territorialchallenges.com\/2021\/10\/08\/perspectives-de-croissance-du-marche-mondial-des-plates-formes-de-ville-intelligente\/88098\/#article\",\"isPartOf\":{\"@id\":\"https:\/\/territorialchallenges.com\/2021\/10\/08\/perspectives-de-croissance-du-marche-mondial-des-plates-formes-de-ville-intelligente\/88098\/\"},\"author\":{\"name\":\"ni.abdi\",\"@id\":\"https:\/\/territorialchallenges.com\/#\/schema\/person\/098f145c7c61a021c425e010f840080f\"},\"headline\":\"Perspectives de croissance du march\u00e9 mondial des plates-formes de ville intelligente\",\"datePublished\":\"2021-10-07T23:05:48+00:00\",\"dateModified\":\"2022-05-03T08:03:29+00:00\",\"mainEntityOfPage\":{\"@id\":\"https:\/\/territorialchallenges.com\/2021\/10\/08\/perspectives-de-croissance-du-marche-mondial-des-plates-formes-de-ville-intelligente\/88098\/\"},\"wordCount\":740,\"commentCount\":0,\"publisher\":{\"@id\":\"https:\/\/territorialchallenges.com\/#organization\"},\"articleSection\":[\"Territoires Intelligents\",\"Actualit\u00e9 internationale\"],\"inLanguage\":\"nl-NL\"},{\"@type\":\"WebPage\",\"@id\":\"https:\/\/territorialchallenges.com\/2021\/10\/08\/perspectives-de-croissance-du-marche-mondial-des-plates-formes-de-ville-intelligente\/88098\/\",\"url\":\"https:\/\/territorialchallenges.com\/2021\/10\/08\/perspectives-de-croissance-du-marche-mondial-des-plates-formes-de-ville-intelligente\/88098\/\",\"name\":\"Perspectives de croissance du march\u00e9 mondial des plates-formes de ville intelligente - Territorial Challenges\",\"isPartOf\":{\"@id\":\"https:\/\/territorialchallenges.com\/#website\"},\"datePublished\":\"2021-10-07T23:05:48+00:00\",\"dateModified\":\"2022-05-03T08:03:29+00:00\",\"breadcrumb\":{\"@id\":\"https:\/\/territorialchallenges.com\/2021\/10\/08\/perspectives-de-croissance-du-marche-mondial-des-plates-formes-de-ville-intelligente\/88098\/#breadcrumb\"},\"inLanguage\":\"nl-NL\",\"potentialAction\":[{\"@type\":\"ReadAction\",\"target\":[\"https:\/\/territorialchallenges.com\/2021\/10\/08\/perspectives-de-croissance-du-marche-mondial-des-plates-formes-de-ville-intelligente\/88098\/\"]}]},{\"@type\":\"BreadcrumbList\",\"@id\":\"https:\/\/territorialchallenges.com\/2021\/10\/08\/perspectives-de-croissance-du-marche-mondial-des-plates-formes-de-ville-intelligente\/88098\/#breadcrumb\",\"itemListElement\":[{\"@type\":\"ListItem\",\"position\":1,\"name\":\"Home\",\"item\":\"https:\/\/territorialchallenges.com\/\"},{\"@type\":\"ListItem\",\"position\":2,\"name\":\"Perspectives de croissance du march\u00e9 mondial des plates-formes de ville intelligente\"}]},{\"@type\":\"WebSite\",\"@id\":\"https:\/\/territorialchallenges.com\/#website\",\"url\":\"https:\/\/territorialchallenges.com\/\",\"name\":\"Territorial Challenges\",\"description\":\"Veille Internationale - Strat\u00e9gie Intelligentes - Bonnes pratiques\",\"publisher\":{\"@id\":\"https:\/\/territorialchallenges.com\/#organization\"},\"potentialAction\":[{\"@type\":\"SearchAction\",\"target\":{\"@type\":\"EntryPoint\",\"urlTemplate\":\"https:\/\/territorialchallenges.com\/?s={search_term_string}\"},\"query-input\":\"required name=search_term_string\"}],\"inLanguage\":\"nl-NL\"},{\"@type\":\"Organization\",\"@id\":\"https:\/\/territorialchallenges.com\/#organization\",\"name\":\"Territorial Challenges\",\"url\":\"https:\/\/territorialchallenges.com\/\",\"logo\":{\"@type\":\"ImageObject\",\"inLanguage\":\"nl-NL\",\"@id\":\"https:\/\/territorialchallenges.com\/#\/schema\/logo\/image\/\",\"url\":\"https:\/\/territorialchallenges.com\/wp-content\/uploads\/2023\/10\/logo-1.png\",\"contentUrl\":\"https:\/\/territorialchallenges.com\/wp-content\/uploads\/2023\/10\/logo-1.png\",\"width\":1832,\"height\":576,\"caption\":\"Territorial Challenges\"},\"image\":{\"@id\":\"https:\/\/territorialchallenges.com\/#\/schema\/logo\/image\/\"}},{\"@type\":\"Person\",\"@id\":\"https:\/\/territorialchallenges.com\/#\/schema\/person\/098f145c7c61a021c425e010f840080f\",\"name\":\"ni.abdi\",\"image\":{\"@type\":\"ImageObject\",\"inLanguage\":\"nl-NL\",\"@id\":\"https:\/\/territorialchallenges.com\/#\/schema\/person\/image\/\",\"url\":\"https:\/\/secure.gravatar.com\/avatar\/2a2f2491f3c80039986ba989b1e4b510?s=96&d=identicon&r=g\",\"contentUrl\":\"https:\/\/secure.gravatar.com\/avatar\/2a2f2491f3c80039986ba989b1e4b510?s=96&d=identicon&r=g\",\"caption\":\"ni.abdi\"},\"sameAs\":[\"https:\/\/twitter.com\/Ni.abdi\"],\"url\":\"https:\/\/territorialchallenges.com\/nl\/author\/ni-abdi\/\"}]}<\/script>\n<!-- \/ Yoast SEO plugin. -->","yoast_head_json":{"title":"Perspectives de croissance du march\u00e9 mondial des plates-formes de ville intelligente - Territorial Challenges","robots":{"index":"index","follow":"follow","max-snippet":"max-snippet:-1","max-image-preview":"max-image-preview:large","max-video-preview":"max-video-preview:-1"},"canonical":"https:\/\/territorialchallenges.com\/nl\/2021\/10\/08\/perspectives-de-croissance-du-marche-mondial-des-plates-formes-de-ville-intelligente\/88098\/","og_locale":"nl_NL","og_type":"article","og_title":"Perspectives de croissance du march\u00e9 mondial des plates-formes de ville intelligente - Territorial Challenges","og_description":"Les recherches r\u00e9cemment publi\u00e9es sur le march\u00e9 des villes intelligentes, couvre les segments cl\u00e9s, la r\u00e9partition r\u00e9gionale, le paysage concurrentiel, la taille et la croissance du march\u00e9, les tendances et les strat\u00e9gies sur ce march\u00e9. Le march\u00e9 mondial des plateformes de villes intelligentes devrait cro\u00eetre avec un TCAC maximal de 10,8% au cours de la [&hellip;]","og_url":"https:\/\/territorialchallenges.com\/nl\/2021\/10\/08\/perspectives-de-croissance-du-marche-mondial-des-plates-formes-de-ville-intelligente\/88098\/","og_site_name":"Territorial Challenges","article_published_time":"2021-10-07T23:05:48+00:00","article_modified_time":"2022-05-03T08:03:29+00:00","og_image":[{"width":1920,"height":1079,"url":"https:\/\/territorialchallenges.com\/wp-content\/uploads\/2021\/01\/smartcitiesimage160121.jpg","type":"image\/jpeg"}],"author":"ni.abdi","twitter_card":"summary_large_image","twitter_creator":"@Ni.abdi","twitter_misc":{"Geschreven door":"ni.abdi","Geschatte leestijd":"4 minuten"},"schema":{"@context":"https:\/\/schema.org","@graph":[{"@type":"Article","@id":"https:\/\/territorialchallenges.com\/2021\/10\/08\/perspectives-de-croissance-du-marche-mondial-des-plates-formes-de-ville-intelligente\/88098\/#article","isPartOf":{"@id":"https:\/\/territorialchallenges.com\/2021\/10\/08\/perspectives-de-croissance-du-marche-mondial-des-plates-formes-de-ville-intelligente\/88098\/"},"author":{"name":"ni.abdi","@id":"https:\/\/territorialchallenges.com\/#\/schema\/person\/098f145c7c61a021c425e010f840080f"},"headline":"Perspectives de croissance du march\u00e9 mondial des plates-formes de ville intelligente","datePublished":"2021-10-07T23:05:48+00:00","dateModified":"2022-05-03T08:03:29+00:00","mainEntityOfPage":{"@id":"https:\/\/territorialchallenges.com\/2021\/10\/08\/perspectives-de-croissance-du-marche-mondial-des-plates-formes-de-ville-intelligente\/88098\/"},"wordCount":740,"commentCount":0,"publisher":{"@id":"https:\/\/territorialchallenges.com\/#organization"},"articleSection":["Territoires Intelligents","Actualit\u00e9 internationale"],"inLanguage":"nl-NL"},{"@type":"WebPage","@id":"https:\/\/territorialchallenges.com\/2021\/10\/08\/perspectives-de-croissance-du-marche-mondial-des-plates-formes-de-ville-intelligente\/88098\/","url":"https:\/\/territorialchallenges.com\/2021\/10\/08\/perspectives-de-croissance-du-marche-mondial-des-plates-formes-de-ville-intelligente\/88098\/","name":"Perspectives de croissance du march\u00e9 mondial des plates-formes de ville intelligente - Territorial Challenges","isPartOf":{"@id":"https:\/\/territorialchallenges.com\/#website"},"datePublished":"2021-10-07T23:05:48+00:00","dateModified":"2022-05-03T08:03:29+00:00","breadcrumb":{"@id":"https:\/\/territorialchallenges.com\/2021\/10\/08\/perspectives-de-croissance-du-marche-mondial-des-plates-formes-de-ville-intelligente\/88098\/#breadcrumb"},"inLanguage":"nl-NL","potentialAction":[{"@type":"ReadAction","target":["https:\/\/territorialchallenges.com\/2021\/10\/08\/perspectives-de-croissance-du-marche-mondial-des-plates-formes-de-ville-intelligente\/88098\/"]}]},{"@type":"BreadcrumbList","@id":"https:\/\/territorialchallenges.com\/2021\/10\/08\/perspectives-de-croissance-du-marche-mondial-des-plates-formes-de-ville-intelligente\/88098\/#breadcrumb","itemListElement":[{"@type":"ListItem","position":1,"name":"Home","item":"https:\/\/territorialchallenges.com\/"},{"@type":"ListItem","position":2,"name":"Perspectives de croissance du march\u00e9 mondial des plates-formes de ville intelligente"}]},{"@type":"WebSite","@id":"https:\/\/territorialchallenges.com\/#website","url":"https:\/\/territorialchallenges.com\/","name":"Territoriale uitdagingen","description":"Internationale monitoring - Slimme strategie\u00ebn - Beste praktijken","publisher":{"@id":"https:\/\/territorialchallenges.com\/#organization"},"potentialAction":[{"@type":"SearchAction","target":{"@type":"EntryPoint","urlTemplate":"https:\/\/territorialchallenges.com\/?s={search_term_string}"},"query-input":"required name=search_term_string"}],"inLanguage":"nl-NL"},{"@type":"Organization","@id":"https:\/\/territorialchallenges.com\/#organization","name":"Territoriale uitdagingen","url":"https:\/\/territorialchallenges.com\/","logo":{"@type":"ImageObject","inLanguage":"nl-NL","@id":"https:\/\/territorialchallenges.com\/#\/schema\/logo\/image\/","url":"https:\/\/territorialchallenges.com\/wp-content\/uploads\/2023\/10\/logo-1.png","contentUrl":"https:\/\/territorialchallenges.com\/wp-content\/uploads\/2023\/10\/logo-1.png","width":1832,"height":576,"caption":"Territorial Challenges"},"image":{"@id":"https:\/\/territorialchallenges.com\/#\/schema\/logo\/image\/"}},{"@type":"Person","@id":"https:\/\/territorialchallenges.com\/#\/schema\/person\/098f145c7c61a021c425e010f840080f","name":"ni.abdi","image":{"@type":"ImageObject","inLanguage":"nl-NL","@id":"https:\/\/territorialchallenges.com\/#\/schema\/person\/image\/","url":"https:\/\/secure.gravatar.com\/avatar\/2a2f2491f3c80039986ba989b1e4b510?s=96&d=identicon&r=g","contentUrl":"https:\/\/secure.gravatar.com\/avatar\/2a2f2491f3c80039986ba989b1e4b510?s=96&d=identicon&r=g","caption":"ni.abdi"},"sameAs":["https:\/\/twitter.com\/Ni.abdi"],"url":"https:\/\/territorialchallenges.com\/nl\/author\/ni-abdi\/"}]}},"_links":{"self":[{"href":"https:\/\/territorialchallenges.com\/nl\/wp-json\/wp\/v2\/posts\/88098"}],"collection":[{"href":"https:\/\/territorialchallenges.com\/nl\/wp-json\/wp\/v2\/posts"}],"about":[{"href":"https:\/\/territorialchallenges.com\/nl\/wp-json\/wp\/v2\/types\/post"}],"author":[{"embeddable":true,"href":"https:\/\/territorialchallenges.com\/nl\/wp-json\/wp\/v2\/users\/11"}],"replies":[{"embeddable":true,"href":"https:\/\/territorialchallenges.com\/nl\/wp-json\/wp\/v2\/comments?post=88098"}],"version-history":[{"count":1,"href":"https:\/\/territorialchallenges.com\/nl\/wp-json\/wp\/v2\/posts\/88098\/revisions"}],"predecessor-version":[{"id":88103,"href":"https:\/\/territorialchallenges.com\/nl\/wp-json\/wp\/v2\/posts\/88098\/revisions\/88103"}],"wp:featuredmedia":[{"embeddable":true,"href":"https:\/\/territorialchallenges.com\/nl\/wp-json\/wp\/v2\/media\/88099"}],"wp:attachment":[{"href":"https:\/\/territorialchallenges.com\/nl\/wp-json\/wp\/v2\/media?parent=88098"}],"wp:term":[{"taxonomy":"category","embeddable":true,"href":"https:\/\/territorialchallenges.com\/nl\/wp-json\/wp\/v2\/categories?post=88098"},{"taxonomy":"post_tag","embeddable":true,"href":"https:\/\/territorialchallenges.com\/nl\/wp-json\/wp\/v2\/tags?post=88098"}],"curies":[{"name":"wp","href":"https:\/\/api.w.org\/{rel}","templated":true}]}}