{"id":86852,"date":"2021-09-26T18:57:06","date_gmt":"2021-09-26T16:57:06","guid":{"rendered":"https:\/\/territorialchallenges.com\/?p=86852"},"modified":"2022-05-03T10:10:02","modified_gmt":"2022-05-03T08:10:02","slug":"lavenir-de-la-gestion-des-donnees-de-compteurs-intelligents","status":"publish","type":"post","link":"https:\/\/territorialchallenges.com\/nl\/2021\/09\/26\/lavenir-de-la-gestion-des-donnees-de-compteurs-intelligents\/86852\/","title":{"rendered":"De toekomst van slimme meterdatabeheer"},"content":{"rendered":"<p>Terwijl wij reikhalzend uitkijken naar de massale uitrol van slimme meters in Europa, en sommigen reikhalzend uitkijken naar de massale uitrol van slimme meters in Europa, doemt de kwestie op van het beheer van de verzamelde gegevens over het elektriciteitsverbruik van gebruikers, en vooral hoe deze te interpreteren. Dit is een maatschappelijke uitdaging die echte aandacht en echte ondersteuningsstrategie\u00ebn vereist. De Amerikaanse giganten in data-analyse\u2026 <\/p>\n<div class=\"pmpro_content_message\">Artikel alleen beschikbaar voor abonnees.<br \/><a href=\"https:\/\/territorialchallenges.com\/wp-login.php\">Login<\/a><br \/><a href=\"https:\/\/territorialchallenges.com\/nl\/wp-login.php\/?action=register\">Register<\/a><\/div>","protected":false},"excerpt":{"rendered":"<p>Alors que l\u2019on s\u2019attend, avec impatience pour certains, au d\u00e9ploiement massif en Europe des compteurs intelligents, se profile la probl\u00e9matique de la gestion des donn\u00e9es collect\u00e9es sur la consommation \u00e9lectrique des utilisateurs, mais surtout leur interpr\u00e9tation. Un d\u00e9fi soci\u00e9tal qui demande une vraie attention et de vraies strat\u00e9gies d\u2019accompagnements. Les g\u00e9ants am\u00e9ricains de l\u2019analyse des... <\/p>\n<div class=\"pmpro_content_message\">Artikel alleen beschikbaar voor abonnees.<br \/><a href=\"https:\/\/territorialchallenges.com\/wp-login.php\">Login<\/a><br \/><a href=\"https:\/\/territorialchallenges.com\/nl\/wp-login.php\/?action=register\">Register<\/a><\/div>","protected":false},"author":11,"featured_media":86853,"comment_status":"open","ping_status":"open","sticky":true,"template":"","format":"standard","meta":{"pmpro_default_level":0,"footnotes":""},"categories":[130,117],"tags":[],"blocksy_meta":"","yoast_head":"<!-- This site is optimized with the Yoast SEO plugin v21.5 - https:\/\/yoast.com\/wordpress\/plugins\/seo\/ -->\n<title>L&#039;avenir de la gestion des donn\u00e9es de compteurs intelligents - Territorial Challenges<\/title>\n<meta name=\"robots\" content=\"index, follow, max-snippet:-1, max-image-preview:large, max-video-preview:-1\" \/>\n<link rel=\"canonical\" href=\"https:\/\/territorialchallenges.com\/nl\/2021\/09\/26\/lavenir-de-la-gestion-des-donnees-de-compteurs-intelligents\/86852\/\" \/>\n<meta property=\"og:locale\" content=\"nl_NL\" \/>\n<meta property=\"og:type\" content=\"article\" \/>\n<meta property=\"og:title\" content=\"L&#039;avenir de la gestion des donn\u00e9es de compteurs intelligents - Territorial Challenges\" \/>\n<meta property=\"og:description\" content=\"Alors que l\u2019on s\u2019attend, avec impatience pour certains, au d\u00e9ploiement massif en Europe des compteurs intelligents, se profile la probl\u00e9matique de la gestion des donn\u00e9es collect\u00e9es sur la consommation \u00e9lectrique des utilisateurs, mais surtout leur interpr\u00e9tation. Un d\u00e9fi soci\u00e9tal qui demande une vraie attention et de vraies strat\u00e9gies d\u2019accompagnements. Les g\u00e9ants am\u00e9ricains de l\u2019analyse des [&hellip;]\" \/>\n<meta property=\"og:url\" content=\"https:\/\/territorialchallenges.com\/nl\/2021\/09\/26\/lavenir-de-la-gestion-des-donnees-de-compteurs-intelligents\/86852\/\" \/>\n<meta property=\"og:site_name\" content=\"Territorial Challenges\" \/>\n<meta property=\"article:published_time\" content=\"2021-09-26T16:57:06+00:00\" \/>\n<meta property=\"article:modified_time\" content=\"2022-05-03T08:10:02+00:00\" \/>\n<meta property=\"og:image\" content=\"https:\/\/territorialchallenges.com\/wp-content\/uploads\/2020\/12\/SmartMeter.jpg\" \/>\n\t<meta property=\"og:image:width\" content=\"480\" \/>\n\t<meta property=\"og:image:height\" content=\"269\" \/>\n\t<meta property=\"og:image:type\" content=\"image\/jpeg\" \/>\n<meta name=\"author\" content=\"ni.abdi\" \/>\n<meta name=\"twitter:card\" content=\"summary_large_image\" \/>\n<meta name=\"twitter:creator\" content=\"@Ni.abdi\" \/>\n<meta name=\"twitter:label1\" content=\"Geschreven door\" \/>\n\t<meta name=\"twitter:data1\" content=\"ni.abdi\" \/>\n\t<meta name=\"twitter:label2\" content=\"Geschatte leestijd\" \/>\n\t<meta name=\"twitter:data2\" content=\"2 minuten\" \/>\n<script type=\"application\/ld+json\" class=\"yoast-schema-graph\">{\"@context\":\"https:\/\/schema.org\",\"@graph\":[{\"@type\":\"Article\",\"@id\":\"https:\/\/territorialchallenges.com\/2021\/09\/26\/lavenir-de-la-gestion-des-donnees-de-compteurs-intelligents\/86852\/#article\",\"isPartOf\":{\"@id\":\"https:\/\/territorialchallenges.com\/2021\/09\/26\/lavenir-de-la-gestion-des-donnees-de-compteurs-intelligents\/86852\/\"},\"author\":{\"name\":\"ni.abdi\",\"@id\":\"https:\/\/territorialchallenges.com\/#\/schema\/person\/098f145c7c61a021c425e010f840080f\"},\"headline\":\"L&rsquo;avenir de la gestion des donn\u00e9es de compteurs intelligents\",\"datePublished\":\"2021-09-26T16:57:06+00:00\",\"dateModified\":\"2022-05-03T08:10:02+00:00\",\"mainEntityOfPage\":{\"@id\":\"https:\/\/territorialchallenges.com\/2021\/09\/26\/lavenir-de-la-gestion-des-donnees-de-compteurs-intelligents\/86852\/\"},\"wordCount\":404,\"commentCount\":0,\"publisher\":{\"@id\":\"https:\/\/territorialchallenges.com\/#organization\"},\"articleSection\":[\"R\u00e9flexion faite\",\"\u00c9cosyst\u00e8me\"],\"inLanguage\":\"nl-NL\"},{\"@type\":\"WebPage\",\"@id\":\"https:\/\/territorialchallenges.com\/2021\/09\/26\/lavenir-de-la-gestion-des-donnees-de-compteurs-intelligents\/86852\/\",\"url\":\"https:\/\/territorialchallenges.com\/2021\/09\/26\/lavenir-de-la-gestion-des-donnees-de-compteurs-intelligents\/86852\/\",\"name\":\"L'avenir de la gestion des donn\u00e9es de compteurs intelligents - Territorial Challenges\",\"isPartOf\":{\"@id\":\"https:\/\/territorialchallenges.com\/#website\"},\"datePublished\":\"2021-09-26T16:57:06+00:00\",\"dateModified\":\"2022-05-03T08:10:02+00:00\",\"breadcrumb\":{\"@id\":\"https:\/\/territorialchallenges.com\/2021\/09\/26\/lavenir-de-la-gestion-des-donnees-de-compteurs-intelligents\/86852\/#breadcrumb\"},\"inLanguage\":\"nl-NL\",\"potentialAction\":[{\"@type\":\"ReadAction\",\"target\":[\"https:\/\/territorialchallenges.com\/2021\/09\/26\/lavenir-de-la-gestion-des-donnees-de-compteurs-intelligents\/86852\/\"]}]},{\"@type\":\"BreadcrumbList\",\"@id\":\"https:\/\/territorialchallenges.com\/2021\/09\/26\/lavenir-de-la-gestion-des-donnees-de-compteurs-intelligents\/86852\/#breadcrumb\",\"itemListElement\":[{\"@type\":\"ListItem\",\"position\":1,\"name\":\"Home\",\"item\":\"https:\/\/territorialchallenges.com\/\"},{\"@type\":\"ListItem\",\"position\":2,\"name\":\"L&rsquo;avenir de la gestion des donn\u00e9es de compteurs intelligents\"}]},{\"@type\":\"WebSite\",\"@id\":\"https:\/\/territorialchallenges.com\/#website\",\"url\":\"https:\/\/territorialchallenges.com\/\",\"name\":\"Territorial Challenges\",\"description\":\"Veille Internationale - Strat\u00e9gie Intelligentes - Bonnes pratiques\",\"publisher\":{\"@id\":\"https:\/\/territorialchallenges.com\/#organization\"},\"potentialAction\":[{\"@type\":\"SearchAction\",\"target\":{\"@type\":\"EntryPoint\",\"urlTemplate\":\"https:\/\/territorialchallenges.com\/?s={search_term_string}\"},\"query-input\":\"required name=search_term_string\"}],\"inLanguage\":\"nl-NL\"},{\"@type\":\"Organization\",\"@id\":\"https:\/\/territorialchallenges.com\/#organization\",\"name\":\"Territorial Challenges\",\"url\":\"https:\/\/territorialchallenges.com\/\",\"logo\":{\"@type\":\"ImageObject\",\"inLanguage\":\"nl-NL\",\"@id\":\"https:\/\/territorialchallenges.com\/#\/schema\/logo\/image\/\",\"url\":\"https:\/\/territorialchallenges.com\/wp-content\/uploads\/2023\/10\/logo-1.png\",\"contentUrl\":\"https:\/\/territorialchallenges.com\/wp-content\/uploads\/2023\/10\/logo-1.png\",\"width\":1832,\"height\":576,\"caption\":\"Territorial Challenges\"},\"image\":{\"@id\":\"https:\/\/territorialchallenges.com\/#\/schema\/logo\/image\/\"}},{\"@type\":\"Person\",\"@id\":\"https:\/\/territorialchallenges.com\/#\/schema\/person\/098f145c7c61a021c425e010f840080f\",\"name\":\"ni.abdi\",\"image\":{\"@type\":\"ImageObject\",\"inLanguage\":\"nl-NL\",\"@id\":\"https:\/\/territorialchallenges.com\/#\/schema\/person\/image\/\",\"url\":\"https:\/\/secure.gravatar.com\/avatar\/2a2f2491f3c80039986ba989b1e4b510?s=96&d=identicon&r=g\",\"contentUrl\":\"https:\/\/secure.gravatar.com\/avatar\/2a2f2491f3c80039986ba989b1e4b510?s=96&d=identicon&r=g\",\"caption\":\"ni.abdi\"},\"sameAs\":[\"https:\/\/twitter.com\/Ni.abdi\"],\"url\":\"https:\/\/territorialchallenges.com\/nl\/author\/ni-abdi\/\"}]}<\/script>\n<!-- \/ Yoast SEO plugin. -->","yoast_head_json":{"title":"L'avenir de la gestion des donn\u00e9es de compteurs intelligents - Territorial Challenges","robots":{"index":"index","follow":"follow","max-snippet":"max-snippet:-1","max-image-preview":"max-image-preview:large","max-video-preview":"max-video-preview:-1"},"canonical":"https:\/\/territorialchallenges.com\/nl\/2021\/09\/26\/lavenir-de-la-gestion-des-donnees-de-compteurs-intelligents\/86852\/","og_locale":"nl_NL","og_type":"article","og_title":"L'avenir de la gestion des donn\u00e9es de compteurs intelligents - Territorial Challenges","og_description":"Alors que l\u2019on s\u2019attend, avec impatience pour certains, au d\u00e9ploiement massif en Europe des compteurs intelligents, se profile la probl\u00e9matique de la gestion des donn\u00e9es collect\u00e9es sur la consommation \u00e9lectrique des utilisateurs, mais surtout leur interpr\u00e9tation. Un d\u00e9fi soci\u00e9tal qui demande une vraie attention et de vraies strat\u00e9gies d\u2019accompagnements. Les g\u00e9ants am\u00e9ricains de l\u2019analyse des [&hellip;]","og_url":"https:\/\/territorialchallenges.com\/nl\/2021\/09\/26\/lavenir-de-la-gestion-des-donnees-de-compteurs-intelligents\/86852\/","og_site_name":"Territorial Challenges","article_published_time":"2021-09-26T16:57:06+00:00","article_modified_time":"2022-05-03T08:10:02+00:00","og_image":[{"width":480,"height":269,"url":"https:\/\/territorialchallenges.com\/wp-content\/uploads\/2020\/12\/SmartMeter.jpg","type":"image\/jpeg"}],"author":"ni.abdi","twitter_card":"summary_large_image","twitter_creator":"@Ni.abdi","twitter_misc":{"Geschreven door":"ni.abdi","Geschatte leestijd":"2 minuten"},"schema":{"@context":"https:\/\/schema.org","@graph":[{"@type":"Article","@id":"https:\/\/territorialchallenges.com\/2021\/09\/26\/lavenir-de-la-gestion-des-donnees-de-compteurs-intelligents\/86852\/#article","isPartOf":{"@id":"https:\/\/territorialchallenges.com\/2021\/09\/26\/lavenir-de-la-gestion-des-donnees-de-compteurs-intelligents\/86852\/"},"author":{"name":"ni.abdi","@id":"https:\/\/territorialchallenges.com\/#\/schema\/person\/098f145c7c61a021c425e010f840080f"},"headline":"L&rsquo;avenir de la gestion des donn\u00e9es de compteurs intelligents","datePublished":"2021-09-26T16:57:06+00:00","dateModified":"2022-05-03T08:10:02+00:00","mainEntityOfPage":{"@id":"https:\/\/territorialchallenges.com\/2021\/09\/26\/lavenir-de-la-gestion-des-donnees-de-compteurs-intelligents\/86852\/"},"wordCount":404,"commentCount":0,"publisher":{"@id":"https:\/\/territorialchallenges.com\/#organization"},"articleSection":["R\u00e9flexion faite","\u00c9cosyst\u00e8me"],"inLanguage":"nl-NL"},{"@type":"WebPage","@id":"https:\/\/territorialchallenges.com\/2021\/09\/26\/lavenir-de-la-gestion-des-donnees-de-compteurs-intelligents\/86852\/","url":"https:\/\/territorialchallenges.com\/2021\/09\/26\/lavenir-de-la-gestion-des-donnees-de-compteurs-intelligents\/86852\/","name":"L'avenir de la gestion des donn\u00e9es de compteurs intelligents - Territorial Challenges","isPartOf":{"@id":"https:\/\/territorialchallenges.com\/#website"},"datePublished":"2021-09-26T16:57:06+00:00","dateModified":"2022-05-03T08:10:02+00:00","breadcrumb":{"@id":"https:\/\/territorialchallenges.com\/2021\/09\/26\/lavenir-de-la-gestion-des-donnees-de-compteurs-intelligents\/86852\/#breadcrumb"},"inLanguage":"nl-NL","potentialAction":[{"@type":"ReadAction","target":["https:\/\/territorialchallenges.com\/2021\/09\/26\/lavenir-de-la-gestion-des-donnees-de-compteurs-intelligents\/86852\/"]}]},{"@type":"BreadcrumbList","@id":"https:\/\/territorialchallenges.com\/2021\/09\/26\/lavenir-de-la-gestion-des-donnees-de-compteurs-intelligents\/86852\/#breadcrumb","itemListElement":[{"@type":"ListItem","position":1,"name":"Home","item":"https:\/\/territorialchallenges.com\/"},{"@type":"ListItem","position":2,"name":"L&rsquo;avenir de la gestion des donn\u00e9es de compteurs intelligents"}]},{"@type":"WebSite","@id":"https:\/\/territorialchallenges.com\/#website","url":"https:\/\/territorialchallenges.com\/","name":"Territoriale uitdagingen","description":"Internationale monitoring - Slimme strategie\u00ebn - Beste praktijken","publisher":{"@id":"https:\/\/territorialchallenges.com\/#organization"},"potentialAction":[{"@type":"SearchAction","target":{"@type":"EntryPoint","urlTemplate":"https:\/\/territorialchallenges.com\/?s={search_term_string}"},"query-input":"required name=search_term_string"}],"inLanguage":"nl-NL"},{"@type":"Organization","@id":"https:\/\/territorialchallenges.com\/#organization","name":"Territoriale uitdagingen","url":"https:\/\/territorialchallenges.com\/","logo":{"@type":"ImageObject","inLanguage":"nl-NL","@id":"https:\/\/territorialchallenges.com\/#\/schema\/logo\/image\/","url":"https:\/\/territorialchallenges.com\/wp-content\/uploads\/2023\/10\/logo-1.png","contentUrl":"https:\/\/territorialchallenges.com\/wp-content\/uploads\/2023\/10\/logo-1.png","width":1832,"height":576,"caption":"Territorial Challenges"},"image":{"@id":"https:\/\/territorialchallenges.com\/#\/schema\/logo\/image\/"}},{"@type":"Person","@id":"https:\/\/territorialchallenges.com\/#\/schema\/person\/098f145c7c61a021c425e010f840080f","name":"ni.abdi","image":{"@type":"ImageObject","inLanguage":"nl-NL","@id":"https:\/\/territorialchallenges.com\/#\/schema\/person\/image\/","url":"https:\/\/secure.gravatar.com\/avatar\/2a2f2491f3c80039986ba989b1e4b510?s=96&d=identicon&r=g","contentUrl":"https:\/\/secure.gravatar.com\/avatar\/2a2f2491f3c80039986ba989b1e4b510?s=96&d=identicon&r=g","caption":"ni.abdi"},"sameAs":["https:\/\/twitter.com\/Ni.abdi"],"url":"https:\/\/territorialchallenges.com\/nl\/author\/ni-abdi\/"}]}},"_links":{"self":[{"href":"https:\/\/territorialchallenges.com\/nl\/wp-json\/wp\/v2\/posts\/86852"}],"collection":[{"href":"https:\/\/territorialchallenges.com\/nl\/wp-json\/wp\/v2\/posts"}],"about":[{"href":"https:\/\/territorialchallenges.com\/nl\/wp-json\/wp\/v2\/types\/post"}],"author":[{"embeddable":true,"href":"https:\/\/territorialchallenges.com\/nl\/wp-json\/wp\/v2\/users\/11"}],"replies":[{"embeddable":true,"href":"https:\/\/territorialchallenges.com\/nl\/wp-json\/wp\/v2\/comments?post=86852"}],"version-history":[{"count":1,"href":"https:\/\/territorialchallenges.com\/nl\/wp-json\/wp\/v2\/posts\/86852\/revisions"}],"predecessor-version":[{"id":86857,"href":"https:\/\/territorialchallenges.com\/nl\/wp-json\/wp\/v2\/posts\/86852\/revisions\/86857"}],"wp:featuredmedia":[{"embeddable":true,"href":"https:\/\/territorialchallenges.com\/nl\/wp-json\/wp\/v2\/media\/86853"}],"wp:attachment":[{"href":"https:\/\/territorialchallenges.com\/nl\/wp-json\/wp\/v2\/media?parent=86852"}],"wp:term":[{"taxonomy":"category","embeddable":true,"href":"https:\/\/territorialchallenges.com\/nl\/wp-json\/wp\/v2\/categories?post=86852"},{"taxonomy":"post_tag","embeddable":true,"href":"https:\/\/territorialchallenges.com\/nl\/wp-json\/wp\/v2\/tags?post=86852"}],"curies":[{"name":"wp","href":"https:\/\/api.w.org\/{rel}","templated":true}]}}