{"id":86699,"date":"2021-09-04T22:16:32","date_gmt":"2021-09-04T20:16:32","guid":{"rendered":"https:\/\/territorialchallenges.com\/?p=86699"},"modified":"2022-05-03T10:16:11","modified_gmt":"2022-05-03T08:16:11","slug":"la-5g-est-elle-la-reponse-a-la-connectivite-pour-lindustrie-4-0","status":"publish","type":"post","link":"https:\/\/territorialchallenges.com\/nl\/2021\/09\/04\/la-5g-est-elle-la-reponse-a-la-connectivite-pour-lindustrie-4-0\/86699\/","title":{"rendered":"Is 5G het antwoord op connectiviteit voor Industrie 4.0?"},"content":{"rendered":"<p>Als de eerste mobiele netwerktechnologie die is ontworpen ter ondersteuning van industri\u00eble toepassingen, wordt 5G naar verwachting de basis voor het Industrial Internet of Things (IIoT) en de katalysator van Industrie 4.0-technologie\u00ebn, zoals virtual reality, AR en AI. Hoewel de belofte van 5G-datasnelheden... <\/p>\n<div class=\"pmpro_content_message\">Artikel alleen beschikbaar voor abonnees.<br \/><a href=\"https:\/\/territorialchallenges.com\/wp-login.php\">Login<\/a><br \/><a href=\"https:\/\/territorialchallenges.com\/nl\/wp-login.php\/?action=register\">Register<\/a><\/div>","protected":false},"excerpt":{"rendered":"<p>En tant que premi\u00e8re technologie de r\u00e9seau cellulaire con\u00e7ue pour prendre en charge les cas d&rsquo;utilisation industrielle, la 5G est cens\u00e9e devenir la base de l&rsquo;Internet des objets industriel (IIoT) et le catalyseur des technologies de l&rsquo;industrie 4.0, telles que la r\u00e9alit\u00e9 virtuelle. , AR et AI. Certes, les promesses de d\u00e9bits 5G de donn\u00e9es... <\/p>\n<div class=\"pmpro_content_message\">Artikel alleen beschikbaar voor abonnees.<br \/><a href=\"https:\/\/territorialchallenges.com\/wp-login.php\">Login<\/a><br \/><a href=\"https:\/\/territorialchallenges.com\/nl\/wp-login.php\/?action=register\">Register<\/a><\/div>","protected":false},"author":11,"featured_media":86700,"comment_status":"open","ping_status":"open","sticky":true,"template":"","format":"standard","meta":{"pmpro_default_level":0,"footnotes":""},"categories":[17,127],"tags":[],"blocksy_meta":"","yoast_head":"<!-- This site is optimized with the Yoast SEO plugin v21.5 - https:\/\/yoast.com\/wordpress\/plugins\/seo\/ -->\n<title>La 5G est-elle la r\u00e9ponse \u00e0 la connectivit\u00e9 pour l&#039;industrie 4.0? - Territorial Challenges<\/title>\n<meta name=\"robots\" content=\"index, follow, max-snippet:-1, max-image-preview:large, max-video-preview:-1\" \/>\n<link rel=\"canonical\" href=\"https:\/\/territorialchallenges.com\/nl\/2021\/09\/04\/la-5g-est-elle-la-reponse-a-la-connectivite-pour-lindustrie-4-0\/86699\/\" \/>\n<meta property=\"og:locale\" content=\"nl_NL\" \/>\n<meta property=\"og:type\" content=\"article\" \/>\n<meta property=\"og:title\" content=\"La 5G est-elle la r\u00e9ponse \u00e0 la connectivit\u00e9 pour l&#039;industrie 4.0? - Territorial Challenges\" \/>\n<meta property=\"og:description\" content=\"En tant que premi\u00e8re technologie de r\u00e9seau cellulaire con\u00e7ue pour prendre en charge les cas d&rsquo;utilisation industrielle, la 5G est cens\u00e9e devenir la base de l&rsquo;Internet des objets industriel (IIoT) et le catalyseur des technologies de l&rsquo;industrie 4.0, telles que la r\u00e9alit\u00e9 virtuelle. , AR et AI. Certes, les promesses de d\u00e9bits 5G de donn\u00e9es [&hellip;]\" \/>\n<meta property=\"og:url\" content=\"https:\/\/territorialchallenges.com\/nl\/2021\/09\/04\/la-5g-est-elle-la-reponse-a-la-connectivite-pour-lindustrie-4-0\/86699\/\" \/>\n<meta property=\"og:site_name\" content=\"Territorial Challenges\" \/>\n<meta property=\"article:published_time\" content=\"2021-09-04T20:16:32+00:00\" \/>\n<meta property=\"article:modified_time\" content=\"2022-05-03T08:16:11+00:00\" \/>\n<meta property=\"og:image\" content=\"https:\/\/territorialchallenges.com\/wp-content\/uploads\/2020\/12\/robot-3009602_1920.jpg\" \/>\n\t<meta property=\"og:image:width\" content=\"1920\" \/>\n\t<meta property=\"og:image:height\" content=\"1055\" \/>\n\t<meta property=\"og:image:type\" content=\"image\/jpeg\" \/>\n<meta name=\"author\" content=\"ni.abdi\" \/>\n<meta name=\"twitter:card\" content=\"summary_large_image\" \/>\n<meta name=\"twitter:creator\" content=\"@Ni.abdi\" \/>\n<meta name=\"twitter:label1\" content=\"Geschreven door\" \/>\n\t<meta name=\"twitter:data1\" content=\"ni.abdi\" \/>\n\t<meta name=\"twitter:label2\" content=\"Geschatte leestijd\" \/>\n\t<meta name=\"twitter:data2\" content=\"7 minuten\" \/>\n<script type=\"application\/ld+json\" class=\"yoast-schema-graph\">{\"@context\":\"https:\/\/schema.org\",\"@graph\":[{\"@type\":\"Article\",\"@id\":\"https:\/\/territorialchallenges.com\/2021\/09\/04\/la-5g-est-elle-la-reponse-a-la-connectivite-pour-lindustrie-4-0\/86699\/#article\",\"isPartOf\":{\"@id\":\"https:\/\/territorialchallenges.com\/2021\/09\/04\/la-5g-est-elle-la-reponse-a-la-connectivite-pour-lindustrie-4-0\/86699\/\"},\"author\":{\"name\":\"ni.abdi\",\"@id\":\"https:\/\/territorialchallenges.com\/#\/schema\/person\/098f145c7c61a021c425e010f840080f\"},\"headline\":\"La 5G est-elle la r\u00e9ponse \u00e0 la connectivit\u00e9 pour l&rsquo;industrie 4.0?\",\"datePublished\":\"2021-09-04T20:16:32+00:00\",\"dateModified\":\"2022-05-03T08:16:11+00:00\",\"mainEntityOfPage\":{\"@id\":\"https:\/\/territorialchallenges.com\/2021\/09\/04\/la-5g-est-elle-la-reponse-a-la-connectivite-pour-lindustrie-4-0\/86699\/\"},\"wordCount\":1415,\"commentCount\":0,\"publisher\":{\"@id\":\"https:\/\/territorialchallenges.com\/#organization\"},\"articleSection\":[\"Industrie 5.0\",\"Actualit\u00e9 Europe\"],\"inLanguage\":\"nl-NL\"},{\"@type\":\"WebPage\",\"@id\":\"https:\/\/territorialchallenges.com\/2021\/09\/04\/la-5g-est-elle-la-reponse-a-la-connectivite-pour-lindustrie-4-0\/86699\/\",\"url\":\"https:\/\/territorialchallenges.com\/2021\/09\/04\/la-5g-est-elle-la-reponse-a-la-connectivite-pour-lindustrie-4-0\/86699\/\",\"name\":\"La 5G est-elle la r\u00e9ponse \u00e0 la connectivit\u00e9 pour l'industrie 4.0? - Territorial Challenges\",\"isPartOf\":{\"@id\":\"https:\/\/territorialchallenges.com\/#website\"},\"datePublished\":\"2021-09-04T20:16:32+00:00\",\"dateModified\":\"2022-05-03T08:16:11+00:00\",\"breadcrumb\":{\"@id\":\"https:\/\/territorialchallenges.com\/2021\/09\/04\/la-5g-est-elle-la-reponse-a-la-connectivite-pour-lindustrie-4-0\/86699\/#breadcrumb\"},\"inLanguage\":\"nl-NL\",\"potentialAction\":[{\"@type\":\"ReadAction\",\"target\":[\"https:\/\/territorialchallenges.com\/2021\/09\/04\/la-5g-est-elle-la-reponse-a-la-connectivite-pour-lindustrie-4-0\/86699\/\"]}]},{\"@type\":\"BreadcrumbList\",\"@id\":\"https:\/\/territorialchallenges.com\/2021\/09\/04\/la-5g-est-elle-la-reponse-a-la-connectivite-pour-lindustrie-4-0\/86699\/#breadcrumb\",\"itemListElement\":[{\"@type\":\"ListItem\",\"position\":1,\"name\":\"Home\",\"item\":\"https:\/\/territorialchallenges.com\/\"},{\"@type\":\"ListItem\",\"position\":2,\"name\":\"La 5G est-elle la r\u00e9ponse \u00e0 la connectivit\u00e9 pour l&rsquo;industrie 4.0?\"}]},{\"@type\":\"WebSite\",\"@id\":\"https:\/\/territorialchallenges.com\/#website\",\"url\":\"https:\/\/territorialchallenges.com\/\",\"name\":\"Territorial Challenges\",\"description\":\"Veille Internationale - Strat\u00e9gie Intelligentes - Bonnes pratiques\",\"publisher\":{\"@id\":\"https:\/\/territorialchallenges.com\/#organization\"},\"potentialAction\":[{\"@type\":\"SearchAction\",\"target\":{\"@type\":\"EntryPoint\",\"urlTemplate\":\"https:\/\/territorialchallenges.com\/?s={search_term_string}\"},\"query-input\":\"required name=search_term_string\"}],\"inLanguage\":\"nl-NL\"},{\"@type\":\"Organization\",\"@id\":\"https:\/\/territorialchallenges.com\/#organization\",\"name\":\"Territorial Challenges\",\"url\":\"https:\/\/territorialchallenges.com\/\",\"logo\":{\"@type\":\"ImageObject\",\"inLanguage\":\"nl-NL\",\"@id\":\"https:\/\/territorialchallenges.com\/#\/schema\/logo\/image\/\",\"url\":\"https:\/\/territorialchallenges.com\/wp-content\/uploads\/2023\/10\/logo-1.png\",\"contentUrl\":\"https:\/\/territorialchallenges.com\/wp-content\/uploads\/2023\/10\/logo-1.png\",\"width\":1832,\"height\":576,\"caption\":\"Territorial Challenges\"},\"image\":{\"@id\":\"https:\/\/territorialchallenges.com\/#\/schema\/logo\/image\/\"}},{\"@type\":\"Person\",\"@id\":\"https:\/\/territorialchallenges.com\/#\/schema\/person\/098f145c7c61a021c425e010f840080f\",\"name\":\"ni.abdi\",\"image\":{\"@type\":\"ImageObject\",\"inLanguage\":\"nl-NL\",\"@id\":\"https:\/\/territorialchallenges.com\/#\/schema\/person\/image\/\",\"url\":\"https:\/\/secure.gravatar.com\/avatar\/2a2f2491f3c80039986ba989b1e4b510?s=96&d=identicon&r=g\",\"contentUrl\":\"https:\/\/secure.gravatar.com\/avatar\/2a2f2491f3c80039986ba989b1e4b510?s=96&d=identicon&r=g\",\"caption\":\"ni.abdi\"},\"sameAs\":[\"https:\/\/twitter.com\/Ni.abdi\"],\"url\":\"https:\/\/territorialchallenges.com\/nl\/author\/ni-abdi\/\"}]}<\/script>\n<!-- \/ Yoast SEO plugin. -->","yoast_head_json":{"title":"La 5G est-elle la r\u00e9ponse \u00e0 la connectivit\u00e9 pour l'industrie 4.0? - Territorial Challenges","robots":{"index":"index","follow":"follow","max-snippet":"max-snippet:-1","max-image-preview":"max-image-preview:large","max-video-preview":"max-video-preview:-1"},"canonical":"https:\/\/territorialchallenges.com\/nl\/2021\/09\/04\/la-5g-est-elle-la-reponse-a-la-connectivite-pour-lindustrie-4-0\/86699\/","og_locale":"nl_NL","og_type":"article","og_title":"La 5G est-elle la r\u00e9ponse \u00e0 la connectivit\u00e9 pour l'industrie 4.0? - Territorial Challenges","og_description":"En tant que premi\u00e8re technologie de r\u00e9seau cellulaire con\u00e7ue pour prendre en charge les cas d&rsquo;utilisation industrielle, la 5G est cens\u00e9e devenir la base de l&rsquo;Internet des objets industriel (IIoT) et le catalyseur des technologies de l&rsquo;industrie 4.0, telles que la r\u00e9alit\u00e9 virtuelle. , AR et AI. Certes, les promesses de d\u00e9bits 5G de donn\u00e9es [&hellip;]","og_url":"https:\/\/territorialchallenges.com\/nl\/2021\/09\/04\/la-5g-est-elle-la-reponse-a-la-connectivite-pour-lindustrie-4-0\/86699\/","og_site_name":"Territorial Challenges","article_published_time":"2021-09-04T20:16:32+00:00","article_modified_time":"2022-05-03T08:16:11+00:00","og_image":[{"width":1920,"height":1055,"url":"https:\/\/territorialchallenges.com\/wp-content\/uploads\/2020\/12\/robot-3009602_1920.jpg","type":"image\/jpeg"}],"author":"ni.abdi","twitter_card":"summary_large_image","twitter_creator":"@Ni.abdi","twitter_misc":{"Geschreven door":"ni.abdi","Geschatte leestijd":"7 minuten"},"schema":{"@context":"https:\/\/schema.org","@graph":[{"@type":"Article","@id":"https:\/\/territorialchallenges.com\/2021\/09\/04\/la-5g-est-elle-la-reponse-a-la-connectivite-pour-lindustrie-4-0\/86699\/#article","isPartOf":{"@id":"https:\/\/territorialchallenges.com\/2021\/09\/04\/la-5g-est-elle-la-reponse-a-la-connectivite-pour-lindustrie-4-0\/86699\/"},"author":{"name":"ni.abdi","@id":"https:\/\/territorialchallenges.com\/#\/schema\/person\/098f145c7c61a021c425e010f840080f"},"headline":"La 5G est-elle la r\u00e9ponse \u00e0 la connectivit\u00e9 pour l&rsquo;industrie 4.0?","datePublished":"2021-09-04T20:16:32+00:00","dateModified":"2022-05-03T08:16:11+00:00","mainEntityOfPage":{"@id":"https:\/\/territorialchallenges.com\/2021\/09\/04\/la-5g-est-elle-la-reponse-a-la-connectivite-pour-lindustrie-4-0\/86699\/"},"wordCount":1415,"commentCount":0,"publisher":{"@id":"https:\/\/territorialchallenges.com\/#organization"},"articleSection":["Industrie 5.0","Actualit\u00e9 Europe"],"inLanguage":"nl-NL"},{"@type":"WebPage","@id":"https:\/\/territorialchallenges.com\/2021\/09\/04\/la-5g-est-elle-la-reponse-a-la-connectivite-pour-lindustrie-4-0\/86699\/","url":"https:\/\/territorialchallenges.com\/2021\/09\/04\/la-5g-est-elle-la-reponse-a-la-connectivite-pour-lindustrie-4-0\/86699\/","name":"La 5G est-elle la r\u00e9ponse \u00e0 la connectivit\u00e9 pour l'industrie 4.0? - Territorial Challenges","isPartOf":{"@id":"https:\/\/territorialchallenges.com\/#website"},"datePublished":"2021-09-04T20:16:32+00:00","dateModified":"2022-05-03T08:16:11+00:00","breadcrumb":{"@id":"https:\/\/territorialchallenges.com\/2021\/09\/04\/la-5g-est-elle-la-reponse-a-la-connectivite-pour-lindustrie-4-0\/86699\/#breadcrumb"},"inLanguage":"nl-NL","potentialAction":[{"@type":"ReadAction","target":["https:\/\/territorialchallenges.com\/2021\/09\/04\/la-5g-est-elle-la-reponse-a-la-connectivite-pour-lindustrie-4-0\/86699\/"]}]},{"@type":"BreadcrumbList","@id":"https:\/\/territorialchallenges.com\/2021\/09\/04\/la-5g-est-elle-la-reponse-a-la-connectivite-pour-lindustrie-4-0\/86699\/#breadcrumb","itemListElement":[{"@type":"ListItem","position":1,"name":"Home","item":"https:\/\/territorialchallenges.com\/"},{"@type":"ListItem","position":2,"name":"La 5G est-elle la r\u00e9ponse \u00e0 la connectivit\u00e9 pour l&rsquo;industrie 4.0?"}]},{"@type":"WebSite","@id":"https:\/\/territorialchallenges.com\/#website","url":"https:\/\/territorialchallenges.com\/","name":"Territoriale uitdagingen","description":"Internationale monitoring - Slimme strategie\u00ebn - Beste praktijken","publisher":{"@id":"https:\/\/territorialchallenges.com\/#organization"},"potentialAction":[{"@type":"SearchAction","target":{"@type":"EntryPoint","urlTemplate":"https:\/\/territorialchallenges.com\/?s={search_term_string}"},"query-input":"required name=search_term_string"}],"inLanguage":"nl-NL"},{"@type":"Organization","@id":"https:\/\/territorialchallenges.com\/#organization","name":"Territoriale uitdagingen","url":"https:\/\/territorialchallenges.com\/","logo":{"@type":"ImageObject","inLanguage":"nl-NL","@id":"https:\/\/territorialchallenges.com\/#\/schema\/logo\/image\/","url":"https:\/\/territorialchallenges.com\/wp-content\/uploads\/2023\/10\/logo-1.png","contentUrl":"https:\/\/territorialchallenges.com\/wp-content\/uploads\/2023\/10\/logo-1.png","width":1832,"height":576,"caption":"Territorial Challenges"},"image":{"@id":"https:\/\/territorialchallenges.com\/#\/schema\/logo\/image\/"}},{"@type":"Person","@id":"https:\/\/territorialchallenges.com\/#\/schema\/person\/098f145c7c61a021c425e010f840080f","name":"ni.abdi","image":{"@type":"ImageObject","inLanguage":"nl-NL","@id":"https:\/\/territorialchallenges.com\/#\/schema\/person\/image\/","url":"https:\/\/secure.gravatar.com\/avatar\/2a2f2491f3c80039986ba989b1e4b510?s=96&d=identicon&r=g","contentUrl":"https:\/\/secure.gravatar.com\/avatar\/2a2f2491f3c80039986ba989b1e4b510?s=96&d=identicon&r=g","caption":"ni.abdi"},"sameAs":["https:\/\/twitter.com\/Ni.abdi"],"url":"https:\/\/territorialchallenges.com\/nl\/author\/ni-abdi\/"}]}},"_links":{"self":[{"href":"https:\/\/territorialchallenges.com\/nl\/wp-json\/wp\/v2\/posts\/86699"}],"collection":[{"href":"https:\/\/territorialchallenges.com\/nl\/wp-json\/wp\/v2\/posts"}],"about":[{"href":"https:\/\/territorialchallenges.com\/nl\/wp-json\/wp\/v2\/types\/post"}],"author":[{"embeddable":true,"href":"https:\/\/territorialchallenges.com\/nl\/wp-json\/wp\/v2\/users\/11"}],"replies":[{"embeddable":true,"href":"https:\/\/territorialchallenges.com\/nl\/wp-json\/wp\/v2\/comments?post=86699"}],"version-history":[{"count":1,"href":"https:\/\/territorialchallenges.com\/nl\/wp-json\/wp\/v2\/posts\/86699\/revisions"}],"predecessor-version":[{"id":86704,"href":"https:\/\/territorialchallenges.com\/nl\/wp-json\/wp\/v2\/posts\/86699\/revisions\/86704"}],"wp:featuredmedia":[{"embeddable":true,"href":"https:\/\/territorialchallenges.com\/nl\/wp-json\/wp\/v2\/media\/86700"}],"wp:attachment":[{"href":"https:\/\/territorialchallenges.com\/nl\/wp-json\/wp\/v2\/media?parent=86699"}],"wp:term":[{"taxonomy":"category","embeddable":true,"href":"https:\/\/territorialchallenges.com\/nl\/wp-json\/wp\/v2\/categories?post=86699"},{"taxonomy":"post_tag","embeddable":true,"href":"https:\/\/territorialchallenges.com\/nl\/wp-json\/wp\/v2\/tags?post=86699"}],"curies":[{"name":"wp","href":"https:\/\/api.w.org\/{rel}","templated":true}]}}