{"id":86415,"date":"2020-10-21T19:50:36","date_gmt":"2020-10-21T17:50:36","guid":{"rendered":"https:\/\/territorialchallenges.com\/?p=86415"},"modified":"2020-10-21T19:50:36","modified_gmt":"2020-10-21T17:50:36","slug":"les-enr-peuvent-repondre-a-34-de-la-demande-en-europe-centrale-et-du-sud-est","status":"publish","type":"post","link":"https:\/\/territorialchallenges.com\/nl\/2020\/10\/21\/les-enr-peuvent-repondre-a-34-de-la-demande-en-europe-centrale-et-du-sud-est\/86415\/","title":{"rendered":"Hernieuwbare energie kan in Centraal- en Zuidoost-Europa aan 34% aan vraag voldoen"},"content":{"rendered":"<p>Als landen in Midden- en Zuidoost-Europa hun uitbreiding van hernieuwbare energie versnellen, kunnen ze tegen 2030 jaarlijks tot \u20ac 35 miljard aan schade aan de gezondheid en het milieu vermijden, zo stelt het Internationaal Agentschap voor Hernieuwbare Energie (IRENA) in een onderzoek. Het voegt daaraan toe dat groene energie het potentieel heeft om... <\/p>\n<div class=\"pmpro_content_message\">Artikel alleen beschikbaar voor abonnees.<br \/><a href=\"https:\/\/territorialchallenges.com\/wp-login.php\">Login<\/a><br \/><a href=\"https:\/\/territorialchallenges.com\/nl\/wp-login.php\/?action=register\">Register<\/a><\/div>","protected":false},"excerpt":{"rendered":"<p>Si les pays d&rsquo;Europe centrale et du sud-est passent \u00e0 une vitesse sup\u00e9rieure dans l&rsquo;expansion des \u00e9nergies renouvelables, ils \u00e9viteront jusqu&rsquo;\u00e0 35 milliards d&rsquo;euros de dommages \u00e0 la sant\u00e9 et \u00e0 l&rsquo;environnement par an d&rsquo;ici 2030, affirme L&rsquo;Agence internationale pour les \u00e9nergies renouvelables (IRENA) dans une \u00e9tude, ajoutant que l&rsquo;\u00e9nergie verte a le potentiel de... <\/p>\n<div class=\"pmpro_content_message\">Artikel alleen beschikbaar voor abonnees.<br \/><a href=\"https:\/\/territorialchallenges.com\/wp-login.php\">Login<\/a><br \/><a href=\"https:\/\/territorialchallenges.com\/nl\/wp-login.php\/?action=register\">Register<\/a><\/div>","protected":false},"author":11,"featured_media":86416,"comment_status":"open","ping_status":"open","sticky":true,"template":"","format":"standard","meta":{"pmpro_default_level":0,"footnotes":""},"categories":[18,127],"tags":[],"blocksy_meta":"","yoast_head":"<!-- This site is optimized with the Yoast SEO plugin v21.5 - https:\/\/yoast.com\/wordpress\/plugins\/seo\/ -->\n<title>Les ENR peuvent r\u00e9pondre \u00e0 34% de la demande en Europe centrale et du sud-est - Territorial Challenges<\/title>\n<meta name=\"robots\" content=\"index, follow, max-snippet:-1, max-image-preview:large, max-video-preview:-1\" \/>\n<link rel=\"canonical\" href=\"https:\/\/territorialchallenges.com\/nl\/2020\/10\/21\/les-enr-peuvent-repondre-a-34-de-la-demande-en-europe-centrale-et-du-sud-est\/86415\/\" \/>\n<meta property=\"og:locale\" content=\"nl_NL\" \/>\n<meta property=\"og:type\" content=\"article\" \/>\n<meta property=\"og:title\" content=\"Les ENR peuvent r\u00e9pondre \u00e0 34% de la demande en Europe centrale et du sud-est - Territorial Challenges\" \/>\n<meta property=\"og:description\" content=\"Si les pays d&rsquo;Europe centrale et du sud-est passent \u00e0 une vitesse sup\u00e9rieure dans l&rsquo;expansion des \u00e9nergies renouvelables, ils \u00e9viteront jusqu&rsquo;\u00e0 35 milliards d&rsquo;euros de dommages \u00e0 la sant\u00e9 et \u00e0 l&rsquo;environnement par an d&rsquo;ici 2030, affirme L&rsquo;Agence internationale pour les \u00e9nergies renouvelables (IRENA) dans une \u00e9tude, ajoutant que l&rsquo;\u00e9nergie verte a le potentiel de [&hellip;]\" \/>\n<meta property=\"og:url\" content=\"https:\/\/territorialchallenges.com\/nl\/2020\/10\/21\/les-enr-peuvent-repondre-a-34-de-la-demande-en-europe-centrale-et-du-sud-est\/86415\/\" \/>\n<meta property=\"og:site_name\" content=\"Territorial Challenges\" \/>\n<meta property=\"article:published_time\" content=\"2020-10-21T17:50:36+00:00\" \/>\n<meta property=\"og:image\" content=\"https:\/\/territorialchallenges.com\/wp-content\/uploads\/2020\/10\/smartenergy211020.jpg\" \/>\n\t<meta property=\"og:image:width\" content=\"1920\" \/>\n\t<meta property=\"og:image:height\" content=\"1320\" \/>\n\t<meta property=\"og:image:type\" content=\"image\/jpeg\" \/>\n<meta name=\"author\" content=\"ni.abdi\" \/>\n<meta name=\"twitter:card\" content=\"summary_large_image\" \/>\n<meta name=\"twitter:creator\" content=\"@Ni.abdi\" \/>\n<meta name=\"twitter:label1\" content=\"Geschreven door\" \/>\n\t<meta name=\"twitter:data1\" content=\"ni.abdi\" \/>\n\t<meta name=\"twitter:label2\" content=\"Geschatte leestijd\" \/>\n\t<meta name=\"twitter:data2\" content=\"3 minuten\" \/>\n<script type=\"application\/ld+json\" class=\"yoast-schema-graph\">{\"@context\":\"https:\/\/schema.org\",\"@graph\":[{\"@type\":\"Article\",\"@id\":\"https:\/\/territorialchallenges.com\/2020\/10\/21\/les-enr-peuvent-repondre-a-34-de-la-demande-en-europe-centrale-et-du-sud-est\/86415\/#article\",\"isPartOf\":{\"@id\":\"https:\/\/territorialchallenges.com\/2020\/10\/21\/les-enr-peuvent-repondre-a-34-de-la-demande-en-europe-centrale-et-du-sud-est\/86415\/\"},\"author\":{\"name\":\"ni.abdi\",\"@id\":\"https:\/\/territorialchallenges.com\/#\/schema\/person\/098f145c7c61a021c425e010f840080f\"},\"headline\":\"Les ENR peuvent r\u00e9pondre \u00e0 34% de la demande en Europe centrale et du sud-est\",\"datePublished\":\"2020-10-21T17:50:36+00:00\",\"dateModified\":\"2020-10-21T17:50:36+00:00\",\"mainEntityOfPage\":{\"@id\":\"https:\/\/territorialchallenges.com\/2020\/10\/21\/les-enr-peuvent-repondre-a-34-de-la-demande-en-europe-centrale-et-du-sud-est\/86415\/\"},\"wordCount\":621,\"commentCount\":0,\"publisher\":{\"@id\":\"https:\/\/territorialchallenges.com\/#organization\"},\"articleSection\":[\"Transition \u00c9nerg\u00e9tique\",\"Actualit\u00e9 Europe\"],\"inLanguage\":\"nl-NL\"},{\"@type\":\"WebPage\",\"@id\":\"https:\/\/territorialchallenges.com\/2020\/10\/21\/les-enr-peuvent-repondre-a-34-de-la-demande-en-europe-centrale-et-du-sud-est\/86415\/\",\"url\":\"https:\/\/territorialchallenges.com\/2020\/10\/21\/les-enr-peuvent-repondre-a-34-de-la-demande-en-europe-centrale-et-du-sud-est\/86415\/\",\"name\":\"Les ENR peuvent r\u00e9pondre \u00e0 34% de la demande en Europe centrale et du sud-est - Territorial Challenges\",\"isPartOf\":{\"@id\":\"https:\/\/territorialchallenges.com\/#website\"},\"datePublished\":\"2020-10-21T17:50:36+00:00\",\"dateModified\":\"2020-10-21T17:50:36+00:00\",\"breadcrumb\":{\"@id\":\"https:\/\/territorialchallenges.com\/2020\/10\/21\/les-enr-peuvent-repondre-a-34-de-la-demande-en-europe-centrale-et-du-sud-est\/86415\/#breadcrumb\"},\"inLanguage\":\"nl-NL\",\"potentialAction\":[{\"@type\":\"ReadAction\",\"target\":[\"https:\/\/territorialchallenges.com\/2020\/10\/21\/les-enr-peuvent-repondre-a-34-de-la-demande-en-europe-centrale-et-du-sud-est\/86415\/\"]}]},{\"@type\":\"BreadcrumbList\",\"@id\":\"https:\/\/territorialchallenges.com\/2020\/10\/21\/les-enr-peuvent-repondre-a-34-de-la-demande-en-europe-centrale-et-du-sud-est\/86415\/#breadcrumb\",\"itemListElement\":[{\"@type\":\"ListItem\",\"position\":1,\"name\":\"Home\",\"item\":\"https:\/\/territorialchallenges.com\/\"},{\"@type\":\"ListItem\",\"position\":2,\"name\":\"Les ENR peuvent r\u00e9pondre \u00e0 34% de la demande en Europe centrale et du sud-est\"}]},{\"@type\":\"WebSite\",\"@id\":\"https:\/\/territorialchallenges.com\/#website\",\"url\":\"https:\/\/territorialchallenges.com\/\",\"name\":\"Territorial Challenges\",\"description\":\"Veille Internationale - Strat\u00e9gie Intelligentes - Bonnes pratiques\",\"publisher\":{\"@id\":\"https:\/\/territorialchallenges.com\/#organization\"},\"potentialAction\":[{\"@type\":\"SearchAction\",\"target\":{\"@type\":\"EntryPoint\",\"urlTemplate\":\"https:\/\/territorialchallenges.com\/?s={search_term_string}\"},\"query-input\":\"required name=search_term_string\"}],\"inLanguage\":\"nl-NL\"},{\"@type\":\"Organization\",\"@id\":\"https:\/\/territorialchallenges.com\/#organization\",\"name\":\"Territorial Challenges\",\"url\":\"https:\/\/territorialchallenges.com\/\",\"logo\":{\"@type\":\"ImageObject\",\"inLanguage\":\"nl-NL\",\"@id\":\"https:\/\/territorialchallenges.com\/#\/schema\/logo\/image\/\",\"url\":\"https:\/\/territorialchallenges.com\/wp-content\/uploads\/2023\/10\/logo-1.png\",\"contentUrl\":\"https:\/\/territorialchallenges.com\/wp-content\/uploads\/2023\/10\/logo-1.png\",\"width\":1832,\"height\":576,\"caption\":\"Territorial Challenges\"},\"image\":{\"@id\":\"https:\/\/territorialchallenges.com\/#\/schema\/logo\/image\/\"}},{\"@type\":\"Person\",\"@id\":\"https:\/\/territorialchallenges.com\/#\/schema\/person\/098f145c7c61a021c425e010f840080f\",\"name\":\"ni.abdi\",\"image\":{\"@type\":\"ImageObject\",\"inLanguage\":\"nl-NL\",\"@id\":\"https:\/\/territorialchallenges.com\/#\/schema\/person\/image\/\",\"url\":\"https:\/\/secure.gravatar.com\/avatar\/2a2f2491f3c80039986ba989b1e4b510?s=96&d=identicon&r=g\",\"contentUrl\":\"https:\/\/secure.gravatar.com\/avatar\/2a2f2491f3c80039986ba989b1e4b510?s=96&d=identicon&r=g\",\"caption\":\"ni.abdi\"},\"sameAs\":[\"https:\/\/twitter.com\/Ni.abdi\"],\"url\":\"https:\/\/territorialchallenges.com\/nl\/author\/ni-abdi\/\"}]}<\/script>\n<!-- \/ Yoast SEO plugin. -->","yoast_head_json":{"title":"Les ENR peuvent r\u00e9pondre \u00e0 34% de la demande en Europe centrale et du sud-est - Territorial Challenges","robots":{"index":"index","follow":"follow","max-snippet":"max-snippet:-1","max-image-preview":"max-image-preview:large","max-video-preview":"max-video-preview:-1"},"canonical":"https:\/\/territorialchallenges.com\/nl\/2020\/10\/21\/les-enr-peuvent-repondre-a-34-de-la-demande-en-europe-centrale-et-du-sud-est\/86415\/","og_locale":"nl_NL","og_type":"article","og_title":"Les ENR peuvent r\u00e9pondre \u00e0 34% de la demande en Europe centrale et du sud-est - Territorial Challenges","og_description":"Si les pays d&rsquo;Europe centrale et du sud-est passent \u00e0 une vitesse sup\u00e9rieure dans l&rsquo;expansion des \u00e9nergies renouvelables, ils \u00e9viteront jusqu&rsquo;\u00e0 35 milliards d&rsquo;euros de dommages \u00e0 la sant\u00e9 et \u00e0 l&rsquo;environnement par an d&rsquo;ici 2030, affirme L&rsquo;Agence internationale pour les \u00e9nergies renouvelables (IRENA) dans une \u00e9tude, ajoutant que l&rsquo;\u00e9nergie verte a le potentiel de [&hellip;]","og_url":"https:\/\/territorialchallenges.com\/nl\/2020\/10\/21\/les-enr-peuvent-repondre-a-34-de-la-demande-en-europe-centrale-et-du-sud-est\/86415\/","og_site_name":"Territorial Challenges","article_published_time":"2020-10-21T17:50:36+00:00","og_image":[{"width":1920,"height":1320,"url":"https:\/\/territorialchallenges.com\/wp-content\/uploads\/2020\/10\/smartenergy211020.jpg","type":"image\/jpeg"}],"author":"ni.abdi","twitter_card":"summary_large_image","twitter_creator":"@Ni.abdi","twitter_misc":{"Geschreven door":"ni.abdi","Geschatte leestijd":"3 minuten"},"schema":{"@context":"https:\/\/schema.org","@graph":[{"@type":"Article","@id":"https:\/\/territorialchallenges.com\/2020\/10\/21\/les-enr-peuvent-repondre-a-34-de-la-demande-en-europe-centrale-et-du-sud-est\/86415\/#article","isPartOf":{"@id":"https:\/\/territorialchallenges.com\/2020\/10\/21\/les-enr-peuvent-repondre-a-34-de-la-demande-en-europe-centrale-et-du-sud-est\/86415\/"},"author":{"name":"ni.abdi","@id":"https:\/\/territorialchallenges.com\/#\/schema\/person\/098f145c7c61a021c425e010f840080f"},"headline":"Les ENR peuvent r\u00e9pondre \u00e0 34% de la demande en Europe centrale et du sud-est","datePublished":"2020-10-21T17:50:36+00:00","dateModified":"2020-10-21T17:50:36+00:00","mainEntityOfPage":{"@id":"https:\/\/territorialchallenges.com\/2020\/10\/21\/les-enr-peuvent-repondre-a-34-de-la-demande-en-europe-centrale-et-du-sud-est\/86415\/"},"wordCount":621,"commentCount":0,"publisher":{"@id":"https:\/\/territorialchallenges.com\/#organization"},"articleSection":["Transition \u00c9nerg\u00e9tique","Actualit\u00e9 Europe"],"inLanguage":"nl-NL"},{"@type":"WebPage","@id":"https:\/\/territorialchallenges.com\/2020\/10\/21\/les-enr-peuvent-repondre-a-34-de-la-demande-en-europe-centrale-et-du-sud-est\/86415\/","url":"https:\/\/territorialchallenges.com\/2020\/10\/21\/les-enr-peuvent-repondre-a-34-de-la-demande-en-europe-centrale-et-du-sud-est\/86415\/","name":"Les ENR peuvent r\u00e9pondre \u00e0 34% de la demande en Europe centrale et du sud-est - Territorial Challenges","isPartOf":{"@id":"https:\/\/territorialchallenges.com\/#website"},"datePublished":"2020-10-21T17:50:36+00:00","dateModified":"2020-10-21T17:50:36+00:00","breadcrumb":{"@id":"https:\/\/territorialchallenges.com\/2020\/10\/21\/les-enr-peuvent-repondre-a-34-de-la-demande-en-europe-centrale-et-du-sud-est\/86415\/#breadcrumb"},"inLanguage":"nl-NL","potentialAction":[{"@type":"ReadAction","target":["https:\/\/territorialchallenges.com\/2020\/10\/21\/les-enr-peuvent-repondre-a-34-de-la-demande-en-europe-centrale-et-du-sud-est\/86415\/"]}]},{"@type":"BreadcrumbList","@id":"https:\/\/territorialchallenges.com\/2020\/10\/21\/les-enr-peuvent-repondre-a-34-de-la-demande-en-europe-centrale-et-du-sud-est\/86415\/#breadcrumb","itemListElement":[{"@type":"ListItem","position":1,"name":"Home","item":"https:\/\/territorialchallenges.com\/"},{"@type":"ListItem","position":2,"name":"Les ENR peuvent r\u00e9pondre \u00e0 34% de la demande en Europe centrale et du sud-est"}]},{"@type":"WebSite","@id":"https:\/\/territorialchallenges.com\/#website","url":"https:\/\/territorialchallenges.com\/","name":"Territoriale uitdagingen","description":"Internationale monitoring - Slimme strategie\u00ebn - Beste praktijken","publisher":{"@id":"https:\/\/territorialchallenges.com\/#organization"},"potentialAction":[{"@type":"SearchAction","target":{"@type":"EntryPoint","urlTemplate":"https:\/\/territorialchallenges.com\/?s={search_term_string}"},"query-input":"required name=search_term_string"}],"inLanguage":"nl-NL"},{"@type":"Organization","@id":"https:\/\/territorialchallenges.com\/#organization","name":"Territoriale uitdagingen","url":"https:\/\/territorialchallenges.com\/","logo":{"@type":"ImageObject","inLanguage":"nl-NL","@id":"https:\/\/territorialchallenges.com\/#\/schema\/logo\/image\/","url":"https:\/\/territorialchallenges.com\/wp-content\/uploads\/2023\/10\/logo-1.png","contentUrl":"https:\/\/territorialchallenges.com\/wp-content\/uploads\/2023\/10\/logo-1.png","width":1832,"height":576,"caption":"Territorial Challenges"},"image":{"@id":"https:\/\/territorialchallenges.com\/#\/schema\/logo\/image\/"}},{"@type":"Person","@id":"https:\/\/territorialchallenges.com\/#\/schema\/person\/098f145c7c61a021c425e010f840080f","name":"ni.abdi","image":{"@type":"ImageObject","inLanguage":"nl-NL","@id":"https:\/\/territorialchallenges.com\/#\/schema\/person\/image\/","url":"https:\/\/secure.gravatar.com\/avatar\/2a2f2491f3c80039986ba989b1e4b510?s=96&d=identicon&r=g","contentUrl":"https:\/\/secure.gravatar.com\/avatar\/2a2f2491f3c80039986ba989b1e4b510?s=96&d=identicon&r=g","caption":"ni.abdi"},"sameAs":["https:\/\/twitter.com\/Ni.abdi"],"url":"https:\/\/territorialchallenges.com\/nl\/author\/ni-abdi\/"}]}},"_links":{"self":[{"href":"https:\/\/territorialchallenges.com\/nl\/wp-json\/wp\/v2\/posts\/86415"}],"collection":[{"href":"https:\/\/territorialchallenges.com\/nl\/wp-json\/wp\/v2\/posts"}],"about":[{"href":"https:\/\/territorialchallenges.com\/nl\/wp-json\/wp\/v2\/types\/post"}],"author":[{"embeddable":true,"href":"https:\/\/territorialchallenges.com\/nl\/wp-json\/wp\/v2\/users\/11"}],"replies":[{"embeddable":true,"href":"https:\/\/territorialchallenges.com\/nl\/wp-json\/wp\/v2\/comments?post=86415"}],"version-history":[{"count":1,"href":"https:\/\/territorialchallenges.com\/nl\/wp-json\/wp\/v2\/posts\/86415\/revisions"}],"predecessor-version":[{"id":86420,"href":"https:\/\/territorialchallenges.com\/nl\/wp-json\/wp\/v2\/posts\/86415\/revisions\/86420"}],"wp:featuredmedia":[{"embeddable":true,"href":"https:\/\/territorialchallenges.com\/nl\/wp-json\/wp\/v2\/media\/86416"}],"wp:attachment":[{"href":"https:\/\/territorialchallenges.com\/nl\/wp-json\/wp\/v2\/media?parent=86415"}],"wp:term":[{"taxonomy":"category","embeddable":true,"href":"https:\/\/territorialchallenges.com\/nl\/wp-json\/wp\/v2\/categories?post=86415"},{"taxonomy":"post_tag","embeddable":true,"href":"https:\/\/territorialchallenges.com\/nl\/wp-json\/wp\/v2\/tags?post=86415"}],"curies":[{"name":"wp","href":"https:\/\/api.w.org\/{rel}","templated":true}]}}