{"id":86354,"date":"2020-10-11T22:00:48","date_gmt":"2020-10-11T20:00:48","guid":{"rendered":"https:\/\/territorialchallenges.com\/?p=86354"},"modified":"2020-10-11T22:00:48","modified_gmt":"2020-10-11T20:00:48","slug":"kranj-en-slovenie-ville-intelligente-en-devenir","status":"publish","type":"post","link":"https:\/\/territorialchallenges.com\/nl\/2020\/10\/11\/kranj-en-slovenie-ville-intelligente-en-devenir\/86354\/","title":{"rendered":"Kranj in Sloveni\u00eb: slimme stad in wording"},"content":{"rendered":"<p>Inwoners van Mlaka pri Kranju, een buitenwijk van Kranj, de vierde stad van Sloveni\u00eb, krijgen binnenkort toegang tot realtime informatie over hun gas-, water- en elektriciteitsrekening. De slimme oplossingen die in Kranj zijn ge\u00efmplementeerd, zullen naar verwachting de uitgebreide planning en noodhulp van lokale overheden vergemakkelijken en de kosten verminderen... <\/p>\n<div class=\"pmpro_content_message\">Artikel alleen beschikbaar voor abonnees.<br \/><a href=\"https:\/\/territorialchallenges.com\/wp-login.php\">Login<\/a><br \/><a href=\"https:\/\/territorialchallenges.com\/nl\/wp-login.php\/?action=register\">Register<\/a><\/div>","protected":false},"excerpt":{"rendered":"<p>Les habitants de Mlaka pri Kranju, dans la banlieue de Kranj, quatri\u00e8me ville de Slov\u00e9nie, auront bient\u00f4t acc\u00e8s \u00e0 des informations en temps r\u00e9el sur leurs d\u00e9penses en gaz, en eau et en \u00e9lectricit\u00e9. Les solutions intelligentes mises en \u0153uvre \u00e0 Kranj devraient faciliter la planification globale et l\u2019intervention d\u2019urgence des autorit\u00e9s locales et r\u00e9duire... <\/p>\n<div class=\"pmpro_content_message\">Artikel alleen beschikbaar voor abonnees.<br \/><a href=\"https:\/\/territorialchallenges.com\/wp-login.php\">Login<\/a><br \/><a href=\"https:\/\/territorialchallenges.com\/nl\/wp-login.php\/?action=register\">Register<\/a><\/div>","protected":false},"author":11,"featured_media":86355,"comment_status":"open","ping_status":"open","sticky":true,"template":"","format":"standard","meta":{"pmpro_default_level":0,"footnotes":""},"categories":[16,127],"tags":[],"blocksy_meta":"","yoast_head":"<!-- This site is optimized with the Yoast SEO plugin v21.5 - https:\/\/yoast.com\/wordpress\/plugins\/seo\/ -->\n<title>Kranj en Slov\u00e9nie: ville intelligente en devenir - Territorial Challenges<\/title>\n<meta name=\"robots\" content=\"index, follow, max-snippet:-1, max-image-preview:large, max-video-preview:-1\" \/>\n<link rel=\"canonical\" href=\"https:\/\/territorialchallenges.com\/nl\/2020\/10\/11\/kranj-en-slovenie-ville-intelligente-en-devenir\/86354\/\" \/>\n<meta property=\"og:locale\" content=\"nl_NL\" \/>\n<meta property=\"og:type\" content=\"article\" \/>\n<meta property=\"og:title\" content=\"Kranj en Slov\u00e9nie: ville intelligente en devenir - Territorial Challenges\" \/>\n<meta property=\"og:description\" content=\"Les habitants de Mlaka pri Kranju, dans la banlieue de Kranj, quatri\u00e8me ville de Slov\u00e9nie, auront bient\u00f4t acc\u00e8s \u00e0 des informations en temps r\u00e9el sur leurs d\u00e9penses en gaz, en eau et en \u00e9lectricit\u00e9. Les solutions intelligentes mises en \u0153uvre \u00e0 Kranj devraient faciliter la planification globale et l\u2019intervention d\u2019urgence des autorit\u00e9s locales et r\u00e9duire [&hellip;]\" \/>\n<meta property=\"og:url\" content=\"https:\/\/territorialchallenges.com\/nl\/2020\/10\/11\/kranj-en-slovenie-ville-intelligente-en-devenir\/86354\/\" \/>\n<meta property=\"og:site_name\" content=\"Territorial Challenges\" \/>\n<meta property=\"article:published_time\" content=\"2020-10-11T20:00:48+00:00\" \/>\n<meta property=\"og:image\" content=\"https:\/\/territorialchallenges.com\/wp-content\/uploads\/2020\/10\/iotslevenia.jpg\" \/>\n\t<meta property=\"og:image:width\" content=\"680\" \/>\n\t<meta property=\"og:image:height\" content=\"405\" \/>\n\t<meta property=\"og:image:type\" content=\"image\/jpeg\" \/>\n<meta name=\"author\" content=\"ni.abdi\" \/>\n<meta name=\"twitter:card\" content=\"summary_large_image\" \/>\n<meta name=\"twitter:creator\" content=\"@Ni.abdi\" \/>\n<meta name=\"twitter:label1\" content=\"Geschreven door\" \/>\n\t<meta name=\"twitter:data1\" content=\"ni.abdi\" \/>\n\t<meta name=\"twitter:label2\" content=\"Geschatte leestijd\" \/>\n\t<meta name=\"twitter:data2\" content=\"2 minuten\" \/>\n<script type=\"application\/ld+json\" class=\"yoast-schema-graph\">{\"@context\":\"https:\/\/schema.org\",\"@graph\":[{\"@type\":\"Article\",\"@id\":\"https:\/\/territorialchallenges.com\/2020\/10\/11\/kranj-en-slovenie-ville-intelligente-en-devenir\/86354\/#article\",\"isPartOf\":{\"@id\":\"https:\/\/territorialchallenges.com\/2020\/10\/11\/kranj-en-slovenie-ville-intelligente-en-devenir\/86354\/\"},\"author\":{\"name\":\"ni.abdi\",\"@id\":\"https:\/\/territorialchallenges.com\/#\/schema\/person\/098f145c7c61a021c425e010f840080f\"},\"headline\":\"Kranj en Slov\u00e9nie: ville intelligente en devenir\",\"datePublished\":\"2020-10-11T20:00:48+00:00\",\"dateModified\":\"2020-10-11T20:00:48+00:00\",\"mainEntityOfPage\":{\"@id\":\"https:\/\/territorialchallenges.com\/2020\/10\/11\/kranj-en-slovenie-ville-intelligente-en-devenir\/86354\/\"},\"wordCount\":499,\"commentCount\":0,\"publisher\":{\"@id\":\"https:\/\/territorialchallenges.com\/#organization\"},\"articleSection\":[\"Donn\u00e9es\/Objets Connect\u00e9s\",\"Actualit\u00e9 Europe\"],\"inLanguage\":\"nl-NL\"},{\"@type\":\"WebPage\",\"@id\":\"https:\/\/territorialchallenges.com\/2020\/10\/11\/kranj-en-slovenie-ville-intelligente-en-devenir\/86354\/\",\"url\":\"https:\/\/territorialchallenges.com\/2020\/10\/11\/kranj-en-slovenie-ville-intelligente-en-devenir\/86354\/\",\"name\":\"Kranj en Slov\u00e9nie: ville intelligente en devenir - Territorial Challenges\",\"isPartOf\":{\"@id\":\"https:\/\/territorialchallenges.com\/#website\"},\"datePublished\":\"2020-10-11T20:00:48+00:00\",\"dateModified\":\"2020-10-11T20:00:48+00:00\",\"breadcrumb\":{\"@id\":\"https:\/\/territorialchallenges.com\/2020\/10\/11\/kranj-en-slovenie-ville-intelligente-en-devenir\/86354\/#breadcrumb\"},\"inLanguage\":\"nl-NL\",\"potentialAction\":[{\"@type\":\"ReadAction\",\"target\":[\"https:\/\/territorialchallenges.com\/2020\/10\/11\/kranj-en-slovenie-ville-intelligente-en-devenir\/86354\/\"]}]},{\"@type\":\"BreadcrumbList\",\"@id\":\"https:\/\/territorialchallenges.com\/2020\/10\/11\/kranj-en-slovenie-ville-intelligente-en-devenir\/86354\/#breadcrumb\",\"itemListElement\":[{\"@type\":\"ListItem\",\"position\":1,\"name\":\"Home\",\"item\":\"https:\/\/territorialchallenges.com\/\"},{\"@type\":\"ListItem\",\"position\":2,\"name\":\"Kranj en Slov\u00e9nie: ville intelligente en devenir\"}]},{\"@type\":\"WebSite\",\"@id\":\"https:\/\/territorialchallenges.com\/#website\",\"url\":\"https:\/\/territorialchallenges.com\/\",\"name\":\"Territorial Challenges\",\"description\":\"Veille Internationale - Strat\u00e9gie Intelligentes - Bonnes pratiques\",\"publisher\":{\"@id\":\"https:\/\/territorialchallenges.com\/#organization\"},\"potentialAction\":[{\"@type\":\"SearchAction\",\"target\":{\"@type\":\"EntryPoint\",\"urlTemplate\":\"https:\/\/territorialchallenges.com\/?s={search_term_string}\"},\"query-input\":\"required name=search_term_string\"}],\"inLanguage\":\"nl-NL\"},{\"@type\":\"Organization\",\"@id\":\"https:\/\/territorialchallenges.com\/#organization\",\"name\":\"Territorial Challenges\",\"url\":\"https:\/\/territorialchallenges.com\/\",\"logo\":{\"@type\":\"ImageObject\",\"inLanguage\":\"nl-NL\",\"@id\":\"https:\/\/territorialchallenges.com\/#\/schema\/logo\/image\/\",\"url\":\"https:\/\/territorialchallenges.com\/wp-content\/uploads\/2023\/10\/logo-1.png\",\"contentUrl\":\"https:\/\/territorialchallenges.com\/wp-content\/uploads\/2023\/10\/logo-1.png\",\"width\":1832,\"height\":576,\"caption\":\"Territorial Challenges\"},\"image\":{\"@id\":\"https:\/\/territorialchallenges.com\/#\/schema\/logo\/image\/\"}},{\"@type\":\"Person\",\"@id\":\"https:\/\/territorialchallenges.com\/#\/schema\/person\/098f145c7c61a021c425e010f840080f\",\"name\":\"ni.abdi\",\"image\":{\"@type\":\"ImageObject\",\"inLanguage\":\"nl-NL\",\"@id\":\"https:\/\/territorialchallenges.com\/#\/schema\/person\/image\/\",\"url\":\"https:\/\/secure.gravatar.com\/avatar\/2a2f2491f3c80039986ba989b1e4b510?s=96&d=identicon&r=g\",\"contentUrl\":\"https:\/\/secure.gravatar.com\/avatar\/2a2f2491f3c80039986ba989b1e4b510?s=96&d=identicon&r=g\",\"caption\":\"ni.abdi\"},\"sameAs\":[\"https:\/\/twitter.com\/Ni.abdi\"],\"url\":\"https:\/\/territorialchallenges.com\/nl\/author\/ni-abdi\/\"}]}<\/script>\n<!-- \/ Yoast SEO plugin. -->","yoast_head_json":{"title":"Kranj en Slov\u00e9nie: ville intelligente en devenir - Territorial Challenges","robots":{"index":"index","follow":"follow","max-snippet":"max-snippet:-1","max-image-preview":"max-image-preview:large","max-video-preview":"max-video-preview:-1"},"canonical":"https:\/\/territorialchallenges.com\/nl\/2020\/10\/11\/kranj-en-slovenie-ville-intelligente-en-devenir\/86354\/","og_locale":"nl_NL","og_type":"article","og_title":"Kranj en Slov\u00e9nie: ville intelligente en devenir - Territorial Challenges","og_description":"Les habitants de Mlaka pri Kranju, dans la banlieue de Kranj, quatri\u00e8me ville de Slov\u00e9nie, auront bient\u00f4t acc\u00e8s \u00e0 des informations en temps r\u00e9el sur leurs d\u00e9penses en gaz, en eau et en \u00e9lectricit\u00e9. Les solutions intelligentes mises en \u0153uvre \u00e0 Kranj devraient faciliter la planification globale et l\u2019intervention d\u2019urgence des autorit\u00e9s locales et r\u00e9duire [&hellip;]","og_url":"https:\/\/territorialchallenges.com\/nl\/2020\/10\/11\/kranj-en-slovenie-ville-intelligente-en-devenir\/86354\/","og_site_name":"Territorial Challenges","article_published_time":"2020-10-11T20:00:48+00:00","og_image":[{"width":680,"height":405,"url":"https:\/\/territorialchallenges.com\/wp-content\/uploads\/2020\/10\/iotslevenia.jpg","type":"image\/jpeg"}],"author":"ni.abdi","twitter_card":"summary_large_image","twitter_creator":"@Ni.abdi","twitter_misc":{"Geschreven door":"ni.abdi","Geschatte leestijd":"2 minuten"},"schema":{"@context":"https:\/\/schema.org","@graph":[{"@type":"Article","@id":"https:\/\/territorialchallenges.com\/2020\/10\/11\/kranj-en-slovenie-ville-intelligente-en-devenir\/86354\/#article","isPartOf":{"@id":"https:\/\/territorialchallenges.com\/2020\/10\/11\/kranj-en-slovenie-ville-intelligente-en-devenir\/86354\/"},"author":{"name":"ni.abdi","@id":"https:\/\/territorialchallenges.com\/#\/schema\/person\/098f145c7c61a021c425e010f840080f"},"headline":"Kranj en Slov\u00e9nie: ville intelligente en devenir","datePublished":"2020-10-11T20:00:48+00:00","dateModified":"2020-10-11T20:00:48+00:00","mainEntityOfPage":{"@id":"https:\/\/territorialchallenges.com\/2020\/10\/11\/kranj-en-slovenie-ville-intelligente-en-devenir\/86354\/"},"wordCount":499,"commentCount":0,"publisher":{"@id":"https:\/\/territorialchallenges.com\/#organization"},"articleSection":["Donn\u00e9es\/Objets Connect\u00e9s","Actualit\u00e9 Europe"],"inLanguage":"nl-NL"},{"@type":"WebPage","@id":"https:\/\/territorialchallenges.com\/2020\/10\/11\/kranj-en-slovenie-ville-intelligente-en-devenir\/86354\/","url":"https:\/\/territorialchallenges.com\/2020\/10\/11\/kranj-en-slovenie-ville-intelligente-en-devenir\/86354\/","name":"Kranj en Slov\u00e9nie: ville intelligente en devenir - Territorial Challenges","isPartOf":{"@id":"https:\/\/territorialchallenges.com\/#website"},"datePublished":"2020-10-11T20:00:48+00:00","dateModified":"2020-10-11T20:00:48+00:00","breadcrumb":{"@id":"https:\/\/territorialchallenges.com\/2020\/10\/11\/kranj-en-slovenie-ville-intelligente-en-devenir\/86354\/#breadcrumb"},"inLanguage":"nl-NL","potentialAction":[{"@type":"ReadAction","target":["https:\/\/territorialchallenges.com\/2020\/10\/11\/kranj-en-slovenie-ville-intelligente-en-devenir\/86354\/"]}]},{"@type":"BreadcrumbList","@id":"https:\/\/territorialchallenges.com\/2020\/10\/11\/kranj-en-slovenie-ville-intelligente-en-devenir\/86354\/#breadcrumb","itemListElement":[{"@type":"ListItem","position":1,"name":"Home","item":"https:\/\/territorialchallenges.com\/"},{"@type":"ListItem","position":2,"name":"Kranj en Slov\u00e9nie: ville intelligente en devenir"}]},{"@type":"WebSite","@id":"https:\/\/territorialchallenges.com\/#website","url":"https:\/\/territorialchallenges.com\/","name":"Territoriale uitdagingen","description":"Internationale monitoring - Slimme strategie\u00ebn - Beste praktijken","publisher":{"@id":"https:\/\/territorialchallenges.com\/#organization"},"potentialAction":[{"@type":"SearchAction","target":{"@type":"EntryPoint","urlTemplate":"https:\/\/territorialchallenges.com\/?s={search_term_string}"},"query-input":"required name=search_term_string"}],"inLanguage":"nl-NL"},{"@type":"Organization","@id":"https:\/\/territorialchallenges.com\/#organization","name":"Territoriale uitdagingen","url":"https:\/\/territorialchallenges.com\/","logo":{"@type":"ImageObject","inLanguage":"nl-NL","@id":"https:\/\/territorialchallenges.com\/#\/schema\/logo\/image\/","url":"https:\/\/territorialchallenges.com\/wp-content\/uploads\/2023\/10\/logo-1.png","contentUrl":"https:\/\/territorialchallenges.com\/wp-content\/uploads\/2023\/10\/logo-1.png","width":1832,"height":576,"caption":"Territorial Challenges"},"image":{"@id":"https:\/\/territorialchallenges.com\/#\/schema\/logo\/image\/"}},{"@type":"Person","@id":"https:\/\/territorialchallenges.com\/#\/schema\/person\/098f145c7c61a021c425e010f840080f","name":"ni.abdi","image":{"@type":"ImageObject","inLanguage":"nl-NL","@id":"https:\/\/territorialchallenges.com\/#\/schema\/person\/image\/","url":"https:\/\/secure.gravatar.com\/avatar\/2a2f2491f3c80039986ba989b1e4b510?s=96&d=identicon&r=g","contentUrl":"https:\/\/secure.gravatar.com\/avatar\/2a2f2491f3c80039986ba989b1e4b510?s=96&d=identicon&r=g","caption":"ni.abdi"},"sameAs":["https:\/\/twitter.com\/Ni.abdi"],"url":"https:\/\/territorialchallenges.com\/nl\/author\/ni-abdi\/"}]}},"_links":{"self":[{"href":"https:\/\/territorialchallenges.com\/nl\/wp-json\/wp\/v2\/posts\/86354"}],"collection":[{"href":"https:\/\/territorialchallenges.com\/nl\/wp-json\/wp\/v2\/posts"}],"about":[{"href":"https:\/\/territorialchallenges.com\/nl\/wp-json\/wp\/v2\/types\/post"}],"author":[{"embeddable":true,"href":"https:\/\/territorialchallenges.com\/nl\/wp-json\/wp\/v2\/users\/11"}],"replies":[{"embeddable":true,"href":"https:\/\/territorialchallenges.com\/nl\/wp-json\/wp\/v2\/comments?post=86354"}],"version-history":[{"count":1,"href":"https:\/\/territorialchallenges.com\/nl\/wp-json\/wp\/v2\/posts\/86354\/revisions"}],"predecessor-version":[{"id":86359,"href":"https:\/\/territorialchallenges.com\/nl\/wp-json\/wp\/v2\/posts\/86354\/revisions\/86359"}],"wp:featuredmedia":[{"embeddable":true,"href":"https:\/\/territorialchallenges.com\/nl\/wp-json\/wp\/v2\/media\/86355"}],"wp:attachment":[{"href":"https:\/\/territorialchallenges.com\/nl\/wp-json\/wp\/v2\/media?parent=86354"}],"wp:term":[{"taxonomy":"category","embeddable":true,"href":"https:\/\/territorialchallenges.com\/nl\/wp-json\/wp\/v2\/categories?post=86354"},{"taxonomy":"post_tag","embeddable":true,"href":"https:\/\/territorialchallenges.com\/nl\/wp-json\/wp\/v2\/tags?post=86354"}],"curies":[{"name":"wp","href":"https:\/\/api.w.org\/{rel}","templated":true}]}}