{"id":86306,"date":"2020-10-05T17:37:22","date_gmt":"2020-10-05T15:37:22","guid":{"rendered":"https:\/\/territorialchallenges.com\/?p=86306"},"modified":"2020-10-08T17:44:26","modified_gmt":"2020-10-08T15:44:26","slug":"industrie-4-0-reflexions-sur-la-transformation-du-travail","status":"publish","type":"post","link":"https:\/\/territorialchallenges.com\/nl\/2020\/10\/05\/industrie-4-0-reflexions-sur-la-transformation-du-travail\/86306\/","title":{"rendered":"Industrie 4.0: Reflecties op de transformatie van werk"},"content":{"rendered":"<p>De 72-jarige Hartmut Hirsch-Kreinsen is de Duitse socioloog met de meest scherpzinnige kijk op de omwenteling die de komst van Industrie 4.0 teweegbracht. Na van 1997 tot 2015 als hoogleraar economische en industri\u00eble sociologie aan de Technische Universiteit Dortmund te hebben gedoceerd, wijdt Hartmut Hirsch-Kreinsen zich nu aan het analyseren van de impact\u2026 <\/p>\n<div class=\"pmpro_content_message\">Artikel alleen beschikbaar voor abonnees.<br \/><a href=\"https:\/\/territorialchallenges.com\/wp-login.php\">Login<\/a><br \/><a href=\"https:\/\/territorialchallenges.com\/nl\/wp-login.php\/?action=register\">Register<\/a><\/div>","protected":false},"excerpt":{"rendered":"<p>Hartmut Hirsch-Kreinsen est \u00e0 72 ans, le sociologue allemand qui a le regard le plus juste sur le bouleversement engendr\u00e9 par l&rsquo;av\u00e8nement de l&rsquo;industrie 4.0. Apr\u00e8s avoir enseign\u00e9 de 1997 \u00e0 2015 en tant que professeur de sociologie \u00e9conomique et industrielle \u00e0 l&rsquo;Universit\u00e9 technique de Dortmund, Hartmut Hirsch-Kreinsen, se consacre aujourd&rsquo;hui \u00e0 l&rsquo;analyse de l&rsquo;impact... <\/p>\n<div class=\"pmpro_content_message\">Artikel alleen beschikbaar voor abonnees.<br \/><a href=\"https:\/\/territorialchallenges.com\/wp-login.php\">Login<\/a><br \/><a href=\"https:\/\/territorialchallenges.com\/nl\/wp-login.php\/?action=register\">Register<\/a><\/div>","protected":false},"author":11,"featured_media":86307,"comment_status":"open","ping_status":"open","sticky":true,"template":"","format":"standard","meta":{"pmpro_default_level":0,"footnotes":""},"categories":[17,127],"tags":[],"blocksy_meta":"","yoast_head":"<!-- This site is optimized with the Yoast SEO plugin v21.5 - https:\/\/yoast.com\/wordpress\/plugins\/seo\/ -->\n<title>Industrie 4.0: r\u00e9flexions sur la transformation du travail - Territorial Challenges<\/title>\n<meta name=\"robots\" content=\"index, follow, max-snippet:-1, max-image-preview:large, max-video-preview:-1\" \/>\n<link rel=\"canonical\" href=\"https:\/\/territorialchallenges.com\/nl\/2020\/10\/05\/industrie-4-0-reflexions-sur-la-transformation-du-travail\/86306\/\" \/>\n<meta property=\"og:locale\" content=\"nl_NL\" \/>\n<meta property=\"og:type\" content=\"article\" \/>\n<meta property=\"og:title\" content=\"Industrie 4.0: r\u00e9flexions sur la transformation du travail - Territorial Challenges\" \/>\n<meta property=\"og:description\" content=\"Hartmut Hirsch-Kreinsen est \u00e0 72 ans, le sociologue allemand qui a le regard le plus juste sur le bouleversement engendr\u00e9 par l&rsquo;av\u00e8nement de l&rsquo;industrie 4.0. Apr\u00e8s avoir enseign\u00e9 de 1997 \u00e0 2015 en tant que professeur de sociologie \u00e9conomique et industrielle \u00e0 l&rsquo;Universit\u00e9 technique de Dortmund, Hartmut Hirsch-Kreinsen, se consacre aujourd&rsquo;hui \u00e0 l&rsquo;analyse de l&rsquo;impact [&hellip;]\" \/>\n<meta property=\"og:url\" content=\"https:\/\/territorialchallenges.com\/nl\/2020\/10\/05\/industrie-4-0-reflexions-sur-la-transformation-du-travail\/86306\/\" \/>\n<meta property=\"og:site_name\" content=\"Territorial Challenges\" \/>\n<meta property=\"article:published_time\" content=\"2020-10-05T15:37:22+00:00\" \/>\n<meta property=\"article:modified_time\" content=\"2020-10-08T15:44:26+00:00\" \/>\n<meta property=\"og:image\" content=\"https:\/\/territorialchallenges.com\/wp-content\/uploads\/2020\/10\/hurt.jpg\" \/>\n\t<meta property=\"og:image:width\" content=\"640\" \/>\n\t<meta property=\"og:image:height\" content=\"360\" \/>\n\t<meta property=\"og:image:type\" content=\"image\/jpeg\" \/>\n<meta name=\"author\" content=\"ni.abdi\" \/>\n<meta name=\"twitter:card\" content=\"summary_large_image\" \/>\n<meta name=\"twitter:creator\" content=\"@Ni.abdi\" \/>\n<meta name=\"twitter:label1\" content=\"Geschreven door\" \/>\n\t<meta name=\"twitter:data1\" content=\"ni.abdi\" \/>\n\t<meta name=\"twitter:label2\" content=\"Geschatte leestijd\" \/>\n\t<meta name=\"twitter:data2\" content=\"3 minuten\" \/>\n<script type=\"application\/ld+json\" class=\"yoast-schema-graph\">{\"@context\":\"https:\/\/schema.org\",\"@graph\":[{\"@type\":\"Article\",\"@id\":\"https:\/\/territorialchallenges.com\/2020\/10\/05\/industrie-4-0-reflexions-sur-la-transformation-du-travail\/86306\/#article\",\"isPartOf\":{\"@id\":\"https:\/\/territorialchallenges.com\/2020\/10\/05\/industrie-4-0-reflexions-sur-la-transformation-du-travail\/86306\/\"},\"author\":{\"name\":\"ni.abdi\",\"@id\":\"https:\/\/territorialchallenges.com\/#\/schema\/person\/098f145c7c61a021c425e010f840080f\"},\"headline\":\"Industrie 4.0: r\u00e9flexions sur la transformation du travail\",\"datePublished\":\"2020-10-05T15:37:22+00:00\",\"dateModified\":\"2020-10-08T15:44:26+00:00\",\"mainEntityOfPage\":{\"@id\":\"https:\/\/territorialchallenges.com\/2020\/10\/05\/industrie-4-0-reflexions-sur-la-transformation-du-travail\/86306\/\"},\"wordCount\":690,\"commentCount\":0,\"publisher\":{\"@id\":\"https:\/\/territorialchallenges.com\/#organization\"},\"articleSection\":[\"Industrie 5.0\",\"Actualit\u00e9 Europe\"],\"inLanguage\":\"nl-NL\"},{\"@type\":\"WebPage\",\"@id\":\"https:\/\/territorialchallenges.com\/2020\/10\/05\/industrie-4-0-reflexions-sur-la-transformation-du-travail\/86306\/\",\"url\":\"https:\/\/territorialchallenges.com\/2020\/10\/05\/industrie-4-0-reflexions-sur-la-transformation-du-travail\/86306\/\",\"name\":\"Industrie 4.0: r\u00e9flexions sur la transformation du travail - Territorial Challenges\",\"isPartOf\":{\"@id\":\"https:\/\/territorialchallenges.com\/#website\"},\"datePublished\":\"2020-10-05T15:37:22+00:00\",\"dateModified\":\"2020-10-08T15:44:26+00:00\",\"breadcrumb\":{\"@id\":\"https:\/\/territorialchallenges.com\/2020\/10\/05\/industrie-4-0-reflexions-sur-la-transformation-du-travail\/86306\/#breadcrumb\"},\"inLanguage\":\"nl-NL\",\"potentialAction\":[{\"@type\":\"ReadAction\",\"target\":[\"https:\/\/territorialchallenges.com\/2020\/10\/05\/industrie-4-0-reflexions-sur-la-transformation-du-travail\/86306\/\"]}]},{\"@type\":\"BreadcrumbList\",\"@id\":\"https:\/\/territorialchallenges.com\/2020\/10\/05\/industrie-4-0-reflexions-sur-la-transformation-du-travail\/86306\/#breadcrumb\",\"itemListElement\":[{\"@type\":\"ListItem\",\"position\":1,\"name\":\"Home\",\"item\":\"https:\/\/territorialchallenges.com\/\"},{\"@type\":\"ListItem\",\"position\":2,\"name\":\"Industrie 4.0: r\u00e9flexions sur la transformation du travail\"}]},{\"@type\":\"WebSite\",\"@id\":\"https:\/\/territorialchallenges.com\/#website\",\"url\":\"https:\/\/territorialchallenges.com\/\",\"name\":\"Territorial Challenges\",\"description\":\"Veille Internationale - Strat\u00e9gie Intelligentes - Bonnes pratiques\",\"publisher\":{\"@id\":\"https:\/\/territorialchallenges.com\/#organization\"},\"potentialAction\":[{\"@type\":\"SearchAction\",\"target\":{\"@type\":\"EntryPoint\",\"urlTemplate\":\"https:\/\/territorialchallenges.com\/?s={search_term_string}\"},\"query-input\":\"required name=search_term_string\"}],\"inLanguage\":\"nl-NL\"},{\"@type\":\"Organization\",\"@id\":\"https:\/\/territorialchallenges.com\/#organization\",\"name\":\"Territorial Challenges\",\"url\":\"https:\/\/territorialchallenges.com\/\",\"logo\":{\"@type\":\"ImageObject\",\"inLanguage\":\"nl-NL\",\"@id\":\"https:\/\/territorialchallenges.com\/#\/schema\/logo\/image\/\",\"url\":\"https:\/\/territorialchallenges.com\/wp-content\/uploads\/2023\/10\/logo-1.png\",\"contentUrl\":\"https:\/\/territorialchallenges.com\/wp-content\/uploads\/2023\/10\/logo-1.png\",\"width\":1832,\"height\":576,\"caption\":\"Territorial Challenges\"},\"image\":{\"@id\":\"https:\/\/territorialchallenges.com\/#\/schema\/logo\/image\/\"}},{\"@type\":\"Person\",\"@id\":\"https:\/\/territorialchallenges.com\/#\/schema\/person\/098f145c7c61a021c425e010f840080f\",\"name\":\"ni.abdi\",\"image\":{\"@type\":\"ImageObject\",\"inLanguage\":\"nl-NL\",\"@id\":\"https:\/\/territorialchallenges.com\/#\/schema\/person\/image\/\",\"url\":\"https:\/\/secure.gravatar.com\/avatar\/2a2f2491f3c80039986ba989b1e4b510?s=96&d=identicon&r=g\",\"contentUrl\":\"https:\/\/secure.gravatar.com\/avatar\/2a2f2491f3c80039986ba989b1e4b510?s=96&d=identicon&r=g\",\"caption\":\"ni.abdi\"},\"sameAs\":[\"https:\/\/twitter.com\/Ni.abdi\"],\"url\":\"https:\/\/territorialchallenges.com\/nl\/author\/ni-abdi\/\"}]}<\/script>\n<!-- \/ Yoast SEO plugin. -->","yoast_head_json":{"title":"Industrie 4.0: r\u00e9flexions sur la transformation du travail - Territorial Challenges","robots":{"index":"index","follow":"follow","max-snippet":"max-snippet:-1","max-image-preview":"max-image-preview:large","max-video-preview":"max-video-preview:-1"},"canonical":"https:\/\/territorialchallenges.com\/nl\/2020\/10\/05\/industrie-4-0-reflexions-sur-la-transformation-du-travail\/86306\/","og_locale":"nl_NL","og_type":"article","og_title":"Industrie 4.0: r\u00e9flexions sur la transformation du travail - Territorial Challenges","og_description":"Hartmut Hirsch-Kreinsen est \u00e0 72 ans, le sociologue allemand qui a le regard le plus juste sur le bouleversement engendr\u00e9 par l&rsquo;av\u00e8nement de l&rsquo;industrie 4.0. Apr\u00e8s avoir enseign\u00e9 de 1997 \u00e0 2015 en tant que professeur de sociologie \u00e9conomique et industrielle \u00e0 l&rsquo;Universit\u00e9 technique de Dortmund, Hartmut Hirsch-Kreinsen, se consacre aujourd&rsquo;hui \u00e0 l&rsquo;analyse de l&rsquo;impact [&hellip;]","og_url":"https:\/\/territorialchallenges.com\/nl\/2020\/10\/05\/industrie-4-0-reflexions-sur-la-transformation-du-travail\/86306\/","og_site_name":"Territorial Challenges","article_published_time":"2020-10-05T15:37:22+00:00","article_modified_time":"2020-10-08T15:44:26+00:00","og_image":[{"width":640,"height":360,"url":"https:\/\/territorialchallenges.com\/wp-content\/uploads\/2020\/10\/hurt.jpg","type":"image\/jpeg"}],"author":"ni.abdi","twitter_card":"summary_large_image","twitter_creator":"@Ni.abdi","twitter_misc":{"Geschreven door":"ni.abdi","Geschatte leestijd":"3 minuten"},"schema":{"@context":"https:\/\/schema.org","@graph":[{"@type":"Article","@id":"https:\/\/territorialchallenges.com\/2020\/10\/05\/industrie-4-0-reflexions-sur-la-transformation-du-travail\/86306\/#article","isPartOf":{"@id":"https:\/\/territorialchallenges.com\/2020\/10\/05\/industrie-4-0-reflexions-sur-la-transformation-du-travail\/86306\/"},"author":{"name":"ni.abdi","@id":"https:\/\/territorialchallenges.com\/#\/schema\/person\/098f145c7c61a021c425e010f840080f"},"headline":"Industrie 4.0: r\u00e9flexions sur la transformation du travail","datePublished":"2020-10-05T15:37:22+00:00","dateModified":"2020-10-08T15:44:26+00:00","mainEntityOfPage":{"@id":"https:\/\/territorialchallenges.com\/2020\/10\/05\/industrie-4-0-reflexions-sur-la-transformation-du-travail\/86306\/"},"wordCount":690,"commentCount":0,"publisher":{"@id":"https:\/\/territorialchallenges.com\/#organization"},"articleSection":["Industrie 5.0","Actualit\u00e9 Europe"],"inLanguage":"nl-NL"},{"@type":"WebPage","@id":"https:\/\/territorialchallenges.com\/2020\/10\/05\/industrie-4-0-reflexions-sur-la-transformation-du-travail\/86306\/","url":"https:\/\/territorialchallenges.com\/2020\/10\/05\/industrie-4-0-reflexions-sur-la-transformation-du-travail\/86306\/","name":"Industrie 4.0: r\u00e9flexions sur la transformation du travail - Territorial Challenges","isPartOf":{"@id":"https:\/\/territorialchallenges.com\/#website"},"datePublished":"2020-10-05T15:37:22+00:00","dateModified":"2020-10-08T15:44:26+00:00","breadcrumb":{"@id":"https:\/\/territorialchallenges.com\/2020\/10\/05\/industrie-4-0-reflexions-sur-la-transformation-du-travail\/86306\/#breadcrumb"},"inLanguage":"nl-NL","potentialAction":[{"@type":"ReadAction","target":["https:\/\/territorialchallenges.com\/2020\/10\/05\/industrie-4-0-reflexions-sur-la-transformation-du-travail\/86306\/"]}]},{"@type":"BreadcrumbList","@id":"https:\/\/territorialchallenges.com\/2020\/10\/05\/industrie-4-0-reflexions-sur-la-transformation-du-travail\/86306\/#breadcrumb","itemListElement":[{"@type":"ListItem","position":1,"name":"Home","item":"https:\/\/territorialchallenges.com\/"},{"@type":"ListItem","position":2,"name":"Industrie 4.0: r\u00e9flexions sur la transformation du travail"}]},{"@type":"WebSite","@id":"https:\/\/territorialchallenges.com\/#website","url":"https:\/\/territorialchallenges.com\/","name":"Territoriale uitdagingen","description":"Internationale monitoring - Slimme strategie\u00ebn - Beste praktijken","publisher":{"@id":"https:\/\/territorialchallenges.com\/#organization"},"potentialAction":[{"@type":"SearchAction","target":{"@type":"EntryPoint","urlTemplate":"https:\/\/territorialchallenges.com\/?s={search_term_string}"},"query-input":"required name=search_term_string"}],"inLanguage":"nl-NL"},{"@type":"Organization","@id":"https:\/\/territorialchallenges.com\/#organization","name":"Territoriale uitdagingen","url":"https:\/\/territorialchallenges.com\/","logo":{"@type":"ImageObject","inLanguage":"nl-NL","@id":"https:\/\/territorialchallenges.com\/#\/schema\/logo\/image\/","url":"https:\/\/territorialchallenges.com\/wp-content\/uploads\/2023\/10\/logo-1.png","contentUrl":"https:\/\/territorialchallenges.com\/wp-content\/uploads\/2023\/10\/logo-1.png","width":1832,"height":576,"caption":"Territorial Challenges"},"image":{"@id":"https:\/\/territorialchallenges.com\/#\/schema\/logo\/image\/"}},{"@type":"Person","@id":"https:\/\/territorialchallenges.com\/#\/schema\/person\/098f145c7c61a021c425e010f840080f","name":"ni.abdi","image":{"@type":"ImageObject","inLanguage":"nl-NL","@id":"https:\/\/territorialchallenges.com\/#\/schema\/person\/image\/","url":"https:\/\/secure.gravatar.com\/avatar\/2a2f2491f3c80039986ba989b1e4b510?s=96&d=identicon&r=g","contentUrl":"https:\/\/secure.gravatar.com\/avatar\/2a2f2491f3c80039986ba989b1e4b510?s=96&d=identicon&r=g","caption":"ni.abdi"},"sameAs":["https:\/\/twitter.com\/Ni.abdi"],"url":"https:\/\/territorialchallenges.com\/nl\/author\/ni-abdi\/"}]}},"_links":{"self":[{"href":"https:\/\/territorialchallenges.com\/nl\/wp-json\/wp\/v2\/posts\/86306"}],"collection":[{"href":"https:\/\/territorialchallenges.com\/nl\/wp-json\/wp\/v2\/posts"}],"about":[{"href":"https:\/\/territorialchallenges.com\/nl\/wp-json\/wp\/v2\/types\/post"}],"author":[{"embeddable":true,"href":"https:\/\/territorialchallenges.com\/nl\/wp-json\/wp\/v2\/users\/11"}],"replies":[{"embeddable":true,"href":"https:\/\/territorialchallenges.com\/nl\/wp-json\/wp\/v2\/comments?post=86306"}],"version-history":[{"count":2,"href":"https:\/\/territorialchallenges.com\/nl\/wp-json\/wp\/v2\/posts\/86306\/revisions"}],"predecessor-version":[{"id":86333,"href":"https:\/\/territorialchallenges.com\/nl\/wp-json\/wp\/v2\/posts\/86306\/revisions\/86333"}],"wp:featuredmedia":[{"embeddable":true,"href":"https:\/\/territorialchallenges.com\/nl\/wp-json\/wp\/v2\/media\/86307"}],"wp:attachment":[{"href":"https:\/\/territorialchallenges.com\/nl\/wp-json\/wp\/v2\/media?parent=86306"}],"wp:term":[{"taxonomy":"category","embeddable":true,"href":"https:\/\/territorialchallenges.com\/nl\/wp-json\/wp\/v2\/categories?post=86306"},{"taxonomy":"post_tag","embeddable":true,"href":"https:\/\/territorialchallenges.com\/nl\/wp-json\/wp\/v2\/tags?post=86306"}],"curies":[{"name":"wp","href":"https:\/\/api.w.org\/{rel}","templated":true}]}}