{"id":85898,"date":"2020-08-03T22:35:49","date_gmt":"2020-08-03T20:35:49","guid":{"rendered":"https:\/\/territorialchallenges.com\/?p=85898"},"modified":"2025-03-25T14:52:54","modified_gmt":"2025-03-25T13:52:54","slug":"gregory-barrier-le-velo-solaire-comme-passion","status":"publish","type":"post","link":"https:\/\/territorialchallenges.com\/nl\/2020\/08\/03\/gregory-barrier-le-velo-solaire-comme-passion\/85898\/","title":{"rendered":"Gr\u00e9gory Barrier, zonnefietsen als passie"},"content":{"rendered":"<p>Gr\u00e9gory Barrier, geboren in Orl\u00e9ans, is directeur van een ontwerpbureau dat zich toelegt op hernieuwbare energie. Dat is logisch, want zijn liefde voor fietsen heeft hem ertoe aangezet te innoveren op het gebied van milieuvriendelijke mobiliteit. Hij ontwierp een fiets met een zonnepaneel dat meerdere personen en tot 300 kilo, inclusief bagage, kan vervoeren. Het idee van deze ingenieur... <\/p>\n<div class=\"pmpro_content_message\">Artikel alleen beschikbaar voor abonnees.<br \/><a href=\"https:\/\/territorialchallenges.com\/wp-login.php\">Login<\/a><br \/><a href=\"https:\/\/territorialchallenges.com\/nl\/wp-login.php\/?action=register\">Register<\/a><\/div>","protected":false},"excerpt":{"rendered":"<p>Orl\u00e9anais, Gr\u00e9gory Barrier est directeur d&rsquo;un bureau d&rsquo;\u00e9tude d\u00e9di\u00e9 aux \u00e9nergies renouvelables. Cela tombe bien, car son amour de la bicyclette l&rsquo;a amen\u00e9 \u00e0 innover dans la mobilit\u00e9 \u00e9cologique. Il a con\u00e7u un v\u00e9lo avec panneau solaire \u00e0 la capacit\u00e9 de transporter plusieurs personnes et jusqu&rsquo;\u00e0 300 kilos dont des bagages. L&rsquo;id\u00e9e de cet ing\u00e9nieur... <\/p>\n<div class=\"pmpro_content_message\">Artikel alleen beschikbaar voor abonnees.<br \/><a href=\"https:\/\/territorialchallenges.com\/wp-login.php\">Login<\/a><br \/><a href=\"https:\/\/territorialchallenges.com\/nl\/wp-login.php\/?action=register\">Register<\/a><\/div>","protected":false},"author":11,"featured_media":85899,"comment_status":"open","ping_status":"open","sticky":true,"template":"","format":"standard","meta":{"pmpro_default_level":0,"footnotes":""},"categories":[126,117],"tags":[],"blocksy_meta":"","yoast_head":"<!-- This site is optimized with the Yoast SEO plugin v21.5 - https:\/\/yoast.com\/wordpress\/plugins\/seo\/ -->\n<title>Gr\u00e9gory Barrier, le v\u00e9lo solaire comme passion - Territorial Challenges<\/title>\n<meta name=\"robots\" content=\"index, follow, max-snippet:-1, max-image-preview:large, max-video-preview:-1\" \/>\n<link rel=\"canonical\" href=\"https:\/\/territorialchallenges.com\/nl\/2020\/08\/03\/gregory-barrier-le-velo-solaire-comme-passion\/85898\/\" \/>\n<meta property=\"og:locale\" content=\"nl_NL\" \/>\n<meta property=\"og:type\" content=\"article\" \/>\n<meta property=\"og:title\" content=\"Gr\u00e9gory Barrier, le v\u00e9lo solaire comme passion - Territorial Challenges\" \/>\n<meta property=\"og:description\" content=\"Orl\u00e9anais, Gr\u00e9gory Barrier est directeur d&rsquo;un bureau d&rsquo;\u00e9tude d\u00e9di\u00e9 aux \u00e9nergies renouvelables. Cela tombe bien, car son amour de la bicyclette l&rsquo;a amen\u00e9 \u00e0 innover dans la mobilit\u00e9 \u00e9cologique. Il a con\u00e7u un v\u00e9lo avec panneau solaire \u00e0 la capacit\u00e9 de transporter plusieurs personnes et jusqu&rsquo;\u00e0 300 kilos dont des bagages. L&rsquo;id\u00e9e de cet ing\u00e9nieur [&hellip;]\" \/>\n<meta property=\"og:url\" content=\"https:\/\/territorialchallenges.com\/nl\/2020\/08\/03\/gregory-barrier-le-velo-solaire-comme-passion\/85898\/\" \/>\n<meta property=\"og:site_name\" content=\"Territorial Challenges\" \/>\n<meta property=\"article:published_time\" content=\"2020-08-03T20:35:49+00:00\" \/>\n<meta property=\"article:modified_time\" content=\"2025-03-25T13:52:54+00:00\" \/>\n<meta property=\"og:image\" content=\"https:\/\/territorialchallenges.com\/wp-content\/uploads\/2020\/08\/gregorybarrier.jpeg\" \/>\n\t<meta property=\"og:image:width\" content=\"930\" \/>\n\t<meta property=\"og:image:height\" content=\"620\" \/>\n\t<meta property=\"og:image:type\" content=\"image\/jpeg\" \/>\n<meta name=\"author\" content=\"ni.abdi\" \/>\n<meta name=\"twitter:card\" content=\"summary_large_image\" \/>\n<meta name=\"twitter:creator\" content=\"@Ni.abdi\" \/>\n<meta name=\"twitter:label1\" content=\"Geschreven door\" \/>\n\t<meta name=\"twitter:data1\" content=\"ni.abdi\" \/>\n\t<meta name=\"twitter:label2\" content=\"Geschatte leestijd\" \/>\n\t<meta name=\"twitter:data2\" content=\"3 minuten\" \/>\n<script type=\"application\/ld+json\" class=\"yoast-schema-graph\">{\"@context\":\"https:\/\/schema.org\",\"@graph\":[{\"@type\":\"Article\",\"@id\":\"https:\/\/territorialchallenges.com\/2020\/08\/03\/gregory-barrier-le-velo-solaire-comme-passion\/85898\/#article\",\"isPartOf\":{\"@id\":\"https:\/\/territorialchallenges.com\/2020\/08\/03\/gregory-barrier-le-velo-solaire-comme-passion\/85898\/\"},\"author\":{\"name\":\"ni.abdi\",\"@id\":\"https:\/\/territorialchallenges.com\/#\/schema\/person\/098f145c7c61a021c425e010f840080f\"},\"headline\":\"Gr\u00e9gory Barrier, le v\u00e9lo solaire comme passion\",\"datePublished\":\"2020-08-03T20:35:49+00:00\",\"dateModified\":\"2025-03-25T13:52:54+00:00\",\"mainEntityOfPage\":{\"@id\":\"https:\/\/territorialchallenges.com\/2020\/08\/03\/gregory-barrier-le-velo-solaire-comme-passion\/85898\/\"},\"wordCount\":587,\"commentCount\":0,\"publisher\":{\"@id\":\"https:\/\/territorialchallenges.com\/#organization\"},\"articleSection\":[\"On parle d'eux\",\"\u00c9cosyst\u00e8me\"],\"inLanguage\":\"nl-NL\"},{\"@type\":\"WebPage\",\"@id\":\"https:\/\/territorialchallenges.com\/2020\/08\/03\/gregory-barrier-le-velo-solaire-comme-passion\/85898\/\",\"url\":\"https:\/\/territorialchallenges.com\/2020\/08\/03\/gregory-barrier-le-velo-solaire-comme-passion\/85898\/\",\"name\":\"Gr\u00e9gory Barrier, le v\u00e9lo solaire comme passion - Territorial Challenges\",\"isPartOf\":{\"@id\":\"https:\/\/territorialchallenges.com\/#website\"},\"datePublished\":\"2020-08-03T20:35:49+00:00\",\"dateModified\":\"2025-03-25T13:52:54+00:00\",\"breadcrumb\":{\"@id\":\"https:\/\/territorialchallenges.com\/2020\/08\/03\/gregory-barrier-le-velo-solaire-comme-passion\/85898\/#breadcrumb\"},\"inLanguage\":\"nl-NL\",\"potentialAction\":[{\"@type\":\"ReadAction\",\"target\":[\"https:\/\/territorialchallenges.com\/2020\/08\/03\/gregory-barrier-le-velo-solaire-comme-passion\/85898\/\"]}]},{\"@type\":\"BreadcrumbList\",\"@id\":\"https:\/\/territorialchallenges.com\/2020\/08\/03\/gregory-barrier-le-velo-solaire-comme-passion\/85898\/#breadcrumb\",\"itemListElement\":[{\"@type\":\"ListItem\",\"position\":1,\"name\":\"Home\",\"item\":\"https:\/\/territorialchallenges.com\/\"},{\"@type\":\"ListItem\",\"position\":2,\"name\":\"Gr\u00e9gory Barrier, le v\u00e9lo solaire comme passion\"}]},{\"@type\":\"WebSite\",\"@id\":\"https:\/\/territorialchallenges.com\/#website\",\"url\":\"https:\/\/territorialchallenges.com\/\",\"name\":\"Territorial Challenges\",\"description\":\"Veille Internationale - Strat\u00e9gie Intelligentes - Bonnes pratiques\",\"publisher\":{\"@id\":\"https:\/\/territorialchallenges.com\/#organization\"},\"potentialAction\":[{\"@type\":\"SearchAction\",\"target\":{\"@type\":\"EntryPoint\",\"urlTemplate\":\"https:\/\/territorialchallenges.com\/?s={search_term_string}\"},\"query-input\":\"required name=search_term_string\"}],\"inLanguage\":\"nl-NL\"},{\"@type\":\"Organization\",\"@id\":\"https:\/\/territorialchallenges.com\/#organization\",\"name\":\"Territorial Challenges\",\"url\":\"https:\/\/territorialchallenges.com\/\",\"logo\":{\"@type\":\"ImageObject\",\"inLanguage\":\"nl-NL\",\"@id\":\"https:\/\/territorialchallenges.com\/#\/schema\/logo\/image\/\",\"url\":\"https:\/\/territorialchallenges.com\/wp-content\/uploads\/2023\/10\/logo-1.png\",\"contentUrl\":\"https:\/\/territorialchallenges.com\/wp-content\/uploads\/2023\/10\/logo-1.png\",\"width\":1832,\"height\":576,\"caption\":\"Territorial Challenges\"},\"image\":{\"@id\":\"https:\/\/territorialchallenges.com\/#\/schema\/logo\/image\/\"}},{\"@type\":\"Person\",\"@id\":\"https:\/\/territorialchallenges.com\/#\/schema\/person\/098f145c7c61a021c425e010f840080f\",\"name\":\"ni.abdi\",\"image\":{\"@type\":\"ImageObject\",\"inLanguage\":\"nl-NL\",\"@id\":\"https:\/\/territorialchallenges.com\/#\/schema\/person\/image\/\",\"url\":\"https:\/\/secure.gravatar.com\/avatar\/2a2f2491f3c80039986ba989b1e4b510?s=96&d=identicon&r=g\",\"contentUrl\":\"https:\/\/secure.gravatar.com\/avatar\/2a2f2491f3c80039986ba989b1e4b510?s=96&d=identicon&r=g\",\"caption\":\"ni.abdi\"},\"sameAs\":[\"https:\/\/twitter.com\/Ni.abdi\"],\"url\":\"https:\/\/territorialchallenges.com\/nl\/author\/ni-abdi\/\"}]}<\/script>\n<!-- \/ Yoast SEO plugin. -->","yoast_head_json":{"title":"Gr\u00e9gory Barrier, le v\u00e9lo solaire comme passion - Territorial Challenges","robots":{"index":"index","follow":"follow","max-snippet":"max-snippet:-1","max-image-preview":"max-image-preview:large","max-video-preview":"max-video-preview:-1"},"canonical":"https:\/\/territorialchallenges.com\/nl\/2020\/08\/03\/gregory-barrier-le-velo-solaire-comme-passion\/85898\/","og_locale":"nl_NL","og_type":"article","og_title":"Gr\u00e9gory Barrier, le v\u00e9lo solaire comme passion - Territorial Challenges","og_description":"Orl\u00e9anais, Gr\u00e9gory Barrier est directeur d&rsquo;un bureau d&rsquo;\u00e9tude d\u00e9di\u00e9 aux \u00e9nergies renouvelables. Cela tombe bien, car son amour de la bicyclette l&rsquo;a amen\u00e9 \u00e0 innover dans la mobilit\u00e9 \u00e9cologique. Il a con\u00e7u un v\u00e9lo avec panneau solaire \u00e0 la capacit\u00e9 de transporter plusieurs personnes et jusqu&rsquo;\u00e0 300 kilos dont des bagages. L&rsquo;id\u00e9e de cet ing\u00e9nieur [&hellip;]","og_url":"https:\/\/territorialchallenges.com\/nl\/2020\/08\/03\/gregory-barrier-le-velo-solaire-comme-passion\/85898\/","og_site_name":"Territorial Challenges","article_published_time":"2020-08-03T20:35:49+00:00","article_modified_time":"2025-03-25T13:52:54+00:00","og_image":[{"width":930,"height":620,"url":"https:\/\/territorialchallenges.com\/wp-content\/uploads\/2020\/08\/gregorybarrier.jpeg","type":"image\/jpeg"}],"author":"ni.abdi","twitter_card":"summary_large_image","twitter_creator":"@Ni.abdi","twitter_misc":{"Geschreven door":"ni.abdi","Geschatte leestijd":"3 minuten"},"schema":{"@context":"https:\/\/schema.org","@graph":[{"@type":"Article","@id":"https:\/\/territorialchallenges.com\/2020\/08\/03\/gregory-barrier-le-velo-solaire-comme-passion\/85898\/#article","isPartOf":{"@id":"https:\/\/territorialchallenges.com\/2020\/08\/03\/gregory-barrier-le-velo-solaire-comme-passion\/85898\/"},"author":{"name":"ni.abdi","@id":"https:\/\/territorialchallenges.com\/#\/schema\/person\/098f145c7c61a021c425e010f840080f"},"headline":"Gr\u00e9gory Barrier, le v\u00e9lo solaire comme passion","datePublished":"2020-08-03T20:35:49+00:00","dateModified":"2025-03-25T13:52:54+00:00","mainEntityOfPage":{"@id":"https:\/\/territorialchallenges.com\/2020\/08\/03\/gregory-barrier-le-velo-solaire-comme-passion\/85898\/"},"wordCount":587,"commentCount":0,"publisher":{"@id":"https:\/\/territorialchallenges.com\/#organization"},"articleSection":["On parle d'eux","\u00c9cosyst\u00e8me"],"inLanguage":"nl-NL"},{"@type":"WebPage","@id":"https:\/\/territorialchallenges.com\/2020\/08\/03\/gregory-barrier-le-velo-solaire-comme-passion\/85898\/","url":"https:\/\/territorialchallenges.com\/2020\/08\/03\/gregory-barrier-le-velo-solaire-comme-passion\/85898\/","name":"Gr\u00e9gory Barrier, le v\u00e9lo solaire comme passion - Territorial Challenges","isPartOf":{"@id":"https:\/\/territorialchallenges.com\/#website"},"datePublished":"2020-08-03T20:35:49+00:00","dateModified":"2025-03-25T13:52:54+00:00","breadcrumb":{"@id":"https:\/\/territorialchallenges.com\/2020\/08\/03\/gregory-barrier-le-velo-solaire-comme-passion\/85898\/#breadcrumb"},"inLanguage":"nl-NL","potentialAction":[{"@type":"ReadAction","target":["https:\/\/territorialchallenges.com\/2020\/08\/03\/gregory-barrier-le-velo-solaire-comme-passion\/85898\/"]}]},{"@type":"BreadcrumbList","@id":"https:\/\/territorialchallenges.com\/2020\/08\/03\/gregory-barrier-le-velo-solaire-comme-passion\/85898\/#breadcrumb","itemListElement":[{"@type":"ListItem","position":1,"name":"Home","item":"https:\/\/territorialchallenges.com\/"},{"@type":"ListItem","position":2,"name":"Gr\u00e9gory Barrier, le v\u00e9lo solaire comme passion"}]},{"@type":"WebSite","@id":"https:\/\/territorialchallenges.com\/#website","url":"https:\/\/territorialchallenges.com\/","name":"Territoriale uitdagingen","description":"Internationale monitoring - Slimme strategie\u00ebn - Beste praktijken","publisher":{"@id":"https:\/\/territorialchallenges.com\/#organization"},"potentialAction":[{"@type":"SearchAction","target":{"@type":"EntryPoint","urlTemplate":"https:\/\/territorialchallenges.com\/?s={search_term_string}"},"query-input":"required name=search_term_string"}],"inLanguage":"nl-NL"},{"@type":"Organization","@id":"https:\/\/territorialchallenges.com\/#organization","name":"Territoriale uitdagingen","url":"https:\/\/territorialchallenges.com\/","logo":{"@type":"ImageObject","inLanguage":"nl-NL","@id":"https:\/\/territorialchallenges.com\/#\/schema\/logo\/image\/","url":"https:\/\/territorialchallenges.com\/wp-content\/uploads\/2023\/10\/logo-1.png","contentUrl":"https:\/\/territorialchallenges.com\/wp-content\/uploads\/2023\/10\/logo-1.png","width":1832,"height":576,"caption":"Territorial Challenges"},"image":{"@id":"https:\/\/territorialchallenges.com\/#\/schema\/logo\/image\/"}},{"@type":"Person","@id":"https:\/\/territorialchallenges.com\/#\/schema\/person\/098f145c7c61a021c425e010f840080f","name":"ni.abdi","image":{"@type":"ImageObject","inLanguage":"nl-NL","@id":"https:\/\/territorialchallenges.com\/#\/schema\/person\/image\/","url":"https:\/\/secure.gravatar.com\/avatar\/2a2f2491f3c80039986ba989b1e4b510?s=96&d=identicon&r=g","contentUrl":"https:\/\/secure.gravatar.com\/avatar\/2a2f2491f3c80039986ba989b1e4b510?s=96&d=identicon&r=g","caption":"ni.abdi"},"sameAs":["https:\/\/twitter.com\/Ni.abdi"],"url":"https:\/\/territorialchallenges.com\/nl\/author\/ni-abdi\/"}]}},"_links":{"self":[{"href":"https:\/\/territorialchallenges.com\/nl\/wp-json\/wp\/v2\/posts\/85898"}],"collection":[{"href":"https:\/\/territorialchallenges.com\/nl\/wp-json\/wp\/v2\/posts"}],"about":[{"href":"https:\/\/territorialchallenges.com\/nl\/wp-json\/wp\/v2\/types\/post"}],"author":[{"embeddable":true,"href":"https:\/\/territorialchallenges.com\/nl\/wp-json\/wp\/v2\/users\/11"}],"replies":[{"embeddable":true,"href":"https:\/\/territorialchallenges.com\/nl\/wp-json\/wp\/v2\/comments?post=85898"}],"version-history":[{"count":2,"href":"https:\/\/territorialchallenges.com\/nl\/wp-json\/wp\/v2\/posts\/85898\/revisions"}],"predecessor-version":[{"id":124134,"href":"https:\/\/territorialchallenges.com\/nl\/wp-json\/wp\/v2\/posts\/85898\/revisions\/124134"}],"wp:featuredmedia":[{"embeddable":true,"href":"https:\/\/territorialchallenges.com\/nl\/wp-json\/wp\/v2\/media\/85899"}],"wp:attachment":[{"href":"https:\/\/territorialchallenges.com\/nl\/wp-json\/wp\/v2\/media?parent=85898"}],"wp:term":[{"taxonomy":"category","embeddable":true,"href":"https:\/\/territorialchallenges.com\/nl\/wp-json\/wp\/v2\/categories?post=85898"},{"taxonomy":"post_tag","embeddable":true,"href":"https:\/\/territorialchallenges.com\/nl\/wp-json\/wp\/v2\/tags?post=85898"}],"curies":[{"name":"wp","href":"https:\/\/api.w.org\/{rel}","templated":true}]}}