{"id":85795,"date":"2020-07-15T10:40:38","date_gmt":"2020-07-15T08:40:38","guid":{"rendered":"https:\/\/territorialchallenges.com\/?p=85795"},"modified":"2020-07-15T10:43:14","modified_gmt":"2020-07-15T08:43:14","slug":"allemagne-lintelligence-artificielle-sera-faconnee-par-la-societe-et-la-politique","status":"publish","type":"post","link":"https:\/\/territorialchallenges.com\/nl\/2020\/07\/15\/allemagne-lintelligence-artificielle-sera-faconnee-par-la-societe-et-la-politique\/85795\/","title":{"rendered":"Duitsland: Kunstmatige intelligentie zal worden gevormd door maatschappij en politiek"},"content":{"rendered":"<p>Een nieuw verkennend rapport van de Bertelsmann Stichting en de M\u00dcNCHNER KREIS, een vereniging die zich bezighoudt met de impact van nieuwe technologie\u00ebn, onderzoekt hoe kunstmatige intelligentie (AI) de komende jaren de samenleving, de arbeidsmarkt en het onderwijs zal veranderen. Meer dan 500 experts, waaronder economen, industri\u00eblen en ingenieurs, dienden hun... <\/p>\n<div class=\"pmpro_content_message\">Artikel alleen beschikbaar voor abonnees.<br \/><a href=\"https:\/\/territorialchallenges.com\/wp-login.php\">Login<\/a><br \/><a href=\"https:\/\/territorialchallenges.com\/nl\/wp-login.php\/?action=register\">Register<\/a><\/div>","protected":false},"excerpt":{"rendered":"<p>Un nouveau rapport prospectif de la Fondation Bertelsmann et de M\u00dcNCHNER KREIS, une association qui traite de l&rsquo;impact des nouvelles technologies, \u00e9tudie comment l&rsquo;intelligence artificielle (IA) changera les domaines du social, du travail et de l&rsquo;\u00e9ducation dans les ann\u00e9es \u00e0 venir. Plus de 500 experts, \u00e9conomistes, industriels et des sciences de l&rsquo;ing\u00e9nieur&#8230;, ont soumis leurs... <\/p>\n<div class=\"pmpro_content_message\">Artikel alleen beschikbaar voor abonnees.<br \/><a href=\"https:\/\/territorialchallenges.com\/wp-login.php\">Login<\/a><br \/><a href=\"https:\/\/territorialchallenges.com\/nl\/wp-login.php\/?action=register\">Register<\/a><\/div>","protected":false},"author":11,"featured_media":85796,"comment_status":"open","ping_status":"open","sticky":true,"template":"","format":"standard","meta":{"pmpro_default_level":0,"footnotes":""},"categories":[19,127],"tags":[],"blocksy_meta":"","yoast_head":"<!-- This site is optimized with the Yoast SEO plugin v21.5 - https:\/\/yoast.com\/wordpress\/plugins\/seo\/ -->\n<title>Allemagne: L&#039;intelligence artificielle sera fa\u00e7onn\u00e9e par la soci\u00e9t\u00e9 et la politique - Territorial Challenges<\/title>\n<meta name=\"robots\" content=\"index, follow, max-snippet:-1, max-image-preview:large, max-video-preview:-1\" \/>\n<link rel=\"canonical\" href=\"https:\/\/territorialchallenges.com\/nl\/2020\/07\/15\/allemagne-lintelligence-artificielle-sera-faconnee-par-la-societe-et-la-politique\/85795\/\" \/>\n<meta property=\"og:locale\" content=\"nl_NL\" \/>\n<meta property=\"og:type\" content=\"article\" \/>\n<meta property=\"og:title\" content=\"Allemagne: L&#039;intelligence artificielle sera fa\u00e7onn\u00e9e par la soci\u00e9t\u00e9 et la politique - Territorial Challenges\" \/>\n<meta property=\"og:description\" content=\"Un nouveau rapport prospectif de la Fondation Bertelsmann et de M\u00dcNCHNER KREIS, une association qui traite de l&rsquo;impact des nouvelles technologies, \u00e9tudie comment l&rsquo;intelligence artificielle (IA) changera les domaines du social, du travail et de l&rsquo;\u00e9ducation dans les ann\u00e9es \u00e0 venir. Plus de 500 experts, \u00e9conomistes, industriels et des sciences de l&rsquo;ing\u00e9nieur&#8230;, ont soumis leurs [&hellip;]\" \/>\n<meta property=\"og:url\" content=\"https:\/\/territorialchallenges.com\/nl\/2020\/07\/15\/allemagne-lintelligence-artificielle-sera-faconnee-par-la-societe-et-la-politique\/85795\/\" \/>\n<meta property=\"og:site_name\" content=\"Territorial Challenges\" \/>\n<meta property=\"article:published_time\" content=\"2020-07-15T08:40:38+00:00\" \/>\n<meta property=\"article:modified_time\" content=\"2020-07-15T08:43:14+00:00\" \/>\n<meta property=\"og:image\" content=\"https:\/\/territorialchallenges.com\/wp-content\/uploads\/2020\/07\/germany.jpg\" \/>\n\t<meta property=\"og:image:width\" content=\"1920\" \/>\n\t<meta property=\"og:image:height\" content=\"1278\" \/>\n\t<meta property=\"og:image:type\" content=\"image\/jpeg\" \/>\n<meta name=\"author\" content=\"ni.abdi\" \/>\n<meta name=\"twitter:card\" content=\"summary_large_image\" \/>\n<meta name=\"twitter:creator\" content=\"@Ni.abdi\" \/>\n<meta name=\"twitter:label1\" content=\"Geschreven door\" \/>\n\t<meta name=\"twitter:data1\" content=\"ni.abdi\" \/>\n\t<meta name=\"twitter:label2\" content=\"Geschatte leestijd\" \/>\n\t<meta name=\"twitter:data2\" content=\"4 minuten\" \/>\n<script type=\"application\/ld+json\" class=\"yoast-schema-graph\">{\"@context\":\"https:\/\/schema.org\",\"@graph\":[{\"@type\":\"Article\",\"@id\":\"https:\/\/territorialchallenges.com\/2020\/07\/15\/allemagne-lintelligence-artificielle-sera-faconnee-par-la-societe-et-la-politique\/85795\/#article\",\"isPartOf\":{\"@id\":\"https:\/\/territorialchallenges.com\/2020\/07\/15\/allemagne-lintelligence-artificielle-sera-faconnee-par-la-societe-et-la-politique\/85795\/\"},\"author\":{\"name\":\"ni.abdi\",\"@id\":\"https:\/\/territorialchallenges.com\/#\/schema\/person\/098f145c7c61a021c425e010f840080f\"},\"headline\":\"Allemagne: L&rsquo;intelligence artificielle sera fa\u00e7onn\u00e9e par la soci\u00e9t\u00e9 et la politique\",\"datePublished\":\"2020-07-15T08:40:38+00:00\",\"dateModified\":\"2020-07-15T08:43:14+00:00\",\"mainEntityOfPage\":{\"@id\":\"https:\/\/territorialchallenges.com\/2020\/07\/15\/allemagne-lintelligence-artificielle-sera-faconnee-par-la-societe-et-la-politique\/85795\/\"},\"wordCount\":962,\"commentCount\":0,\"publisher\":{\"@id\":\"https:\/\/territorialchallenges.com\/#organization\"},\"articleSection\":[\"Territoires Intelligents\",\"Actualit\u00e9 Europe\"],\"inLanguage\":\"nl-NL\"},{\"@type\":\"WebPage\",\"@id\":\"https:\/\/territorialchallenges.com\/2020\/07\/15\/allemagne-lintelligence-artificielle-sera-faconnee-par-la-societe-et-la-politique\/85795\/\",\"url\":\"https:\/\/territorialchallenges.com\/2020\/07\/15\/allemagne-lintelligence-artificielle-sera-faconnee-par-la-societe-et-la-politique\/85795\/\",\"name\":\"Allemagne: L'intelligence artificielle sera fa\u00e7onn\u00e9e par la soci\u00e9t\u00e9 et la politique - Territorial Challenges\",\"isPartOf\":{\"@id\":\"https:\/\/territorialchallenges.com\/#website\"},\"datePublished\":\"2020-07-15T08:40:38+00:00\",\"dateModified\":\"2020-07-15T08:43:14+00:00\",\"breadcrumb\":{\"@id\":\"https:\/\/territorialchallenges.com\/2020\/07\/15\/allemagne-lintelligence-artificielle-sera-faconnee-par-la-societe-et-la-politique\/85795\/#breadcrumb\"},\"inLanguage\":\"nl-NL\",\"potentialAction\":[{\"@type\":\"ReadAction\",\"target\":[\"https:\/\/territorialchallenges.com\/2020\/07\/15\/allemagne-lintelligence-artificielle-sera-faconnee-par-la-societe-et-la-politique\/85795\/\"]}]},{\"@type\":\"BreadcrumbList\",\"@id\":\"https:\/\/territorialchallenges.com\/2020\/07\/15\/allemagne-lintelligence-artificielle-sera-faconnee-par-la-societe-et-la-politique\/85795\/#breadcrumb\",\"itemListElement\":[{\"@type\":\"ListItem\",\"position\":1,\"name\":\"Home\",\"item\":\"https:\/\/territorialchallenges.com\/\"},{\"@type\":\"ListItem\",\"position\":2,\"name\":\"Allemagne: L&rsquo;intelligence artificielle sera fa\u00e7onn\u00e9e par la soci\u00e9t\u00e9 et la politique\"}]},{\"@type\":\"WebSite\",\"@id\":\"https:\/\/territorialchallenges.com\/#website\",\"url\":\"https:\/\/territorialchallenges.com\/\",\"name\":\"Territorial Challenges\",\"description\":\"Veille Internationale - Strat\u00e9gie Intelligentes - Bonnes pratiques\",\"publisher\":{\"@id\":\"https:\/\/territorialchallenges.com\/#organization\"},\"potentialAction\":[{\"@type\":\"SearchAction\",\"target\":{\"@type\":\"EntryPoint\",\"urlTemplate\":\"https:\/\/territorialchallenges.com\/?s={search_term_string}\"},\"query-input\":\"required name=search_term_string\"}],\"inLanguage\":\"nl-NL\"},{\"@type\":\"Organization\",\"@id\":\"https:\/\/territorialchallenges.com\/#organization\",\"name\":\"Territorial Challenges\",\"url\":\"https:\/\/territorialchallenges.com\/\",\"logo\":{\"@type\":\"ImageObject\",\"inLanguage\":\"nl-NL\",\"@id\":\"https:\/\/territorialchallenges.com\/#\/schema\/logo\/image\/\",\"url\":\"https:\/\/territorialchallenges.com\/wp-content\/uploads\/2023\/10\/logo-1.png\",\"contentUrl\":\"https:\/\/territorialchallenges.com\/wp-content\/uploads\/2023\/10\/logo-1.png\",\"width\":1832,\"height\":576,\"caption\":\"Territorial Challenges\"},\"image\":{\"@id\":\"https:\/\/territorialchallenges.com\/#\/schema\/logo\/image\/\"}},{\"@type\":\"Person\",\"@id\":\"https:\/\/territorialchallenges.com\/#\/schema\/person\/098f145c7c61a021c425e010f840080f\",\"name\":\"ni.abdi\",\"image\":{\"@type\":\"ImageObject\",\"inLanguage\":\"nl-NL\",\"@id\":\"https:\/\/territorialchallenges.com\/#\/schema\/person\/image\/\",\"url\":\"https:\/\/secure.gravatar.com\/avatar\/2a2f2491f3c80039986ba989b1e4b510?s=96&d=identicon&r=g\",\"contentUrl\":\"https:\/\/secure.gravatar.com\/avatar\/2a2f2491f3c80039986ba989b1e4b510?s=96&d=identicon&r=g\",\"caption\":\"ni.abdi\"},\"sameAs\":[\"https:\/\/twitter.com\/Ni.abdi\"],\"url\":\"https:\/\/territorialchallenges.com\/nl\/author\/ni-abdi\/\"}]}<\/script>\n<!-- \/ Yoast SEO plugin. -->","yoast_head_json":{"title":"Allemagne: L'intelligence artificielle sera fa\u00e7onn\u00e9e par la soci\u00e9t\u00e9 et la politique - Territorial Challenges","robots":{"index":"index","follow":"follow","max-snippet":"max-snippet:-1","max-image-preview":"max-image-preview:large","max-video-preview":"max-video-preview:-1"},"canonical":"https:\/\/territorialchallenges.com\/nl\/2020\/07\/15\/allemagne-lintelligence-artificielle-sera-faconnee-par-la-societe-et-la-politique\/85795\/","og_locale":"nl_NL","og_type":"article","og_title":"Allemagne: L'intelligence artificielle sera fa\u00e7onn\u00e9e par la soci\u00e9t\u00e9 et la politique - Territorial Challenges","og_description":"Un nouveau rapport prospectif de la Fondation Bertelsmann et de M\u00dcNCHNER KREIS, une association qui traite de l&rsquo;impact des nouvelles technologies, \u00e9tudie comment l&rsquo;intelligence artificielle (IA) changera les domaines du social, du travail et de l&rsquo;\u00e9ducation dans les ann\u00e9es \u00e0 venir. Plus de 500 experts, \u00e9conomistes, industriels et des sciences de l&rsquo;ing\u00e9nieur&#8230;, ont soumis leurs [&hellip;]","og_url":"https:\/\/territorialchallenges.com\/nl\/2020\/07\/15\/allemagne-lintelligence-artificielle-sera-faconnee-par-la-societe-et-la-politique\/85795\/","og_site_name":"Territorial Challenges","article_published_time":"2020-07-15T08:40:38+00:00","article_modified_time":"2020-07-15T08:43:14+00:00","og_image":[{"width":1920,"height":1278,"url":"https:\/\/territorialchallenges.com\/wp-content\/uploads\/2020\/07\/germany.jpg","type":"image\/jpeg"}],"author":"ni.abdi","twitter_card":"summary_large_image","twitter_creator":"@Ni.abdi","twitter_misc":{"Geschreven door":"ni.abdi","Geschatte leestijd":"4 minuten"},"schema":{"@context":"https:\/\/schema.org","@graph":[{"@type":"Article","@id":"https:\/\/territorialchallenges.com\/2020\/07\/15\/allemagne-lintelligence-artificielle-sera-faconnee-par-la-societe-et-la-politique\/85795\/#article","isPartOf":{"@id":"https:\/\/territorialchallenges.com\/2020\/07\/15\/allemagne-lintelligence-artificielle-sera-faconnee-par-la-societe-et-la-politique\/85795\/"},"author":{"name":"ni.abdi","@id":"https:\/\/territorialchallenges.com\/#\/schema\/person\/098f145c7c61a021c425e010f840080f"},"headline":"Allemagne: L&rsquo;intelligence artificielle sera fa\u00e7onn\u00e9e par la soci\u00e9t\u00e9 et la politique","datePublished":"2020-07-15T08:40:38+00:00","dateModified":"2020-07-15T08:43:14+00:00","mainEntityOfPage":{"@id":"https:\/\/territorialchallenges.com\/2020\/07\/15\/allemagne-lintelligence-artificielle-sera-faconnee-par-la-societe-et-la-politique\/85795\/"},"wordCount":962,"commentCount":0,"publisher":{"@id":"https:\/\/territorialchallenges.com\/#organization"},"articleSection":["Territoires Intelligents","Actualit\u00e9 Europe"],"inLanguage":"nl-NL"},{"@type":"WebPage","@id":"https:\/\/territorialchallenges.com\/2020\/07\/15\/allemagne-lintelligence-artificielle-sera-faconnee-par-la-societe-et-la-politique\/85795\/","url":"https:\/\/territorialchallenges.com\/2020\/07\/15\/allemagne-lintelligence-artificielle-sera-faconnee-par-la-societe-et-la-politique\/85795\/","name":"Allemagne: L'intelligence artificielle sera fa\u00e7onn\u00e9e par la soci\u00e9t\u00e9 et la politique - Territorial Challenges","isPartOf":{"@id":"https:\/\/territorialchallenges.com\/#website"},"datePublished":"2020-07-15T08:40:38+00:00","dateModified":"2020-07-15T08:43:14+00:00","breadcrumb":{"@id":"https:\/\/territorialchallenges.com\/2020\/07\/15\/allemagne-lintelligence-artificielle-sera-faconnee-par-la-societe-et-la-politique\/85795\/#breadcrumb"},"inLanguage":"nl-NL","potentialAction":[{"@type":"ReadAction","target":["https:\/\/territorialchallenges.com\/2020\/07\/15\/allemagne-lintelligence-artificielle-sera-faconnee-par-la-societe-et-la-politique\/85795\/"]}]},{"@type":"BreadcrumbList","@id":"https:\/\/territorialchallenges.com\/2020\/07\/15\/allemagne-lintelligence-artificielle-sera-faconnee-par-la-societe-et-la-politique\/85795\/#breadcrumb","itemListElement":[{"@type":"ListItem","position":1,"name":"Home","item":"https:\/\/territorialchallenges.com\/"},{"@type":"ListItem","position":2,"name":"Allemagne: L&rsquo;intelligence artificielle sera fa\u00e7onn\u00e9e par la soci\u00e9t\u00e9 et la politique"}]},{"@type":"WebSite","@id":"https:\/\/territorialchallenges.com\/#website","url":"https:\/\/territorialchallenges.com\/","name":"Territoriale uitdagingen","description":"Internationale monitoring - Slimme strategie\u00ebn - Beste praktijken","publisher":{"@id":"https:\/\/territorialchallenges.com\/#organization"},"potentialAction":[{"@type":"SearchAction","target":{"@type":"EntryPoint","urlTemplate":"https:\/\/territorialchallenges.com\/?s={search_term_string}"},"query-input":"required name=search_term_string"}],"inLanguage":"nl-NL"},{"@type":"Organization","@id":"https:\/\/territorialchallenges.com\/#organization","name":"Territoriale uitdagingen","url":"https:\/\/territorialchallenges.com\/","logo":{"@type":"ImageObject","inLanguage":"nl-NL","@id":"https:\/\/territorialchallenges.com\/#\/schema\/logo\/image\/","url":"https:\/\/territorialchallenges.com\/wp-content\/uploads\/2023\/10\/logo-1.png","contentUrl":"https:\/\/territorialchallenges.com\/wp-content\/uploads\/2023\/10\/logo-1.png","width":1832,"height":576,"caption":"Territorial Challenges"},"image":{"@id":"https:\/\/territorialchallenges.com\/#\/schema\/logo\/image\/"}},{"@type":"Person","@id":"https:\/\/territorialchallenges.com\/#\/schema\/person\/098f145c7c61a021c425e010f840080f","name":"ni.abdi","image":{"@type":"ImageObject","inLanguage":"nl-NL","@id":"https:\/\/territorialchallenges.com\/#\/schema\/person\/image\/","url":"https:\/\/secure.gravatar.com\/avatar\/2a2f2491f3c80039986ba989b1e4b510?s=96&d=identicon&r=g","contentUrl":"https:\/\/secure.gravatar.com\/avatar\/2a2f2491f3c80039986ba989b1e4b510?s=96&d=identicon&r=g","caption":"ni.abdi"},"sameAs":["https:\/\/twitter.com\/Ni.abdi"],"url":"https:\/\/territorialchallenges.com\/nl\/author\/ni-abdi\/"}]}},"_links":{"self":[{"href":"https:\/\/territorialchallenges.com\/nl\/wp-json\/wp\/v2\/posts\/85795"}],"collection":[{"href":"https:\/\/territorialchallenges.com\/nl\/wp-json\/wp\/v2\/posts"}],"about":[{"href":"https:\/\/territorialchallenges.com\/nl\/wp-json\/wp\/v2\/types\/post"}],"author":[{"embeddable":true,"href":"https:\/\/territorialchallenges.com\/nl\/wp-json\/wp\/v2\/users\/11"}],"replies":[{"embeddable":true,"href":"https:\/\/territorialchallenges.com\/nl\/wp-json\/wp\/v2\/comments?post=85795"}],"version-history":[{"count":2,"href":"https:\/\/territorialchallenges.com\/nl\/wp-json\/wp\/v2\/posts\/85795\/revisions"}],"predecessor-version":[{"id":85801,"href":"https:\/\/territorialchallenges.com\/nl\/wp-json\/wp\/v2\/posts\/85795\/revisions\/85801"}],"wp:featuredmedia":[{"embeddable":true,"href":"https:\/\/territorialchallenges.com\/nl\/wp-json\/wp\/v2\/media\/85796"}],"wp:attachment":[{"href":"https:\/\/territorialchallenges.com\/nl\/wp-json\/wp\/v2\/media?parent=85795"}],"wp:term":[{"taxonomy":"category","embeddable":true,"href":"https:\/\/territorialchallenges.com\/nl\/wp-json\/wp\/v2\/categories?post=85795"},{"taxonomy":"post_tag","embeddable":true,"href":"https:\/\/territorialchallenges.com\/nl\/wp-json\/wp\/v2\/tags?post=85795"}],"curies":[{"name":"wp","href":"https:\/\/api.w.org\/{rel}","templated":true}]}}