{"id":85773,"date":"2020-07-10T23:16:50","date_gmt":"2020-07-10T21:16:50","guid":{"rendered":"https:\/\/territorialchallenges.com\/?p=85773"},"modified":"2020-07-10T23:16:50","modified_gmt":"2020-07-10T21:16:50","slug":"leurope-et-la-mutation-numerique-de-ses-territoires-a-lheure-du-covid-19","status":"publish","type":"post","link":"https:\/\/territorialchallenges.com\/nl\/2020\/07\/10\/leurope-et-la-mutation-numerique-de-ses-territoires-a-lheure-du-covid-19\/85773\/","title":{"rendered":"Europa en de digitale transformatie van haar territoria in de tijd van COVID-19"},"content":{"rendered":"<p>Er is Europese diversiteit in de digitale ontwikkeling van zowel steden als plattelandsgebieden. Franse politici hebben het geluk op een divers continent te wonen en moeten daar inspiratie uit putten. Maar \u00e9\u00e9n urgente kwestie blijft voor alle Europese burgers hetzelfde: de verwerking van hun gegevens en de strijd om hun... <\/p>\n<div class=\"pmpro_content_message\">Artikel alleen beschikbaar voor abonnees.<br \/><a href=\"https:\/\/territorialchallenges.com\/wp-login.php\">Login<\/a><br \/><a href=\"https:\/\/territorialchallenges.com\/nl\/wp-login.php\/?action=register\">Register<\/a><\/div>","protected":false},"excerpt":{"rendered":"<p>Il y a une diversit\u00e9 europ\u00e9enne du d\u00e9veloppement num\u00e9rique de la ville comme de la ruralit\u00e9. Le responsable politique fran\u00e7ais a la chance d\u2019\u00eatre sur un continent mosa\u00efque et doit s\u2019en inspirer. Mais une seule urgence reste commune \u00e0 tous les citoyens europ\u00e9ens : le traitement de leurs donn\u00e9es et le combat pour que leur... <\/p>\n<div class=\"pmpro_content_message\">Artikel alleen beschikbaar voor abonnees.<br \/><a href=\"https:\/\/territorialchallenges.com\/wp-login.php\">Login<\/a><br \/><a href=\"https:\/\/territorialchallenges.com\/nl\/wp-login.php\/?action=register\">Register<\/a><\/div>","protected":false},"author":11,"featured_media":85774,"comment_status":"open","ping_status":"open","sticky":true,"template":"","format":"standard","meta":{"pmpro_default_level":0,"footnotes":""},"categories":[130,117],"tags":[],"blocksy_meta":"","yoast_head":"<!-- This site is optimized with the Yoast SEO plugin v21.5 - https:\/\/yoast.com\/wordpress\/plugins\/seo\/ -->\n<title>L\u2019Europe et la mutation num\u00e9rique de ses territoires \u00e0 l&#039;heure du COVID 19 - Territorial Challenges<\/title>\n<meta name=\"robots\" content=\"index, follow, max-snippet:-1, max-image-preview:large, max-video-preview:-1\" \/>\n<link rel=\"canonical\" href=\"https:\/\/territorialchallenges.com\/nl\/2020\/07\/10\/leurope-et-la-mutation-numerique-de-ses-territoires-a-lheure-du-covid-19\/85773\/\" \/>\n<meta property=\"og:locale\" content=\"nl_NL\" \/>\n<meta property=\"og:type\" content=\"article\" \/>\n<meta property=\"og:title\" content=\"L\u2019Europe et la mutation num\u00e9rique de ses territoires \u00e0 l&#039;heure du COVID 19 - Territorial Challenges\" \/>\n<meta property=\"og:description\" content=\"Il y a une diversit\u00e9 europ\u00e9enne du d\u00e9veloppement num\u00e9rique de la ville comme de la ruralit\u00e9. Le responsable politique fran\u00e7ais a la chance d\u2019\u00eatre sur un continent mosa\u00efque et doit s\u2019en inspirer. Mais une seule urgence reste commune \u00e0 tous les citoyens europ\u00e9ens : le traitement de leurs donn\u00e9es et le combat pour que leur [&hellip;]\" \/>\n<meta property=\"og:url\" content=\"https:\/\/territorialchallenges.com\/nl\/2020\/07\/10\/leurope-et-la-mutation-numerique-de-ses-territoires-a-lheure-du-covid-19\/85773\/\" \/>\n<meta property=\"og:site_name\" content=\"Territorial Challenges\" \/>\n<meta property=\"article:published_time\" content=\"2020-07-10T21:16:50+00:00\" \/>\n<meta property=\"og:image\" content=\"https:\/\/territorialchallenges.com\/wp-content\/uploads\/2020\/07\/europe.jpg\" \/>\n\t<meta property=\"og:image:width\" content=\"1920\" \/>\n\t<meta property=\"og:image:height\" content=\"1279\" \/>\n\t<meta property=\"og:image:type\" content=\"image\/jpeg\" \/>\n<meta name=\"author\" content=\"ni.abdi\" \/>\n<meta name=\"twitter:card\" content=\"summary_large_image\" \/>\n<meta name=\"twitter:creator\" content=\"@Ni.abdi\" \/>\n<meta name=\"twitter:label1\" content=\"Geschreven door\" \/>\n\t<meta name=\"twitter:data1\" content=\"ni.abdi\" \/>\n\t<meta name=\"twitter:label2\" content=\"Geschatte leestijd\" \/>\n\t<meta name=\"twitter:data2\" content=\"5 minuten\" \/>\n<script type=\"application\/ld+json\" class=\"yoast-schema-graph\">{\"@context\":\"https:\/\/schema.org\",\"@graph\":[{\"@type\":\"Article\",\"@id\":\"https:\/\/territorialchallenges.com\/2020\/07\/10\/leurope-et-la-mutation-numerique-de-ses-territoires-a-lheure-du-covid-19\/85773\/#article\",\"isPartOf\":{\"@id\":\"https:\/\/territorialchallenges.com\/2020\/07\/10\/leurope-et-la-mutation-numerique-de-ses-territoires-a-lheure-du-covid-19\/85773\/\"},\"author\":{\"name\":\"ni.abdi\",\"@id\":\"https:\/\/territorialchallenges.com\/#\/schema\/person\/098f145c7c61a021c425e010f840080f\"},\"headline\":\"L\u2019Europe et la mutation num\u00e9rique de ses territoires \u00e0 l&rsquo;heure du COVID 19\",\"datePublished\":\"2020-07-10T21:16:50+00:00\",\"dateModified\":\"2020-07-10T21:16:50+00:00\",\"mainEntityOfPage\":{\"@id\":\"https:\/\/territorialchallenges.com\/2020\/07\/10\/leurope-et-la-mutation-numerique-de-ses-territoires-a-lheure-du-covid-19\/85773\/\"},\"wordCount\":1072,\"commentCount\":0,\"publisher\":{\"@id\":\"https:\/\/territorialchallenges.com\/#organization\"},\"articleSection\":[\"R\u00e9flexion faite\",\"\u00c9cosyst\u00e8me\"],\"inLanguage\":\"nl-NL\"},{\"@type\":\"WebPage\",\"@id\":\"https:\/\/territorialchallenges.com\/2020\/07\/10\/leurope-et-la-mutation-numerique-de-ses-territoires-a-lheure-du-covid-19\/85773\/\",\"url\":\"https:\/\/territorialchallenges.com\/2020\/07\/10\/leurope-et-la-mutation-numerique-de-ses-territoires-a-lheure-du-covid-19\/85773\/\",\"name\":\"L\u2019Europe et la mutation num\u00e9rique de ses territoires \u00e0 l'heure du COVID 19 - Territorial Challenges\",\"isPartOf\":{\"@id\":\"https:\/\/territorialchallenges.com\/#website\"},\"datePublished\":\"2020-07-10T21:16:50+00:00\",\"dateModified\":\"2020-07-10T21:16:50+00:00\",\"breadcrumb\":{\"@id\":\"https:\/\/territorialchallenges.com\/2020\/07\/10\/leurope-et-la-mutation-numerique-de-ses-territoires-a-lheure-du-covid-19\/85773\/#breadcrumb\"},\"inLanguage\":\"nl-NL\",\"potentialAction\":[{\"@type\":\"ReadAction\",\"target\":[\"https:\/\/territorialchallenges.com\/2020\/07\/10\/leurope-et-la-mutation-numerique-de-ses-territoires-a-lheure-du-covid-19\/85773\/\"]}]},{\"@type\":\"BreadcrumbList\",\"@id\":\"https:\/\/territorialchallenges.com\/2020\/07\/10\/leurope-et-la-mutation-numerique-de-ses-territoires-a-lheure-du-covid-19\/85773\/#breadcrumb\",\"itemListElement\":[{\"@type\":\"ListItem\",\"position\":1,\"name\":\"Home\",\"item\":\"https:\/\/territorialchallenges.com\/\"},{\"@type\":\"ListItem\",\"position\":2,\"name\":\"L\u2019Europe et la mutation num\u00e9rique de ses territoires \u00e0 l&rsquo;heure du COVID 19\"}]},{\"@type\":\"WebSite\",\"@id\":\"https:\/\/territorialchallenges.com\/#website\",\"url\":\"https:\/\/territorialchallenges.com\/\",\"name\":\"Territorial Challenges\",\"description\":\"Veille Internationale - Strat\u00e9gie Intelligentes - Bonnes pratiques\",\"publisher\":{\"@id\":\"https:\/\/territorialchallenges.com\/#organization\"},\"potentialAction\":[{\"@type\":\"SearchAction\",\"target\":{\"@type\":\"EntryPoint\",\"urlTemplate\":\"https:\/\/territorialchallenges.com\/?s={search_term_string}\"},\"query-input\":\"required name=search_term_string\"}],\"inLanguage\":\"nl-NL\"},{\"@type\":\"Organization\",\"@id\":\"https:\/\/territorialchallenges.com\/#organization\",\"name\":\"Territorial Challenges\",\"url\":\"https:\/\/territorialchallenges.com\/\",\"logo\":{\"@type\":\"ImageObject\",\"inLanguage\":\"nl-NL\",\"@id\":\"https:\/\/territorialchallenges.com\/#\/schema\/logo\/image\/\",\"url\":\"https:\/\/territorialchallenges.com\/wp-content\/uploads\/2023\/10\/logo-1.png\",\"contentUrl\":\"https:\/\/territorialchallenges.com\/wp-content\/uploads\/2023\/10\/logo-1.png\",\"width\":1832,\"height\":576,\"caption\":\"Territorial Challenges\"},\"image\":{\"@id\":\"https:\/\/territorialchallenges.com\/#\/schema\/logo\/image\/\"}},{\"@type\":\"Person\",\"@id\":\"https:\/\/territorialchallenges.com\/#\/schema\/person\/098f145c7c61a021c425e010f840080f\",\"name\":\"ni.abdi\",\"image\":{\"@type\":\"ImageObject\",\"inLanguage\":\"nl-NL\",\"@id\":\"https:\/\/territorialchallenges.com\/#\/schema\/person\/image\/\",\"url\":\"https:\/\/secure.gravatar.com\/avatar\/2a2f2491f3c80039986ba989b1e4b510?s=96&d=identicon&r=g\",\"contentUrl\":\"https:\/\/secure.gravatar.com\/avatar\/2a2f2491f3c80039986ba989b1e4b510?s=96&d=identicon&r=g\",\"caption\":\"ni.abdi\"},\"sameAs\":[\"https:\/\/twitter.com\/Ni.abdi\"],\"url\":\"https:\/\/territorialchallenges.com\/nl\/author\/ni-abdi\/\"}]}<\/script>\n<!-- \/ Yoast SEO plugin. -->","yoast_head_json":{"title":"L\u2019Europe et la mutation num\u00e9rique de ses territoires \u00e0 l'heure du COVID 19 - Territorial Challenges","robots":{"index":"index","follow":"follow","max-snippet":"max-snippet:-1","max-image-preview":"max-image-preview:large","max-video-preview":"max-video-preview:-1"},"canonical":"https:\/\/territorialchallenges.com\/nl\/2020\/07\/10\/leurope-et-la-mutation-numerique-de-ses-territoires-a-lheure-du-covid-19\/85773\/","og_locale":"nl_NL","og_type":"article","og_title":"L\u2019Europe et la mutation num\u00e9rique de ses territoires \u00e0 l'heure du COVID 19 - Territorial Challenges","og_description":"Il y a une diversit\u00e9 europ\u00e9enne du d\u00e9veloppement num\u00e9rique de la ville comme de la ruralit\u00e9. Le responsable politique fran\u00e7ais a la chance d\u2019\u00eatre sur un continent mosa\u00efque et doit s\u2019en inspirer. Mais une seule urgence reste commune \u00e0 tous les citoyens europ\u00e9ens : le traitement de leurs donn\u00e9es et le combat pour que leur [&hellip;]","og_url":"https:\/\/territorialchallenges.com\/nl\/2020\/07\/10\/leurope-et-la-mutation-numerique-de-ses-territoires-a-lheure-du-covid-19\/85773\/","og_site_name":"Territorial Challenges","article_published_time":"2020-07-10T21:16:50+00:00","og_image":[{"width":1920,"height":1279,"url":"https:\/\/territorialchallenges.com\/wp-content\/uploads\/2020\/07\/europe.jpg","type":"image\/jpeg"}],"author":"ni.abdi","twitter_card":"summary_large_image","twitter_creator":"@Ni.abdi","twitter_misc":{"Geschreven door":"ni.abdi","Geschatte leestijd":"5 minuten"},"schema":{"@context":"https:\/\/schema.org","@graph":[{"@type":"Article","@id":"https:\/\/territorialchallenges.com\/2020\/07\/10\/leurope-et-la-mutation-numerique-de-ses-territoires-a-lheure-du-covid-19\/85773\/#article","isPartOf":{"@id":"https:\/\/territorialchallenges.com\/2020\/07\/10\/leurope-et-la-mutation-numerique-de-ses-territoires-a-lheure-du-covid-19\/85773\/"},"author":{"name":"ni.abdi","@id":"https:\/\/territorialchallenges.com\/#\/schema\/person\/098f145c7c61a021c425e010f840080f"},"headline":"L\u2019Europe et la mutation num\u00e9rique de ses territoires \u00e0 l&rsquo;heure du COVID 19","datePublished":"2020-07-10T21:16:50+00:00","dateModified":"2020-07-10T21:16:50+00:00","mainEntityOfPage":{"@id":"https:\/\/territorialchallenges.com\/2020\/07\/10\/leurope-et-la-mutation-numerique-de-ses-territoires-a-lheure-du-covid-19\/85773\/"},"wordCount":1072,"commentCount":0,"publisher":{"@id":"https:\/\/territorialchallenges.com\/#organization"},"articleSection":["R\u00e9flexion faite","\u00c9cosyst\u00e8me"],"inLanguage":"nl-NL"},{"@type":"WebPage","@id":"https:\/\/territorialchallenges.com\/2020\/07\/10\/leurope-et-la-mutation-numerique-de-ses-territoires-a-lheure-du-covid-19\/85773\/","url":"https:\/\/territorialchallenges.com\/2020\/07\/10\/leurope-et-la-mutation-numerique-de-ses-territoires-a-lheure-du-covid-19\/85773\/","name":"L\u2019Europe et la mutation num\u00e9rique de ses territoires \u00e0 l'heure du COVID 19 - Territorial Challenges","isPartOf":{"@id":"https:\/\/territorialchallenges.com\/#website"},"datePublished":"2020-07-10T21:16:50+00:00","dateModified":"2020-07-10T21:16:50+00:00","breadcrumb":{"@id":"https:\/\/territorialchallenges.com\/2020\/07\/10\/leurope-et-la-mutation-numerique-de-ses-territoires-a-lheure-du-covid-19\/85773\/#breadcrumb"},"inLanguage":"nl-NL","potentialAction":[{"@type":"ReadAction","target":["https:\/\/territorialchallenges.com\/2020\/07\/10\/leurope-et-la-mutation-numerique-de-ses-territoires-a-lheure-du-covid-19\/85773\/"]}]},{"@type":"BreadcrumbList","@id":"https:\/\/territorialchallenges.com\/2020\/07\/10\/leurope-et-la-mutation-numerique-de-ses-territoires-a-lheure-du-covid-19\/85773\/#breadcrumb","itemListElement":[{"@type":"ListItem","position":1,"name":"Home","item":"https:\/\/territorialchallenges.com\/"},{"@type":"ListItem","position":2,"name":"L\u2019Europe et la mutation num\u00e9rique de ses territoires \u00e0 l&rsquo;heure du COVID 19"}]},{"@type":"WebSite","@id":"https:\/\/territorialchallenges.com\/#website","url":"https:\/\/territorialchallenges.com\/","name":"Territoriale uitdagingen","description":"Internationale monitoring - Slimme strategie\u00ebn - Beste praktijken","publisher":{"@id":"https:\/\/territorialchallenges.com\/#organization"},"potentialAction":[{"@type":"SearchAction","target":{"@type":"EntryPoint","urlTemplate":"https:\/\/territorialchallenges.com\/?s={search_term_string}"},"query-input":"required name=search_term_string"}],"inLanguage":"nl-NL"},{"@type":"Organization","@id":"https:\/\/territorialchallenges.com\/#organization","name":"Territoriale uitdagingen","url":"https:\/\/territorialchallenges.com\/","logo":{"@type":"ImageObject","inLanguage":"nl-NL","@id":"https:\/\/territorialchallenges.com\/#\/schema\/logo\/image\/","url":"https:\/\/territorialchallenges.com\/wp-content\/uploads\/2023\/10\/logo-1.png","contentUrl":"https:\/\/territorialchallenges.com\/wp-content\/uploads\/2023\/10\/logo-1.png","width":1832,"height":576,"caption":"Territorial Challenges"},"image":{"@id":"https:\/\/territorialchallenges.com\/#\/schema\/logo\/image\/"}},{"@type":"Person","@id":"https:\/\/territorialchallenges.com\/#\/schema\/person\/098f145c7c61a021c425e010f840080f","name":"ni.abdi","image":{"@type":"ImageObject","inLanguage":"nl-NL","@id":"https:\/\/territorialchallenges.com\/#\/schema\/person\/image\/","url":"https:\/\/secure.gravatar.com\/avatar\/2a2f2491f3c80039986ba989b1e4b510?s=96&d=identicon&r=g","contentUrl":"https:\/\/secure.gravatar.com\/avatar\/2a2f2491f3c80039986ba989b1e4b510?s=96&d=identicon&r=g","caption":"ni.abdi"},"sameAs":["https:\/\/twitter.com\/Ni.abdi"],"url":"https:\/\/territorialchallenges.com\/nl\/author\/ni-abdi\/"}]}},"_links":{"self":[{"href":"https:\/\/territorialchallenges.com\/nl\/wp-json\/wp\/v2\/posts\/85773"}],"collection":[{"href":"https:\/\/territorialchallenges.com\/nl\/wp-json\/wp\/v2\/posts"}],"about":[{"href":"https:\/\/territorialchallenges.com\/nl\/wp-json\/wp\/v2\/types\/post"}],"author":[{"embeddable":true,"href":"https:\/\/territorialchallenges.com\/nl\/wp-json\/wp\/v2\/users\/11"}],"replies":[{"embeddable":true,"href":"https:\/\/territorialchallenges.com\/nl\/wp-json\/wp\/v2\/comments?post=85773"}],"version-history":[{"count":1,"href":"https:\/\/territorialchallenges.com\/nl\/wp-json\/wp\/v2\/posts\/85773\/revisions"}],"predecessor-version":[{"id":85778,"href":"https:\/\/territorialchallenges.com\/nl\/wp-json\/wp\/v2\/posts\/85773\/revisions\/85778"}],"wp:featuredmedia":[{"embeddable":true,"href":"https:\/\/territorialchallenges.com\/nl\/wp-json\/wp\/v2\/media\/85774"}],"wp:attachment":[{"href":"https:\/\/territorialchallenges.com\/nl\/wp-json\/wp\/v2\/media?parent=85773"}],"wp:term":[{"taxonomy":"category","embeddable":true,"href":"https:\/\/territorialchallenges.com\/nl\/wp-json\/wp\/v2\/categories?post=85773"},{"taxonomy":"post_tag","embeddable":true,"href":"https:\/\/territorialchallenges.com\/nl\/wp-json\/wp\/v2\/tags?post=85773"}],"curies":[{"name":"wp","href":"https:\/\/api.w.org\/{rel}","templated":true}]}}