{"id":85673,"date":"2020-06-19T00:45:09","date_gmt":"2020-06-18T22:45:09","guid":{"rendered":"https:\/\/territorialchallenges.com\/?p=85673"},"modified":"2020-06-19T00:45:09","modified_gmt":"2020-06-18T22:45:09","slug":"medellin-en-colombie-les-objectifs-de-leco-ville-pour-lapres-covid-19","status":"publish","type":"post","link":"https:\/\/territorialchallenges.com\/nl\/2020\/06\/19\/medellin-en-colombie-les-objectifs-de-leco-ville-pour-lapres-covid-19\/85673\/","title":{"rendered":"Medellin, Colombia: Eco-stadsdoelen voor na COVID-19"},"content":{"rendered":"<p>Terwijl Medell\u00edn, de op \u00e9\u00e9n na grootste stad van Colombia, zich voorbereidt om haar economie nieuw leven in te blazen na de coronapandemie, streeft ze er tegelijkertijd naar om de CO2-uitstoot met 20% te verminderen in 2030 \u2013 en richt ze zich op transport. Stadsbestuurders zeggen dat ze de fietspaden met bijna 50% zullen uitbreiden in\u2026 <\/p>\n<div class=\"pmpro_content_message\">Artikel alleen beschikbaar voor abonnees.<br \/><a href=\"https:\/\/territorialchallenges.com\/wp-login.php\">Login<\/a><br \/><a href=\"https:\/\/territorialchallenges.com\/nl\/wp-login.php\/?action=register\">Register<\/a><\/div>","protected":false},"excerpt":{"rendered":"<p>Alors que la deuxi\u00e8me ville colombienne, Medellin, se pr\u00e9pare \u00e0 relancer son \u00e9conomie apr\u00e8s la pand\u00e9mie de coronavirus, elle vise simultan\u00e9ment \u00e0 r\u00e9duire les \u00e9missions de carbone de 20% d&rsquo;ici 2030 &#8211; et elle se concentre sur les transports. Les responsables de la ville disent qu&rsquo;ils \u00e9tendront les voies cyclables de pr\u00e8s de 50% en... <\/p>\n<div class=\"pmpro_content_message\">Artikel alleen beschikbaar voor abonnees.<br \/><a href=\"https:\/\/territorialchallenges.com\/wp-login.php\">Login<\/a><br \/><a href=\"https:\/\/territorialchallenges.com\/nl\/wp-login.php\/?action=register\">Register<\/a><\/div>","protected":false},"author":11,"featured_media":85675,"comment_status":"open","ping_status":"open","sticky":true,"template":"","format":"standard","meta":{"pmpro_default_level":0,"footnotes":""},"categories":[120,117],"tags":[],"blocksy_meta":"","yoast_head":"<!-- This site is optimized with the Yoast SEO plugin v21.5 - https:\/\/yoast.com\/wordpress\/plugins\/seo\/ -->\n<title>Medellin en Colombie: Les objectifs de l&#039;\u00e9co-ville pour l&#039;apr\u00e8s COVID 19 - Territorial Challenges<\/title>\n<meta name=\"robots\" content=\"index, follow, max-snippet:-1, max-image-preview:large, max-video-preview:-1\" \/>\n<link rel=\"canonical\" href=\"https:\/\/territorialchallenges.com\/nl\/2020\/06\/19\/medellin-en-colombie-les-objectifs-de-leco-ville-pour-lapres-covid-19\/85673\/\" \/>\n<meta property=\"og:locale\" content=\"nl_NL\" \/>\n<meta property=\"og:type\" content=\"article\" \/>\n<meta property=\"og:title\" content=\"Medellin en Colombie: Les objectifs de l&#039;\u00e9co-ville pour l&#039;apr\u00e8s COVID 19 - Territorial Challenges\" \/>\n<meta property=\"og:description\" content=\"Alors que la deuxi\u00e8me ville colombienne, Medellin, se pr\u00e9pare \u00e0 relancer son \u00e9conomie apr\u00e8s la pand\u00e9mie de coronavirus, elle vise simultan\u00e9ment \u00e0 r\u00e9duire les \u00e9missions de carbone de 20% d&rsquo;ici 2030 &#8211; et elle se concentre sur les transports. Les responsables de la ville disent qu&rsquo;ils \u00e9tendront les voies cyclables de pr\u00e8s de 50% en [&hellip;]\" \/>\n<meta property=\"og:url\" content=\"https:\/\/territorialchallenges.com\/nl\/2020\/06\/19\/medellin-en-colombie-les-objectifs-de-leco-ville-pour-lapres-covid-19\/85673\/\" \/>\n<meta property=\"og:site_name\" content=\"Territorial Challenges\" \/>\n<meta property=\"article:published_time\" content=\"2020-06-18T22:45:09+00:00\" \/>\n<meta property=\"og:image\" content=\"https:\/\/territorialchallenges.com\/wp-content\/uploads\/2020\/06\/medellin-2343953_1920.jpg\" \/>\n\t<meta property=\"og:image:width\" content=\"1920\" \/>\n\t<meta property=\"og:image:height\" content=\"1440\" \/>\n\t<meta property=\"og:image:type\" content=\"image\/jpeg\" \/>\n<meta name=\"author\" content=\"ni.abdi\" \/>\n<meta name=\"twitter:card\" content=\"summary_large_image\" \/>\n<meta name=\"twitter:creator\" content=\"@Ni.abdi\" \/>\n<meta name=\"twitter:label1\" content=\"Geschreven door\" \/>\n\t<meta name=\"twitter:data1\" content=\"ni.abdi\" \/>\n\t<meta name=\"twitter:label2\" content=\"Geschatte leestijd\" \/>\n\t<meta name=\"twitter:data2\" content=\"3 minuten\" \/>\n<script type=\"application\/ld+json\" class=\"yoast-schema-graph\">{\"@context\":\"https:\/\/schema.org\",\"@graph\":[{\"@type\":\"Article\",\"@id\":\"https:\/\/territorialchallenges.com\/2020\/06\/19\/medellin-en-colombie-les-objectifs-de-leco-ville-pour-lapres-covid-19\/85673\/#article\",\"isPartOf\":{\"@id\":\"https:\/\/territorialchallenges.com\/2020\/06\/19\/medellin-en-colombie-les-objectifs-de-leco-ville-pour-lapres-covid-19\/85673\/\"},\"author\":{\"name\":\"ni.abdi\",\"@id\":\"https:\/\/territorialchallenges.com\/#\/schema\/person\/098f145c7c61a021c425e010f840080f\"},\"headline\":\"Medellin en Colombie: Les objectifs de l&rsquo;\u00e9co-ville pour l&rsquo;apr\u00e8s COVID 19\",\"datePublished\":\"2020-06-18T22:45:09+00:00\",\"dateModified\":\"2020-06-18T22:45:09+00:00\",\"mainEntityOfPage\":{\"@id\":\"https:\/\/territorialchallenges.com\/2020\/06\/19\/medellin-en-colombie-les-objectifs-de-leco-ville-pour-lapres-covid-19\/85673\/\"},\"wordCount\":681,\"commentCount\":0,\"publisher\":{\"@id\":\"https:\/\/territorialchallenges.com\/#organization\"},\"articleSection\":[\"Il s'est pass\u00e9 \u00e0\",\"\u00c9cosyst\u00e8me\"],\"inLanguage\":\"nl-NL\"},{\"@type\":\"WebPage\",\"@id\":\"https:\/\/territorialchallenges.com\/2020\/06\/19\/medellin-en-colombie-les-objectifs-de-leco-ville-pour-lapres-covid-19\/85673\/\",\"url\":\"https:\/\/territorialchallenges.com\/2020\/06\/19\/medellin-en-colombie-les-objectifs-de-leco-ville-pour-lapres-covid-19\/85673\/\",\"name\":\"Medellin en Colombie: Les objectifs de l'\u00e9co-ville pour l'apr\u00e8s COVID 19 - Territorial Challenges\",\"isPartOf\":{\"@id\":\"https:\/\/territorialchallenges.com\/#website\"},\"datePublished\":\"2020-06-18T22:45:09+00:00\",\"dateModified\":\"2020-06-18T22:45:09+00:00\",\"breadcrumb\":{\"@id\":\"https:\/\/territorialchallenges.com\/2020\/06\/19\/medellin-en-colombie-les-objectifs-de-leco-ville-pour-lapres-covid-19\/85673\/#breadcrumb\"},\"inLanguage\":\"nl-NL\",\"potentialAction\":[{\"@type\":\"ReadAction\",\"target\":[\"https:\/\/territorialchallenges.com\/2020\/06\/19\/medellin-en-colombie-les-objectifs-de-leco-ville-pour-lapres-covid-19\/85673\/\"]}]},{\"@type\":\"BreadcrumbList\",\"@id\":\"https:\/\/territorialchallenges.com\/2020\/06\/19\/medellin-en-colombie-les-objectifs-de-leco-ville-pour-lapres-covid-19\/85673\/#breadcrumb\",\"itemListElement\":[{\"@type\":\"ListItem\",\"position\":1,\"name\":\"Home\",\"item\":\"https:\/\/territorialchallenges.com\/\"},{\"@type\":\"ListItem\",\"position\":2,\"name\":\"Medellin en Colombie: Les objectifs de l&rsquo;\u00e9co-ville pour l&rsquo;apr\u00e8s COVID 19\"}]},{\"@type\":\"WebSite\",\"@id\":\"https:\/\/territorialchallenges.com\/#website\",\"url\":\"https:\/\/territorialchallenges.com\/\",\"name\":\"Territorial Challenges\",\"description\":\"Veille Internationale - Strat\u00e9gie Intelligentes - Bonnes pratiques\",\"publisher\":{\"@id\":\"https:\/\/territorialchallenges.com\/#organization\"},\"potentialAction\":[{\"@type\":\"SearchAction\",\"target\":{\"@type\":\"EntryPoint\",\"urlTemplate\":\"https:\/\/territorialchallenges.com\/?s={search_term_string}\"},\"query-input\":\"required name=search_term_string\"}],\"inLanguage\":\"nl-NL\"},{\"@type\":\"Organization\",\"@id\":\"https:\/\/territorialchallenges.com\/#organization\",\"name\":\"Territorial Challenges\",\"url\":\"https:\/\/territorialchallenges.com\/\",\"logo\":{\"@type\":\"ImageObject\",\"inLanguage\":\"nl-NL\",\"@id\":\"https:\/\/territorialchallenges.com\/#\/schema\/logo\/image\/\",\"url\":\"https:\/\/territorialchallenges.com\/wp-content\/uploads\/2023\/10\/logo-1.png\",\"contentUrl\":\"https:\/\/territorialchallenges.com\/wp-content\/uploads\/2023\/10\/logo-1.png\",\"width\":1832,\"height\":576,\"caption\":\"Territorial Challenges\"},\"image\":{\"@id\":\"https:\/\/territorialchallenges.com\/#\/schema\/logo\/image\/\"}},{\"@type\":\"Person\",\"@id\":\"https:\/\/territorialchallenges.com\/#\/schema\/person\/098f145c7c61a021c425e010f840080f\",\"name\":\"ni.abdi\",\"image\":{\"@type\":\"ImageObject\",\"inLanguage\":\"nl-NL\",\"@id\":\"https:\/\/territorialchallenges.com\/#\/schema\/person\/image\/\",\"url\":\"https:\/\/secure.gravatar.com\/avatar\/2a2f2491f3c80039986ba989b1e4b510?s=96&d=identicon&r=g\",\"contentUrl\":\"https:\/\/secure.gravatar.com\/avatar\/2a2f2491f3c80039986ba989b1e4b510?s=96&d=identicon&r=g\",\"caption\":\"ni.abdi\"},\"sameAs\":[\"https:\/\/twitter.com\/Ni.abdi\"],\"url\":\"https:\/\/territorialchallenges.com\/nl\/author\/ni-abdi\/\"}]}<\/script>\n<!-- \/ Yoast SEO plugin. -->","yoast_head_json":{"title":"Medellin en Colombie: Les objectifs de l'\u00e9co-ville pour l'apr\u00e8s COVID 19 - Territorial Challenges","robots":{"index":"index","follow":"follow","max-snippet":"max-snippet:-1","max-image-preview":"max-image-preview:large","max-video-preview":"max-video-preview:-1"},"canonical":"https:\/\/territorialchallenges.com\/nl\/2020\/06\/19\/medellin-en-colombie-les-objectifs-de-leco-ville-pour-lapres-covid-19\/85673\/","og_locale":"nl_NL","og_type":"article","og_title":"Medellin en Colombie: Les objectifs de l'\u00e9co-ville pour l'apr\u00e8s COVID 19 - Territorial Challenges","og_description":"Alors que la deuxi\u00e8me ville colombienne, Medellin, se pr\u00e9pare \u00e0 relancer son \u00e9conomie apr\u00e8s la pand\u00e9mie de coronavirus, elle vise simultan\u00e9ment \u00e0 r\u00e9duire les \u00e9missions de carbone de 20% d&rsquo;ici 2030 &#8211; et elle se concentre sur les transports. Les responsables de la ville disent qu&rsquo;ils \u00e9tendront les voies cyclables de pr\u00e8s de 50% en [&hellip;]","og_url":"https:\/\/territorialchallenges.com\/nl\/2020\/06\/19\/medellin-en-colombie-les-objectifs-de-leco-ville-pour-lapres-covid-19\/85673\/","og_site_name":"Territorial Challenges","article_published_time":"2020-06-18T22:45:09+00:00","og_image":[{"width":1920,"height":1440,"url":"https:\/\/territorialchallenges.com\/wp-content\/uploads\/2020\/06\/medellin-2343953_1920.jpg","type":"image\/jpeg"}],"author":"ni.abdi","twitter_card":"summary_large_image","twitter_creator":"@Ni.abdi","twitter_misc":{"Geschreven door":"ni.abdi","Geschatte leestijd":"3 minuten"},"schema":{"@context":"https:\/\/schema.org","@graph":[{"@type":"Article","@id":"https:\/\/territorialchallenges.com\/2020\/06\/19\/medellin-en-colombie-les-objectifs-de-leco-ville-pour-lapres-covid-19\/85673\/#article","isPartOf":{"@id":"https:\/\/territorialchallenges.com\/2020\/06\/19\/medellin-en-colombie-les-objectifs-de-leco-ville-pour-lapres-covid-19\/85673\/"},"author":{"name":"ni.abdi","@id":"https:\/\/territorialchallenges.com\/#\/schema\/person\/098f145c7c61a021c425e010f840080f"},"headline":"Medellin en Colombie: Les objectifs de l&rsquo;\u00e9co-ville pour l&rsquo;apr\u00e8s COVID 19","datePublished":"2020-06-18T22:45:09+00:00","dateModified":"2020-06-18T22:45:09+00:00","mainEntityOfPage":{"@id":"https:\/\/territorialchallenges.com\/2020\/06\/19\/medellin-en-colombie-les-objectifs-de-leco-ville-pour-lapres-covid-19\/85673\/"},"wordCount":681,"commentCount":0,"publisher":{"@id":"https:\/\/territorialchallenges.com\/#organization"},"articleSection":["Il s'est pass\u00e9 \u00e0","\u00c9cosyst\u00e8me"],"inLanguage":"nl-NL"},{"@type":"WebPage","@id":"https:\/\/territorialchallenges.com\/2020\/06\/19\/medellin-en-colombie-les-objectifs-de-leco-ville-pour-lapres-covid-19\/85673\/","url":"https:\/\/territorialchallenges.com\/2020\/06\/19\/medellin-en-colombie-les-objectifs-de-leco-ville-pour-lapres-covid-19\/85673\/","name":"Medellin en Colombie: Les objectifs de l'\u00e9co-ville pour l'apr\u00e8s COVID 19 - Territorial Challenges","isPartOf":{"@id":"https:\/\/territorialchallenges.com\/#website"},"datePublished":"2020-06-18T22:45:09+00:00","dateModified":"2020-06-18T22:45:09+00:00","breadcrumb":{"@id":"https:\/\/territorialchallenges.com\/2020\/06\/19\/medellin-en-colombie-les-objectifs-de-leco-ville-pour-lapres-covid-19\/85673\/#breadcrumb"},"inLanguage":"nl-NL","potentialAction":[{"@type":"ReadAction","target":["https:\/\/territorialchallenges.com\/2020\/06\/19\/medellin-en-colombie-les-objectifs-de-leco-ville-pour-lapres-covid-19\/85673\/"]}]},{"@type":"BreadcrumbList","@id":"https:\/\/territorialchallenges.com\/2020\/06\/19\/medellin-en-colombie-les-objectifs-de-leco-ville-pour-lapres-covid-19\/85673\/#breadcrumb","itemListElement":[{"@type":"ListItem","position":1,"name":"Home","item":"https:\/\/territorialchallenges.com\/"},{"@type":"ListItem","position":2,"name":"Medellin en Colombie: Les objectifs de l&rsquo;\u00e9co-ville pour l&rsquo;apr\u00e8s COVID 19"}]},{"@type":"WebSite","@id":"https:\/\/territorialchallenges.com\/#website","url":"https:\/\/territorialchallenges.com\/","name":"Territoriale uitdagingen","description":"Internationale monitoring - Slimme strategie\u00ebn - Beste praktijken","publisher":{"@id":"https:\/\/territorialchallenges.com\/#organization"},"potentialAction":[{"@type":"SearchAction","target":{"@type":"EntryPoint","urlTemplate":"https:\/\/territorialchallenges.com\/?s={search_term_string}"},"query-input":"required name=search_term_string"}],"inLanguage":"nl-NL"},{"@type":"Organization","@id":"https:\/\/territorialchallenges.com\/#organization","name":"Territoriale uitdagingen","url":"https:\/\/territorialchallenges.com\/","logo":{"@type":"ImageObject","inLanguage":"nl-NL","@id":"https:\/\/territorialchallenges.com\/#\/schema\/logo\/image\/","url":"https:\/\/territorialchallenges.com\/wp-content\/uploads\/2023\/10\/logo-1.png","contentUrl":"https:\/\/territorialchallenges.com\/wp-content\/uploads\/2023\/10\/logo-1.png","width":1832,"height":576,"caption":"Territorial Challenges"},"image":{"@id":"https:\/\/territorialchallenges.com\/#\/schema\/logo\/image\/"}},{"@type":"Person","@id":"https:\/\/territorialchallenges.com\/#\/schema\/person\/098f145c7c61a021c425e010f840080f","name":"ni.abdi","image":{"@type":"ImageObject","inLanguage":"nl-NL","@id":"https:\/\/territorialchallenges.com\/#\/schema\/person\/image\/","url":"https:\/\/secure.gravatar.com\/avatar\/2a2f2491f3c80039986ba989b1e4b510?s=96&d=identicon&r=g","contentUrl":"https:\/\/secure.gravatar.com\/avatar\/2a2f2491f3c80039986ba989b1e4b510?s=96&d=identicon&r=g","caption":"ni.abdi"},"sameAs":["https:\/\/twitter.com\/Ni.abdi"],"url":"https:\/\/territorialchallenges.com\/nl\/author\/ni-abdi\/"}]}},"_links":{"self":[{"href":"https:\/\/territorialchallenges.com\/nl\/wp-json\/wp\/v2\/posts\/85673"}],"collection":[{"href":"https:\/\/territorialchallenges.com\/nl\/wp-json\/wp\/v2\/posts"}],"about":[{"href":"https:\/\/territorialchallenges.com\/nl\/wp-json\/wp\/v2\/types\/post"}],"author":[{"embeddable":true,"href":"https:\/\/territorialchallenges.com\/nl\/wp-json\/wp\/v2\/users\/11"}],"replies":[{"embeddable":true,"href":"https:\/\/territorialchallenges.com\/nl\/wp-json\/wp\/v2\/comments?post=85673"}],"version-history":[{"count":1,"href":"https:\/\/territorialchallenges.com\/nl\/wp-json\/wp\/v2\/posts\/85673\/revisions"}],"predecessor-version":[{"id":85679,"href":"https:\/\/territorialchallenges.com\/nl\/wp-json\/wp\/v2\/posts\/85673\/revisions\/85679"}],"wp:featuredmedia":[{"embeddable":true,"href":"https:\/\/territorialchallenges.com\/nl\/wp-json\/wp\/v2\/media\/85675"}],"wp:attachment":[{"href":"https:\/\/territorialchallenges.com\/nl\/wp-json\/wp\/v2\/media?parent=85673"}],"wp:term":[{"taxonomy":"category","embeddable":true,"href":"https:\/\/territorialchallenges.com\/nl\/wp-json\/wp\/v2\/categories?post=85673"},{"taxonomy":"post_tag","embeddable":true,"href":"https:\/\/territorialchallenges.com\/nl\/wp-json\/wp\/v2\/tags?post=85673"}],"curies":[{"name":"wp","href":"https:\/\/api.w.org\/{rel}","templated":true}]}}