{"id":85664,"date":"2020-06-18T23:47:45","date_gmt":"2020-06-18T21:47:45","guid":{"rendered":"https:\/\/territorialchallenges.com\/?p=85664"},"modified":"2020-06-19T00:11:59","modified_gmt":"2020-06-18T22:11:59","slug":"luciano-floridi-le-philisophe-de-nos-vies-numeriques-en-plein-covid-19","status":"publish","type":"post","link":"https:\/\/territorialchallenges.com\/nl\/2020\/06\/18\/luciano-floridi-le-philisophe-de-nos-vies-numeriques-en-plein-covid-19\/85664\/","title":{"rendered":"Luciano Floridi: De filosoof van ons digitale leven te midden van COVID-19"},"content":{"rendered":"<p>Het was in Rome afgelopen oktober. Tijdens de openingsavond van de vakbeurs FAIRE, een evenement gewijd aan technologische innovatie, leek de filosoof enigszins misplaatst voor het publiek toen hij met zijn zachte stem Louis Pasteur introduceerde als het toonbeeld van innovatie. Vier maanden later, midden in een pandemie, vechten de media in Itali\u00eb om deze leraar... <\/p>\n<div class=\"pmpro_content_message\">Artikel alleen beschikbaar voor abonnees.<br \/><a href=\"https:\/\/territorialchallenges.com\/wp-login.php\">Login<\/a><br \/><a href=\"https:\/\/territorialchallenges.com\/nl\/wp-login.php\/?action=register\">Register<\/a><\/div>","protected":false},"excerpt":{"rendered":"<p>C&rsquo;\u00e9tait \u00e0 Rome en octobre dernier. Lors de la soir\u00e9e d&rsquo;inauguration du salon FAIRE, \u00e9v\u00e8nement d\u00e9di\u00e9 \u00e0 l&rsquo;innovation technologique, le philosophe a sembl\u00e9 \u00e0 l&rsquo;assistance un peu d\u00e9cal\u00e9, lorsqu&rsquo;il a de sa douce voix, pr\u00e9sent\u00e9 Louis Pasteur, comme la quintessence de l&rsquo;innovation. 4 mois apr\u00e8s, en plein pand\u00e9mie, en Italie les m\u00e9dias s&rsquo;arrachent cet enseignant... <\/p>\n<div class=\"pmpro_content_message\">Artikel alleen beschikbaar voor abonnees.<br \/><a href=\"https:\/\/territorialchallenges.com\/wp-login.php\">Login<\/a><br \/><a href=\"https:\/\/territorialchallenges.com\/nl\/wp-login.php\/?action=register\">Register<\/a><\/div>","protected":false},"author":11,"featured_media":85665,"comment_status":"open","ping_status":"open","sticky":true,"template":"","format":"standard","meta":{"pmpro_default_level":0,"footnotes":""},"categories":[126,117],"tags":[],"blocksy_meta":"","yoast_head":"<!-- This site is optimized with the Yoast SEO plugin v21.5 - https:\/\/yoast.com\/wordpress\/plugins\/seo\/ -->\n<title>Luciano Floridi: Le philisophe de nos vies num\u00e9riques en plein COVID 19 - Territorial Challenges<\/title>\n<meta name=\"robots\" content=\"index, follow, max-snippet:-1, max-image-preview:large, max-video-preview:-1\" \/>\n<link rel=\"canonical\" href=\"https:\/\/territorialchallenges.com\/nl\/2020\/06\/18\/luciano-floridi-le-philisophe-de-nos-vies-numeriques-en-plein-covid-19\/85664\/\" \/>\n<meta property=\"og:locale\" content=\"nl_NL\" \/>\n<meta property=\"og:type\" content=\"article\" \/>\n<meta property=\"og:title\" content=\"Luciano Floridi: Le philisophe de nos vies num\u00e9riques en plein COVID 19 - Territorial Challenges\" \/>\n<meta property=\"og:description\" content=\"C&rsquo;\u00e9tait \u00e0 Rome en octobre dernier. Lors de la soir\u00e9e d&rsquo;inauguration du salon FAIRE, \u00e9v\u00e8nement d\u00e9di\u00e9 \u00e0 l&rsquo;innovation technologique, le philosophe a sembl\u00e9 \u00e0 l&rsquo;assistance un peu d\u00e9cal\u00e9, lorsqu&rsquo;il a de sa douce voix, pr\u00e9sent\u00e9 Louis Pasteur, comme la quintessence de l&rsquo;innovation. 4 mois apr\u00e8s, en plein pand\u00e9mie, en Italie les m\u00e9dias s&rsquo;arrachent cet enseignant [&hellip;]\" \/>\n<meta property=\"og:url\" content=\"https:\/\/territorialchallenges.com\/nl\/2020\/06\/18\/luciano-floridi-le-philisophe-de-nos-vies-numeriques-en-plein-covid-19\/85664\/\" \/>\n<meta property=\"og:site_name\" content=\"Territorial Challenges\" \/>\n<meta property=\"article:published_time\" content=\"2020-06-18T21:47:45+00:00\" \/>\n<meta property=\"article:modified_time\" content=\"2020-06-18T22:11:59+00:00\" \/>\n<meta property=\"og:image\" content=\"https:\/\/territorialchallenges.com\/wp-content\/uploads\/2020\/06\/Luciano-Floridi-6-photo-courtesy-of-Ian-Scott-2016-1024x527.jpg\" \/>\n\t<meta property=\"og:image:width\" content=\"1024\" \/>\n\t<meta property=\"og:image:height\" content=\"527\" \/>\n\t<meta property=\"og:image:type\" content=\"image\/jpeg\" \/>\n<meta name=\"author\" content=\"ni.abdi\" \/>\n<meta name=\"twitter:card\" content=\"summary_large_image\" \/>\n<meta name=\"twitter:creator\" content=\"@Ni.abdi\" \/>\n<meta name=\"twitter:label1\" content=\"Geschreven door\" \/>\n\t<meta name=\"twitter:data1\" content=\"ni.abdi\" \/>\n\t<meta name=\"twitter:label2\" content=\"Geschatte leestijd\" \/>\n\t<meta name=\"twitter:data2\" content=\"4 minuten\" \/>\n<script type=\"application\/ld+json\" class=\"yoast-schema-graph\">{\"@context\":\"https:\/\/schema.org\",\"@graph\":[{\"@type\":\"Article\",\"@id\":\"https:\/\/territorialchallenges.com\/2020\/06\/18\/luciano-floridi-le-philisophe-de-nos-vies-numeriques-en-plein-covid-19\/85664\/#article\",\"isPartOf\":{\"@id\":\"https:\/\/territorialchallenges.com\/2020\/06\/18\/luciano-floridi-le-philisophe-de-nos-vies-numeriques-en-plein-covid-19\/85664\/\"},\"author\":{\"name\":\"ni.abdi\",\"@id\":\"https:\/\/territorialchallenges.com\/#\/schema\/person\/098f145c7c61a021c425e010f840080f\"},\"headline\":\"Luciano Floridi: Le philisophe de nos vies num\u00e9riques en plein COVID 19\",\"datePublished\":\"2020-06-18T21:47:45+00:00\",\"dateModified\":\"2020-06-18T22:11:59+00:00\",\"mainEntityOfPage\":{\"@id\":\"https:\/\/territorialchallenges.com\/2020\/06\/18\/luciano-floridi-le-philisophe-de-nos-vies-numeriques-en-plein-covid-19\/85664\/\"},\"wordCount\":890,\"commentCount\":0,\"publisher\":{\"@id\":\"https:\/\/territorialchallenges.com\/#organization\"},\"articleSection\":[\"On parle d'eux\",\"\u00c9cosyst\u00e8me\"],\"inLanguage\":\"nl-NL\"},{\"@type\":\"WebPage\",\"@id\":\"https:\/\/territorialchallenges.com\/2020\/06\/18\/luciano-floridi-le-philisophe-de-nos-vies-numeriques-en-plein-covid-19\/85664\/\",\"url\":\"https:\/\/territorialchallenges.com\/2020\/06\/18\/luciano-floridi-le-philisophe-de-nos-vies-numeriques-en-plein-covid-19\/85664\/\",\"name\":\"Luciano Floridi: Le philisophe de nos vies num\u00e9riques en plein COVID 19 - Territorial Challenges\",\"isPartOf\":{\"@id\":\"https:\/\/territorialchallenges.com\/#website\"},\"datePublished\":\"2020-06-18T21:47:45+00:00\",\"dateModified\":\"2020-06-18T22:11:59+00:00\",\"breadcrumb\":{\"@id\":\"https:\/\/territorialchallenges.com\/2020\/06\/18\/luciano-floridi-le-philisophe-de-nos-vies-numeriques-en-plein-covid-19\/85664\/#breadcrumb\"},\"inLanguage\":\"nl-NL\",\"potentialAction\":[{\"@type\":\"ReadAction\",\"target\":[\"https:\/\/territorialchallenges.com\/2020\/06\/18\/luciano-floridi-le-philisophe-de-nos-vies-numeriques-en-plein-covid-19\/85664\/\"]}]},{\"@type\":\"BreadcrumbList\",\"@id\":\"https:\/\/territorialchallenges.com\/2020\/06\/18\/luciano-floridi-le-philisophe-de-nos-vies-numeriques-en-plein-covid-19\/85664\/#breadcrumb\",\"itemListElement\":[{\"@type\":\"ListItem\",\"position\":1,\"name\":\"Home\",\"item\":\"https:\/\/territorialchallenges.com\/\"},{\"@type\":\"ListItem\",\"position\":2,\"name\":\"Luciano Floridi: Le philisophe de nos vies num\u00e9riques en plein COVID 19\"}]},{\"@type\":\"WebSite\",\"@id\":\"https:\/\/territorialchallenges.com\/#website\",\"url\":\"https:\/\/territorialchallenges.com\/\",\"name\":\"Territorial Challenges\",\"description\":\"Veille Internationale - Strat\u00e9gie Intelligentes - Bonnes pratiques\",\"publisher\":{\"@id\":\"https:\/\/territorialchallenges.com\/#organization\"},\"potentialAction\":[{\"@type\":\"SearchAction\",\"target\":{\"@type\":\"EntryPoint\",\"urlTemplate\":\"https:\/\/territorialchallenges.com\/?s={search_term_string}\"},\"query-input\":\"required name=search_term_string\"}],\"inLanguage\":\"nl-NL\"},{\"@type\":\"Organization\",\"@id\":\"https:\/\/territorialchallenges.com\/#organization\",\"name\":\"Territorial Challenges\",\"url\":\"https:\/\/territorialchallenges.com\/\",\"logo\":{\"@type\":\"ImageObject\",\"inLanguage\":\"nl-NL\",\"@id\":\"https:\/\/territorialchallenges.com\/#\/schema\/logo\/image\/\",\"url\":\"https:\/\/territorialchallenges.com\/wp-content\/uploads\/2023\/10\/logo-1.png\",\"contentUrl\":\"https:\/\/territorialchallenges.com\/wp-content\/uploads\/2023\/10\/logo-1.png\",\"width\":1832,\"height\":576,\"caption\":\"Territorial Challenges\"},\"image\":{\"@id\":\"https:\/\/territorialchallenges.com\/#\/schema\/logo\/image\/\"}},{\"@type\":\"Person\",\"@id\":\"https:\/\/territorialchallenges.com\/#\/schema\/person\/098f145c7c61a021c425e010f840080f\",\"name\":\"ni.abdi\",\"image\":{\"@type\":\"ImageObject\",\"inLanguage\":\"nl-NL\",\"@id\":\"https:\/\/territorialchallenges.com\/#\/schema\/person\/image\/\",\"url\":\"https:\/\/secure.gravatar.com\/avatar\/2a2f2491f3c80039986ba989b1e4b510?s=96&d=identicon&r=g\",\"contentUrl\":\"https:\/\/secure.gravatar.com\/avatar\/2a2f2491f3c80039986ba989b1e4b510?s=96&d=identicon&r=g\",\"caption\":\"ni.abdi\"},\"sameAs\":[\"https:\/\/twitter.com\/Ni.abdi\"],\"url\":\"https:\/\/territorialchallenges.com\/nl\/author\/ni-abdi\/\"}]}<\/script>\n<!-- \/ Yoast SEO plugin. -->","yoast_head_json":{"title":"Luciano Floridi: Le philisophe de nos vies num\u00e9riques en plein COVID 19 - Territorial Challenges","robots":{"index":"index","follow":"follow","max-snippet":"max-snippet:-1","max-image-preview":"max-image-preview:large","max-video-preview":"max-video-preview:-1"},"canonical":"https:\/\/territorialchallenges.com\/nl\/2020\/06\/18\/luciano-floridi-le-philisophe-de-nos-vies-numeriques-en-plein-covid-19\/85664\/","og_locale":"nl_NL","og_type":"article","og_title":"Luciano Floridi: Le philisophe de nos vies num\u00e9riques en plein COVID 19 - Territorial Challenges","og_description":"C&rsquo;\u00e9tait \u00e0 Rome en octobre dernier. Lors de la soir\u00e9e d&rsquo;inauguration du salon FAIRE, \u00e9v\u00e8nement d\u00e9di\u00e9 \u00e0 l&rsquo;innovation technologique, le philosophe a sembl\u00e9 \u00e0 l&rsquo;assistance un peu d\u00e9cal\u00e9, lorsqu&rsquo;il a de sa douce voix, pr\u00e9sent\u00e9 Louis Pasteur, comme la quintessence de l&rsquo;innovation. 4 mois apr\u00e8s, en plein pand\u00e9mie, en Italie les m\u00e9dias s&rsquo;arrachent cet enseignant [&hellip;]","og_url":"https:\/\/territorialchallenges.com\/nl\/2020\/06\/18\/luciano-floridi-le-philisophe-de-nos-vies-numeriques-en-plein-covid-19\/85664\/","og_site_name":"Territorial Challenges","article_published_time":"2020-06-18T21:47:45+00:00","article_modified_time":"2020-06-18T22:11:59+00:00","og_image":[{"width":1024,"height":527,"url":"https:\/\/territorialchallenges.com\/wp-content\/uploads\/2020\/06\/Luciano-Floridi-6-photo-courtesy-of-Ian-Scott-2016-1024x527.jpg","type":"image\/jpeg"}],"author":"ni.abdi","twitter_card":"summary_large_image","twitter_creator":"@Ni.abdi","twitter_misc":{"Geschreven door":"ni.abdi","Geschatte leestijd":"4 minuten"},"schema":{"@context":"https:\/\/schema.org","@graph":[{"@type":"Article","@id":"https:\/\/territorialchallenges.com\/2020\/06\/18\/luciano-floridi-le-philisophe-de-nos-vies-numeriques-en-plein-covid-19\/85664\/#article","isPartOf":{"@id":"https:\/\/territorialchallenges.com\/2020\/06\/18\/luciano-floridi-le-philisophe-de-nos-vies-numeriques-en-plein-covid-19\/85664\/"},"author":{"name":"ni.abdi","@id":"https:\/\/territorialchallenges.com\/#\/schema\/person\/098f145c7c61a021c425e010f840080f"},"headline":"Luciano Floridi: Le philisophe de nos vies num\u00e9riques en plein COVID 19","datePublished":"2020-06-18T21:47:45+00:00","dateModified":"2020-06-18T22:11:59+00:00","mainEntityOfPage":{"@id":"https:\/\/territorialchallenges.com\/2020\/06\/18\/luciano-floridi-le-philisophe-de-nos-vies-numeriques-en-plein-covid-19\/85664\/"},"wordCount":890,"commentCount":0,"publisher":{"@id":"https:\/\/territorialchallenges.com\/#organization"},"articleSection":["On parle d'eux","\u00c9cosyst\u00e8me"],"inLanguage":"nl-NL"},{"@type":"WebPage","@id":"https:\/\/territorialchallenges.com\/2020\/06\/18\/luciano-floridi-le-philisophe-de-nos-vies-numeriques-en-plein-covid-19\/85664\/","url":"https:\/\/territorialchallenges.com\/2020\/06\/18\/luciano-floridi-le-philisophe-de-nos-vies-numeriques-en-plein-covid-19\/85664\/","name":"Luciano Floridi: Le philisophe de nos vies num\u00e9riques en plein COVID 19 - Territorial Challenges","isPartOf":{"@id":"https:\/\/territorialchallenges.com\/#website"},"datePublished":"2020-06-18T21:47:45+00:00","dateModified":"2020-06-18T22:11:59+00:00","breadcrumb":{"@id":"https:\/\/territorialchallenges.com\/2020\/06\/18\/luciano-floridi-le-philisophe-de-nos-vies-numeriques-en-plein-covid-19\/85664\/#breadcrumb"},"inLanguage":"nl-NL","potentialAction":[{"@type":"ReadAction","target":["https:\/\/territorialchallenges.com\/2020\/06\/18\/luciano-floridi-le-philisophe-de-nos-vies-numeriques-en-plein-covid-19\/85664\/"]}]},{"@type":"BreadcrumbList","@id":"https:\/\/territorialchallenges.com\/2020\/06\/18\/luciano-floridi-le-philisophe-de-nos-vies-numeriques-en-plein-covid-19\/85664\/#breadcrumb","itemListElement":[{"@type":"ListItem","position":1,"name":"Home","item":"https:\/\/territorialchallenges.com\/"},{"@type":"ListItem","position":2,"name":"Luciano Floridi: Le philisophe de nos vies num\u00e9riques en plein COVID 19"}]},{"@type":"WebSite","@id":"https:\/\/territorialchallenges.com\/#website","url":"https:\/\/territorialchallenges.com\/","name":"Territoriale uitdagingen","description":"Internationale monitoring - Slimme strategie\u00ebn - Beste praktijken","publisher":{"@id":"https:\/\/territorialchallenges.com\/#organization"},"potentialAction":[{"@type":"SearchAction","target":{"@type":"EntryPoint","urlTemplate":"https:\/\/territorialchallenges.com\/?s={search_term_string}"},"query-input":"required name=search_term_string"}],"inLanguage":"nl-NL"},{"@type":"Organization","@id":"https:\/\/territorialchallenges.com\/#organization","name":"Territoriale uitdagingen","url":"https:\/\/territorialchallenges.com\/","logo":{"@type":"ImageObject","inLanguage":"nl-NL","@id":"https:\/\/territorialchallenges.com\/#\/schema\/logo\/image\/","url":"https:\/\/territorialchallenges.com\/wp-content\/uploads\/2023\/10\/logo-1.png","contentUrl":"https:\/\/territorialchallenges.com\/wp-content\/uploads\/2023\/10\/logo-1.png","width":1832,"height":576,"caption":"Territorial Challenges"},"image":{"@id":"https:\/\/territorialchallenges.com\/#\/schema\/logo\/image\/"}},{"@type":"Person","@id":"https:\/\/territorialchallenges.com\/#\/schema\/person\/098f145c7c61a021c425e010f840080f","name":"ni.abdi","image":{"@type":"ImageObject","inLanguage":"nl-NL","@id":"https:\/\/territorialchallenges.com\/#\/schema\/person\/image\/","url":"https:\/\/secure.gravatar.com\/avatar\/2a2f2491f3c80039986ba989b1e4b510?s=96&d=identicon&r=g","contentUrl":"https:\/\/secure.gravatar.com\/avatar\/2a2f2491f3c80039986ba989b1e4b510?s=96&d=identicon&r=g","caption":"ni.abdi"},"sameAs":["https:\/\/twitter.com\/Ni.abdi"],"url":"https:\/\/territorialchallenges.com\/nl\/author\/ni-abdi\/"}]}},"_links":{"self":[{"href":"https:\/\/territorialchallenges.com\/nl\/wp-json\/wp\/v2\/posts\/85664"}],"collection":[{"href":"https:\/\/territorialchallenges.com\/nl\/wp-json\/wp\/v2\/posts"}],"about":[{"href":"https:\/\/territorialchallenges.com\/nl\/wp-json\/wp\/v2\/types\/post"}],"author":[{"embeddable":true,"href":"https:\/\/territorialchallenges.com\/nl\/wp-json\/wp\/v2\/users\/11"}],"replies":[{"embeddable":true,"href":"https:\/\/territorialchallenges.com\/nl\/wp-json\/wp\/v2\/comments?post=85664"}],"version-history":[{"count":4,"href":"https:\/\/territorialchallenges.com\/nl\/wp-json\/wp\/v2\/posts\/85664\/revisions"}],"predecessor-version":[{"id":85672,"href":"https:\/\/territorialchallenges.com\/nl\/wp-json\/wp\/v2\/posts\/85664\/revisions\/85672"}],"wp:featuredmedia":[{"embeddable":true,"href":"https:\/\/territorialchallenges.com\/nl\/wp-json\/wp\/v2\/media\/85665"}],"wp:attachment":[{"href":"https:\/\/territorialchallenges.com\/nl\/wp-json\/wp\/v2\/media?parent=85664"}],"wp:term":[{"taxonomy":"category","embeddable":true,"href":"https:\/\/territorialchallenges.com\/nl\/wp-json\/wp\/v2\/categories?post=85664"},{"taxonomy":"post_tag","embeddable":true,"href":"https:\/\/territorialchallenges.com\/nl\/wp-json\/wp\/v2\/tags?post=85664"}],"curies":[{"name":"wp","href":"https:\/\/api.w.org\/{rel}","templated":true}]}}