{"id":85585,"date":"2020-05-25T22:41:25","date_gmt":"2020-05-25T20:41:25","guid":{"rendered":"https:\/\/territorialchallenges.com\/?p=85585"},"modified":"2020-05-25T22:41:25","modified_gmt":"2020-05-25T20:41:25","slug":"le-reseau-pre-integree-dans-plus-de-200-pays-et-territoires-dinfineon","status":"publish","type":"post","link":"https:\/\/territorialchallenges.com\/nl\/2020\/05\/25\/le-reseau-pre-integree-dans-plus-de-200-pays-et-territoires-dinfineon\/85585\/","title":{"rendered":"Het vooraf ge\u00efntegreerde netwerk van Infineon in meer dan 200 landen en gebieden"},"content":{"rendered":"<p>Het mobiele netwerk vormt de communicatieruggengraat voor miljarden mobiele apparaten en machines die verbonden zijn met het Internet of Things (IoT). De kern van deze ontwikkeling is de ingebouwde Subscriber Identity Module (eSIM), die apparaten veilig met netwerken verbindt. Om deze ontwikkeling vorm te geven, lanceert Infineon Technologies een... <\/p>\n<div class=\"pmpro_content_message\">Artikel alleen beschikbaar voor abonnees.<br \/><a href=\"https:\/\/territorialchallenges.com\/wp-login.php\">Login<\/a><br \/><a href=\"https:\/\/territorialchallenges.com\/nl\/wp-login.php\/?action=register\">Register<\/a><\/div>","protected":false},"excerpt":{"rendered":"<p>Le r\u00e9seau cellulaire sera l&rsquo;\u00e9pine dorsale de communication pour des milliards d&rsquo;appareils et de machines mobiles connect\u00e9s \u00e0 l&rsquo;internet des objets (IoT). Au c\u0153ur de ce d\u00e9veloppement se trouve le module int\u00e9gr\u00e9 d&rsquo;identification de l&rsquo;abonn\u00e9 (eSIM), qui relie en toute s\u00e9curit\u00e9 les appareils aux r\u00e9seaux. Pour donner forme \u00e0 ce d\u00e9veloppement, Infineon Technologies lance une... <\/p>\n<div class=\"pmpro_content_message\">Artikel alleen beschikbaar voor abonnees.<br \/><a href=\"https:\/\/territorialchallenges.com\/wp-login.php\">Login<\/a><br \/><a href=\"https:\/\/territorialchallenges.com\/nl\/wp-login.php\/?action=register\">Register<\/a><\/div>","protected":false},"author":11,"featured_media":85586,"comment_status":"open","ping_status":"open","sticky":true,"template":"","format":"standard","meta":{"pmpro_default_level":0,"footnotes":""},"categories":[16,124],"tags":[],"blocksy_meta":"","yoast_head":"<!-- This site is optimized with the Yoast SEO plugin v21.5 - https:\/\/yoast.com\/wordpress\/plugins\/seo\/ -->\n<title>Le r\u00e9seau pr\u00e9-int\u00e9gr\u00e9e dans plus de 200 pays et territoires d&#039;Infineon - Territorial Challenges<\/title>\n<meta name=\"robots\" content=\"index, follow, max-snippet:-1, max-image-preview:large, max-video-preview:-1\" \/>\n<link rel=\"canonical\" href=\"https:\/\/territorialchallenges.com\/nl\/2020\/05\/25\/le-reseau-pre-integree-dans-plus-de-200-pays-et-territoires-dinfineon\/85585\/\" \/>\n<meta property=\"og:locale\" content=\"nl_NL\" \/>\n<meta property=\"og:type\" content=\"article\" \/>\n<meta property=\"og:title\" content=\"Le r\u00e9seau pr\u00e9-int\u00e9gr\u00e9e dans plus de 200 pays et territoires d&#039;Infineon - Territorial Challenges\" \/>\n<meta property=\"og:description\" content=\"Le r\u00e9seau cellulaire sera l&rsquo;\u00e9pine dorsale de communication pour des milliards d&rsquo;appareils et de machines mobiles connect\u00e9s \u00e0 l&rsquo;internet des objets (IoT). Au c\u0153ur de ce d\u00e9veloppement se trouve le module int\u00e9gr\u00e9 d&rsquo;identification de l&rsquo;abonn\u00e9 (eSIM), qui relie en toute s\u00e9curit\u00e9 les appareils aux r\u00e9seaux. Pour donner forme \u00e0 ce d\u00e9veloppement, Infineon Technologies lance une [&hellip;]\" \/>\n<meta property=\"og:url\" content=\"https:\/\/territorialchallenges.com\/nl\/2020\/05\/25\/le-reseau-pre-integree-dans-plus-de-200-pays-et-territoires-dinfineon\/85585\/\" \/>\n<meta property=\"og:site_name\" content=\"Territorial Challenges\" \/>\n<meta property=\"article:published_time\" content=\"2020-05-25T20:41:25+00:00\" \/>\n<meta property=\"og:image\" content=\"https:\/\/territorialchallenges.com\/wp-content\/uploads\/2020\/05\/fiber-4814456_1920.jpg\" \/>\n\t<meta property=\"og:image:width\" content=\"1920\" \/>\n\t<meta property=\"og:image:height\" content=\"1280\" \/>\n\t<meta property=\"og:image:type\" content=\"image\/jpeg\" \/>\n<meta name=\"author\" content=\"ni.abdi\" \/>\n<meta name=\"twitter:card\" content=\"summary_large_image\" \/>\n<meta name=\"twitter:creator\" content=\"@Ni.abdi\" \/>\n<meta name=\"twitter:label1\" content=\"Geschreven door\" \/>\n\t<meta name=\"twitter:data1\" content=\"ni.abdi\" \/>\n\t<meta name=\"twitter:label2\" content=\"Geschatte leestijd\" \/>\n\t<meta name=\"twitter:data2\" content=\"4 minuten\" \/>\n<script type=\"application\/ld+json\" class=\"yoast-schema-graph\">{\"@context\":\"https:\/\/schema.org\",\"@graph\":[{\"@type\":\"Article\",\"@id\":\"https:\/\/territorialchallenges.com\/2020\/05\/25\/le-reseau-pre-integree-dans-plus-de-200-pays-et-territoires-dinfineon\/85585\/#article\",\"isPartOf\":{\"@id\":\"https:\/\/territorialchallenges.com\/2020\/05\/25\/le-reseau-pre-integree-dans-plus-de-200-pays-et-territoires-dinfineon\/85585\/\"},\"author\":{\"name\":\"ni.abdi\",\"@id\":\"https:\/\/territorialchallenges.com\/#\/schema\/person\/098f145c7c61a021c425e010f840080f\"},\"headline\":\"Le r\u00e9seau pr\u00e9-int\u00e9gr\u00e9e dans plus de 200 pays et territoires d&rsquo;Infineon\",\"datePublished\":\"2020-05-25T20:41:25+00:00\",\"dateModified\":\"2020-05-25T20:41:25+00:00\",\"mainEntityOfPage\":{\"@id\":\"https:\/\/territorialchallenges.com\/2020\/05\/25\/le-reseau-pre-integree-dans-plus-de-200-pays-et-territoires-dinfineon\/85585\/\"},\"wordCount\":783,\"commentCount\":0,\"publisher\":{\"@id\":\"https:\/\/territorialchallenges.com\/#organization\"},\"articleSection\":[\"Donn\u00e9es\/Objets Connect\u00e9s\",\"Actualit\u00e9 internationale\"],\"inLanguage\":\"nl-NL\"},{\"@type\":\"WebPage\",\"@id\":\"https:\/\/territorialchallenges.com\/2020\/05\/25\/le-reseau-pre-integree-dans-plus-de-200-pays-et-territoires-dinfineon\/85585\/\",\"url\":\"https:\/\/territorialchallenges.com\/2020\/05\/25\/le-reseau-pre-integree-dans-plus-de-200-pays-et-territoires-dinfineon\/85585\/\",\"name\":\"Le r\u00e9seau pr\u00e9-int\u00e9gr\u00e9e dans plus de 200 pays et territoires d'Infineon - Territorial Challenges\",\"isPartOf\":{\"@id\":\"https:\/\/territorialchallenges.com\/#website\"},\"datePublished\":\"2020-05-25T20:41:25+00:00\",\"dateModified\":\"2020-05-25T20:41:25+00:00\",\"breadcrumb\":{\"@id\":\"https:\/\/territorialchallenges.com\/2020\/05\/25\/le-reseau-pre-integree-dans-plus-de-200-pays-et-territoires-dinfineon\/85585\/#breadcrumb\"},\"inLanguage\":\"nl-NL\",\"potentialAction\":[{\"@type\":\"ReadAction\",\"target\":[\"https:\/\/territorialchallenges.com\/2020\/05\/25\/le-reseau-pre-integree-dans-plus-de-200-pays-et-territoires-dinfineon\/85585\/\"]}]},{\"@type\":\"BreadcrumbList\",\"@id\":\"https:\/\/territorialchallenges.com\/2020\/05\/25\/le-reseau-pre-integree-dans-plus-de-200-pays-et-territoires-dinfineon\/85585\/#breadcrumb\",\"itemListElement\":[{\"@type\":\"ListItem\",\"position\":1,\"name\":\"Home\",\"item\":\"https:\/\/territorialchallenges.com\/\"},{\"@type\":\"ListItem\",\"position\":2,\"name\":\"Le r\u00e9seau pr\u00e9-int\u00e9gr\u00e9e dans plus de 200 pays et territoires d&rsquo;Infineon\"}]},{\"@type\":\"WebSite\",\"@id\":\"https:\/\/territorialchallenges.com\/#website\",\"url\":\"https:\/\/territorialchallenges.com\/\",\"name\":\"Territorial Challenges\",\"description\":\"Veille Internationale - Strat\u00e9gie Intelligentes - Bonnes pratiques\",\"publisher\":{\"@id\":\"https:\/\/territorialchallenges.com\/#organization\"},\"potentialAction\":[{\"@type\":\"SearchAction\",\"target\":{\"@type\":\"EntryPoint\",\"urlTemplate\":\"https:\/\/territorialchallenges.com\/?s={search_term_string}\"},\"query-input\":\"required name=search_term_string\"}],\"inLanguage\":\"nl-NL\"},{\"@type\":\"Organization\",\"@id\":\"https:\/\/territorialchallenges.com\/#organization\",\"name\":\"Territorial Challenges\",\"url\":\"https:\/\/territorialchallenges.com\/\",\"logo\":{\"@type\":\"ImageObject\",\"inLanguage\":\"nl-NL\",\"@id\":\"https:\/\/territorialchallenges.com\/#\/schema\/logo\/image\/\",\"url\":\"https:\/\/territorialchallenges.com\/wp-content\/uploads\/2023\/10\/logo-1.png\",\"contentUrl\":\"https:\/\/territorialchallenges.com\/wp-content\/uploads\/2023\/10\/logo-1.png\",\"width\":1832,\"height\":576,\"caption\":\"Territorial Challenges\"},\"image\":{\"@id\":\"https:\/\/territorialchallenges.com\/#\/schema\/logo\/image\/\"}},{\"@type\":\"Person\",\"@id\":\"https:\/\/territorialchallenges.com\/#\/schema\/person\/098f145c7c61a021c425e010f840080f\",\"name\":\"ni.abdi\",\"image\":{\"@type\":\"ImageObject\",\"inLanguage\":\"nl-NL\",\"@id\":\"https:\/\/territorialchallenges.com\/#\/schema\/person\/image\/\",\"url\":\"https:\/\/secure.gravatar.com\/avatar\/2a2f2491f3c80039986ba989b1e4b510?s=96&d=identicon&r=g\",\"contentUrl\":\"https:\/\/secure.gravatar.com\/avatar\/2a2f2491f3c80039986ba989b1e4b510?s=96&d=identicon&r=g\",\"caption\":\"ni.abdi\"},\"sameAs\":[\"https:\/\/twitter.com\/Ni.abdi\"],\"url\":\"https:\/\/territorialchallenges.com\/nl\/author\/ni-abdi\/\"}]}<\/script>\n<!-- \/ Yoast SEO plugin. -->","yoast_head_json":{"title":"Le r\u00e9seau pr\u00e9-int\u00e9gr\u00e9e dans plus de 200 pays et territoires d'Infineon - Territorial Challenges","robots":{"index":"index","follow":"follow","max-snippet":"max-snippet:-1","max-image-preview":"max-image-preview:large","max-video-preview":"max-video-preview:-1"},"canonical":"https:\/\/territorialchallenges.com\/nl\/2020\/05\/25\/le-reseau-pre-integree-dans-plus-de-200-pays-et-territoires-dinfineon\/85585\/","og_locale":"nl_NL","og_type":"article","og_title":"Le r\u00e9seau pr\u00e9-int\u00e9gr\u00e9e dans plus de 200 pays et territoires d'Infineon - Territorial Challenges","og_description":"Le r\u00e9seau cellulaire sera l&rsquo;\u00e9pine dorsale de communication pour des milliards d&rsquo;appareils et de machines mobiles connect\u00e9s \u00e0 l&rsquo;internet des objets (IoT). Au c\u0153ur de ce d\u00e9veloppement se trouve le module int\u00e9gr\u00e9 d&rsquo;identification de l&rsquo;abonn\u00e9 (eSIM), qui relie en toute s\u00e9curit\u00e9 les appareils aux r\u00e9seaux. Pour donner forme \u00e0 ce d\u00e9veloppement, Infineon Technologies lance une [&hellip;]","og_url":"https:\/\/territorialchallenges.com\/nl\/2020\/05\/25\/le-reseau-pre-integree-dans-plus-de-200-pays-et-territoires-dinfineon\/85585\/","og_site_name":"Territorial Challenges","article_published_time":"2020-05-25T20:41:25+00:00","og_image":[{"width":1920,"height":1280,"url":"https:\/\/territorialchallenges.com\/wp-content\/uploads\/2020\/05\/fiber-4814456_1920.jpg","type":"image\/jpeg"}],"author":"ni.abdi","twitter_card":"summary_large_image","twitter_creator":"@Ni.abdi","twitter_misc":{"Geschreven door":"ni.abdi","Geschatte leestijd":"4 minuten"},"schema":{"@context":"https:\/\/schema.org","@graph":[{"@type":"Article","@id":"https:\/\/territorialchallenges.com\/2020\/05\/25\/le-reseau-pre-integree-dans-plus-de-200-pays-et-territoires-dinfineon\/85585\/#article","isPartOf":{"@id":"https:\/\/territorialchallenges.com\/2020\/05\/25\/le-reseau-pre-integree-dans-plus-de-200-pays-et-territoires-dinfineon\/85585\/"},"author":{"name":"ni.abdi","@id":"https:\/\/territorialchallenges.com\/#\/schema\/person\/098f145c7c61a021c425e010f840080f"},"headline":"Le r\u00e9seau pr\u00e9-int\u00e9gr\u00e9e dans plus de 200 pays et territoires d&rsquo;Infineon","datePublished":"2020-05-25T20:41:25+00:00","dateModified":"2020-05-25T20:41:25+00:00","mainEntityOfPage":{"@id":"https:\/\/territorialchallenges.com\/2020\/05\/25\/le-reseau-pre-integree-dans-plus-de-200-pays-et-territoires-dinfineon\/85585\/"},"wordCount":783,"commentCount":0,"publisher":{"@id":"https:\/\/territorialchallenges.com\/#organization"},"articleSection":["Donn\u00e9es\/Objets Connect\u00e9s","Actualit\u00e9 internationale"],"inLanguage":"nl-NL"},{"@type":"WebPage","@id":"https:\/\/territorialchallenges.com\/2020\/05\/25\/le-reseau-pre-integree-dans-plus-de-200-pays-et-territoires-dinfineon\/85585\/","url":"https:\/\/territorialchallenges.com\/2020\/05\/25\/le-reseau-pre-integree-dans-plus-de-200-pays-et-territoires-dinfineon\/85585\/","name":"Le r\u00e9seau pr\u00e9-int\u00e9gr\u00e9e dans plus de 200 pays et territoires d'Infineon - Territorial Challenges","isPartOf":{"@id":"https:\/\/territorialchallenges.com\/#website"},"datePublished":"2020-05-25T20:41:25+00:00","dateModified":"2020-05-25T20:41:25+00:00","breadcrumb":{"@id":"https:\/\/territorialchallenges.com\/2020\/05\/25\/le-reseau-pre-integree-dans-plus-de-200-pays-et-territoires-dinfineon\/85585\/#breadcrumb"},"inLanguage":"nl-NL","potentialAction":[{"@type":"ReadAction","target":["https:\/\/territorialchallenges.com\/2020\/05\/25\/le-reseau-pre-integree-dans-plus-de-200-pays-et-territoires-dinfineon\/85585\/"]}]},{"@type":"BreadcrumbList","@id":"https:\/\/territorialchallenges.com\/2020\/05\/25\/le-reseau-pre-integree-dans-plus-de-200-pays-et-territoires-dinfineon\/85585\/#breadcrumb","itemListElement":[{"@type":"ListItem","position":1,"name":"Home","item":"https:\/\/territorialchallenges.com\/"},{"@type":"ListItem","position":2,"name":"Le r\u00e9seau pr\u00e9-int\u00e9gr\u00e9e dans plus de 200 pays et territoires d&rsquo;Infineon"}]},{"@type":"WebSite","@id":"https:\/\/territorialchallenges.com\/#website","url":"https:\/\/territorialchallenges.com\/","name":"Territoriale uitdagingen","description":"Internationale monitoring - Slimme strategie\u00ebn - Beste praktijken","publisher":{"@id":"https:\/\/territorialchallenges.com\/#organization"},"potentialAction":[{"@type":"SearchAction","target":{"@type":"EntryPoint","urlTemplate":"https:\/\/territorialchallenges.com\/?s={search_term_string}"},"query-input":"required name=search_term_string"}],"inLanguage":"nl-NL"},{"@type":"Organization","@id":"https:\/\/territorialchallenges.com\/#organization","name":"Territoriale uitdagingen","url":"https:\/\/territorialchallenges.com\/","logo":{"@type":"ImageObject","inLanguage":"nl-NL","@id":"https:\/\/territorialchallenges.com\/#\/schema\/logo\/image\/","url":"https:\/\/territorialchallenges.com\/wp-content\/uploads\/2023\/10\/logo-1.png","contentUrl":"https:\/\/territorialchallenges.com\/wp-content\/uploads\/2023\/10\/logo-1.png","width":1832,"height":576,"caption":"Territorial Challenges"},"image":{"@id":"https:\/\/territorialchallenges.com\/#\/schema\/logo\/image\/"}},{"@type":"Person","@id":"https:\/\/territorialchallenges.com\/#\/schema\/person\/098f145c7c61a021c425e010f840080f","name":"ni.abdi","image":{"@type":"ImageObject","inLanguage":"nl-NL","@id":"https:\/\/territorialchallenges.com\/#\/schema\/person\/image\/","url":"https:\/\/secure.gravatar.com\/avatar\/2a2f2491f3c80039986ba989b1e4b510?s=96&d=identicon&r=g","contentUrl":"https:\/\/secure.gravatar.com\/avatar\/2a2f2491f3c80039986ba989b1e4b510?s=96&d=identicon&r=g","caption":"ni.abdi"},"sameAs":["https:\/\/twitter.com\/Ni.abdi"],"url":"https:\/\/territorialchallenges.com\/nl\/author\/ni-abdi\/"}]}},"_links":{"self":[{"href":"https:\/\/territorialchallenges.com\/nl\/wp-json\/wp\/v2\/posts\/85585"}],"collection":[{"href":"https:\/\/territorialchallenges.com\/nl\/wp-json\/wp\/v2\/posts"}],"about":[{"href":"https:\/\/territorialchallenges.com\/nl\/wp-json\/wp\/v2\/types\/post"}],"author":[{"embeddable":true,"href":"https:\/\/territorialchallenges.com\/nl\/wp-json\/wp\/v2\/users\/11"}],"replies":[{"embeddable":true,"href":"https:\/\/territorialchallenges.com\/nl\/wp-json\/wp\/v2\/comments?post=85585"}],"version-history":[{"count":1,"href":"https:\/\/territorialchallenges.com\/nl\/wp-json\/wp\/v2\/posts\/85585\/revisions"}],"predecessor-version":[{"id":85590,"href":"https:\/\/territorialchallenges.com\/nl\/wp-json\/wp\/v2\/posts\/85585\/revisions\/85590"}],"wp:featuredmedia":[{"embeddable":true,"href":"https:\/\/territorialchallenges.com\/nl\/wp-json\/wp\/v2\/media\/85586"}],"wp:attachment":[{"href":"https:\/\/territorialchallenges.com\/nl\/wp-json\/wp\/v2\/media?parent=85585"}],"wp:term":[{"taxonomy":"category","embeddable":true,"href":"https:\/\/territorialchallenges.com\/nl\/wp-json\/wp\/v2\/categories?post=85585"},{"taxonomy":"post_tag","embeddable":true,"href":"https:\/\/territorialchallenges.com\/nl\/wp-json\/wp\/v2\/tags?post=85585"}],"curies":[{"name":"wp","href":"https:\/\/api.w.org\/{rel}","templated":true}]}}