{"id":85549,"date":"2020-05-21T22:35:33","date_gmt":"2020-05-21T20:35:33","guid":{"rendered":"https:\/\/territorialchallenges.com\/?p=85549"},"modified":"2020-05-21T22:35:33","modified_gmt":"2020-05-21T20:35:33","slug":"les-projets-de-villes-intelligentes-a-lheure-du-covid-19","status":"publish","type":"post","link":"https:\/\/territorialchallenges.com\/nl\/2020\/05\/21\/les-projets-de-villes-intelligentes-a-lheure-du-covid-19\/85549\/","title":{"rendered":"Slimme stadsprojecten in de tijd van COVID-19"},"content":{"rendered":"<p>Het stopzetten van Google&#039;s Sidewalk Lab-project aan de oevers van Lake Ontario in Toronto duidt op een vertraging in de uitgaven voor slimme steden, nu gemeenten hun budgetten verlagen. Steden worstelen met het nemen van noodmaatregelen om de verspreiding van het coronavirus tegen te gaan, terwijl ze ook vechten tegen wat waarschijnlijk een... <\/p>\n<div class=\"pmpro_content_message\">Artikel alleen beschikbaar voor abonnees.<br \/><a href=\"https:\/\/territorialchallenges.com\/wp-login.php\">Login<\/a><br \/><a href=\"https:\/\/territorialchallenges.com\/nl\/wp-login.php\/?action=register\">Register<\/a><\/div>","protected":false},"excerpt":{"rendered":"<p>L&rsquo;abandon du projet de Sidewalk Lab (Google) au bord du lac Ontario \u00e0 Toronto, indique un ralentissement des d\u00e9penses pour les villes intelligentes alors que les municipalit\u00e9s r\u00e9duisent leurs budgets. Les villes peinent \u00e0 instituer des mesures d&rsquo;urgence pour se prot\u00e9ger contre la propagation du coronavirus, tout en luttant contre ce qui sera probablement une... <\/p>\n<div class=\"pmpro_content_message\">Artikel alleen beschikbaar voor abonnees.<br \/><a href=\"https:\/\/territorialchallenges.com\/wp-login.php\">Login<\/a><br \/><a href=\"https:\/\/territorialchallenges.com\/nl\/wp-login.php\/?action=register\">Register<\/a><\/div>","protected":false},"author":11,"featured_media":85550,"comment_status":"open","ping_status":"open","sticky":true,"template":"","format":"standard","meta":{"pmpro_default_level":0,"footnotes":""},"categories":[130,117],"tags":[],"blocksy_meta":"","yoast_head":"<!-- This site is optimized with the Yoast SEO plugin v21.5 - https:\/\/yoast.com\/wordpress\/plugins\/seo\/ -->\n<title>Les projets de villes intelligentes \u00e0 l&#039;heure du COVID 19 - Territorial Challenges<\/title>\n<meta name=\"robots\" content=\"index, follow, max-snippet:-1, max-image-preview:large, max-video-preview:-1\" \/>\n<link rel=\"canonical\" href=\"https:\/\/territorialchallenges.com\/nl\/2020\/05\/21\/les-projets-de-villes-intelligentes-a-lheure-du-covid-19\/85549\/\" \/>\n<meta property=\"og:locale\" content=\"nl_NL\" \/>\n<meta property=\"og:type\" content=\"article\" \/>\n<meta property=\"og:title\" content=\"Les projets de villes intelligentes \u00e0 l&#039;heure du COVID 19 - Territorial Challenges\" \/>\n<meta property=\"og:description\" content=\"L&rsquo;abandon du projet de Sidewalk Lab (Google) au bord du lac Ontario \u00e0 Toronto, indique un ralentissement des d\u00e9penses pour les villes intelligentes alors que les municipalit\u00e9s r\u00e9duisent leurs budgets. Les villes peinent \u00e0 instituer des mesures d&rsquo;urgence pour se prot\u00e9ger contre la propagation du coronavirus, tout en luttant contre ce qui sera probablement une [&hellip;]\" \/>\n<meta property=\"og:url\" content=\"https:\/\/territorialchallenges.com\/nl\/2020\/05\/21\/les-projets-de-villes-intelligentes-a-lheure-du-covid-19\/85549\/\" \/>\n<meta property=\"og:site_name\" content=\"Territorial Challenges\" \/>\n<meta property=\"article:published_time\" content=\"2020-05-21T20:35:33+00:00\" \/>\n<meta property=\"og:image\" content=\"https:\/\/territorialchallenges.com\/wp-content\/uploads\/2020\/05\/torontoimages.jpg\" \/>\n\t<meta property=\"og:image:width\" content=\"1920\" \/>\n\t<meta property=\"og:image:height\" content=\"1252\" \/>\n\t<meta property=\"og:image:type\" content=\"image\/jpeg\" \/>\n<meta name=\"author\" content=\"ni.abdi\" \/>\n<meta name=\"twitter:card\" content=\"summary_large_image\" \/>\n<meta name=\"twitter:creator\" content=\"@Ni.abdi\" \/>\n<meta name=\"twitter:label1\" content=\"Geschreven door\" \/>\n\t<meta name=\"twitter:data1\" content=\"ni.abdi\" \/>\n\t<meta name=\"twitter:label2\" content=\"Geschatte leestijd\" \/>\n\t<meta name=\"twitter:data2\" content=\"4 minuten\" \/>\n<script type=\"application\/ld+json\" class=\"yoast-schema-graph\">{\"@context\":\"https:\/\/schema.org\",\"@graph\":[{\"@type\":\"Article\",\"@id\":\"https:\/\/territorialchallenges.com\/2020\/05\/21\/les-projets-de-villes-intelligentes-a-lheure-du-covid-19\/85549\/#article\",\"isPartOf\":{\"@id\":\"https:\/\/territorialchallenges.com\/2020\/05\/21\/les-projets-de-villes-intelligentes-a-lheure-du-covid-19\/85549\/\"},\"author\":{\"name\":\"ni.abdi\",\"@id\":\"https:\/\/territorialchallenges.com\/#\/schema\/person\/098f145c7c61a021c425e010f840080f\"},\"headline\":\"Les projets de villes intelligentes \u00e0 l&rsquo;heure du COVID 19\",\"datePublished\":\"2020-05-21T20:35:33+00:00\",\"dateModified\":\"2020-05-21T20:35:33+00:00\",\"mainEntityOfPage\":{\"@id\":\"https:\/\/territorialchallenges.com\/2020\/05\/21\/les-projets-de-villes-intelligentes-a-lheure-du-covid-19\/85549\/\"},\"wordCount\":787,\"commentCount\":0,\"publisher\":{\"@id\":\"https:\/\/territorialchallenges.com\/#organization\"},\"articleSection\":[\"R\u00e9flexion faite\",\"\u00c9cosyst\u00e8me\"],\"inLanguage\":\"nl-NL\"},{\"@type\":\"WebPage\",\"@id\":\"https:\/\/territorialchallenges.com\/2020\/05\/21\/les-projets-de-villes-intelligentes-a-lheure-du-covid-19\/85549\/\",\"url\":\"https:\/\/territorialchallenges.com\/2020\/05\/21\/les-projets-de-villes-intelligentes-a-lheure-du-covid-19\/85549\/\",\"name\":\"Les projets de villes intelligentes \u00e0 l'heure du COVID 19 - Territorial Challenges\",\"isPartOf\":{\"@id\":\"https:\/\/territorialchallenges.com\/#website\"},\"datePublished\":\"2020-05-21T20:35:33+00:00\",\"dateModified\":\"2020-05-21T20:35:33+00:00\",\"breadcrumb\":{\"@id\":\"https:\/\/territorialchallenges.com\/2020\/05\/21\/les-projets-de-villes-intelligentes-a-lheure-du-covid-19\/85549\/#breadcrumb\"},\"inLanguage\":\"nl-NL\",\"potentialAction\":[{\"@type\":\"ReadAction\",\"target\":[\"https:\/\/territorialchallenges.com\/2020\/05\/21\/les-projets-de-villes-intelligentes-a-lheure-du-covid-19\/85549\/\"]}]},{\"@type\":\"BreadcrumbList\",\"@id\":\"https:\/\/territorialchallenges.com\/2020\/05\/21\/les-projets-de-villes-intelligentes-a-lheure-du-covid-19\/85549\/#breadcrumb\",\"itemListElement\":[{\"@type\":\"ListItem\",\"position\":1,\"name\":\"Home\",\"item\":\"https:\/\/territorialchallenges.com\/\"},{\"@type\":\"ListItem\",\"position\":2,\"name\":\"Les projets de villes intelligentes \u00e0 l&rsquo;heure du COVID 19\"}]},{\"@type\":\"WebSite\",\"@id\":\"https:\/\/territorialchallenges.com\/#website\",\"url\":\"https:\/\/territorialchallenges.com\/\",\"name\":\"Territorial Challenges\",\"description\":\"Veille Internationale - Strat\u00e9gie Intelligentes - Bonnes pratiques\",\"publisher\":{\"@id\":\"https:\/\/territorialchallenges.com\/#organization\"},\"potentialAction\":[{\"@type\":\"SearchAction\",\"target\":{\"@type\":\"EntryPoint\",\"urlTemplate\":\"https:\/\/territorialchallenges.com\/?s={search_term_string}\"},\"query-input\":\"required name=search_term_string\"}],\"inLanguage\":\"nl-NL\"},{\"@type\":\"Organization\",\"@id\":\"https:\/\/territorialchallenges.com\/#organization\",\"name\":\"Territorial Challenges\",\"url\":\"https:\/\/territorialchallenges.com\/\",\"logo\":{\"@type\":\"ImageObject\",\"inLanguage\":\"nl-NL\",\"@id\":\"https:\/\/territorialchallenges.com\/#\/schema\/logo\/image\/\",\"url\":\"https:\/\/territorialchallenges.com\/wp-content\/uploads\/2023\/10\/logo-1.png\",\"contentUrl\":\"https:\/\/territorialchallenges.com\/wp-content\/uploads\/2023\/10\/logo-1.png\",\"width\":1832,\"height\":576,\"caption\":\"Territorial Challenges\"},\"image\":{\"@id\":\"https:\/\/territorialchallenges.com\/#\/schema\/logo\/image\/\"}},{\"@type\":\"Person\",\"@id\":\"https:\/\/territorialchallenges.com\/#\/schema\/person\/098f145c7c61a021c425e010f840080f\",\"name\":\"ni.abdi\",\"image\":{\"@type\":\"ImageObject\",\"inLanguage\":\"nl-NL\",\"@id\":\"https:\/\/territorialchallenges.com\/#\/schema\/person\/image\/\",\"url\":\"https:\/\/secure.gravatar.com\/avatar\/2a2f2491f3c80039986ba989b1e4b510?s=96&d=identicon&r=g\",\"contentUrl\":\"https:\/\/secure.gravatar.com\/avatar\/2a2f2491f3c80039986ba989b1e4b510?s=96&d=identicon&r=g\",\"caption\":\"ni.abdi\"},\"sameAs\":[\"https:\/\/twitter.com\/Ni.abdi\"],\"url\":\"https:\/\/territorialchallenges.com\/nl\/author\/ni-abdi\/\"}]}<\/script>\n<!-- \/ Yoast SEO plugin. -->","yoast_head_json":{"title":"Les projets de villes intelligentes \u00e0 l'heure du COVID 19 - Territorial Challenges","robots":{"index":"index","follow":"follow","max-snippet":"max-snippet:-1","max-image-preview":"max-image-preview:large","max-video-preview":"max-video-preview:-1"},"canonical":"https:\/\/territorialchallenges.com\/nl\/2020\/05\/21\/les-projets-de-villes-intelligentes-a-lheure-du-covid-19\/85549\/","og_locale":"nl_NL","og_type":"article","og_title":"Les projets de villes intelligentes \u00e0 l'heure du COVID 19 - Territorial Challenges","og_description":"L&rsquo;abandon du projet de Sidewalk Lab (Google) au bord du lac Ontario \u00e0 Toronto, indique un ralentissement des d\u00e9penses pour les villes intelligentes alors que les municipalit\u00e9s r\u00e9duisent leurs budgets. Les villes peinent \u00e0 instituer des mesures d&rsquo;urgence pour se prot\u00e9ger contre la propagation du coronavirus, tout en luttant contre ce qui sera probablement une [&hellip;]","og_url":"https:\/\/territorialchallenges.com\/nl\/2020\/05\/21\/les-projets-de-villes-intelligentes-a-lheure-du-covid-19\/85549\/","og_site_name":"Territorial Challenges","article_published_time":"2020-05-21T20:35:33+00:00","og_image":[{"width":1920,"height":1252,"url":"https:\/\/territorialchallenges.com\/wp-content\/uploads\/2020\/05\/torontoimages.jpg","type":"image\/jpeg"}],"author":"ni.abdi","twitter_card":"summary_large_image","twitter_creator":"@Ni.abdi","twitter_misc":{"Geschreven door":"ni.abdi","Geschatte leestijd":"4 minuten"},"schema":{"@context":"https:\/\/schema.org","@graph":[{"@type":"Article","@id":"https:\/\/territorialchallenges.com\/2020\/05\/21\/les-projets-de-villes-intelligentes-a-lheure-du-covid-19\/85549\/#article","isPartOf":{"@id":"https:\/\/territorialchallenges.com\/2020\/05\/21\/les-projets-de-villes-intelligentes-a-lheure-du-covid-19\/85549\/"},"author":{"name":"ni.abdi","@id":"https:\/\/territorialchallenges.com\/#\/schema\/person\/098f145c7c61a021c425e010f840080f"},"headline":"Les projets de villes intelligentes \u00e0 l&rsquo;heure du COVID 19","datePublished":"2020-05-21T20:35:33+00:00","dateModified":"2020-05-21T20:35:33+00:00","mainEntityOfPage":{"@id":"https:\/\/territorialchallenges.com\/2020\/05\/21\/les-projets-de-villes-intelligentes-a-lheure-du-covid-19\/85549\/"},"wordCount":787,"commentCount":0,"publisher":{"@id":"https:\/\/territorialchallenges.com\/#organization"},"articleSection":["R\u00e9flexion faite","\u00c9cosyst\u00e8me"],"inLanguage":"nl-NL"},{"@type":"WebPage","@id":"https:\/\/territorialchallenges.com\/2020\/05\/21\/les-projets-de-villes-intelligentes-a-lheure-du-covid-19\/85549\/","url":"https:\/\/territorialchallenges.com\/2020\/05\/21\/les-projets-de-villes-intelligentes-a-lheure-du-covid-19\/85549\/","name":"Les projets de villes intelligentes \u00e0 l'heure du COVID 19 - Territorial Challenges","isPartOf":{"@id":"https:\/\/territorialchallenges.com\/#website"},"datePublished":"2020-05-21T20:35:33+00:00","dateModified":"2020-05-21T20:35:33+00:00","breadcrumb":{"@id":"https:\/\/territorialchallenges.com\/2020\/05\/21\/les-projets-de-villes-intelligentes-a-lheure-du-covid-19\/85549\/#breadcrumb"},"inLanguage":"nl-NL","potentialAction":[{"@type":"ReadAction","target":["https:\/\/territorialchallenges.com\/2020\/05\/21\/les-projets-de-villes-intelligentes-a-lheure-du-covid-19\/85549\/"]}]},{"@type":"BreadcrumbList","@id":"https:\/\/territorialchallenges.com\/2020\/05\/21\/les-projets-de-villes-intelligentes-a-lheure-du-covid-19\/85549\/#breadcrumb","itemListElement":[{"@type":"ListItem","position":1,"name":"Home","item":"https:\/\/territorialchallenges.com\/"},{"@type":"ListItem","position":2,"name":"Les projets de villes intelligentes \u00e0 l&rsquo;heure du COVID 19"}]},{"@type":"WebSite","@id":"https:\/\/territorialchallenges.com\/#website","url":"https:\/\/territorialchallenges.com\/","name":"Territoriale uitdagingen","description":"Internationale monitoring - Slimme strategie\u00ebn - Beste praktijken","publisher":{"@id":"https:\/\/territorialchallenges.com\/#organization"},"potentialAction":[{"@type":"SearchAction","target":{"@type":"EntryPoint","urlTemplate":"https:\/\/territorialchallenges.com\/?s={search_term_string}"},"query-input":"required name=search_term_string"}],"inLanguage":"nl-NL"},{"@type":"Organization","@id":"https:\/\/territorialchallenges.com\/#organization","name":"Territoriale uitdagingen","url":"https:\/\/territorialchallenges.com\/","logo":{"@type":"ImageObject","inLanguage":"nl-NL","@id":"https:\/\/territorialchallenges.com\/#\/schema\/logo\/image\/","url":"https:\/\/territorialchallenges.com\/wp-content\/uploads\/2023\/10\/logo-1.png","contentUrl":"https:\/\/territorialchallenges.com\/wp-content\/uploads\/2023\/10\/logo-1.png","width":1832,"height":576,"caption":"Territorial Challenges"},"image":{"@id":"https:\/\/territorialchallenges.com\/#\/schema\/logo\/image\/"}},{"@type":"Person","@id":"https:\/\/territorialchallenges.com\/#\/schema\/person\/098f145c7c61a021c425e010f840080f","name":"ni.abdi","image":{"@type":"ImageObject","inLanguage":"nl-NL","@id":"https:\/\/territorialchallenges.com\/#\/schema\/person\/image\/","url":"https:\/\/secure.gravatar.com\/avatar\/2a2f2491f3c80039986ba989b1e4b510?s=96&d=identicon&r=g","contentUrl":"https:\/\/secure.gravatar.com\/avatar\/2a2f2491f3c80039986ba989b1e4b510?s=96&d=identicon&r=g","caption":"ni.abdi"},"sameAs":["https:\/\/twitter.com\/Ni.abdi"],"url":"https:\/\/territorialchallenges.com\/nl\/author\/ni-abdi\/"}]}},"_links":{"self":[{"href":"https:\/\/territorialchallenges.com\/nl\/wp-json\/wp\/v2\/posts\/85549"}],"collection":[{"href":"https:\/\/territorialchallenges.com\/nl\/wp-json\/wp\/v2\/posts"}],"about":[{"href":"https:\/\/territorialchallenges.com\/nl\/wp-json\/wp\/v2\/types\/post"}],"author":[{"embeddable":true,"href":"https:\/\/territorialchallenges.com\/nl\/wp-json\/wp\/v2\/users\/11"}],"replies":[{"embeddable":true,"href":"https:\/\/territorialchallenges.com\/nl\/wp-json\/wp\/v2\/comments?post=85549"}],"version-history":[{"count":1,"href":"https:\/\/territorialchallenges.com\/nl\/wp-json\/wp\/v2\/posts\/85549\/revisions"}],"predecessor-version":[{"id":85554,"href":"https:\/\/territorialchallenges.com\/nl\/wp-json\/wp\/v2\/posts\/85549\/revisions\/85554"}],"wp:featuredmedia":[{"embeddable":true,"href":"https:\/\/territorialchallenges.com\/nl\/wp-json\/wp\/v2\/media\/85550"}],"wp:attachment":[{"href":"https:\/\/territorialchallenges.com\/nl\/wp-json\/wp\/v2\/media?parent=85549"}],"wp:term":[{"taxonomy":"category","embeddable":true,"href":"https:\/\/territorialchallenges.com\/nl\/wp-json\/wp\/v2\/categories?post=85549"},{"taxonomy":"post_tag","embeddable":true,"href":"https:\/\/territorialchallenges.com\/nl\/wp-json\/wp\/v2\/tags?post=85549"}],"curies":[{"name":"wp","href":"https:\/\/api.w.org\/{rel}","templated":true}]}}