{"id":85432,"date":"2020-04-30T11:26:52","date_gmt":"2020-04-30T09:26:52","guid":{"rendered":"https:\/\/territorialchallenges.com\/?p=85432"},"modified":"2020-05-06T10:40:55","modified_gmt":"2020-05-06T08:40:55","slug":"yoshimura-et-matsui-deux-elus-dosaka-qui-tiennent-a-leur-vaccin-contre-le-covid-19","status":"publish","type":"post","link":"https:\/\/territorialchallenges.com\/nl\/2020\/04\/30\/yoshimura-et-matsui-deux-elus-dosaka-qui-tiennent-a-leur-vaccin-contre-le-covid-19\/85432\/","title":{"rendered":"Yoshimura en Matsui: twee functionarissen uit Osaka die aandringen op hun COVID-19-vaccin"},"content":{"rendered":"<p>Wereldwijd zijn er talloze lokale bestuurders die graag willen dat hun regio het epicentrum wordt van de ontdekking van &#039;s werelds langverwachte vaccin. Maar het bijzondere aan de Japanse metropool Osaka is dat twee lokale overheden de handen ineenslaan om deze strijd tegen het inmiddels wereldwijde virus te winnen. De prefectuur en\u2026 <\/p>\n<div class=\"pmpro_content_message\">Artikel alleen beschikbaar voor abonnees.<br \/><a href=\"https:\/\/territorialchallenges.com\/wp-login.php\">Login<\/a><br \/><a href=\"https:\/\/territorialchallenges.com\/nl\/wp-login.php\/?action=register\">Register<\/a><\/div>","protected":false},"excerpt":{"rendered":"<p>A travers le monde on ne compte plus les \u00e9lus locaux qui voudraient que leur territoire soit l&rsquo;\u00e9picentre de la d\u00e9couverte du vaccin tant attendu mondialement. Mais la particularit\u00e9 de la m\u00e9tropole japonaise Osaka, c&rsquo;est qu&rsquo;ils sont deux autorit\u00e9s locales \u00e0 unir leur force pour gagner cette bataille contre le virus devenu plan\u00e9taire. Prefecture et... <\/p>\n<div class=\"pmpro_content_message\">Artikel alleen beschikbaar voor abonnees.<br \/><a href=\"https:\/\/territorialchallenges.com\/wp-login.php\">Login<\/a><br \/><a href=\"https:\/\/territorialchallenges.com\/nl\/wp-login.php\/?action=register\">Register<\/a><\/div>","protected":false},"author":11,"featured_media":85433,"comment_status":"open","ping_status":"open","sticky":true,"template":"","format":"standard","meta":{"pmpro_default_level":0,"footnotes":""},"categories":[126,117],"tags":[],"blocksy_meta":"","yoast_head":"<!-- This site is optimized with the Yoast SEO plugin v21.5 - https:\/\/yoast.com\/wordpress\/plugins\/seo\/ -->\n<title>Yoshimura et Matsui: deux \u00e9lus d&#039;Osaka qui tiennent \u00e0 leur vaccin contre le COVID 19 - Territorial Challenges<\/title>\n<meta name=\"robots\" content=\"index, follow, max-snippet:-1, max-image-preview:large, max-video-preview:-1\" \/>\n<link rel=\"canonical\" href=\"https:\/\/territorialchallenges.com\/nl\/2020\/04\/30\/yoshimura-et-matsui-deux-elus-dosaka-qui-tiennent-a-leur-vaccin-contre-le-covid-19\/85432\/\" \/>\n<meta property=\"og:locale\" content=\"nl_NL\" \/>\n<meta property=\"og:type\" content=\"article\" \/>\n<meta property=\"og:title\" content=\"Yoshimura et Matsui: deux \u00e9lus d&#039;Osaka qui tiennent \u00e0 leur vaccin contre le COVID 19 - Territorial Challenges\" \/>\n<meta property=\"og:description\" content=\"A travers le monde on ne compte plus les \u00e9lus locaux qui voudraient que leur territoire soit l&rsquo;\u00e9picentre de la d\u00e9couverte du vaccin tant attendu mondialement. Mais la particularit\u00e9 de la m\u00e9tropole japonaise Osaka, c&rsquo;est qu&rsquo;ils sont deux autorit\u00e9s locales \u00e0 unir leur force pour gagner cette bataille contre le virus devenu plan\u00e9taire. Prefecture et [&hellip;]\" \/>\n<meta property=\"og:url\" content=\"https:\/\/territorialchallenges.com\/nl\/2020\/04\/30\/yoshimura-et-matsui-deux-elus-dosaka-qui-tiennent-a-leur-vaccin-contre-le-covid-19\/85432\/\" \/>\n<meta property=\"og:site_name\" content=\"Territorial Challenges\" \/>\n<meta property=\"article:published_time\" content=\"2020-04-30T09:26:52+00:00\" \/>\n<meta property=\"article:modified_time\" content=\"2020-05-06T08:40:55+00:00\" \/>\n<meta property=\"og:image\" content=\"https:\/\/territorialchallenges.com\/wp-content\/uploads\/2020\/04\/osakacoupe.jpg\" \/>\n\t<meta property=\"og:image:width\" content=\"444\" \/>\n\t<meta property=\"og:image:height\" content=\"246\" \/>\n\t<meta property=\"og:image:type\" content=\"image\/jpeg\" \/>\n<meta name=\"author\" content=\"ni.abdi\" \/>\n<meta name=\"twitter:card\" content=\"summary_large_image\" \/>\n<meta name=\"twitter:creator\" content=\"@Ni.abdi\" \/>\n<meta name=\"twitter:label1\" content=\"Geschreven door\" \/>\n\t<meta name=\"twitter:data1\" content=\"ni.abdi\" \/>\n\t<meta name=\"twitter:label2\" content=\"Geschatte leestijd\" \/>\n\t<meta name=\"twitter:data2\" content=\"4 minuten\" \/>\n<script type=\"application\/ld+json\" class=\"yoast-schema-graph\">{\"@context\":\"https:\/\/schema.org\",\"@graph\":[{\"@type\":\"Article\",\"@id\":\"https:\/\/territorialchallenges.com\/2020\/04\/30\/yoshimura-et-matsui-deux-elus-dosaka-qui-tiennent-a-leur-vaccin-contre-le-covid-19\/85432\/#article\",\"isPartOf\":{\"@id\":\"https:\/\/territorialchallenges.com\/2020\/04\/30\/yoshimura-et-matsui-deux-elus-dosaka-qui-tiennent-a-leur-vaccin-contre-le-covid-19\/85432\/\"},\"author\":{\"name\":\"ni.abdi\",\"@id\":\"https:\/\/territorialchallenges.com\/#\/schema\/person\/098f145c7c61a021c425e010f840080f\"},\"headline\":\"Yoshimura et Matsui: deux \u00e9lus d&rsquo;Osaka qui tiennent \u00e0 leur vaccin contre le COVID 19\",\"datePublished\":\"2020-04-30T09:26:52+00:00\",\"dateModified\":\"2020-05-06T08:40:55+00:00\",\"mainEntityOfPage\":{\"@id\":\"https:\/\/territorialchallenges.com\/2020\/04\/30\/yoshimura-et-matsui-deux-elus-dosaka-qui-tiennent-a-leur-vaccin-contre-le-covid-19\/85432\/\"},\"wordCount\":811,\"commentCount\":0,\"publisher\":{\"@id\":\"https:\/\/territorialchallenges.com\/#organization\"},\"articleSection\":[\"On parle d'eux\",\"\u00c9cosyst\u00e8me\"],\"inLanguage\":\"nl-NL\"},{\"@type\":\"WebPage\",\"@id\":\"https:\/\/territorialchallenges.com\/2020\/04\/30\/yoshimura-et-matsui-deux-elus-dosaka-qui-tiennent-a-leur-vaccin-contre-le-covid-19\/85432\/\",\"url\":\"https:\/\/territorialchallenges.com\/2020\/04\/30\/yoshimura-et-matsui-deux-elus-dosaka-qui-tiennent-a-leur-vaccin-contre-le-covid-19\/85432\/\",\"name\":\"Yoshimura et Matsui: deux \u00e9lus d'Osaka qui tiennent \u00e0 leur vaccin contre le COVID 19 - Territorial Challenges\",\"isPartOf\":{\"@id\":\"https:\/\/territorialchallenges.com\/#website\"},\"datePublished\":\"2020-04-30T09:26:52+00:00\",\"dateModified\":\"2020-05-06T08:40:55+00:00\",\"breadcrumb\":{\"@id\":\"https:\/\/territorialchallenges.com\/2020\/04\/30\/yoshimura-et-matsui-deux-elus-dosaka-qui-tiennent-a-leur-vaccin-contre-le-covid-19\/85432\/#breadcrumb\"},\"inLanguage\":\"nl-NL\",\"potentialAction\":[{\"@type\":\"ReadAction\",\"target\":[\"https:\/\/territorialchallenges.com\/2020\/04\/30\/yoshimura-et-matsui-deux-elus-dosaka-qui-tiennent-a-leur-vaccin-contre-le-covid-19\/85432\/\"]}]},{\"@type\":\"BreadcrumbList\",\"@id\":\"https:\/\/territorialchallenges.com\/2020\/04\/30\/yoshimura-et-matsui-deux-elus-dosaka-qui-tiennent-a-leur-vaccin-contre-le-covid-19\/85432\/#breadcrumb\",\"itemListElement\":[{\"@type\":\"ListItem\",\"position\":1,\"name\":\"Home\",\"item\":\"https:\/\/territorialchallenges.com\/\"},{\"@type\":\"ListItem\",\"position\":2,\"name\":\"Yoshimura et Matsui: deux \u00e9lus d&rsquo;Osaka qui tiennent \u00e0 leur vaccin contre le COVID 19\"}]},{\"@type\":\"WebSite\",\"@id\":\"https:\/\/territorialchallenges.com\/#website\",\"url\":\"https:\/\/territorialchallenges.com\/\",\"name\":\"Territorial Challenges\",\"description\":\"Veille Internationale - Strat\u00e9gie Intelligentes - Bonnes pratiques\",\"publisher\":{\"@id\":\"https:\/\/territorialchallenges.com\/#organization\"},\"potentialAction\":[{\"@type\":\"SearchAction\",\"target\":{\"@type\":\"EntryPoint\",\"urlTemplate\":\"https:\/\/territorialchallenges.com\/?s={search_term_string}\"},\"query-input\":\"required name=search_term_string\"}],\"inLanguage\":\"nl-NL\"},{\"@type\":\"Organization\",\"@id\":\"https:\/\/territorialchallenges.com\/#organization\",\"name\":\"Territorial Challenges\",\"url\":\"https:\/\/territorialchallenges.com\/\",\"logo\":{\"@type\":\"ImageObject\",\"inLanguage\":\"nl-NL\",\"@id\":\"https:\/\/territorialchallenges.com\/#\/schema\/logo\/image\/\",\"url\":\"https:\/\/territorialchallenges.com\/wp-content\/uploads\/2023\/10\/logo-1.png\",\"contentUrl\":\"https:\/\/territorialchallenges.com\/wp-content\/uploads\/2023\/10\/logo-1.png\",\"width\":1832,\"height\":576,\"caption\":\"Territorial Challenges\"},\"image\":{\"@id\":\"https:\/\/territorialchallenges.com\/#\/schema\/logo\/image\/\"}},{\"@type\":\"Person\",\"@id\":\"https:\/\/territorialchallenges.com\/#\/schema\/person\/098f145c7c61a021c425e010f840080f\",\"name\":\"ni.abdi\",\"image\":{\"@type\":\"ImageObject\",\"inLanguage\":\"nl-NL\",\"@id\":\"https:\/\/territorialchallenges.com\/#\/schema\/person\/image\/\",\"url\":\"https:\/\/secure.gravatar.com\/avatar\/2a2f2491f3c80039986ba989b1e4b510?s=96&d=identicon&r=g\",\"contentUrl\":\"https:\/\/secure.gravatar.com\/avatar\/2a2f2491f3c80039986ba989b1e4b510?s=96&d=identicon&r=g\",\"caption\":\"ni.abdi\"},\"sameAs\":[\"https:\/\/twitter.com\/Ni.abdi\"],\"url\":\"https:\/\/territorialchallenges.com\/nl\/author\/ni-abdi\/\"}]}<\/script>\n<!-- \/ Yoast SEO plugin. -->","yoast_head_json":{"title":"Yoshimura et Matsui: deux \u00e9lus d'Osaka qui tiennent \u00e0 leur vaccin contre le COVID 19 - Territorial Challenges","robots":{"index":"index","follow":"follow","max-snippet":"max-snippet:-1","max-image-preview":"max-image-preview:large","max-video-preview":"max-video-preview:-1"},"canonical":"https:\/\/territorialchallenges.com\/nl\/2020\/04\/30\/yoshimura-et-matsui-deux-elus-dosaka-qui-tiennent-a-leur-vaccin-contre-le-covid-19\/85432\/","og_locale":"nl_NL","og_type":"article","og_title":"Yoshimura et Matsui: deux \u00e9lus d'Osaka qui tiennent \u00e0 leur vaccin contre le COVID 19 - Territorial Challenges","og_description":"A travers le monde on ne compte plus les \u00e9lus locaux qui voudraient que leur territoire soit l&rsquo;\u00e9picentre de la d\u00e9couverte du vaccin tant attendu mondialement. Mais la particularit\u00e9 de la m\u00e9tropole japonaise Osaka, c&rsquo;est qu&rsquo;ils sont deux autorit\u00e9s locales \u00e0 unir leur force pour gagner cette bataille contre le virus devenu plan\u00e9taire. Prefecture et [&hellip;]","og_url":"https:\/\/territorialchallenges.com\/nl\/2020\/04\/30\/yoshimura-et-matsui-deux-elus-dosaka-qui-tiennent-a-leur-vaccin-contre-le-covid-19\/85432\/","og_site_name":"Territorial Challenges","article_published_time":"2020-04-30T09:26:52+00:00","article_modified_time":"2020-05-06T08:40:55+00:00","og_image":[{"width":444,"height":246,"url":"https:\/\/territorialchallenges.com\/wp-content\/uploads\/2020\/04\/osakacoupe.jpg","type":"image\/jpeg"}],"author":"ni.abdi","twitter_card":"summary_large_image","twitter_creator":"@Ni.abdi","twitter_misc":{"Geschreven door":"ni.abdi","Geschatte leestijd":"4 minuten"},"schema":{"@context":"https:\/\/schema.org","@graph":[{"@type":"Article","@id":"https:\/\/territorialchallenges.com\/2020\/04\/30\/yoshimura-et-matsui-deux-elus-dosaka-qui-tiennent-a-leur-vaccin-contre-le-covid-19\/85432\/#article","isPartOf":{"@id":"https:\/\/territorialchallenges.com\/2020\/04\/30\/yoshimura-et-matsui-deux-elus-dosaka-qui-tiennent-a-leur-vaccin-contre-le-covid-19\/85432\/"},"author":{"name":"ni.abdi","@id":"https:\/\/territorialchallenges.com\/#\/schema\/person\/098f145c7c61a021c425e010f840080f"},"headline":"Yoshimura et Matsui: deux \u00e9lus d&rsquo;Osaka qui tiennent \u00e0 leur vaccin contre le COVID 19","datePublished":"2020-04-30T09:26:52+00:00","dateModified":"2020-05-06T08:40:55+00:00","mainEntityOfPage":{"@id":"https:\/\/territorialchallenges.com\/2020\/04\/30\/yoshimura-et-matsui-deux-elus-dosaka-qui-tiennent-a-leur-vaccin-contre-le-covid-19\/85432\/"},"wordCount":811,"commentCount":0,"publisher":{"@id":"https:\/\/territorialchallenges.com\/#organization"},"articleSection":["On parle d'eux","\u00c9cosyst\u00e8me"],"inLanguage":"nl-NL"},{"@type":"WebPage","@id":"https:\/\/territorialchallenges.com\/2020\/04\/30\/yoshimura-et-matsui-deux-elus-dosaka-qui-tiennent-a-leur-vaccin-contre-le-covid-19\/85432\/","url":"https:\/\/territorialchallenges.com\/2020\/04\/30\/yoshimura-et-matsui-deux-elus-dosaka-qui-tiennent-a-leur-vaccin-contre-le-covid-19\/85432\/","name":"Yoshimura et Matsui: deux \u00e9lus d'Osaka qui tiennent \u00e0 leur vaccin contre le COVID 19 - Territorial Challenges","isPartOf":{"@id":"https:\/\/territorialchallenges.com\/#website"},"datePublished":"2020-04-30T09:26:52+00:00","dateModified":"2020-05-06T08:40:55+00:00","breadcrumb":{"@id":"https:\/\/territorialchallenges.com\/2020\/04\/30\/yoshimura-et-matsui-deux-elus-dosaka-qui-tiennent-a-leur-vaccin-contre-le-covid-19\/85432\/#breadcrumb"},"inLanguage":"nl-NL","potentialAction":[{"@type":"ReadAction","target":["https:\/\/territorialchallenges.com\/2020\/04\/30\/yoshimura-et-matsui-deux-elus-dosaka-qui-tiennent-a-leur-vaccin-contre-le-covid-19\/85432\/"]}]},{"@type":"BreadcrumbList","@id":"https:\/\/territorialchallenges.com\/2020\/04\/30\/yoshimura-et-matsui-deux-elus-dosaka-qui-tiennent-a-leur-vaccin-contre-le-covid-19\/85432\/#breadcrumb","itemListElement":[{"@type":"ListItem","position":1,"name":"Home","item":"https:\/\/territorialchallenges.com\/"},{"@type":"ListItem","position":2,"name":"Yoshimura et Matsui: deux \u00e9lus d&rsquo;Osaka qui tiennent \u00e0 leur vaccin contre le COVID 19"}]},{"@type":"WebSite","@id":"https:\/\/territorialchallenges.com\/#website","url":"https:\/\/territorialchallenges.com\/","name":"Territoriale uitdagingen","description":"Internationale monitoring - Slimme strategie\u00ebn - Beste praktijken","publisher":{"@id":"https:\/\/territorialchallenges.com\/#organization"},"potentialAction":[{"@type":"SearchAction","target":{"@type":"EntryPoint","urlTemplate":"https:\/\/territorialchallenges.com\/?s={search_term_string}"},"query-input":"required name=search_term_string"}],"inLanguage":"nl-NL"},{"@type":"Organization","@id":"https:\/\/territorialchallenges.com\/#organization","name":"Territoriale uitdagingen","url":"https:\/\/territorialchallenges.com\/","logo":{"@type":"ImageObject","inLanguage":"nl-NL","@id":"https:\/\/territorialchallenges.com\/#\/schema\/logo\/image\/","url":"https:\/\/territorialchallenges.com\/wp-content\/uploads\/2023\/10\/logo-1.png","contentUrl":"https:\/\/territorialchallenges.com\/wp-content\/uploads\/2023\/10\/logo-1.png","width":1832,"height":576,"caption":"Territorial Challenges"},"image":{"@id":"https:\/\/territorialchallenges.com\/#\/schema\/logo\/image\/"}},{"@type":"Person","@id":"https:\/\/territorialchallenges.com\/#\/schema\/person\/098f145c7c61a021c425e010f840080f","name":"ni.abdi","image":{"@type":"ImageObject","inLanguage":"nl-NL","@id":"https:\/\/territorialchallenges.com\/#\/schema\/person\/image\/","url":"https:\/\/secure.gravatar.com\/avatar\/2a2f2491f3c80039986ba989b1e4b510?s=96&d=identicon&r=g","contentUrl":"https:\/\/secure.gravatar.com\/avatar\/2a2f2491f3c80039986ba989b1e4b510?s=96&d=identicon&r=g","caption":"ni.abdi"},"sameAs":["https:\/\/twitter.com\/Ni.abdi"],"url":"https:\/\/territorialchallenges.com\/nl\/author\/ni-abdi\/"}]}},"_links":{"self":[{"href":"https:\/\/territorialchallenges.com\/nl\/wp-json\/wp\/v2\/posts\/85432"}],"collection":[{"href":"https:\/\/territorialchallenges.com\/nl\/wp-json\/wp\/v2\/posts"}],"about":[{"href":"https:\/\/territorialchallenges.com\/nl\/wp-json\/wp\/v2\/types\/post"}],"author":[{"embeddable":true,"href":"https:\/\/territorialchallenges.com\/nl\/wp-json\/wp\/v2\/users\/11"}],"replies":[{"embeddable":true,"href":"https:\/\/territorialchallenges.com\/nl\/wp-json\/wp\/v2\/comments?post=85432"}],"version-history":[{"count":5,"href":"https:\/\/territorialchallenges.com\/nl\/wp-json\/wp\/v2\/posts\/85432\/revisions"}],"predecessor-version":[{"id":85490,"href":"https:\/\/territorialchallenges.com\/nl\/wp-json\/wp\/v2\/posts\/85432\/revisions\/85490"}],"wp:featuredmedia":[{"embeddable":true,"href":"https:\/\/territorialchallenges.com\/nl\/wp-json\/wp\/v2\/media\/85433"}],"wp:attachment":[{"href":"https:\/\/territorialchallenges.com\/nl\/wp-json\/wp\/v2\/media?parent=85432"}],"wp:term":[{"taxonomy":"category","embeddable":true,"href":"https:\/\/territorialchallenges.com\/nl\/wp-json\/wp\/v2\/categories?post=85432"},{"taxonomy":"post_tag","embeddable":true,"href":"https:\/\/territorialchallenges.com\/nl\/wp-json\/wp\/v2\/tags?post=85432"}],"curies":[{"name":"wp","href":"https:\/\/api.w.org\/{rel}","templated":true}]}}