{"id":85129,"date":"2020-01-20T23:40:56","date_gmt":"2020-01-20T22:40:56","guid":{"rendered":"https:\/\/territorialchallenges.com\/?p=85129"},"modified":"2020-01-20T23:40:56","modified_gmt":"2020-01-20T22:40:56","slug":"les-chefs-dentreprises-face-aux-effets-de-lindustrie-4-0","status":"publish","type":"post","link":"https:\/\/territorialchallenges.com\/nl\/2020\/01\/20\/les-chefs-dentreprises-face-aux-effets-de-lindustrie-4-0\/85129\/","title":{"rendered":"Bedrijfsleiders worden geconfronteerd met de gevolgen van Industrie 4.0"},"content":{"rendered":"<p>Uit een onderzoek van Deloitte blijkt dat leiders verstoringen liever vermijden dan veroorzaken, maar ze geven een nieuwe prioriteit aan de training van hun medewerkers. Industrie 4.0 draait om het verbinden van fysieke activa en geavanceerde digitale technologie\u00ebn: het Internet of Things (IoT), kunstmatige intelligentie (AI), robots, drones, voertuigen... <\/p>\n<div class=\"pmpro_content_message\">Artikel alleen beschikbaar voor abonnees.<br \/><a href=\"https:\/\/territorialchallenges.com\/wp-login.php\">Login<\/a><br \/><a href=\"https:\/\/territorialchallenges.com\/nl\/wp-login.php\/?action=register\">Register<\/a><\/div>","protected":false},"excerpt":{"rendered":"<p>Un sondage de Deloitte montre que les dirigeants pr\u00e9f\u00e8rent \u00e9viter les perturbations plut\u00f4t que de les provoquer, mais ils accordent une nouvelle priorit\u00e9 \u00e0 la formation des employ\u00e9s. L&rsquo;industrie 4.0 est l&rsquo;id\u00e9e de connecter les actifs physiques et les technologies num\u00e9riques avanc\u00e9es: l&rsquo;Internet des objets (IoT), l&rsquo;intelligence artificielle (IA), les robots, les drones, les v\u00e9hicules... <\/p>\n<div class=\"pmpro_content_message\">Artikel alleen beschikbaar voor abonnees.<br \/><a href=\"https:\/\/territorialchallenges.com\/wp-login.php\">Login<\/a><br \/><a href=\"https:\/\/territorialchallenges.com\/nl\/wp-login.php\/?action=register\">Register<\/a><\/div>","protected":false},"author":11,"featured_media":85130,"comment_status":"open","ping_status":"open","sticky":true,"template":"","format":"standard","meta":{"pmpro_default_level":0,"footnotes":""},"categories":[17,124],"tags":[],"blocksy_meta":"","yoast_head":"<!-- This site is optimized with the Yoast SEO plugin v21.5 - https:\/\/yoast.com\/wordpress\/plugins\/seo\/ -->\n<title>Les chefs d&#039;entreprises face aux effets de l&#039;Industrie 4.0 - Territorial Challenges<\/title>\n<meta name=\"robots\" content=\"index, follow, max-snippet:-1, max-image-preview:large, max-video-preview:-1\" \/>\n<link rel=\"canonical\" href=\"https:\/\/territorialchallenges.com\/nl\/2020\/01\/20\/les-chefs-dentreprises-face-aux-effets-de-lindustrie-4-0\/85129\/\" \/>\n<meta property=\"og:locale\" content=\"nl_NL\" \/>\n<meta property=\"og:type\" content=\"article\" \/>\n<meta property=\"og:title\" content=\"Les chefs d&#039;entreprises face aux effets de l&#039;Industrie 4.0 - Territorial Challenges\" \/>\n<meta property=\"og:description\" content=\"Un sondage de Deloitte montre que les dirigeants pr\u00e9f\u00e8rent \u00e9viter les perturbations plut\u00f4t que de les provoquer, mais ils accordent une nouvelle priorit\u00e9 \u00e0 la formation des employ\u00e9s. L&rsquo;industrie 4.0 est l&rsquo;id\u00e9e de connecter les actifs physiques et les technologies num\u00e9riques avanc\u00e9es: l&rsquo;Internet des objets (IoT), l&rsquo;intelligence artificielle (IA), les robots, les drones, les v\u00e9hicules [&hellip;]\" \/>\n<meta property=\"og:url\" content=\"https:\/\/territorialchallenges.com\/nl\/2020\/01\/20\/les-chefs-dentreprises-face-aux-effets-de-lindustrie-4-0\/85129\/\" \/>\n<meta property=\"og:site_name\" content=\"Territorial Challenges\" \/>\n<meta property=\"article:published_time\" content=\"2020-01-20T22:40:56+00:00\" \/>\n<meta property=\"og:image\" content=\"https:\/\/territorialchallenges.com\/wp-content\/uploads\/2020\/01\/industry4.0.jpg\" \/>\n\t<meta property=\"og:image:width\" content=\"611\" \/>\n\t<meta property=\"og:image:height\" content=\"420\" \/>\n\t<meta property=\"og:image:type\" content=\"image\/jpeg\" \/>\n<meta name=\"author\" content=\"ni.abdi\" \/>\n<meta name=\"twitter:card\" content=\"summary_large_image\" \/>\n<meta name=\"twitter:creator\" content=\"@Ni.abdi\" \/>\n<meta name=\"twitter:label1\" content=\"Geschreven door\" \/>\n\t<meta name=\"twitter:data1\" content=\"ni.abdi\" \/>\n\t<meta name=\"twitter:label2\" content=\"Geschatte leestijd\" \/>\n\t<meta name=\"twitter:data2\" content=\"2 minuten\" \/>\n<script type=\"application\/ld+json\" class=\"yoast-schema-graph\">{\"@context\":\"https:\/\/schema.org\",\"@graph\":[{\"@type\":\"Article\",\"@id\":\"https:\/\/territorialchallenges.com\/2020\/01\/20\/les-chefs-dentreprises-face-aux-effets-de-lindustrie-4-0\/85129\/#article\",\"isPartOf\":{\"@id\":\"https:\/\/territorialchallenges.com\/2020\/01\/20\/les-chefs-dentreprises-face-aux-effets-de-lindustrie-4-0\/85129\/\"},\"author\":{\"name\":\"ni.abdi\",\"@id\":\"https:\/\/territorialchallenges.com\/#\/schema\/person\/098f145c7c61a021c425e010f840080f\"},\"headline\":\"Les chefs d&rsquo;entreprises face aux effets de l&rsquo;Industrie 4.0\",\"datePublished\":\"2020-01-20T22:40:56+00:00\",\"dateModified\":\"2020-01-20T22:40:56+00:00\",\"mainEntityOfPage\":{\"@id\":\"https:\/\/territorialchallenges.com\/2020\/01\/20\/les-chefs-dentreprises-face-aux-effets-de-lindustrie-4-0\/85129\/\"},\"wordCount\":382,\"commentCount\":0,\"publisher\":{\"@id\":\"https:\/\/territorialchallenges.com\/#organization\"},\"articleSection\":[\"Industrie 5.0\",\"Actualit\u00e9 internationale\"],\"inLanguage\":\"nl-NL\"},{\"@type\":\"WebPage\",\"@id\":\"https:\/\/territorialchallenges.com\/2020\/01\/20\/les-chefs-dentreprises-face-aux-effets-de-lindustrie-4-0\/85129\/\",\"url\":\"https:\/\/territorialchallenges.com\/2020\/01\/20\/les-chefs-dentreprises-face-aux-effets-de-lindustrie-4-0\/85129\/\",\"name\":\"Les chefs d'entreprises face aux effets de l'Industrie 4.0 - Territorial Challenges\",\"isPartOf\":{\"@id\":\"https:\/\/territorialchallenges.com\/#website\"},\"datePublished\":\"2020-01-20T22:40:56+00:00\",\"dateModified\":\"2020-01-20T22:40:56+00:00\",\"breadcrumb\":{\"@id\":\"https:\/\/territorialchallenges.com\/2020\/01\/20\/les-chefs-dentreprises-face-aux-effets-de-lindustrie-4-0\/85129\/#breadcrumb\"},\"inLanguage\":\"nl-NL\",\"potentialAction\":[{\"@type\":\"ReadAction\",\"target\":[\"https:\/\/territorialchallenges.com\/2020\/01\/20\/les-chefs-dentreprises-face-aux-effets-de-lindustrie-4-0\/85129\/\"]}]},{\"@type\":\"BreadcrumbList\",\"@id\":\"https:\/\/territorialchallenges.com\/2020\/01\/20\/les-chefs-dentreprises-face-aux-effets-de-lindustrie-4-0\/85129\/#breadcrumb\",\"itemListElement\":[{\"@type\":\"ListItem\",\"position\":1,\"name\":\"Home\",\"item\":\"https:\/\/territorialchallenges.com\/\"},{\"@type\":\"ListItem\",\"position\":2,\"name\":\"Les chefs d&rsquo;entreprises face aux effets de l&rsquo;Industrie 4.0\"}]},{\"@type\":\"WebSite\",\"@id\":\"https:\/\/territorialchallenges.com\/#website\",\"url\":\"https:\/\/territorialchallenges.com\/\",\"name\":\"Territorial Challenges\",\"description\":\"Veille Internationale - Strat\u00e9gie Intelligentes - Bonnes pratiques\",\"publisher\":{\"@id\":\"https:\/\/territorialchallenges.com\/#organization\"},\"potentialAction\":[{\"@type\":\"SearchAction\",\"target\":{\"@type\":\"EntryPoint\",\"urlTemplate\":\"https:\/\/territorialchallenges.com\/?s={search_term_string}\"},\"query-input\":\"required name=search_term_string\"}],\"inLanguage\":\"nl-NL\"},{\"@type\":\"Organization\",\"@id\":\"https:\/\/territorialchallenges.com\/#organization\",\"name\":\"Territorial Challenges\",\"url\":\"https:\/\/territorialchallenges.com\/\",\"logo\":{\"@type\":\"ImageObject\",\"inLanguage\":\"nl-NL\",\"@id\":\"https:\/\/territorialchallenges.com\/#\/schema\/logo\/image\/\",\"url\":\"https:\/\/territorialchallenges.com\/wp-content\/uploads\/2023\/10\/logo-1.png\",\"contentUrl\":\"https:\/\/territorialchallenges.com\/wp-content\/uploads\/2023\/10\/logo-1.png\",\"width\":1832,\"height\":576,\"caption\":\"Territorial Challenges\"},\"image\":{\"@id\":\"https:\/\/territorialchallenges.com\/#\/schema\/logo\/image\/\"}},{\"@type\":\"Person\",\"@id\":\"https:\/\/territorialchallenges.com\/#\/schema\/person\/098f145c7c61a021c425e010f840080f\",\"name\":\"ni.abdi\",\"image\":{\"@type\":\"ImageObject\",\"inLanguage\":\"nl-NL\",\"@id\":\"https:\/\/territorialchallenges.com\/#\/schema\/person\/image\/\",\"url\":\"https:\/\/secure.gravatar.com\/avatar\/2a2f2491f3c80039986ba989b1e4b510?s=96&d=identicon&r=g\",\"contentUrl\":\"https:\/\/secure.gravatar.com\/avatar\/2a2f2491f3c80039986ba989b1e4b510?s=96&d=identicon&r=g\",\"caption\":\"ni.abdi\"},\"sameAs\":[\"https:\/\/twitter.com\/Ni.abdi\"],\"url\":\"https:\/\/territorialchallenges.com\/nl\/author\/ni-abdi\/\"}]}<\/script>\n<!-- \/ Yoast SEO plugin. -->","yoast_head_json":{"title":"Les chefs d'entreprises face aux effets de l'Industrie 4.0 - Territorial Challenges","robots":{"index":"index","follow":"follow","max-snippet":"max-snippet:-1","max-image-preview":"max-image-preview:large","max-video-preview":"max-video-preview:-1"},"canonical":"https:\/\/territorialchallenges.com\/nl\/2020\/01\/20\/les-chefs-dentreprises-face-aux-effets-de-lindustrie-4-0\/85129\/","og_locale":"nl_NL","og_type":"article","og_title":"Les chefs d'entreprises face aux effets de l'Industrie 4.0 - Territorial Challenges","og_description":"Un sondage de Deloitte montre que les dirigeants pr\u00e9f\u00e8rent \u00e9viter les perturbations plut\u00f4t que de les provoquer, mais ils accordent une nouvelle priorit\u00e9 \u00e0 la formation des employ\u00e9s. L&rsquo;industrie 4.0 est l&rsquo;id\u00e9e de connecter les actifs physiques et les technologies num\u00e9riques avanc\u00e9es: l&rsquo;Internet des objets (IoT), l&rsquo;intelligence artificielle (IA), les robots, les drones, les v\u00e9hicules [&hellip;]","og_url":"https:\/\/territorialchallenges.com\/nl\/2020\/01\/20\/les-chefs-dentreprises-face-aux-effets-de-lindustrie-4-0\/85129\/","og_site_name":"Territorial Challenges","article_published_time":"2020-01-20T22:40:56+00:00","og_image":[{"width":611,"height":420,"url":"https:\/\/territorialchallenges.com\/wp-content\/uploads\/2020\/01\/industry4.0.jpg","type":"image\/jpeg"}],"author":"ni.abdi","twitter_card":"summary_large_image","twitter_creator":"@Ni.abdi","twitter_misc":{"Geschreven door":"ni.abdi","Geschatte leestijd":"2 minuten"},"schema":{"@context":"https:\/\/schema.org","@graph":[{"@type":"Article","@id":"https:\/\/territorialchallenges.com\/2020\/01\/20\/les-chefs-dentreprises-face-aux-effets-de-lindustrie-4-0\/85129\/#article","isPartOf":{"@id":"https:\/\/territorialchallenges.com\/2020\/01\/20\/les-chefs-dentreprises-face-aux-effets-de-lindustrie-4-0\/85129\/"},"author":{"name":"ni.abdi","@id":"https:\/\/territorialchallenges.com\/#\/schema\/person\/098f145c7c61a021c425e010f840080f"},"headline":"Les chefs d&rsquo;entreprises face aux effets de l&rsquo;Industrie 4.0","datePublished":"2020-01-20T22:40:56+00:00","dateModified":"2020-01-20T22:40:56+00:00","mainEntityOfPage":{"@id":"https:\/\/territorialchallenges.com\/2020\/01\/20\/les-chefs-dentreprises-face-aux-effets-de-lindustrie-4-0\/85129\/"},"wordCount":382,"commentCount":0,"publisher":{"@id":"https:\/\/territorialchallenges.com\/#organization"},"articleSection":["Industrie 5.0","Actualit\u00e9 internationale"],"inLanguage":"nl-NL"},{"@type":"WebPage","@id":"https:\/\/territorialchallenges.com\/2020\/01\/20\/les-chefs-dentreprises-face-aux-effets-de-lindustrie-4-0\/85129\/","url":"https:\/\/territorialchallenges.com\/2020\/01\/20\/les-chefs-dentreprises-face-aux-effets-de-lindustrie-4-0\/85129\/","name":"Les chefs d'entreprises face aux effets de l'Industrie 4.0 - Territorial Challenges","isPartOf":{"@id":"https:\/\/territorialchallenges.com\/#website"},"datePublished":"2020-01-20T22:40:56+00:00","dateModified":"2020-01-20T22:40:56+00:00","breadcrumb":{"@id":"https:\/\/territorialchallenges.com\/2020\/01\/20\/les-chefs-dentreprises-face-aux-effets-de-lindustrie-4-0\/85129\/#breadcrumb"},"inLanguage":"nl-NL","potentialAction":[{"@type":"ReadAction","target":["https:\/\/territorialchallenges.com\/2020\/01\/20\/les-chefs-dentreprises-face-aux-effets-de-lindustrie-4-0\/85129\/"]}]},{"@type":"BreadcrumbList","@id":"https:\/\/territorialchallenges.com\/2020\/01\/20\/les-chefs-dentreprises-face-aux-effets-de-lindustrie-4-0\/85129\/#breadcrumb","itemListElement":[{"@type":"ListItem","position":1,"name":"Home","item":"https:\/\/territorialchallenges.com\/"},{"@type":"ListItem","position":2,"name":"Les chefs d&rsquo;entreprises face aux effets de l&rsquo;Industrie 4.0"}]},{"@type":"WebSite","@id":"https:\/\/territorialchallenges.com\/#website","url":"https:\/\/territorialchallenges.com\/","name":"Territoriale uitdagingen","description":"Internationale monitoring - Slimme strategie\u00ebn - Beste praktijken","publisher":{"@id":"https:\/\/territorialchallenges.com\/#organization"},"potentialAction":[{"@type":"SearchAction","target":{"@type":"EntryPoint","urlTemplate":"https:\/\/territorialchallenges.com\/?s={search_term_string}"},"query-input":"required name=search_term_string"}],"inLanguage":"nl-NL"},{"@type":"Organization","@id":"https:\/\/territorialchallenges.com\/#organization","name":"Territoriale uitdagingen","url":"https:\/\/territorialchallenges.com\/","logo":{"@type":"ImageObject","inLanguage":"nl-NL","@id":"https:\/\/territorialchallenges.com\/#\/schema\/logo\/image\/","url":"https:\/\/territorialchallenges.com\/wp-content\/uploads\/2023\/10\/logo-1.png","contentUrl":"https:\/\/territorialchallenges.com\/wp-content\/uploads\/2023\/10\/logo-1.png","width":1832,"height":576,"caption":"Territorial Challenges"},"image":{"@id":"https:\/\/territorialchallenges.com\/#\/schema\/logo\/image\/"}},{"@type":"Person","@id":"https:\/\/territorialchallenges.com\/#\/schema\/person\/098f145c7c61a021c425e010f840080f","name":"ni.abdi","image":{"@type":"ImageObject","inLanguage":"nl-NL","@id":"https:\/\/territorialchallenges.com\/#\/schema\/person\/image\/","url":"https:\/\/secure.gravatar.com\/avatar\/2a2f2491f3c80039986ba989b1e4b510?s=96&d=identicon&r=g","contentUrl":"https:\/\/secure.gravatar.com\/avatar\/2a2f2491f3c80039986ba989b1e4b510?s=96&d=identicon&r=g","caption":"ni.abdi"},"sameAs":["https:\/\/twitter.com\/Ni.abdi"],"url":"https:\/\/territorialchallenges.com\/nl\/author\/ni-abdi\/"}]}},"_links":{"self":[{"href":"https:\/\/territorialchallenges.com\/nl\/wp-json\/wp\/v2\/posts\/85129"}],"collection":[{"href":"https:\/\/territorialchallenges.com\/nl\/wp-json\/wp\/v2\/posts"}],"about":[{"href":"https:\/\/territorialchallenges.com\/nl\/wp-json\/wp\/v2\/types\/post"}],"author":[{"embeddable":true,"href":"https:\/\/territorialchallenges.com\/nl\/wp-json\/wp\/v2\/users\/11"}],"replies":[{"embeddable":true,"href":"https:\/\/territorialchallenges.com\/nl\/wp-json\/wp\/v2\/comments?post=85129"}],"version-history":[{"count":1,"href":"https:\/\/territorialchallenges.com\/nl\/wp-json\/wp\/v2\/posts\/85129\/revisions"}],"predecessor-version":[{"id":85134,"href":"https:\/\/territorialchallenges.com\/nl\/wp-json\/wp\/v2\/posts\/85129\/revisions\/85134"}],"wp:featuredmedia":[{"embeddable":true,"href":"https:\/\/territorialchallenges.com\/nl\/wp-json\/wp\/v2\/media\/85130"}],"wp:attachment":[{"href":"https:\/\/territorialchallenges.com\/nl\/wp-json\/wp\/v2\/media?parent=85129"}],"wp:term":[{"taxonomy":"category","embeddable":true,"href":"https:\/\/territorialchallenges.com\/nl\/wp-json\/wp\/v2\/categories?post=85129"},{"taxonomy":"post_tag","embeddable":true,"href":"https:\/\/territorialchallenges.com\/nl\/wp-json\/wp\/v2\/tags?post=85129"}],"curies":[{"name":"wp","href":"https:\/\/api.w.org\/{rel}","templated":true}]}}