{"id":85008,"date":"2020-01-02T22:21:11","date_gmt":"2020-01-02T21:21:11","guid":{"rendered":"https:\/\/territorialchallenges.com\/?p=85008"},"modified":"2020-01-02T22:21:11","modified_gmt":"2020-01-02T21:21:11","slug":"serbie-croatie-leclairage-solaire-comme-projet-transfrontalier","status":"publish","type":"post","link":"https:\/\/territorialchallenges.com\/nl\/2020\/01\/02\/serbie-croatie-leclairage-solaire-comme-projet-transfrontalier\/85008\/","title":{"rendered":"Servi\u00eb\/Kroati\u00eb: Zonne-energieverlichting als grensoverschrijdend project"},"content":{"rendered":"<p>Novi Sad is een stad in Noord-Servi\u00eb, gelegen aan de oevers van de Donau. Volgens het stadsbestuur is er een subsidie van \u20ac 497.000 toegekend via deelname aan het grensoverschrijdende samenwerkingsprogramma IPA van de Europese Unie. Een deel van het geld werd besteed aan... <\/p>\n<div class=\"pmpro_content_message\">Artikel alleen beschikbaar voor abonnees.<br \/><a href=\"https:\/\/territorialchallenges.com\/wp-login.php\">Login<\/a><br \/><a href=\"https:\/\/territorialchallenges.com\/nl\/wp-login.php\/?action=register\">Register<\/a><\/div>","protected":false},"excerpt":{"rendered":"<p>Novi Sad est une ville du nord de la Serbie situ\u00e9e sur les rives du Danube. Selon le bureau du maire de la ville, une subvention de 497.000 d&rsquo;euros a \u00e9t\u00e9 accord\u00e9e par le biais de la participation au programme de coop\u00e9ration transfrontali\u00e8re IPA de l&rsquo;Union europ\u00e9enne. Une partie de l&rsquo;argent a \u00e9t\u00e9 d\u00e9pens\u00e9e pour... <\/p>\n<div class=\"pmpro_content_message\">Artikel alleen beschikbaar voor abonnees.<br \/><a href=\"https:\/\/territorialchallenges.com\/wp-login.php\">Login<\/a><br \/><a href=\"https:\/\/territorialchallenges.com\/nl\/wp-login.php\/?action=register\">Register<\/a><\/div>","protected":false},"author":11,"featured_media":85009,"comment_status":"open","ping_status":"open","sticky":true,"template":"","format":"standard","meta":{"pmpro_default_level":0,"footnotes":""},"categories":[18,127],"tags":[],"blocksy_meta":"","yoast_head":"<!-- This site is optimized with the Yoast SEO plugin v21.5 - https:\/\/yoast.com\/wordpress\/plugins\/seo\/ -->\n<title>Serbie\/Croatie: l&#039;\u00e9clairage solaire comme projet transfrontalier - Territorial Challenges<\/title>\n<meta name=\"robots\" content=\"index, follow, max-snippet:-1, max-image-preview:large, max-video-preview:-1\" \/>\n<link rel=\"canonical\" href=\"https:\/\/territorialchallenges.com\/nl\/2020\/01\/02\/serbie-croatie-leclairage-solaire-comme-projet-transfrontalier\/85008\/\" \/>\n<meta property=\"og:locale\" content=\"nl_NL\" \/>\n<meta property=\"og:type\" content=\"article\" \/>\n<meta property=\"og:title\" content=\"Serbie\/Croatie: l&#039;\u00e9clairage solaire comme projet transfrontalier - Territorial Challenges\" \/>\n<meta property=\"og:description\" content=\"Novi Sad est une ville du nord de la Serbie situ\u00e9e sur les rives du Danube. Selon le bureau du maire de la ville, une subvention de 497.000 d&rsquo;euros a \u00e9t\u00e9 accord\u00e9e par le biais de la participation au programme de coop\u00e9ration transfrontali\u00e8re IPA de l&rsquo;Union europ\u00e9enne. Une partie de l&rsquo;argent a \u00e9t\u00e9 d\u00e9pens\u00e9e pour [&hellip;]\" \/>\n<meta property=\"og:url\" content=\"https:\/\/territorialchallenges.com\/nl\/2020\/01\/02\/serbie-croatie-leclairage-solaire-comme-projet-transfrontalier\/85008\/\" \/>\n<meta property=\"og:site_name\" content=\"Territorial Challenges\" \/>\n<meta property=\"article:published_time\" content=\"2020-01-02T21:21:11+00:00\" \/>\n<meta property=\"og:image\" content=\"https:\/\/territorialchallenges.com\/wp-content\/uploads\/2020\/01\/novisad.jpg\" \/>\n\t<meta property=\"og:image:width\" content=\"1920\" \/>\n\t<meta property=\"og:image:height\" content=\"1276\" \/>\n\t<meta property=\"og:image:type\" content=\"image\/jpeg\" \/>\n<meta name=\"author\" content=\"ni.abdi\" \/>\n<meta name=\"twitter:card\" content=\"summary_large_image\" \/>\n<meta name=\"twitter:creator\" content=\"@Ni.abdi\" \/>\n<meta name=\"twitter:label1\" content=\"Geschreven door\" \/>\n\t<meta name=\"twitter:data1\" content=\"ni.abdi\" \/>\n\t<meta name=\"twitter:label2\" content=\"Geschatte leestijd\" \/>\n\t<meta name=\"twitter:data2\" content=\"2 minuten\" \/>\n<script type=\"application\/ld+json\" class=\"yoast-schema-graph\">{\"@context\":\"https:\/\/schema.org\",\"@graph\":[{\"@type\":\"Article\",\"@id\":\"https:\/\/territorialchallenges.com\/2020\/01\/02\/serbie-croatie-leclairage-solaire-comme-projet-transfrontalier\/85008\/#article\",\"isPartOf\":{\"@id\":\"https:\/\/territorialchallenges.com\/2020\/01\/02\/serbie-croatie-leclairage-solaire-comme-projet-transfrontalier\/85008\/\"},\"author\":{\"name\":\"ni.abdi\",\"@id\":\"https:\/\/territorialchallenges.com\/#\/schema\/person\/098f145c7c61a021c425e010f840080f\"},\"headline\":\"Serbie\/Croatie: l&rsquo;\u00e9clairage solaire comme projet transfrontalier\",\"datePublished\":\"2020-01-02T21:21:11+00:00\",\"dateModified\":\"2020-01-02T21:21:11+00:00\",\"mainEntityOfPage\":{\"@id\":\"https:\/\/territorialchallenges.com\/2020\/01\/02\/serbie-croatie-leclairage-solaire-comme-projet-transfrontalier\/85008\/\"},\"wordCount\":425,\"commentCount\":0,\"publisher\":{\"@id\":\"https:\/\/territorialchallenges.com\/#organization\"},\"articleSection\":[\"Transition \u00c9nerg\u00e9tique\",\"Actualit\u00e9 Europe\"],\"inLanguage\":\"nl-NL\"},{\"@type\":\"WebPage\",\"@id\":\"https:\/\/territorialchallenges.com\/2020\/01\/02\/serbie-croatie-leclairage-solaire-comme-projet-transfrontalier\/85008\/\",\"url\":\"https:\/\/territorialchallenges.com\/2020\/01\/02\/serbie-croatie-leclairage-solaire-comme-projet-transfrontalier\/85008\/\",\"name\":\"Serbie\/Croatie: l'\u00e9clairage solaire comme projet transfrontalier - Territorial Challenges\",\"isPartOf\":{\"@id\":\"https:\/\/territorialchallenges.com\/#website\"},\"datePublished\":\"2020-01-02T21:21:11+00:00\",\"dateModified\":\"2020-01-02T21:21:11+00:00\",\"breadcrumb\":{\"@id\":\"https:\/\/territorialchallenges.com\/2020\/01\/02\/serbie-croatie-leclairage-solaire-comme-projet-transfrontalier\/85008\/#breadcrumb\"},\"inLanguage\":\"nl-NL\",\"potentialAction\":[{\"@type\":\"ReadAction\",\"target\":[\"https:\/\/territorialchallenges.com\/2020\/01\/02\/serbie-croatie-leclairage-solaire-comme-projet-transfrontalier\/85008\/\"]}]},{\"@type\":\"BreadcrumbList\",\"@id\":\"https:\/\/territorialchallenges.com\/2020\/01\/02\/serbie-croatie-leclairage-solaire-comme-projet-transfrontalier\/85008\/#breadcrumb\",\"itemListElement\":[{\"@type\":\"ListItem\",\"position\":1,\"name\":\"Home\",\"item\":\"https:\/\/territorialchallenges.com\/\"},{\"@type\":\"ListItem\",\"position\":2,\"name\":\"Serbie\/Croatie: l&rsquo;\u00e9clairage solaire comme projet transfrontalier\"}]},{\"@type\":\"WebSite\",\"@id\":\"https:\/\/territorialchallenges.com\/#website\",\"url\":\"https:\/\/territorialchallenges.com\/\",\"name\":\"Territorial Challenges\",\"description\":\"Veille Internationale - Strat\u00e9gie Intelligentes - Bonnes pratiques\",\"publisher\":{\"@id\":\"https:\/\/territorialchallenges.com\/#organization\"},\"potentialAction\":[{\"@type\":\"SearchAction\",\"target\":{\"@type\":\"EntryPoint\",\"urlTemplate\":\"https:\/\/territorialchallenges.com\/?s={search_term_string}\"},\"query-input\":\"required name=search_term_string\"}],\"inLanguage\":\"nl-NL\"},{\"@type\":\"Organization\",\"@id\":\"https:\/\/territorialchallenges.com\/#organization\",\"name\":\"Territorial Challenges\",\"url\":\"https:\/\/territorialchallenges.com\/\",\"logo\":{\"@type\":\"ImageObject\",\"inLanguage\":\"nl-NL\",\"@id\":\"https:\/\/territorialchallenges.com\/#\/schema\/logo\/image\/\",\"url\":\"https:\/\/territorialchallenges.com\/wp-content\/uploads\/2023\/10\/logo-1.png\",\"contentUrl\":\"https:\/\/territorialchallenges.com\/wp-content\/uploads\/2023\/10\/logo-1.png\",\"width\":1832,\"height\":576,\"caption\":\"Territorial Challenges\"},\"image\":{\"@id\":\"https:\/\/territorialchallenges.com\/#\/schema\/logo\/image\/\"}},{\"@type\":\"Person\",\"@id\":\"https:\/\/territorialchallenges.com\/#\/schema\/person\/098f145c7c61a021c425e010f840080f\",\"name\":\"ni.abdi\",\"image\":{\"@type\":\"ImageObject\",\"inLanguage\":\"nl-NL\",\"@id\":\"https:\/\/territorialchallenges.com\/#\/schema\/person\/image\/\",\"url\":\"https:\/\/secure.gravatar.com\/avatar\/2a2f2491f3c80039986ba989b1e4b510?s=96&d=identicon&r=g\",\"contentUrl\":\"https:\/\/secure.gravatar.com\/avatar\/2a2f2491f3c80039986ba989b1e4b510?s=96&d=identicon&r=g\",\"caption\":\"ni.abdi\"},\"sameAs\":[\"https:\/\/twitter.com\/Ni.abdi\"],\"url\":\"https:\/\/territorialchallenges.com\/nl\/author\/ni-abdi\/\"}]}<\/script>\n<!-- \/ Yoast SEO plugin. -->","yoast_head_json":{"title":"Serbie\/Croatie: l'\u00e9clairage solaire comme projet transfrontalier - Territorial Challenges","robots":{"index":"index","follow":"follow","max-snippet":"max-snippet:-1","max-image-preview":"max-image-preview:large","max-video-preview":"max-video-preview:-1"},"canonical":"https:\/\/territorialchallenges.com\/nl\/2020\/01\/02\/serbie-croatie-leclairage-solaire-comme-projet-transfrontalier\/85008\/","og_locale":"nl_NL","og_type":"article","og_title":"Serbie\/Croatie: l'\u00e9clairage solaire comme projet transfrontalier - Territorial Challenges","og_description":"Novi Sad est une ville du nord de la Serbie situ\u00e9e sur les rives du Danube. Selon le bureau du maire de la ville, une subvention de 497.000 d&rsquo;euros a \u00e9t\u00e9 accord\u00e9e par le biais de la participation au programme de coop\u00e9ration transfrontali\u00e8re IPA de l&rsquo;Union europ\u00e9enne. Une partie de l&rsquo;argent a \u00e9t\u00e9 d\u00e9pens\u00e9e pour [&hellip;]","og_url":"https:\/\/territorialchallenges.com\/nl\/2020\/01\/02\/serbie-croatie-leclairage-solaire-comme-projet-transfrontalier\/85008\/","og_site_name":"Territorial Challenges","article_published_time":"2020-01-02T21:21:11+00:00","og_image":[{"width":1920,"height":1276,"url":"https:\/\/territorialchallenges.com\/wp-content\/uploads\/2020\/01\/novisad.jpg","type":"image\/jpeg"}],"author":"ni.abdi","twitter_card":"summary_large_image","twitter_creator":"@Ni.abdi","twitter_misc":{"Geschreven door":"ni.abdi","Geschatte leestijd":"2 minuten"},"schema":{"@context":"https:\/\/schema.org","@graph":[{"@type":"Article","@id":"https:\/\/territorialchallenges.com\/2020\/01\/02\/serbie-croatie-leclairage-solaire-comme-projet-transfrontalier\/85008\/#article","isPartOf":{"@id":"https:\/\/territorialchallenges.com\/2020\/01\/02\/serbie-croatie-leclairage-solaire-comme-projet-transfrontalier\/85008\/"},"author":{"name":"ni.abdi","@id":"https:\/\/territorialchallenges.com\/#\/schema\/person\/098f145c7c61a021c425e010f840080f"},"headline":"Serbie\/Croatie: l&rsquo;\u00e9clairage solaire comme projet transfrontalier","datePublished":"2020-01-02T21:21:11+00:00","dateModified":"2020-01-02T21:21:11+00:00","mainEntityOfPage":{"@id":"https:\/\/territorialchallenges.com\/2020\/01\/02\/serbie-croatie-leclairage-solaire-comme-projet-transfrontalier\/85008\/"},"wordCount":425,"commentCount":0,"publisher":{"@id":"https:\/\/territorialchallenges.com\/#organization"},"articleSection":["Transition \u00c9nerg\u00e9tique","Actualit\u00e9 Europe"],"inLanguage":"nl-NL"},{"@type":"WebPage","@id":"https:\/\/territorialchallenges.com\/2020\/01\/02\/serbie-croatie-leclairage-solaire-comme-projet-transfrontalier\/85008\/","url":"https:\/\/territorialchallenges.com\/2020\/01\/02\/serbie-croatie-leclairage-solaire-comme-projet-transfrontalier\/85008\/","name":"Serbie\/Croatie: l'\u00e9clairage solaire comme projet transfrontalier - Territorial Challenges","isPartOf":{"@id":"https:\/\/territorialchallenges.com\/#website"},"datePublished":"2020-01-02T21:21:11+00:00","dateModified":"2020-01-02T21:21:11+00:00","breadcrumb":{"@id":"https:\/\/territorialchallenges.com\/2020\/01\/02\/serbie-croatie-leclairage-solaire-comme-projet-transfrontalier\/85008\/#breadcrumb"},"inLanguage":"nl-NL","potentialAction":[{"@type":"ReadAction","target":["https:\/\/territorialchallenges.com\/2020\/01\/02\/serbie-croatie-leclairage-solaire-comme-projet-transfrontalier\/85008\/"]}]},{"@type":"BreadcrumbList","@id":"https:\/\/territorialchallenges.com\/2020\/01\/02\/serbie-croatie-leclairage-solaire-comme-projet-transfrontalier\/85008\/#breadcrumb","itemListElement":[{"@type":"ListItem","position":1,"name":"Home","item":"https:\/\/territorialchallenges.com\/"},{"@type":"ListItem","position":2,"name":"Serbie\/Croatie: l&rsquo;\u00e9clairage solaire comme projet transfrontalier"}]},{"@type":"WebSite","@id":"https:\/\/territorialchallenges.com\/#website","url":"https:\/\/territorialchallenges.com\/","name":"Territoriale uitdagingen","description":"Internationale monitoring - Slimme strategie\u00ebn - Beste praktijken","publisher":{"@id":"https:\/\/territorialchallenges.com\/#organization"},"potentialAction":[{"@type":"SearchAction","target":{"@type":"EntryPoint","urlTemplate":"https:\/\/territorialchallenges.com\/?s={search_term_string}"},"query-input":"required name=search_term_string"}],"inLanguage":"nl-NL"},{"@type":"Organization","@id":"https:\/\/territorialchallenges.com\/#organization","name":"Territoriale uitdagingen","url":"https:\/\/territorialchallenges.com\/","logo":{"@type":"ImageObject","inLanguage":"nl-NL","@id":"https:\/\/territorialchallenges.com\/#\/schema\/logo\/image\/","url":"https:\/\/territorialchallenges.com\/wp-content\/uploads\/2023\/10\/logo-1.png","contentUrl":"https:\/\/territorialchallenges.com\/wp-content\/uploads\/2023\/10\/logo-1.png","width":1832,"height":576,"caption":"Territorial Challenges"},"image":{"@id":"https:\/\/territorialchallenges.com\/#\/schema\/logo\/image\/"}},{"@type":"Person","@id":"https:\/\/territorialchallenges.com\/#\/schema\/person\/098f145c7c61a021c425e010f840080f","name":"ni.abdi","image":{"@type":"ImageObject","inLanguage":"nl-NL","@id":"https:\/\/territorialchallenges.com\/#\/schema\/person\/image\/","url":"https:\/\/secure.gravatar.com\/avatar\/2a2f2491f3c80039986ba989b1e4b510?s=96&d=identicon&r=g","contentUrl":"https:\/\/secure.gravatar.com\/avatar\/2a2f2491f3c80039986ba989b1e4b510?s=96&d=identicon&r=g","caption":"ni.abdi"},"sameAs":["https:\/\/twitter.com\/Ni.abdi"],"url":"https:\/\/territorialchallenges.com\/nl\/author\/ni-abdi\/"}]}},"_links":{"self":[{"href":"https:\/\/territorialchallenges.com\/nl\/wp-json\/wp\/v2\/posts\/85008"}],"collection":[{"href":"https:\/\/territorialchallenges.com\/nl\/wp-json\/wp\/v2\/posts"}],"about":[{"href":"https:\/\/territorialchallenges.com\/nl\/wp-json\/wp\/v2\/types\/post"}],"author":[{"embeddable":true,"href":"https:\/\/territorialchallenges.com\/nl\/wp-json\/wp\/v2\/users\/11"}],"replies":[{"embeddable":true,"href":"https:\/\/territorialchallenges.com\/nl\/wp-json\/wp\/v2\/comments?post=85008"}],"version-history":[{"count":1,"href":"https:\/\/territorialchallenges.com\/nl\/wp-json\/wp\/v2\/posts\/85008\/revisions"}],"predecessor-version":[{"id":85013,"href":"https:\/\/territorialchallenges.com\/nl\/wp-json\/wp\/v2\/posts\/85008\/revisions\/85013"}],"wp:featuredmedia":[{"embeddable":true,"href":"https:\/\/territorialchallenges.com\/nl\/wp-json\/wp\/v2\/media\/85009"}],"wp:attachment":[{"href":"https:\/\/territorialchallenges.com\/nl\/wp-json\/wp\/v2\/media?parent=85008"}],"wp:term":[{"taxonomy":"category","embeddable":true,"href":"https:\/\/territorialchallenges.com\/nl\/wp-json\/wp\/v2\/categories?post=85008"},{"taxonomy":"post_tag","embeddable":true,"href":"https:\/\/territorialchallenges.com\/nl\/wp-json\/wp\/v2\/tags?post=85008"}],"curies":[{"name":"wp","href":"https:\/\/api.w.org\/{rel}","templated":true}]}}