{"id":84945,"date":"2019-12-19T15:19:39","date_gmt":"2019-12-19T14:19:39","guid":{"rendered":"https:\/\/territorialchallenges.com\/?p=84945"},"modified":"2019-12-19T15:19:39","modified_gmt":"2019-12-19T14:19:39","slug":"anna-schindler-lurbaniste-qui-pense-lavenir-de-zurich","status":"publish","type":"post","link":"https:\/\/territorialchallenges.com\/nl\/2019\/12\/19\/anna-schindler-lurbaniste-qui-pense-lavenir-de-zurich\/84945\/","title":{"rendered":"Anna Schindler: de stedenbouwkundige die de toekomst van Z\u00fcrich voor ogen had"},"content":{"rendered":"<p>Anna Schindler is alomtegenwoordig in de gemeentelijke stedelijke beslissingen die de hoofdstad van het Zwitserse bankleven vormgeven en is vandaag de dag een van de iconen van de wereldwijde microkosmos van slimme gebieden. Er gaat geen week voorbij zonder dat deze geograaf en stedenbouwkundige een publieke verklaring aflegt. Telkens gaat het over de grote vragen van... <\/p>\n<div class=\"pmpro_content_message\">Artikel alleen beschikbaar voor abonnees.<br \/><a href=\"https:\/\/territorialchallenges.com\/wp-login.php\">Login<\/a><br \/><a href=\"https:\/\/territorialchallenges.com\/nl\/wp-login.php\/?action=register\">Register<\/a><\/div>","protected":false},"excerpt":{"rendered":"<p>Omnipr\u00e9sente dans les d\u00e9cisions urbaines municipales qui fa\u00e7onnent la capitale de la vie bancaire Suisse, Anna Schindler est aujourd&rsquo;hui une des ic\u00f4nes du microcosme mondial des territoires intelligents. Il ne se passe pas une semaine sans que cette g\u00e9ographe et urbaniste ne fasse de d\u00e9claration publique. A chaque fois il s&rsquo;agit des grandes questions de... <\/p>\n<div class=\"pmpro_content_message\">Artikel alleen beschikbaar voor abonnees.<br \/><a href=\"https:\/\/territorialchallenges.com\/wp-login.php\">Login<\/a><br \/><a href=\"https:\/\/territorialchallenges.com\/nl\/wp-login.php\/?action=register\">Register<\/a><\/div>","protected":false},"author":11,"featured_media":84946,"comment_status":"open","ping_status":"open","sticky":true,"template":"","format":"standard","meta":{"pmpro_default_level":0,"footnotes":""},"categories":[126,117],"tags":[],"blocksy_meta":"","yoast_head":"<!-- This site is optimized with the Yoast SEO plugin v21.5 - https:\/\/yoast.com\/wordpress\/plugins\/seo\/ -->\n<title>Anna Schindler: l&#039;urbaniste qui pense l&#039;avenir de Zurich - Territorial Challenges<\/title>\n<meta name=\"robots\" content=\"index, follow, max-snippet:-1, max-image-preview:large, max-video-preview:-1\" \/>\n<link rel=\"canonical\" href=\"https:\/\/territorialchallenges.com\/nl\/2019\/12\/19\/anna-schindler-lurbaniste-qui-pense-lavenir-de-zurich\/84945\/\" \/>\n<meta property=\"og:locale\" content=\"nl_NL\" \/>\n<meta property=\"og:type\" content=\"article\" \/>\n<meta property=\"og:title\" content=\"Anna Schindler: l&#039;urbaniste qui pense l&#039;avenir de Zurich - Territorial Challenges\" \/>\n<meta property=\"og:description\" content=\"Omnipr\u00e9sente dans les d\u00e9cisions urbaines municipales qui fa\u00e7onnent la capitale de la vie bancaire Suisse, Anna Schindler est aujourd&rsquo;hui une des ic\u00f4nes du microcosme mondial des territoires intelligents. Il ne se passe pas une semaine sans que cette g\u00e9ographe et urbaniste ne fasse de d\u00e9claration publique. A chaque fois il s&rsquo;agit des grandes questions de [&hellip;]\" \/>\n<meta property=\"og:url\" content=\"https:\/\/territorialchallenges.com\/nl\/2019\/12\/19\/anna-schindler-lurbaniste-qui-pense-lavenir-de-zurich\/84945\/\" \/>\n<meta property=\"og:site_name\" content=\"Territorial Challenges\" \/>\n<meta property=\"article:published_time\" content=\"2019-12-19T14:19:39+00:00\" \/>\n<meta property=\"og:image\" content=\"https:\/\/territorialchallenges.com\/wp-content\/uploads\/2019\/12\/anna-1024x685.jpg\" \/>\n\t<meta property=\"og:image:width\" content=\"1024\" \/>\n\t<meta property=\"og:image:height\" content=\"685\" \/>\n\t<meta property=\"og:image:type\" content=\"image\/jpeg\" \/>\n<meta name=\"author\" content=\"ni.abdi\" \/>\n<meta name=\"twitter:card\" content=\"summary_large_image\" \/>\n<meta name=\"twitter:creator\" content=\"@Ni.abdi\" \/>\n<meta name=\"twitter:label1\" content=\"Geschreven door\" \/>\n\t<meta name=\"twitter:data1\" content=\"ni.abdi\" \/>\n\t<meta name=\"twitter:label2\" content=\"Geschatte leestijd\" \/>\n\t<meta name=\"twitter:data2\" content=\"3 minuten\" \/>\n<script type=\"application\/ld+json\" class=\"yoast-schema-graph\">{\"@context\":\"https:\/\/schema.org\",\"@graph\":[{\"@type\":\"Article\",\"@id\":\"https:\/\/territorialchallenges.com\/2019\/12\/19\/anna-schindler-lurbaniste-qui-pense-lavenir-de-zurich\/84945\/#article\",\"isPartOf\":{\"@id\":\"https:\/\/territorialchallenges.com\/2019\/12\/19\/anna-schindler-lurbaniste-qui-pense-lavenir-de-zurich\/84945\/\"},\"author\":{\"name\":\"ni.abdi\",\"@id\":\"https:\/\/territorialchallenges.com\/#\/schema\/person\/098f145c7c61a021c425e010f840080f\"},\"headline\":\"Anna Schindler: l&rsquo;urbaniste qui pense l&rsquo;avenir de Zurich\",\"datePublished\":\"2019-12-19T14:19:39+00:00\",\"dateModified\":\"2019-12-19T14:19:39+00:00\",\"mainEntityOfPage\":{\"@id\":\"https:\/\/territorialchallenges.com\/2019\/12\/19\/anna-schindler-lurbaniste-qui-pense-lavenir-de-zurich\/84945\/\"},\"wordCount\":555,\"commentCount\":0,\"publisher\":{\"@id\":\"https:\/\/territorialchallenges.com\/#organization\"},\"articleSection\":[\"On parle d'eux\",\"\u00c9cosyst\u00e8me\"],\"inLanguage\":\"nl-NL\"},{\"@type\":\"WebPage\",\"@id\":\"https:\/\/territorialchallenges.com\/2019\/12\/19\/anna-schindler-lurbaniste-qui-pense-lavenir-de-zurich\/84945\/\",\"url\":\"https:\/\/territorialchallenges.com\/2019\/12\/19\/anna-schindler-lurbaniste-qui-pense-lavenir-de-zurich\/84945\/\",\"name\":\"Anna Schindler: l'urbaniste qui pense l'avenir de Zurich - Territorial Challenges\",\"isPartOf\":{\"@id\":\"https:\/\/territorialchallenges.com\/#website\"},\"datePublished\":\"2019-12-19T14:19:39+00:00\",\"dateModified\":\"2019-12-19T14:19:39+00:00\",\"breadcrumb\":{\"@id\":\"https:\/\/territorialchallenges.com\/2019\/12\/19\/anna-schindler-lurbaniste-qui-pense-lavenir-de-zurich\/84945\/#breadcrumb\"},\"inLanguage\":\"nl-NL\",\"potentialAction\":[{\"@type\":\"ReadAction\",\"target\":[\"https:\/\/territorialchallenges.com\/2019\/12\/19\/anna-schindler-lurbaniste-qui-pense-lavenir-de-zurich\/84945\/\"]}]},{\"@type\":\"BreadcrumbList\",\"@id\":\"https:\/\/territorialchallenges.com\/2019\/12\/19\/anna-schindler-lurbaniste-qui-pense-lavenir-de-zurich\/84945\/#breadcrumb\",\"itemListElement\":[{\"@type\":\"ListItem\",\"position\":1,\"name\":\"Home\",\"item\":\"https:\/\/territorialchallenges.com\/\"},{\"@type\":\"ListItem\",\"position\":2,\"name\":\"Anna Schindler: l&rsquo;urbaniste qui pense l&rsquo;avenir de Zurich\"}]},{\"@type\":\"WebSite\",\"@id\":\"https:\/\/territorialchallenges.com\/#website\",\"url\":\"https:\/\/territorialchallenges.com\/\",\"name\":\"Territorial Challenges\",\"description\":\"Veille Internationale - Strat\u00e9gie Intelligentes - Bonnes pratiques\",\"publisher\":{\"@id\":\"https:\/\/territorialchallenges.com\/#organization\"},\"potentialAction\":[{\"@type\":\"SearchAction\",\"target\":{\"@type\":\"EntryPoint\",\"urlTemplate\":\"https:\/\/territorialchallenges.com\/?s={search_term_string}\"},\"query-input\":\"required name=search_term_string\"}],\"inLanguage\":\"nl-NL\"},{\"@type\":\"Organization\",\"@id\":\"https:\/\/territorialchallenges.com\/#organization\",\"name\":\"Territorial Challenges\",\"url\":\"https:\/\/territorialchallenges.com\/\",\"logo\":{\"@type\":\"ImageObject\",\"inLanguage\":\"nl-NL\",\"@id\":\"https:\/\/territorialchallenges.com\/#\/schema\/logo\/image\/\",\"url\":\"https:\/\/territorialchallenges.com\/wp-content\/uploads\/2023\/10\/logo-1.png\",\"contentUrl\":\"https:\/\/territorialchallenges.com\/wp-content\/uploads\/2023\/10\/logo-1.png\",\"width\":1832,\"height\":576,\"caption\":\"Territorial Challenges\"},\"image\":{\"@id\":\"https:\/\/territorialchallenges.com\/#\/schema\/logo\/image\/\"}},{\"@type\":\"Person\",\"@id\":\"https:\/\/territorialchallenges.com\/#\/schema\/person\/098f145c7c61a021c425e010f840080f\",\"name\":\"ni.abdi\",\"image\":{\"@type\":\"ImageObject\",\"inLanguage\":\"nl-NL\",\"@id\":\"https:\/\/territorialchallenges.com\/#\/schema\/person\/image\/\",\"url\":\"https:\/\/secure.gravatar.com\/avatar\/2a2f2491f3c80039986ba989b1e4b510?s=96&d=identicon&r=g\",\"contentUrl\":\"https:\/\/secure.gravatar.com\/avatar\/2a2f2491f3c80039986ba989b1e4b510?s=96&d=identicon&r=g\",\"caption\":\"ni.abdi\"},\"sameAs\":[\"https:\/\/twitter.com\/Ni.abdi\"],\"url\":\"https:\/\/territorialchallenges.com\/nl\/author\/ni-abdi\/\"}]}<\/script>\n<!-- \/ Yoast SEO plugin. -->","yoast_head_json":{"title":"Anna Schindler: l'urbaniste qui pense l'avenir de Zurich - Territorial Challenges","robots":{"index":"index","follow":"follow","max-snippet":"max-snippet:-1","max-image-preview":"max-image-preview:large","max-video-preview":"max-video-preview:-1"},"canonical":"https:\/\/territorialchallenges.com\/nl\/2019\/12\/19\/anna-schindler-lurbaniste-qui-pense-lavenir-de-zurich\/84945\/","og_locale":"nl_NL","og_type":"article","og_title":"Anna Schindler: l'urbaniste qui pense l'avenir de Zurich - Territorial Challenges","og_description":"Omnipr\u00e9sente dans les d\u00e9cisions urbaines municipales qui fa\u00e7onnent la capitale de la vie bancaire Suisse, Anna Schindler est aujourd&rsquo;hui une des ic\u00f4nes du microcosme mondial des territoires intelligents. Il ne se passe pas une semaine sans que cette g\u00e9ographe et urbaniste ne fasse de d\u00e9claration publique. A chaque fois il s&rsquo;agit des grandes questions de [&hellip;]","og_url":"https:\/\/territorialchallenges.com\/nl\/2019\/12\/19\/anna-schindler-lurbaniste-qui-pense-lavenir-de-zurich\/84945\/","og_site_name":"Territorial Challenges","article_published_time":"2019-12-19T14:19:39+00:00","og_image":[{"width":1024,"height":685,"url":"https:\/\/territorialchallenges.com\/wp-content\/uploads\/2019\/12\/anna-1024x685.jpg","type":"image\/jpeg"}],"author":"ni.abdi","twitter_card":"summary_large_image","twitter_creator":"@Ni.abdi","twitter_misc":{"Geschreven door":"ni.abdi","Geschatte leestijd":"3 minuten"},"schema":{"@context":"https:\/\/schema.org","@graph":[{"@type":"Article","@id":"https:\/\/territorialchallenges.com\/2019\/12\/19\/anna-schindler-lurbaniste-qui-pense-lavenir-de-zurich\/84945\/#article","isPartOf":{"@id":"https:\/\/territorialchallenges.com\/2019\/12\/19\/anna-schindler-lurbaniste-qui-pense-lavenir-de-zurich\/84945\/"},"author":{"name":"ni.abdi","@id":"https:\/\/territorialchallenges.com\/#\/schema\/person\/098f145c7c61a021c425e010f840080f"},"headline":"Anna Schindler: l&rsquo;urbaniste qui pense l&rsquo;avenir de Zurich","datePublished":"2019-12-19T14:19:39+00:00","dateModified":"2019-12-19T14:19:39+00:00","mainEntityOfPage":{"@id":"https:\/\/territorialchallenges.com\/2019\/12\/19\/anna-schindler-lurbaniste-qui-pense-lavenir-de-zurich\/84945\/"},"wordCount":555,"commentCount":0,"publisher":{"@id":"https:\/\/territorialchallenges.com\/#organization"},"articleSection":["On parle d'eux","\u00c9cosyst\u00e8me"],"inLanguage":"nl-NL"},{"@type":"WebPage","@id":"https:\/\/territorialchallenges.com\/2019\/12\/19\/anna-schindler-lurbaniste-qui-pense-lavenir-de-zurich\/84945\/","url":"https:\/\/territorialchallenges.com\/2019\/12\/19\/anna-schindler-lurbaniste-qui-pense-lavenir-de-zurich\/84945\/","name":"Anna Schindler: l'urbaniste qui pense l'avenir de Zurich - Territorial Challenges","isPartOf":{"@id":"https:\/\/territorialchallenges.com\/#website"},"datePublished":"2019-12-19T14:19:39+00:00","dateModified":"2019-12-19T14:19:39+00:00","breadcrumb":{"@id":"https:\/\/territorialchallenges.com\/2019\/12\/19\/anna-schindler-lurbaniste-qui-pense-lavenir-de-zurich\/84945\/#breadcrumb"},"inLanguage":"nl-NL","potentialAction":[{"@type":"ReadAction","target":["https:\/\/territorialchallenges.com\/2019\/12\/19\/anna-schindler-lurbaniste-qui-pense-lavenir-de-zurich\/84945\/"]}]},{"@type":"BreadcrumbList","@id":"https:\/\/territorialchallenges.com\/2019\/12\/19\/anna-schindler-lurbaniste-qui-pense-lavenir-de-zurich\/84945\/#breadcrumb","itemListElement":[{"@type":"ListItem","position":1,"name":"Home","item":"https:\/\/territorialchallenges.com\/"},{"@type":"ListItem","position":2,"name":"Anna Schindler: l&rsquo;urbaniste qui pense l&rsquo;avenir de Zurich"}]},{"@type":"WebSite","@id":"https:\/\/territorialchallenges.com\/#website","url":"https:\/\/territorialchallenges.com\/","name":"Territoriale uitdagingen","description":"Internationale monitoring - Slimme strategie\u00ebn - Beste praktijken","publisher":{"@id":"https:\/\/territorialchallenges.com\/#organization"},"potentialAction":[{"@type":"SearchAction","target":{"@type":"EntryPoint","urlTemplate":"https:\/\/territorialchallenges.com\/?s={search_term_string}"},"query-input":"required name=search_term_string"}],"inLanguage":"nl-NL"},{"@type":"Organization","@id":"https:\/\/territorialchallenges.com\/#organization","name":"Territoriale uitdagingen","url":"https:\/\/territorialchallenges.com\/","logo":{"@type":"ImageObject","inLanguage":"nl-NL","@id":"https:\/\/territorialchallenges.com\/#\/schema\/logo\/image\/","url":"https:\/\/territorialchallenges.com\/wp-content\/uploads\/2023\/10\/logo-1.png","contentUrl":"https:\/\/territorialchallenges.com\/wp-content\/uploads\/2023\/10\/logo-1.png","width":1832,"height":576,"caption":"Territorial Challenges"},"image":{"@id":"https:\/\/territorialchallenges.com\/#\/schema\/logo\/image\/"}},{"@type":"Person","@id":"https:\/\/territorialchallenges.com\/#\/schema\/person\/098f145c7c61a021c425e010f840080f","name":"ni.abdi","image":{"@type":"ImageObject","inLanguage":"nl-NL","@id":"https:\/\/territorialchallenges.com\/#\/schema\/person\/image\/","url":"https:\/\/secure.gravatar.com\/avatar\/2a2f2491f3c80039986ba989b1e4b510?s=96&d=identicon&r=g","contentUrl":"https:\/\/secure.gravatar.com\/avatar\/2a2f2491f3c80039986ba989b1e4b510?s=96&d=identicon&r=g","caption":"ni.abdi"},"sameAs":["https:\/\/twitter.com\/Ni.abdi"],"url":"https:\/\/territorialchallenges.com\/nl\/author\/ni-abdi\/"}]}},"_links":{"self":[{"href":"https:\/\/territorialchallenges.com\/nl\/wp-json\/wp\/v2\/posts\/84945"}],"collection":[{"href":"https:\/\/territorialchallenges.com\/nl\/wp-json\/wp\/v2\/posts"}],"about":[{"href":"https:\/\/territorialchallenges.com\/nl\/wp-json\/wp\/v2\/types\/post"}],"author":[{"embeddable":true,"href":"https:\/\/territorialchallenges.com\/nl\/wp-json\/wp\/v2\/users\/11"}],"replies":[{"embeddable":true,"href":"https:\/\/territorialchallenges.com\/nl\/wp-json\/wp\/v2\/comments?post=84945"}],"version-history":[{"count":1,"href":"https:\/\/territorialchallenges.com\/nl\/wp-json\/wp\/v2\/posts\/84945\/revisions"}],"predecessor-version":[{"id":84949,"href":"https:\/\/territorialchallenges.com\/nl\/wp-json\/wp\/v2\/posts\/84945\/revisions\/84949"}],"wp:featuredmedia":[{"embeddable":true,"href":"https:\/\/territorialchallenges.com\/nl\/wp-json\/wp\/v2\/media\/84946"}],"wp:attachment":[{"href":"https:\/\/territorialchallenges.com\/nl\/wp-json\/wp\/v2\/media?parent=84945"}],"wp:term":[{"taxonomy":"category","embeddable":true,"href":"https:\/\/territorialchallenges.com\/nl\/wp-json\/wp\/v2\/categories?post=84945"},{"taxonomy":"post_tag","embeddable":true,"href":"https:\/\/territorialchallenges.com\/nl\/wp-json\/wp\/v2\/tags?post=84945"}],"curies":[{"name":"wp","href":"https:\/\/api.w.org\/{rel}","templated":true}]}}