{"id":84362,"date":"2019-11-15T19:32:35","date_gmt":"2019-11-15T18:32:35","guid":{"rendered":"https:\/\/territorialchallenges.com\/?p=84362"},"modified":"2019-11-21T07:11:23","modified_gmt":"2019-11-21T06:11:23","slug":"une-transition-energetique-europeenne-qui-se-fait-attendre","status":"publish","type":"post","link":"https:\/\/territorialchallenges.com\/nl\/2019\/11\/15\/une-transition-energetique-europeenne-qui-se-fait-attendre\/84362\/","title":{"rendered":"Een langverwachte Europese energietransitie"},"content":{"rendered":"<p>Ze waren Frans, Engels, Iers, Russisch, Duits, Hongaars, Servisch... van Lucien Gaulard tot Nikola Tesla: het verhaal van de uitvinding van de elektrische transformator laat zien dat innovatie op het gebied van elektriciteit al in de 19e eeuw een gemeenschappelijke traditie was in Europa. Is er geen gebrek aan historische kennis in de huidige debatten over de Franse energietransitie... <\/p>\n<div class=\"pmpro_content_message\">Artikel alleen beschikbaar voor abonnees.<br \/><a href=\"https:\/\/territorialchallenges.com\/wp-login.php\">Login<\/a><br \/><a href=\"https:\/\/territorialchallenges.com\/nl\/wp-login.php\/?action=register\">Register<\/a><\/div>","protected":false},"excerpt":{"rendered":"<p>Ils \u00e9taient des Fran\u00e7ais, Anglais, Irlandais, Russes, Allemands, Hongrois, Serbes\u2026 de Lucien Gaulard \u00e0 Nikola Tesla, l\u2019histoire de l\u2019invention du transformateur \u00e9lectrique d\u00e9montre que l\u2019innovation dans le domaine de l\u2019\u00e9lectricit\u00e9 \u00e9tait d\u00e9j\u00e0 au XIXe si\u00e8cle une tradition commune \u00e0 l\u2019Europe. Ne manque-t-il pas dans les d\u00e9bats actuels de la transition \u00e9nerg\u00e9tique fran\u00e7aise une lecture historique... <\/p>\n<div class=\"pmpro_content_message\">Artikel alleen beschikbaar voor abonnees.<br \/><a href=\"https:\/\/territorialchallenges.com\/wp-login.php\">Login<\/a><br \/><a href=\"https:\/\/territorialchallenges.com\/nl\/wp-login.php\/?action=register\">Register<\/a><\/div>","protected":false},"author":11,"featured_media":84363,"comment_status":"open","ping_status":"open","sticky":true,"template":"","format":"standard","meta":{"pmpro_default_level":0,"footnotes":""},"categories":[130,117],"tags":[],"blocksy_meta":"","yoast_head":"<!-- This site is optimized with the Yoast SEO plugin v21.5 - https:\/\/yoast.com\/wordpress\/plugins\/seo\/ -->\n<title>Une transition \u00e9nerg\u00e9tique europ\u00e9enne qui se fait attendre - Territorial Challenges<\/title>\n<meta name=\"robots\" content=\"index, follow, max-snippet:-1, max-image-preview:large, max-video-preview:-1\" \/>\n<link rel=\"canonical\" href=\"https:\/\/territorialchallenges.com\/nl\/2019\/11\/15\/une-transition-energetique-europeenne-qui-se-fait-attendre\/84362\/\" \/>\n<meta property=\"og:locale\" content=\"nl_NL\" \/>\n<meta property=\"og:type\" content=\"article\" \/>\n<meta property=\"og:title\" content=\"Une transition \u00e9nerg\u00e9tique europ\u00e9enne qui se fait attendre - Territorial Challenges\" \/>\n<meta property=\"og:description\" content=\"Ils \u00e9taient des Fran\u00e7ais, Anglais, Irlandais, Russes, Allemands, Hongrois, Serbes\u2026 de Lucien Gaulard \u00e0 Nikola Tesla, l\u2019histoire de l\u2019invention du transformateur \u00e9lectrique d\u00e9montre que l\u2019innovation dans le domaine de l\u2019\u00e9lectricit\u00e9 \u00e9tait d\u00e9j\u00e0 au XIXe si\u00e8cle une tradition commune \u00e0 l\u2019Europe. Ne manque-t-il pas dans les d\u00e9bats actuels de la transition \u00e9nerg\u00e9tique fran\u00e7aise une lecture historique [&hellip;]\" \/>\n<meta property=\"og:url\" content=\"https:\/\/territorialchallenges.com\/nl\/2019\/11\/15\/une-transition-energetique-europeenne-qui-se-fait-attendre\/84362\/\" \/>\n<meta property=\"og:site_name\" content=\"Territorial Challenges\" \/>\n<meta property=\"article:published_time\" content=\"2019-11-15T18:32:35+00:00\" \/>\n<meta property=\"article:modified_time\" content=\"2019-11-21T06:11:23+00:00\" \/>\n<meta property=\"og:image\" content=\"https:\/\/territorialchallenges.com\/wp-content\/uploads\/2019\/07\/nikola-tesla-portrait.jpg\" \/>\n\t<meta property=\"og:image:width\" content=\"1920\" \/>\n\t<meta property=\"og:image:height\" content=\"1200\" \/>\n\t<meta property=\"og:image:type\" content=\"image\/jpeg\" \/>\n<meta name=\"author\" content=\"ni.abdi\" \/>\n<meta name=\"twitter:card\" content=\"summary_large_image\" \/>\n<meta name=\"twitter:creator\" content=\"@Ni.abdi\" \/>\n<meta name=\"twitter:label1\" content=\"Geschreven door\" \/>\n\t<meta name=\"twitter:data1\" content=\"ni.abdi\" \/>\n\t<meta name=\"twitter:label2\" content=\"Geschatte leestijd\" \/>\n\t<meta name=\"twitter:data2\" content=\"3 minuten\" \/>\n<script type=\"application\/ld+json\" class=\"yoast-schema-graph\">{\"@context\":\"https:\/\/schema.org\",\"@graph\":[{\"@type\":\"Article\",\"@id\":\"https:\/\/territorialchallenges.com\/2019\/11\/15\/une-transition-energetique-europeenne-qui-se-fait-attendre\/84362\/#article\",\"isPartOf\":{\"@id\":\"https:\/\/territorialchallenges.com\/2019\/11\/15\/une-transition-energetique-europeenne-qui-se-fait-attendre\/84362\/\"},\"author\":{\"name\":\"ni.abdi\",\"@id\":\"https:\/\/territorialchallenges.com\/#\/schema\/person\/098f145c7c61a021c425e010f840080f\"},\"headline\":\"Une transition \u00e9nerg\u00e9tique europ\u00e9enne qui se fait attendre\",\"datePublished\":\"2019-11-15T18:32:35+00:00\",\"dateModified\":\"2019-11-21T06:11:23+00:00\",\"mainEntityOfPage\":{\"@id\":\"https:\/\/territorialchallenges.com\/2019\/11\/15\/une-transition-energetique-europeenne-qui-se-fait-attendre\/84362\/\"},\"wordCount\":569,\"commentCount\":0,\"publisher\":{\"@id\":\"https:\/\/territorialchallenges.com\/#organization\"},\"articleSection\":[\"R\u00e9flexion faite\",\"\u00c9cosyst\u00e8me\"],\"inLanguage\":\"nl-NL\"},{\"@type\":\"WebPage\",\"@id\":\"https:\/\/territorialchallenges.com\/2019\/11\/15\/une-transition-energetique-europeenne-qui-se-fait-attendre\/84362\/\",\"url\":\"https:\/\/territorialchallenges.com\/2019\/11\/15\/une-transition-energetique-europeenne-qui-se-fait-attendre\/84362\/\",\"name\":\"Une transition \u00e9nerg\u00e9tique europ\u00e9enne qui se fait attendre - Territorial Challenges\",\"isPartOf\":{\"@id\":\"https:\/\/territorialchallenges.com\/#website\"},\"datePublished\":\"2019-11-15T18:32:35+00:00\",\"dateModified\":\"2019-11-21T06:11:23+00:00\",\"breadcrumb\":{\"@id\":\"https:\/\/territorialchallenges.com\/2019\/11\/15\/une-transition-energetique-europeenne-qui-se-fait-attendre\/84362\/#breadcrumb\"},\"inLanguage\":\"nl-NL\",\"potentialAction\":[{\"@type\":\"ReadAction\",\"target\":[\"https:\/\/territorialchallenges.com\/2019\/11\/15\/une-transition-energetique-europeenne-qui-se-fait-attendre\/84362\/\"]}]},{\"@type\":\"BreadcrumbList\",\"@id\":\"https:\/\/territorialchallenges.com\/2019\/11\/15\/une-transition-energetique-europeenne-qui-se-fait-attendre\/84362\/#breadcrumb\",\"itemListElement\":[{\"@type\":\"ListItem\",\"position\":1,\"name\":\"Home\",\"item\":\"https:\/\/territorialchallenges.com\/\"},{\"@type\":\"ListItem\",\"position\":2,\"name\":\"Une transition \u00e9nerg\u00e9tique europ\u00e9enne qui se fait attendre\"}]},{\"@type\":\"WebSite\",\"@id\":\"https:\/\/territorialchallenges.com\/#website\",\"url\":\"https:\/\/territorialchallenges.com\/\",\"name\":\"Territorial Challenges\",\"description\":\"Veille Internationale - Strat\u00e9gie Intelligentes - Bonnes pratiques\",\"publisher\":{\"@id\":\"https:\/\/territorialchallenges.com\/#organization\"},\"potentialAction\":[{\"@type\":\"SearchAction\",\"target\":{\"@type\":\"EntryPoint\",\"urlTemplate\":\"https:\/\/territorialchallenges.com\/?s={search_term_string}\"},\"query-input\":\"required name=search_term_string\"}],\"inLanguage\":\"nl-NL\"},{\"@type\":\"Organization\",\"@id\":\"https:\/\/territorialchallenges.com\/#organization\",\"name\":\"Territorial Challenges\",\"url\":\"https:\/\/territorialchallenges.com\/\",\"logo\":{\"@type\":\"ImageObject\",\"inLanguage\":\"nl-NL\",\"@id\":\"https:\/\/territorialchallenges.com\/#\/schema\/logo\/image\/\",\"url\":\"https:\/\/territorialchallenges.com\/wp-content\/uploads\/2023\/10\/logo-1.png\",\"contentUrl\":\"https:\/\/territorialchallenges.com\/wp-content\/uploads\/2023\/10\/logo-1.png\",\"width\":1832,\"height\":576,\"caption\":\"Territorial Challenges\"},\"image\":{\"@id\":\"https:\/\/territorialchallenges.com\/#\/schema\/logo\/image\/\"}},{\"@type\":\"Person\",\"@id\":\"https:\/\/territorialchallenges.com\/#\/schema\/person\/098f145c7c61a021c425e010f840080f\",\"name\":\"ni.abdi\",\"image\":{\"@type\":\"ImageObject\",\"inLanguage\":\"nl-NL\",\"@id\":\"https:\/\/territorialchallenges.com\/#\/schema\/person\/image\/\",\"url\":\"https:\/\/secure.gravatar.com\/avatar\/2a2f2491f3c80039986ba989b1e4b510?s=96&d=identicon&r=g\",\"contentUrl\":\"https:\/\/secure.gravatar.com\/avatar\/2a2f2491f3c80039986ba989b1e4b510?s=96&d=identicon&r=g\",\"caption\":\"ni.abdi\"},\"sameAs\":[\"https:\/\/twitter.com\/Ni.abdi\"],\"url\":\"https:\/\/territorialchallenges.com\/nl\/author\/ni-abdi\/\"}]}<\/script>\n<!-- \/ Yoast SEO plugin. -->","yoast_head_json":{"title":"Une transition \u00e9nerg\u00e9tique europ\u00e9enne qui se fait attendre - Territorial Challenges","robots":{"index":"index","follow":"follow","max-snippet":"max-snippet:-1","max-image-preview":"max-image-preview:large","max-video-preview":"max-video-preview:-1"},"canonical":"https:\/\/territorialchallenges.com\/nl\/2019\/11\/15\/une-transition-energetique-europeenne-qui-se-fait-attendre\/84362\/","og_locale":"nl_NL","og_type":"article","og_title":"Une transition \u00e9nerg\u00e9tique europ\u00e9enne qui se fait attendre - Territorial Challenges","og_description":"Ils \u00e9taient des Fran\u00e7ais, Anglais, Irlandais, Russes, Allemands, Hongrois, Serbes\u2026 de Lucien Gaulard \u00e0 Nikola Tesla, l\u2019histoire de l\u2019invention du transformateur \u00e9lectrique d\u00e9montre que l\u2019innovation dans le domaine de l\u2019\u00e9lectricit\u00e9 \u00e9tait d\u00e9j\u00e0 au XIXe si\u00e8cle une tradition commune \u00e0 l\u2019Europe. Ne manque-t-il pas dans les d\u00e9bats actuels de la transition \u00e9nerg\u00e9tique fran\u00e7aise une lecture historique [&hellip;]","og_url":"https:\/\/territorialchallenges.com\/nl\/2019\/11\/15\/une-transition-energetique-europeenne-qui-se-fait-attendre\/84362\/","og_site_name":"Territorial Challenges","article_published_time":"2019-11-15T18:32:35+00:00","article_modified_time":"2019-11-21T06:11:23+00:00","og_image":[{"width":1920,"height":1200,"url":"https:\/\/territorialchallenges.com\/wp-content\/uploads\/2019\/07\/nikola-tesla-portrait.jpg","type":"image\/jpeg"}],"author":"ni.abdi","twitter_card":"summary_large_image","twitter_creator":"@Ni.abdi","twitter_misc":{"Geschreven door":"ni.abdi","Geschatte leestijd":"3 minuten"},"schema":{"@context":"https:\/\/schema.org","@graph":[{"@type":"Article","@id":"https:\/\/territorialchallenges.com\/2019\/11\/15\/une-transition-energetique-europeenne-qui-se-fait-attendre\/84362\/#article","isPartOf":{"@id":"https:\/\/territorialchallenges.com\/2019\/11\/15\/une-transition-energetique-europeenne-qui-se-fait-attendre\/84362\/"},"author":{"name":"ni.abdi","@id":"https:\/\/territorialchallenges.com\/#\/schema\/person\/098f145c7c61a021c425e010f840080f"},"headline":"Une transition \u00e9nerg\u00e9tique europ\u00e9enne qui se fait attendre","datePublished":"2019-11-15T18:32:35+00:00","dateModified":"2019-11-21T06:11:23+00:00","mainEntityOfPage":{"@id":"https:\/\/territorialchallenges.com\/2019\/11\/15\/une-transition-energetique-europeenne-qui-se-fait-attendre\/84362\/"},"wordCount":569,"commentCount":0,"publisher":{"@id":"https:\/\/territorialchallenges.com\/#organization"},"articleSection":["R\u00e9flexion faite","\u00c9cosyst\u00e8me"],"inLanguage":"nl-NL"},{"@type":"WebPage","@id":"https:\/\/territorialchallenges.com\/2019\/11\/15\/une-transition-energetique-europeenne-qui-se-fait-attendre\/84362\/","url":"https:\/\/territorialchallenges.com\/2019\/11\/15\/une-transition-energetique-europeenne-qui-se-fait-attendre\/84362\/","name":"Une transition \u00e9nerg\u00e9tique europ\u00e9enne qui se fait attendre - Territorial Challenges","isPartOf":{"@id":"https:\/\/territorialchallenges.com\/#website"},"datePublished":"2019-11-15T18:32:35+00:00","dateModified":"2019-11-21T06:11:23+00:00","breadcrumb":{"@id":"https:\/\/territorialchallenges.com\/2019\/11\/15\/une-transition-energetique-europeenne-qui-se-fait-attendre\/84362\/#breadcrumb"},"inLanguage":"nl-NL","potentialAction":[{"@type":"ReadAction","target":["https:\/\/territorialchallenges.com\/2019\/11\/15\/une-transition-energetique-europeenne-qui-se-fait-attendre\/84362\/"]}]},{"@type":"BreadcrumbList","@id":"https:\/\/territorialchallenges.com\/2019\/11\/15\/une-transition-energetique-europeenne-qui-se-fait-attendre\/84362\/#breadcrumb","itemListElement":[{"@type":"ListItem","position":1,"name":"Home","item":"https:\/\/territorialchallenges.com\/"},{"@type":"ListItem","position":2,"name":"Une transition \u00e9nerg\u00e9tique europ\u00e9enne qui se fait attendre"}]},{"@type":"WebSite","@id":"https:\/\/territorialchallenges.com\/#website","url":"https:\/\/territorialchallenges.com\/","name":"Territoriale uitdagingen","description":"Internationale monitoring - Slimme strategie\u00ebn - Beste praktijken","publisher":{"@id":"https:\/\/territorialchallenges.com\/#organization"},"potentialAction":[{"@type":"SearchAction","target":{"@type":"EntryPoint","urlTemplate":"https:\/\/territorialchallenges.com\/?s={search_term_string}"},"query-input":"required name=search_term_string"}],"inLanguage":"nl-NL"},{"@type":"Organization","@id":"https:\/\/territorialchallenges.com\/#organization","name":"Territoriale uitdagingen","url":"https:\/\/territorialchallenges.com\/","logo":{"@type":"ImageObject","inLanguage":"nl-NL","@id":"https:\/\/territorialchallenges.com\/#\/schema\/logo\/image\/","url":"https:\/\/territorialchallenges.com\/wp-content\/uploads\/2023\/10\/logo-1.png","contentUrl":"https:\/\/territorialchallenges.com\/wp-content\/uploads\/2023\/10\/logo-1.png","width":1832,"height":576,"caption":"Territorial Challenges"},"image":{"@id":"https:\/\/territorialchallenges.com\/#\/schema\/logo\/image\/"}},{"@type":"Person","@id":"https:\/\/territorialchallenges.com\/#\/schema\/person\/098f145c7c61a021c425e010f840080f","name":"ni.abdi","image":{"@type":"ImageObject","inLanguage":"nl-NL","@id":"https:\/\/territorialchallenges.com\/#\/schema\/person\/image\/","url":"https:\/\/secure.gravatar.com\/avatar\/2a2f2491f3c80039986ba989b1e4b510?s=96&d=identicon&r=g","contentUrl":"https:\/\/secure.gravatar.com\/avatar\/2a2f2491f3c80039986ba989b1e4b510?s=96&d=identicon&r=g","caption":"ni.abdi"},"sameAs":["https:\/\/twitter.com\/Ni.abdi"],"url":"https:\/\/territorialchallenges.com\/nl\/author\/ni-abdi\/"}]}},"_links":{"self":[{"href":"https:\/\/territorialchallenges.com\/nl\/wp-json\/wp\/v2\/posts\/84362"}],"collection":[{"href":"https:\/\/territorialchallenges.com\/nl\/wp-json\/wp\/v2\/posts"}],"about":[{"href":"https:\/\/territorialchallenges.com\/nl\/wp-json\/wp\/v2\/types\/post"}],"author":[{"embeddable":true,"href":"https:\/\/territorialchallenges.com\/nl\/wp-json\/wp\/v2\/users\/11"}],"replies":[{"embeddable":true,"href":"https:\/\/territorialchallenges.com\/nl\/wp-json\/wp\/v2\/comments?post=84362"}],"version-history":[{"count":1,"href":"https:\/\/territorialchallenges.com\/nl\/wp-json\/wp\/v2\/posts\/84362\/revisions"}],"predecessor-version":[{"id":84367,"href":"https:\/\/territorialchallenges.com\/nl\/wp-json\/wp\/v2\/posts\/84362\/revisions\/84367"}],"wp:featuredmedia":[{"embeddable":true,"href":"https:\/\/territorialchallenges.com\/nl\/wp-json\/wp\/v2\/media\/84363"}],"wp:attachment":[{"href":"https:\/\/territorialchallenges.com\/nl\/wp-json\/wp\/v2\/media?parent=84362"}],"wp:term":[{"taxonomy":"category","embeddable":true,"href":"https:\/\/territorialchallenges.com\/nl\/wp-json\/wp\/v2\/categories?post=84362"},{"taxonomy":"post_tag","embeddable":true,"href":"https:\/\/territorialchallenges.com\/nl\/wp-json\/wp\/v2\/tags?post=84362"}],"curies":[{"name":"wp","href":"https:\/\/api.w.org\/{rel}","templated":true}]}}