{"id":84047,"date":"2019-11-04T16:51:04","date_gmt":"2019-11-04T15:51:04","guid":{"rendered":"https:\/\/territorialchallenges.com\/?p=84047"},"modified":"2019-11-25T22:06:59","modified_gmt":"2019-11-25T21:06:59","slug":"le-cloud-et-les-iot-avenir-de-la-logistique","status":"publish","type":"post","link":"https:\/\/territorialchallenges.com\/nl\/2019\/11\/04\/le-cloud-et-les-iot-avenir-de-la-logistique\/84047\/","title":{"rendered":"Cloud en IoT: de toekomst van logistiek"},"content":{"rendered":"<p>Slimme toeleveringsketens, inclusief fabrieken, magazijnen en transport, zijn werkelijkheid geworden dankzij de adoptie van technologische innovaties zoals de cloud, het Internet of Things (IoT), kunstmatige intelligentie (AI) en machine learning (ML). Jorge S\u00e1nchez Salas, directeur verkoop en services voor Latijns-Amerika bij softwareleverancier JDA, analyseert\u2026 <\/p>\n<div class=\"pmpro_content_message\">Artikel alleen beschikbaar voor abonnees.<br \/><a href=\"https:\/\/territorialchallenges.com\/wp-login.php\">Login<\/a><br \/><a href=\"https:\/\/territorialchallenges.com\/nl\/wp-login.php\/?action=register\">Register<\/a><\/div>","protected":false},"excerpt":{"rendered":"<p>Les cha\u00eenes intelligentes d&rsquo;approvisionnement, y compris les usines, les entrep\u00f4ts et les transports, sont devenues une r\u00e9alit\u00e9 gr\u00e2ce \u00e0 l&rsquo;adoption d&rsquo;innovations technologiques telles que le cloud, l&rsquo;Internet des objets (IoT), l&rsquo;intelligence artificielle (IA) et le machine learning (ML). Jorge S\u00e1nchez Salas,\u00a0directeur des ventes et des services pour l&rsquo;Am\u00e9rique latine du fournisseur de logiciels JDA, analyse... <\/p>\n<div class=\"pmpro_content_message\">Artikel alleen beschikbaar voor abonnees.<br \/><a href=\"https:\/\/territorialchallenges.com\/wp-login.php\">Login<\/a><br \/><a href=\"https:\/\/territorialchallenges.com\/nl\/wp-login.php\/?action=register\">Register<\/a><\/div>","protected":false},"author":11,"featured_media":84052,"comment_status":"open","ping_status":"open","sticky":false,"template":"","format":"standard","meta":{"pmpro_default_level":0,"footnotes":""},"categories":[16,124],"tags":[],"blocksy_meta":"","yoast_head":"<!-- This site is optimized with the Yoast SEO plugin v21.5 - https:\/\/yoast.com\/wordpress\/plugins\/seo\/ -->\n<title>Le cloud et les IoT avenir de la logistique - Territorial Challenges<\/title>\n<meta name=\"robots\" content=\"index, follow, max-snippet:-1, max-image-preview:large, max-video-preview:-1\" \/>\n<link rel=\"canonical\" href=\"https:\/\/territorialchallenges.com\/nl\/2019\/11\/04\/le-cloud-et-les-iot-avenir-de-la-logistique\/84047\/\" \/>\n<meta property=\"og:locale\" content=\"nl_NL\" \/>\n<meta property=\"og:type\" content=\"article\" \/>\n<meta property=\"og:title\" content=\"Le cloud et les IoT avenir de la logistique - Territorial Challenges\" \/>\n<meta property=\"og:description\" content=\"Les cha\u00eenes intelligentes d&rsquo;approvisionnement, y compris les usines, les entrep\u00f4ts et les transports, sont devenues une r\u00e9alit\u00e9 gr\u00e2ce \u00e0 l&rsquo;adoption d&rsquo;innovations technologiques telles que le cloud, l&rsquo;Internet des objets (IoT), l&rsquo;intelligence artificielle (IA) et le machine learning (ML). Jorge S\u00e1nchez Salas,\u00a0directeur des ventes et des services pour l&rsquo;Am\u00e9rique latine du fournisseur de logiciels JDA, analyse [&hellip;]\" \/>\n<meta property=\"og:url\" content=\"https:\/\/territorialchallenges.com\/nl\/2019\/11\/04\/le-cloud-et-les-iot-avenir-de-la-logistique\/84047\/\" \/>\n<meta property=\"og:site_name\" content=\"Territorial Challenges\" \/>\n<meta property=\"article:published_time\" content=\"2019-11-04T15:51:04+00:00\" \/>\n<meta property=\"article:modified_time\" content=\"2019-11-25T21:06:59+00:00\" \/>\n<meta property=\"og:image\" content=\"https:\/\/territorialchallenges.com\/wp-content\/uploads\/2019\/06\/logisticsIOT.jpg\" \/>\n\t<meta property=\"og:image:width\" content=\"1920\" \/>\n\t<meta property=\"og:image:height\" content=\"1280\" \/>\n\t<meta property=\"og:image:type\" content=\"image\/jpeg\" \/>\n<meta name=\"author\" content=\"ni.abdi\" \/>\n<meta name=\"twitter:card\" content=\"summary_large_image\" \/>\n<meta name=\"twitter:creator\" content=\"@Ni.abdi\" \/>\n<meta name=\"twitter:label1\" content=\"Geschreven door\" \/>\n\t<meta name=\"twitter:data1\" content=\"ni.abdi\" \/>\n\t<meta name=\"twitter:label2\" content=\"Geschatte leestijd\" \/>\n\t<meta name=\"twitter:data2\" content=\"3 minuten\" \/>\n<script type=\"application\/ld+json\" class=\"yoast-schema-graph\">{\"@context\":\"https:\/\/schema.org\",\"@graph\":[{\"@type\":\"Article\",\"@id\":\"https:\/\/territorialchallenges.com\/2019\/11\/04\/le-cloud-et-les-iot-avenir-de-la-logistique\/84047\/#article\",\"isPartOf\":{\"@id\":\"https:\/\/territorialchallenges.com\/2019\/11\/04\/le-cloud-et-les-iot-avenir-de-la-logistique\/84047\/\"},\"author\":{\"name\":\"ni.abdi\",\"@id\":\"https:\/\/territorialchallenges.com\/#\/schema\/person\/098f145c7c61a021c425e010f840080f\"},\"headline\":\"Le cloud et les IoT avenir de la logistique\",\"datePublished\":\"2019-11-04T15:51:04+00:00\",\"dateModified\":\"2019-11-25T21:06:59+00:00\",\"mainEntityOfPage\":{\"@id\":\"https:\/\/territorialchallenges.com\/2019\/11\/04\/le-cloud-et-les-iot-avenir-de-la-logistique\/84047\/\"},\"wordCount\":658,\"commentCount\":0,\"publisher\":{\"@id\":\"https:\/\/territorialchallenges.com\/#organization\"},\"articleSection\":[\"Donn\u00e9es\/Objets Connect\u00e9s\",\"Actualit\u00e9 internationale\"],\"inLanguage\":\"nl-NL\"},{\"@type\":\"WebPage\",\"@id\":\"https:\/\/territorialchallenges.com\/2019\/11\/04\/le-cloud-et-les-iot-avenir-de-la-logistique\/84047\/\",\"url\":\"https:\/\/territorialchallenges.com\/2019\/11\/04\/le-cloud-et-les-iot-avenir-de-la-logistique\/84047\/\",\"name\":\"Le cloud et les IoT avenir de la logistique - Territorial Challenges\",\"isPartOf\":{\"@id\":\"https:\/\/territorialchallenges.com\/#website\"},\"datePublished\":\"2019-11-04T15:51:04+00:00\",\"dateModified\":\"2019-11-25T21:06:59+00:00\",\"breadcrumb\":{\"@id\":\"https:\/\/territorialchallenges.com\/2019\/11\/04\/le-cloud-et-les-iot-avenir-de-la-logistique\/84047\/#breadcrumb\"},\"inLanguage\":\"nl-NL\",\"potentialAction\":[{\"@type\":\"ReadAction\",\"target\":[\"https:\/\/territorialchallenges.com\/2019\/11\/04\/le-cloud-et-les-iot-avenir-de-la-logistique\/84047\/\"]}]},{\"@type\":\"BreadcrumbList\",\"@id\":\"https:\/\/territorialchallenges.com\/2019\/11\/04\/le-cloud-et-les-iot-avenir-de-la-logistique\/84047\/#breadcrumb\",\"itemListElement\":[{\"@type\":\"ListItem\",\"position\":1,\"name\":\"Home\",\"item\":\"https:\/\/territorialchallenges.com\/\"},{\"@type\":\"ListItem\",\"position\":2,\"name\":\"Le cloud et les IoT avenir de la logistique\"}]},{\"@type\":\"WebSite\",\"@id\":\"https:\/\/territorialchallenges.com\/#website\",\"url\":\"https:\/\/territorialchallenges.com\/\",\"name\":\"Territorial Challenges\",\"description\":\"Veille Internationale - Strat\u00e9gie Intelligentes - Bonnes pratiques\",\"publisher\":{\"@id\":\"https:\/\/territorialchallenges.com\/#organization\"},\"potentialAction\":[{\"@type\":\"SearchAction\",\"target\":{\"@type\":\"EntryPoint\",\"urlTemplate\":\"https:\/\/territorialchallenges.com\/?s={search_term_string}\"},\"query-input\":\"required name=search_term_string\"}],\"inLanguage\":\"nl-NL\"},{\"@type\":\"Organization\",\"@id\":\"https:\/\/territorialchallenges.com\/#organization\",\"name\":\"Territorial Challenges\",\"url\":\"https:\/\/territorialchallenges.com\/\",\"logo\":{\"@type\":\"ImageObject\",\"inLanguage\":\"nl-NL\",\"@id\":\"https:\/\/territorialchallenges.com\/#\/schema\/logo\/image\/\",\"url\":\"https:\/\/territorialchallenges.com\/wp-content\/uploads\/2023\/10\/logo-1.png\",\"contentUrl\":\"https:\/\/territorialchallenges.com\/wp-content\/uploads\/2023\/10\/logo-1.png\",\"width\":1832,\"height\":576,\"caption\":\"Territorial Challenges\"},\"image\":{\"@id\":\"https:\/\/territorialchallenges.com\/#\/schema\/logo\/image\/\"}},{\"@type\":\"Person\",\"@id\":\"https:\/\/territorialchallenges.com\/#\/schema\/person\/098f145c7c61a021c425e010f840080f\",\"name\":\"ni.abdi\",\"image\":{\"@type\":\"ImageObject\",\"inLanguage\":\"nl-NL\",\"@id\":\"https:\/\/territorialchallenges.com\/#\/schema\/person\/image\/\",\"url\":\"https:\/\/secure.gravatar.com\/avatar\/2a2f2491f3c80039986ba989b1e4b510?s=96&d=identicon&r=g\",\"contentUrl\":\"https:\/\/secure.gravatar.com\/avatar\/2a2f2491f3c80039986ba989b1e4b510?s=96&d=identicon&r=g\",\"caption\":\"ni.abdi\"},\"sameAs\":[\"https:\/\/twitter.com\/Ni.abdi\"],\"url\":\"https:\/\/territorialchallenges.com\/nl\/author\/ni-abdi\/\"}]}<\/script>\n<!-- \/ Yoast SEO plugin. -->","yoast_head_json":{"title":"Le cloud et les IoT avenir de la logistique - Territorial Challenges","robots":{"index":"index","follow":"follow","max-snippet":"max-snippet:-1","max-image-preview":"max-image-preview:large","max-video-preview":"max-video-preview:-1"},"canonical":"https:\/\/territorialchallenges.com\/nl\/2019\/11\/04\/le-cloud-et-les-iot-avenir-de-la-logistique\/84047\/","og_locale":"nl_NL","og_type":"article","og_title":"Le cloud et les IoT avenir de la logistique - Territorial Challenges","og_description":"Les cha\u00eenes intelligentes d&rsquo;approvisionnement, y compris les usines, les entrep\u00f4ts et les transports, sont devenues une r\u00e9alit\u00e9 gr\u00e2ce \u00e0 l&rsquo;adoption d&rsquo;innovations technologiques telles que le cloud, l&rsquo;Internet des objets (IoT), l&rsquo;intelligence artificielle (IA) et le machine learning (ML). Jorge S\u00e1nchez Salas,\u00a0directeur des ventes et des services pour l&rsquo;Am\u00e9rique latine du fournisseur de logiciels JDA, analyse [&hellip;]","og_url":"https:\/\/territorialchallenges.com\/nl\/2019\/11\/04\/le-cloud-et-les-iot-avenir-de-la-logistique\/84047\/","og_site_name":"Territorial Challenges","article_published_time":"2019-11-04T15:51:04+00:00","article_modified_time":"2019-11-25T21:06:59+00:00","og_image":[{"width":1920,"height":1280,"url":"https:\/\/territorialchallenges.com\/wp-content\/uploads\/2019\/06\/logisticsIOT.jpg","type":"image\/jpeg"}],"author":"ni.abdi","twitter_card":"summary_large_image","twitter_creator":"@Ni.abdi","twitter_misc":{"Geschreven door":"ni.abdi","Geschatte leestijd":"3 minuten"},"schema":{"@context":"https:\/\/schema.org","@graph":[{"@type":"Article","@id":"https:\/\/territorialchallenges.com\/2019\/11\/04\/le-cloud-et-les-iot-avenir-de-la-logistique\/84047\/#article","isPartOf":{"@id":"https:\/\/territorialchallenges.com\/2019\/11\/04\/le-cloud-et-les-iot-avenir-de-la-logistique\/84047\/"},"author":{"name":"ni.abdi","@id":"https:\/\/territorialchallenges.com\/#\/schema\/person\/098f145c7c61a021c425e010f840080f"},"headline":"Le cloud et les IoT avenir de la logistique","datePublished":"2019-11-04T15:51:04+00:00","dateModified":"2019-11-25T21:06:59+00:00","mainEntityOfPage":{"@id":"https:\/\/territorialchallenges.com\/2019\/11\/04\/le-cloud-et-les-iot-avenir-de-la-logistique\/84047\/"},"wordCount":658,"commentCount":0,"publisher":{"@id":"https:\/\/territorialchallenges.com\/#organization"},"articleSection":["Donn\u00e9es\/Objets Connect\u00e9s","Actualit\u00e9 internationale"],"inLanguage":"nl-NL"},{"@type":"WebPage","@id":"https:\/\/territorialchallenges.com\/2019\/11\/04\/le-cloud-et-les-iot-avenir-de-la-logistique\/84047\/","url":"https:\/\/territorialchallenges.com\/2019\/11\/04\/le-cloud-et-les-iot-avenir-de-la-logistique\/84047\/","name":"Le cloud et les IoT avenir de la logistique - Territorial Challenges","isPartOf":{"@id":"https:\/\/territorialchallenges.com\/#website"},"datePublished":"2019-11-04T15:51:04+00:00","dateModified":"2019-11-25T21:06:59+00:00","breadcrumb":{"@id":"https:\/\/territorialchallenges.com\/2019\/11\/04\/le-cloud-et-les-iot-avenir-de-la-logistique\/84047\/#breadcrumb"},"inLanguage":"nl-NL","potentialAction":[{"@type":"ReadAction","target":["https:\/\/territorialchallenges.com\/2019\/11\/04\/le-cloud-et-les-iot-avenir-de-la-logistique\/84047\/"]}]},{"@type":"BreadcrumbList","@id":"https:\/\/territorialchallenges.com\/2019\/11\/04\/le-cloud-et-les-iot-avenir-de-la-logistique\/84047\/#breadcrumb","itemListElement":[{"@type":"ListItem","position":1,"name":"Home","item":"https:\/\/territorialchallenges.com\/"},{"@type":"ListItem","position":2,"name":"Le cloud et les IoT avenir de la logistique"}]},{"@type":"WebSite","@id":"https:\/\/territorialchallenges.com\/#website","url":"https:\/\/territorialchallenges.com\/","name":"Territoriale uitdagingen","description":"Internationale monitoring - Slimme strategie\u00ebn - Beste praktijken","publisher":{"@id":"https:\/\/territorialchallenges.com\/#organization"},"potentialAction":[{"@type":"SearchAction","target":{"@type":"EntryPoint","urlTemplate":"https:\/\/territorialchallenges.com\/?s={search_term_string}"},"query-input":"required name=search_term_string"}],"inLanguage":"nl-NL"},{"@type":"Organization","@id":"https:\/\/territorialchallenges.com\/#organization","name":"Territoriale uitdagingen","url":"https:\/\/territorialchallenges.com\/","logo":{"@type":"ImageObject","inLanguage":"nl-NL","@id":"https:\/\/territorialchallenges.com\/#\/schema\/logo\/image\/","url":"https:\/\/territorialchallenges.com\/wp-content\/uploads\/2023\/10\/logo-1.png","contentUrl":"https:\/\/territorialchallenges.com\/wp-content\/uploads\/2023\/10\/logo-1.png","width":1832,"height":576,"caption":"Territorial Challenges"},"image":{"@id":"https:\/\/territorialchallenges.com\/#\/schema\/logo\/image\/"}},{"@type":"Person","@id":"https:\/\/territorialchallenges.com\/#\/schema\/person\/098f145c7c61a021c425e010f840080f","name":"ni.abdi","image":{"@type":"ImageObject","inLanguage":"nl-NL","@id":"https:\/\/territorialchallenges.com\/#\/schema\/person\/image\/","url":"https:\/\/secure.gravatar.com\/avatar\/2a2f2491f3c80039986ba989b1e4b510?s=96&d=identicon&r=g","contentUrl":"https:\/\/secure.gravatar.com\/avatar\/2a2f2491f3c80039986ba989b1e4b510?s=96&d=identicon&r=g","caption":"ni.abdi"},"sameAs":["https:\/\/twitter.com\/Ni.abdi"],"url":"https:\/\/territorialchallenges.com\/nl\/author\/ni-abdi\/"}]}},"_links":{"self":[{"href":"https:\/\/territorialchallenges.com\/nl\/wp-json\/wp\/v2\/posts\/84047"}],"collection":[{"href":"https:\/\/territorialchallenges.com\/nl\/wp-json\/wp\/v2\/posts"}],"about":[{"href":"https:\/\/territorialchallenges.com\/nl\/wp-json\/wp\/v2\/types\/post"}],"author":[{"embeddable":true,"href":"https:\/\/territorialchallenges.com\/nl\/wp-json\/wp\/v2\/users\/11"}],"replies":[{"embeddable":true,"href":"https:\/\/territorialchallenges.com\/nl\/wp-json\/wp\/v2\/comments?post=84047"}],"version-history":[{"count":2,"href":"https:\/\/territorialchallenges.com\/nl\/wp-json\/wp\/v2\/posts\/84047\/revisions"}],"predecessor-version":[{"id":84053,"href":"https:\/\/territorialchallenges.com\/nl\/wp-json\/wp\/v2\/posts\/84047\/revisions\/84053"}],"wp:featuredmedia":[{"embeddable":true,"href":"https:\/\/territorialchallenges.com\/nl\/wp-json\/wp\/v2\/media\/84052"}],"wp:attachment":[{"href":"https:\/\/territorialchallenges.com\/nl\/wp-json\/wp\/v2\/media?parent=84047"}],"wp:term":[{"taxonomy":"category","embeddable":true,"href":"https:\/\/territorialchallenges.com\/nl\/wp-json\/wp\/v2\/categories?post=84047"},{"taxonomy":"post_tag","embeddable":true,"href":"https:\/\/territorialchallenges.com\/nl\/wp-json\/wp\/v2\/tags?post=84047"}],"curies":[{"name":"wp","href":"https:\/\/api.w.org\/{rel}","templated":true}]}}