{"id":581,"date":"2016-08-06T11:30:14","date_gmt":"2016-08-06T09:30:14","guid":{"rendered":"http:\/\/e-novatio.com\/?p=581"},"modified":"2016-08-06T11:30:14","modified_gmt":"2016-08-06T09:30:14","slug":"faut-il-une-exception-culturelle-francaise-ou-europeenne-de-lefficacite-energetique","status":"publish","type":"post","link":"https:\/\/territorialchallenges.com\/nl\/2016\/08\/06\/faut-il-une-exception-culturelle-francaise-ou-europeenne-de-lefficacite-energetique\/581\/","title":{"rendered":"Is er behoefte aan een Franse of Europese culturele uitzondering op energie-effici\u00ebntie?"},"content":{"rendered":"<p>(24 mei 2013) Nu de Franse energietransitie volgens schema verloopt, lijken sommige industri\u00eblen en politici het debat naar Europees niveau te willen brengen. Terwijl de energietransitie nog steeds op schema ligt, vragen Franse industri\u00eblen in de sector zich steeds vaker af of er een Europees debat moet komen. Hoe kunnen we tegelijkertijd... <\/p>\n<div class=\"pmpro_content_message\">Artikel alleen beschikbaar voor abonnees.<br \/><a href=\"https:\/\/territorialchallenges.com\/wp-login.php\">Login<\/a><br \/><a href=\"https:\/\/territorialchallenges.com\/nl\/wp-login.php\/?action=register\">Register<\/a><\/div>","protected":false},"excerpt":{"rendered":"<p>(24 mai 2013) Alors que la transition \u00e9nerg\u00e9tique fran\u00e7aise suit son calendrier, il semble que certains industriels et politiques veulent porter le d\u00e9bat \u00e0 l&rsquo;\u00e9chelle europ\u00e9enne. Toujours en plein calendrier de la transition \u00e9nerg\u00e9tique, la question d&rsquo;un d\u00e9bat europ\u00e9en se pose de plus en plus aux industriels fran\u00e7ais du secteur. Comment tout \u00e0 la fois... <\/p>\n<div class=\"pmpro_content_message\">Artikel alleen beschikbaar voor abonnees.<br \/><a href=\"https:\/\/territorialchallenges.com\/wp-login.php\">Login<\/a><br \/><a href=\"https:\/\/territorialchallenges.com\/nl\/wp-login.php\/?action=register\">Register<\/a><\/div>","protected":false},"author":11,"featured_media":0,"comment_status":"open","ping_status":"open","sticky":true,"template":"","format":"standard","meta":{"pmpro_default_level":0,"footnotes":""},"categories":[123],"tags":[],"blocksy_meta":"","yoast_head":"<!-- This site is optimized with the Yoast SEO plugin v21.5 - https:\/\/yoast.com\/wordpress\/plugins\/seo\/ -->\n<title>Faut-il une exception culturelle fran\u00e7aise ou europ\u00e9enne de l&#039;efficacit\u00e9 \u00e9nerg\u00e9tique - Territorial Challenges<\/title>\n<meta name=\"robots\" content=\"index, follow, max-snippet:-1, max-image-preview:large, max-video-preview:-1\" \/>\n<link rel=\"canonical\" href=\"https:\/\/territorialchallenges.com\/nl\/2016\/08\/06\/faut-il-une-exception-culturelle-francaise-ou-europeenne-de-lefficacite-energetique\/581\/\" \/>\n<meta property=\"og:locale\" content=\"nl_NL\" \/>\n<meta property=\"og:type\" content=\"article\" \/>\n<meta property=\"og:title\" content=\"Faut-il une exception culturelle fran\u00e7aise ou europ\u00e9enne de l&#039;efficacit\u00e9 \u00e9nerg\u00e9tique - Territorial Challenges\" \/>\n<meta property=\"og:description\" content=\"(24 mai 2013) Alors que la transition \u00e9nerg\u00e9tique fran\u00e7aise suit son calendrier, il semble que certains industriels et politiques veulent porter le d\u00e9bat \u00e0 l&rsquo;\u00e9chelle europ\u00e9enne. Toujours en plein calendrier de la transition \u00e9nerg\u00e9tique, la question d&rsquo;un d\u00e9bat europ\u00e9en se pose de plus en plus aux industriels fran\u00e7ais du secteur. Comment tout \u00e0 la fois [&hellip;]\" \/>\n<meta property=\"og:url\" content=\"https:\/\/territorialchallenges.com\/nl\/2016\/08\/06\/faut-il-une-exception-culturelle-francaise-ou-europeenne-de-lefficacite-energetique\/581\/\" \/>\n<meta property=\"og:site_name\" content=\"Territorial Challenges\" \/>\n<meta property=\"article:published_time\" content=\"2016-08-06T09:30:14+00:00\" \/>\n<meta name=\"author\" content=\"ni.abdi\" \/>\n<meta name=\"twitter:card\" content=\"summary_large_image\" \/>\n<meta name=\"twitter:creator\" content=\"@Ni.abdi\" \/>\n<meta name=\"twitter:label1\" content=\"Geschreven door\" \/>\n\t<meta name=\"twitter:data1\" content=\"ni.abdi\" \/>\n\t<meta name=\"twitter:label2\" content=\"Geschatte leestijd\" \/>\n\t<meta name=\"twitter:data2\" content=\"2 minuten\" \/>\n<script type=\"application\/ld+json\" class=\"yoast-schema-graph\">{\"@context\":\"https:\/\/schema.org\",\"@graph\":[{\"@type\":\"Article\",\"@id\":\"https:\/\/territorialchallenges.com\/2016\/08\/06\/faut-il-une-exception-culturelle-francaise-ou-europeenne-de-lefficacite-energetique\/581\/#article\",\"isPartOf\":{\"@id\":\"https:\/\/territorialchallenges.com\/2016\/08\/06\/faut-il-une-exception-culturelle-francaise-ou-europeenne-de-lefficacite-energetique\/581\/\"},\"author\":{\"name\":\"ni.abdi\",\"@id\":\"https:\/\/territorialchallenges.com\/#\/schema\/person\/098f145c7c61a021c425e010f840080f\"},\"headline\":\"Faut-il une exception culturelle fran\u00e7aise ou europ\u00e9enne de l&rsquo;efficacit\u00e9 \u00e9nerg\u00e9tique\",\"datePublished\":\"2016-08-06T09:30:14+00:00\",\"dateModified\":\"2016-08-06T09:30:14+00:00\",\"mainEntityOfPage\":{\"@id\":\"https:\/\/territorialchallenges.com\/2016\/08\/06\/faut-il-une-exception-culturelle-francaise-ou-europeenne-de-lefficacite-energetique\/581\/\"},\"wordCount\":495,\"commentCount\":0,\"publisher\":{\"@id\":\"https:\/\/territorialchallenges.com\/#organization\"},\"articleSection\":[\"Archives - Editos\"],\"inLanguage\":\"nl-NL\"},{\"@type\":\"WebPage\",\"@id\":\"https:\/\/territorialchallenges.com\/2016\/08\/06\/faut-il-une-exception-culturelle-francaise-ou-europeenne-de-lefficacite-energetique\/581\/\",\"url\":\"https:\/\/territorialchallenges.com\/2016\/08\/06\/faut-il-une-exception-culturelle-francaise-ou-europeenne-de-lefficacite-energetique\/581\/\",\"name\":\"Faut-il une exception culturelle fran\u00e7aise ou europ\u00e9enne de l'efficacit\u00e9 \u00e9nerg\u00e9tique - Territorial Challenges\",\"isPartOf\":{\"@id\":\"https:\/\/territorialchallenges.com\/#website\"},\"datePublished\":\"2016-08-06T09:30:14+00:00\",\"dateModified\":\"2016-08-06T09:30:14+00:00\",\"breadcrumb\":{\"@id\":\"https:\/\/territorialchallenges.com\/2016\/08\/06\/faut-il-une-exception-culturelle-francaise-ou-europeenne-de-lefficacite-energetique\/581\/#breadcrumb\"},\"inLanguage\":\"nl-NL\",\"potentialAction\":[{\"@type\":\"ReadAction\",\"target\":[\"https:\/\/territorialchallenges.com\/2016\/08\/06\/faut-il-une-exception-culturelle-francaise-ou-europeenne-de-lefficacite-energetique\/581\/\"]}]},{\"@type\":\"BreadcrumbList\",\"@id\":\"https:\/\/territorialchallenges.com\/2016\/08\/06\/faut-il-une-exception-culturelle-francaise-ou-europeenne-de-lefficacite-energetique\/581\/#breadcrumb\",\"itemListElement\":[{\"@type\":\"ListItem\",\"position\":1,\"name\":\"Home\",\"item\":\"https:\/\/territorialchallenges.com\/\"},{\"@type\":\"ListItem\",\"position\":2,\"name\":\"Faut-il une exception culturelle fran\u00e7aise ou europ\u00e9enne de l&rsquo;efficacit\u00e9 \u00e9nerg\u00e9tique\"}]},{\"@type\":\"WebSite\",\"@id\":\"https:\/\/territorialchallenges.com\/#website\",\"url\":\"https:\/\/territorialchallenges.com\/\",\"name\":\"Territorial Challenges\",\"description\":\"Veille Internationale - Strat\u00e9gie Intelligentes - Bonnes pratiques\",\"publisher\":{\"@id\":\"https:\/\/territorialchallenges.com\/#organization\"},\"potentialAction\":[{\"@type\":\"SearchAction\",\"target\":{\"@type\":\"EntryPoint\",\"urlTemplate\":\"https:\/\/territorialchallenges.com\/?s={search_term_string}\"},\"query-input\":\"required name=search_term_string\"}],\"inLanguage\":\"nl-NL\"},{\"@type\":\"Organization\",\"@id\":\"https:\/\/territorialchallenges.com\/#organization\",\"name\":\"Territorial Challenges\",\"url\":\"https:\/\/territorialchallenges.com\/\",\"logo\":{\"@type\":\"ImageObject\",\"inLanguage\":\"nl-NL\",\"@id\":\"https:\/\/territorialchallenges.com\/#\/schema\/logo\/image\/\",\"url\":\"https:\/\/territorialchallenges.com\/wp-content\/uploads\/2023\/10\/logo-1.png\",\"contentUrl\":\"https:\/\/territorialchallenges.com\/wp-content\/uploads\/2023\/10\/logo-1.png\",\"width\":1832,\"height\":576,\"caption\":\"Territorial Challenges\"},\"image\":{\"@id\":\"https:\/\/territorialchallenges.com\/#\/schema\/logo\/image\/\"}},{\"@type\":\"Person\",\"@id\":\"https:\/\/territorialchallenges.com\/#\/schema\/person\/098f145c7c61a021c425e010f840080f\",\"name\":\"ni.abdi\",\"image\":{\"@type\":\"ImageObject\",\"inLanguage\":\"nl-NL\",\"@id\":\"https:\/\/territorialchallenges.com\/#\/schema\/person\/image\/\",\"url\":\"https:\/\/secure.gravatar.com\/avatar\/2a2f2491f3c80039986ba989b1e4b510?s=96&d=identicon&r=g\",\"contentUrl\":\"https:\/\/secure.gravatar.com\/avatar\/2a2f2491f3c80039986ba989b1e4b510?s=96&d=identicon&r=g\",\"caption\":\"ni.abdi\"},\"sameAs\":[\"https:\/\/twitter.com\/Ni.abdi\"],\"url\":\"https:\/\/territorialchallenges.com\/nl\/author\/ni-abdi\/\"}]}<\/script>\n<!-- \/ Yoast SEO plugin. -->","yoast_head_json":{"title":"Faut-il une exception culturelle fran\u00e7aise ou europ\u00e9enne de l'efficacit\u00e9 \u00e9nerg\u00e9tique - Territorial Challenges","robots":{"index":"index","follow":"follow","max-snippet":"max-snippet:-1","max-image-preview":"max-image-preview:large","max-video-preview":"max-video-preview:-1"},"canonical":"https:\/\/territorialchallenges.com\/nl\/2016\/08\/06\/faut-il-une-exception-culturelle-francaise-ou-europeenne-de-lefficacite-energetique\/581\/","og_locale":"nl_NL","og_type":"article","og_title":"Faut-il une exception culturelle fran\u00e7aise ou europ\u00e9enne de l'efficacit\u00e9 \u00e9nerg\u00e9tique - Territorial Challenges","og_description":"(24 mai 2013) Alors que la transition \u00e9nerg\u00e9tique fran\u00e7aise suit son calendrier, il semble que certains industriels et politiques veulent porter le d\u00e9bat \u00e0 l&rsquo;\u00e9chelle europ\u00e9enne. Toujours en plein calendrier de la transition \u00e9nerg\u00e9tique, la question d&rsquo;un d\u00e9bat europ\u00e9en se pose de plus en plus aux industriels fran\u00e7ais du secteur. Comment tout \u00e0 la fois [&hellip;]","og_url":"https:\/\/territorialchallenges.com\/nl\/2016\/08\/06\/faut-il-une-exception-culturelle-francaise-ou-europeenne-de-lefficacite-energetique\/581\/","og_site_name":"Territorial Challenges","article_published_time":"2016-08-06T09:30:14+00:00","author":"ni.abdi","twitter_card":"summary_large_image","twitter_creator":"@Ni.abdi","twitter_misc":{"Geschreven door":"ni.abdi","Geschatte leestijd":"2 minuten"},"schema":{"@context":"https:\/\/schema.org","@graph":[{"@type":"Article","@id":"https:\/\/territorialchallenges.com\/2016\/08\/06\/faut-il-une-exception-culturelle-francaise-ou-europeenne-de-lefficacite-energetique\/581\/#article","isPartOf":{"@id":"https:\/\/territorialchallenges.com\/2016\/08\/06\/faut-il-une-exception-culturelle-francaise-ou-europeenne-de-lefficacite-energetique\/581\/"},"author":{"name":"ni.abdi","@id":"https:\/\/territorialchallenges.com\/#\/schema\/person\/098f145c7c61a021c425e010f840080f"},"headline":"Faut-il une exception culturelle fran\u00e7aise ou europ\u00e9enne de l&rsquo;efficacit\u00e9 \u00e9nerg\u00e9tique","datePublished":"2016-08-06T09:30:14+00:00","dateModified":"2016-08-06T09:30:14+00:00","mainEntityOfPage":{"@id":"https:\/\/territorialchallenges.com\/2016\/08\/06\/faut-il-une-exception-culturelle-francaise-ou-europeenne-de-lefficacite-energetique\/581\/"},"wordCount":495,"commentCount":0,"publisher":{"@id":"https:\/\/territorialchallenges.com\/#organization"},"articleSection":["Archives - Editos"],"inLanguage":"nl-NL"},{"@type":"WebPage","@id":"https:\/\/territorialchallenges.com\/2016\/08\/06\/faut-il-une-exception-culturelle-francaise-ou-europeenne-de-lefficacite-energetique\/581\/","url":"https:\/\/territorialchallenges.com\/2016\/08\/06\/faut-il-une-exception-culturelle-francaise-ou-europeenne-de-lefficacite-energetique\/581\/","name":"Faut-il une exception culturelle fran\u00e7aise ou europ\u00e9enne de l'efficacit\u00e9 \u00e9nerg\u00e9tique - Territorial Challenges","isPartOf":{"@id":"https:\/\/territorialchallenges.com\/#website"},"datePublished":"2016-08-06T09:30:14+00:00","dateModified":"2016-08-06T09:30:14+00:00","breadcrumb":{"@id":"https:\/\/territorialchallenges.com\/2016\/08\/06\/faut-il-une-exception-culturelle-francaise-ou-europeenne-de-lefficacite-energetique\/581\/#breadcrumb"},"inLanguage":"nl-NL","potentialAction":[{"@type":"ReadAction","target":["https:\/\/territorialchallenges.com\/2016\/08\/06\/faut-il-une-exception-culturelle-francaise-ou-europeenne-de-lefficacite-energetique\/581\/"]}]},{"@type":"BreadcrumbList","@id":"https:\/\/territorialchallenges.com\/2016\/08\/06\/faut-il-une-exception-culturelle-francaise-ou-europeenne-de-lefficacite-energetique\/581\/#breadcrumb","itemListElement":[{"@type":"ListItem","position":1,"name":"Home","item":"https:\/\/territorialchallenges.com\/"},{"@type":"ListItem","position":2,"name":"Faut-il une exception culturelle fran\u00e7aise ou europ\u00e9enne de l&rsquo;efficacit\u00e9 \u00e9nerg\u00e9tique"}]},{"@type":"WebSite","@id":"https:\/\/territorialchallenges.com\/#website","url":"https:\/\/territorialchallenges.com\/","name":"Territoriale uitdagingen","description":"Internationale monitoring - Slimme strategie\u00ebn - Beste praktijken","publisher":{"@id":"https:\/\/territorialchallenges.com\/#organization"},"potentialAction":[{"@type":"SearchAction","target":{"@type":"EntryPoint","urlTemplate":"https:\/\/territorialchallenges.com\/?s={search_term_string}"},"query-input":"required name=search_term_string"}],"inLanguage":"nl-NL"},{"@type":"Organization","@id":"https:\/\/territorialchallenges.com\/#organization","name":"Territoriale uitdagingen","url":"https:\/\/territorialchallenges.com\/","logo":{"@type":"ImageObject","inLanguage":"nl-NL","@id":"https:\/\/territorialchallenges.com\/#\/schema\/logo\/image\/","url":"https:\/\/territorialchallenges.com\/wp-content\/uploads\/2023\/10\/logo-1.png","contentUrl":"https:\/\/territorialchallenges.com\/wp-content\/uploads\/2023\/10\/logo-1.png","width":1832,"height":576,"caption":"Territorial Challenges"},"image":{"@id":"https:\/\/territorialchallenges.com\/#\/schema\/logo\/image\/"}},{"@type":"Person","@id":"https:\/\/territorialchallenges.com\/#\/schema\/person\/098f145c7c61a021c425e010f840080f","name":"ni.abdi","image":{"@type":"ImageObject","inLanguage":"nl-NL","@id":"https:\/\/territorialchallenges.com\/#\/schema\/person\/image\/","url":"https:\/\/secure.gravatar.com\/avatar\/2a2f2491f3c80039986ba989b1e4b510?s=96&d=identicon&r=g","contentUrl":"https:\/\/secure.gravatar.com\/avatar\/2a2f2491f3c80039986ba989b1e4b510?s=96&d=identicon&r=g","caption":"ni.abdi"},"sameAs":["https:\/\/twitter.com\/Ni.abdi"],"url":"https:\/\/territorialchallenges.com\/nl\/author\/ni-abdi\/"}]}},"_links":{"self":[{"href":"https:\/\/territorialchallenges.com\/nl\/wp-json\/wp\/v2\/posts\/581"}],"collection":[{"href":"https:\/\/territorialchallenges.com\/nl\/wp-json\/wp\/v2\/posts"}],"about":[{"href":"https:\/\/territorialchallenges.com\/nl\/wp-json\/wp\/v2\/types\/post"}],"author":[{"embeddable":true,"href":"https:\/\/territorialchallenges.com\/nl\/wp-json\/wp\/v2\/users\/11"}],"replies":[{"embeddable":true,"href":"https:\/\/territorialchallenges.com\/nl\/wp-json\/wp\/v2\/comments?post=581"}],"version-history":[{"count":0,"href":"https:\/\/territorialchallenges.com\/nl\/wp-json\/wp\/v2\/posts\/581\/revisions"}],"wp:attachment":[{"href":"https:\/\/territorialchallenges.com\/nl\/wp-json\/wp\/v2\/media?parent=581"}],"wp:term":[{"taxonomy":"category","embeddable":true,"href":"https:\/\/territorialchallenges.com\/nl\/wp-json\/wp\/v2\/categories?post=581"},{"taxonomy":"post_tag","embeddable":true,"href":"https:\/\/territorialchallenges.com\/nl\/wp-json\/wp\/v2\/tags?post=581"}],"curies":[{"name":"wp","href":"https:\/\/api.w.org\/{rel}","templated":true}]}}