{"id":571,"date":"2016-08-06T01:31:02","date_gmt":"2016-08-05T23:31:02","guid":{"rendered":"http:\/\/e-novatio.com\/?p=571"},"modified":"2016-08-06T01:31:02","modified_gmt":"2016-08-05T23:31:02","slug":"leclairage-public-et-prive-et-les-pieges-de-la-pensee-magique-des-environnementaux","status":"publish","type":"post","link":"https:\/\/territorialchallenges.com\/nl\/2016\/08\/06\/leclairage-public-et-prive-et-les-pieges-de-la-pensee-magique-des-environnementaux\/571\/","title":{"rendered":"Openbare en particuliere verlichting, en de valkuilen van milieumagisch denken"},"content":{"rendered":"<p>(21 april 2013) Het decreet ter beperking van lichtvervuiling en nachtelijk energieverbruik, gepubliceerd op 30 januari door Delphine Batho, vormt een re\u00ebel probleem. Het werd niet meegenomen in de debatten over de energietransitie. Wie herinnert zich nog de Jablochkoff-kaarsen, de Russische elektrotechnisch ingenieur die in Parijs de booglamp uitvond, die... <\/p>\n<div class=\"pmpro_content_message\">Artikel alleen beschikbaar voor abonnees.<br \/><a href=\"https:\/\/territorialchallenges.com\/wp-login.php\">Login<\/a><br \/><a href=\"https:\/\/territorialchallenges.com\/nl\/wp-login.php\/?action=register\">Register<\/a><\/div>","protected":false},"excerpt":{"rendered":"<p>(21 avril 2013) L&rsquo;arr\u00eat\u00e9 pour limiter les nuisances lumineuses et les consommations d&rsquo;\u00e9nergie nocturnes publi\u00e9 le 30 janvier par Delphine Batho pose un r\u00e9el probl\u00e8me. Il n&rsquo;a pas\u00a0\u00e9t\u00e9\u00a0inscrit dans les d\u00e9bats de la transition \u00e9nerg\u00e9tique. Qui se souvient des bougies Jablochkoff, cet \u00e9lectrotechnicien russe qui a invent\u00e9 \u00e0 Paris la lampe \u00e0 arc,\u00a0qui a \u00e9clair\u00e9... <\/p>\n<div class=\"pmpro_content_message\">Artikel alleen beschikbaar voor abonnees.<br \/><a href=\"https:\/\/territorialchallenges.com\/wp-login.php\">Login<\/a><br \/><a href=\"https:\/\/territorialchallenges.com\/nl\/wp-login.php\/?action=register\">Register<\/a><\/div>","protected":false},"author":11,"featured_media":0,"comment_status":"open","ping_status":"open","sticky":true,"template":"","format":"standard","meta":{"pmpro_default_level":0,"footnotes":""},"categories":[123],"tags":[],"blocksy_meta":"","yoast_head":"<!-- This site is optimized with the Yoast SEO plugin v21.5 - https:\/\/yoast.com\/wordpress\/plugins\/seo\/ -->\n<title>L&#039;\u00e9clairage public et priv\u00e9, et les pi\u00e8ges de la pens\u00e9e magique des environnementaux - Territorial Challenges<\/title>\n<meta name=\"robots\" content=\"index, follow, max-snippet:-1, max-image-preview:large, max-video-preview:-1\" \/>\n<link rel=\"canonical\" href=\"https:\/\/territorialchallenges.com\/nl\/2016\/08\/06\/leclairage-public-et-prive-et-les-pieges-de-la-pensee-magique-des-environnementaux\/571\/\" \/>\n<meta property=\"og:locale\" content=\"nl_NL\" \/>\n<meta property=\"og:type\" content=\"article\" \/>\n<meta property=\"og:title\" content=\"L&#039;\u00e9clairage public et priv\u00e9, et les pi\u00e8ges de la pens\u00e9e magique des environnementaux - Territorial Challenges\" \/>\n<meta property=\"og:description\" content=\"(21 avril 2013) L&rsquo;arr\u00eat\u00e9 pour limiter les nuisances lumineuses et les consommations d&rsquo;\u00e9nergie nocturnes publi\u00e9 le 30 janvier par Delphine Batho pose un r\u00e9el probl\u00e8me. Il n&rsquo;a pas\u00a0\u00e9t\u00e9\u00a0inscrit dans les d\u00e9bats de la transition \u00e9nerg\u00e9tique. Qui se souvient des bougies Jablochkoff, cet \u00e9lectrotechnicien russe qui a invent\u00e9 \u00e0 Paris la lampe \u00e0 arc,\u00a0qui a \u00e9clair\u00e9 [&hellip;]\" \/>\n<meta property=\"og:url\" content=\"https:\/\/territorialchallenges.com\/nl\/2016\/08\/06\/leclairage-public-et-prive-et-les-pieges-de-la-pensee-magique-des-environnementaux\/571\/\" \/>\n<meta property=\"og:site_name\" content=\"Territorial Challenges\" \/>\n<meta property=\"article:published_time\" content=\"2016-08-05T23:31:02+00:00\" \/>\n<meta name=\"author\" content=\"ni.abdi\" \/>\n<meta name=\"twitter:card\" content=\"summary_large_image\" \/>\n<meta name=\"twitter:creator\" content=\"@Ni.abdi\" \/>\n<meta name=\"twitter:label1\" content=\"Geschreven door\" \/>\n\t<meta name=\"twitter:data1\" content=\"ni.abdi\" \/>\n\t<meta name=\"twitter:label2\" content=\"Geschatte leestijd\" \/>\n\t<meta name=\"twitter:data2\" content=\"3 minuten\" \/>\n<script type=\"application\/ld+json\" class=\"yoast-schema-graph\">{\"@context\":\"https:\/\/schema.org\",\"@graph\":[{\"@type\":\"Article\",\"@id\":\"https:\/\/territorialchallenges.com\/2016\/08\/06\/leclairage-public-et-prive-et-les-pieges-de-la-pensee-magique-des-environnementaux\/571\/#article\",\"isPartOf\":{\"@id\":\"https:\/\/territorialchallenges.com\/2016\/08\/06\/leclairage-public-et-prive-et-les-pieges-de-la-pensee-magique-des-environnementaux\/571\/\"},\"author\":{\"name\":\"ni.abdi\",\"@id\":\"https:\/\/territorialchallenges.com\/#\/schema\/person\/098f145c7c61a021c425e010f840080f\"},\"headline\":\"L&rsquo;\u00e9clairage public et priv\u00e9, et les pi\u00e8ges de la pens\u00e9e magique des environnementaux\",\"datePublished\":\"2016-08-05T23:31:02+00:00\",\"dateModified\":\"2016-08-05T23:31:02+00:00\",\"mainEntityOfPage\":{\"@id\":\"https:\/\/territorialchallenges.com\/2016\/08\/06\/leclairage-public-et-prive-et-les-pieges-de-la-pensee-magique-des-environnementaux\/571\/\"},\"wordCount\":643,\"commentCount\":0,\"publisher\":{\"@id\":\"https:\/\/territorialchallenges.com\/#organization\"},\"articleSection\":[\"Archives - Editos\"],\"inLanguage\":\"nl-NL\"},{\"@type\":\"WebPage\",\"@id\":\"https:\/\/territorialchallenges.com\/2016\/08\/06\/leclairage-public-et-prive-et-les-pieges-de-la-pensee-magique-des-environnementaux\/571\/\",\"url\":\"https:\/\/territorialchallenges.com\/2016\/08\/06\/leclairage-public-et-prive-et-les-pieges-de-la-pensee-magique-des-environnementaux\/571\/\",\"name\":\"L'\u00e9clairage public et priv\u00e9, et les pi\u00e8ges de la pens\u00e9e magique des environnementaux - Territorial Challenges\",\"isPartOf\":{\"@id\":\"https:\/\/territorialchallenges.com\/#website\"},\"datePublished\":\"2016-08-05T23:31:02+00:00\",\"dateModified\":\"2016-08-05T23:31:02+00:00\",\"breadcrumb\":{\"@id\":\"https:\/\/territorialchallenges.com\/2016\/08\/06\/leclairage-public-et-prive-et-les-pieges-de-la-pensee-magique-des-environnementaux\/571\/#breadcrumb\"},\"inLanguage\":\"nl-NL\",\"potentialAction\":[{\"@type\":\"ReadAction\",\"target\":[\"https:\/\/territorialchallenges.com\/2016\/08\/06\/leclairage-public-et-prive-et-les-pieges-de-la-pensee-magique-des-environnementaux\/571\/\"]}]},{\"@type\":\"BreadcrumbList\",\"@id\":\"https:\/\/territorialchallenges.com\/2016\/08\/06\/leclairage-public-et-prive-et-les-pieges-de-la-pensee-magique-des-environnementaux\/571\/#breadcrumb\",\"itemListElement\":[{\"@type\":\"ListItem\",\"position\":1,\"name\":\"Home\",\"item\":\"https:\/\/territorialchallenges.com\/\"},{\"@type\":\"ListItem\",\"position\":2,\"name\":\"L&rsquo;\u00e9clairage public et priv\u00e9, et les pi\u00e8ges de la pens\u00e9e magique des environnementaux\"}]},{\"@type\":\"WebSite\",\"@id\":\"https:\/\/territorialchallenges.com\/#website\",\"url\":\"https:\/\/territorialchallenges.com\/\",\"name\":\"Territorial Challenges\",\"description\":\"Veille Internationale - Strat\u00e9gie Intelligentes - Bonnes pratiques\",\"publisher\":{\"@id\":\"https:\/\/territorialchallenges.com\/#organization\"},\"potentialAction\":[{\"@type\":\"SearchAction\",\"target\":{\"@type\":\"EntryPoint\",\"urlTemplate\":\"https:\/\/territorialchallenges.com\/?s={search_term_string}\"},\"query-input\":\"required name=search_term_string\"}],\"inLanguage\":\"nl-NL\"},{\"@type\":\"Organization\",\"@id\":\"https:\/\/territorialchallenges.com\/#organization\",\"name\":\"Territorial Challenges\",\"url\":\"https:\/\/territorialchallenges.com\/\",\"logo\":{\"@type\":\"ImageObject\",\"inLanguage\":\"nl-NL\",\"@id\":\"https:\/\/territorialchallenges.com\/#\/schema\/logo\/image\/\",\"url\":\"https:\/\/territorialchallenges.com\/wp-content\/uploads\/2023\/10\/logo-1.png\",\"contentUrl\":\"https:\/\/territorialchallenges.com\/wp-content\/uploads\/2023\/10\/logo-1.png\",\"width\":1832,\"height\":576,\"caption\":\"Territorial Challenges\"},\"image\":{\"@id\":\"https:\/\/territorialchallenges.com\/#\/schema\/logo\/image\/\"}},{\"@type\":\"Person\",\"@id\":\"https:\/\/territorialchallenges.com\/#\/schema\/person\/098f145c7c61a021c425e010f840080f\",\"name\":\"ni.abdi\",\"image\":{\"@type\":\"ImageObject\",\"inLanguage\":\"nl-NL\",\"@id\":\"https:\/\/territorialchallenges.com\/#\/schema\/person\/image\/\",\"url\":\"https:\/\/secure.gravatar.com\/avatar\/2a2f2491f3c80039986ba989b1e4b510?s=96&d=identicon&r=g\",\"contentUrl\":\"https:\/\/secure.gravatar.com\/avatar\/2a2f2491f3c80039986ba989b1e4b510?s=96&d=identicon&r=g\",\"caption\":\"ni.abdi\"},\"sameAs\":[\"https:\/\/twitter.com\/Ni.abdi\"],\"url\":\"https:\/\/territorialchallenges.com\/nl\/author\/ni-abdi\/\"}]}<\/script>\n<!-- \/ Yoast SEO plugin. -->","yoast_head_json":{"title":"L'\u00e9clairage public et priv\u00e9, et les pi\u00e8ges de la pens\u00e9e magique des environnementaux - Territorial Challenges","robots":{"index":"index","follow":"follow","max-snippet":"max-snippet:-1","max-image-preview":"max-image-preview:large","max-video-preview":"max-video-preview:-1"},"canonical":"https:\/\/territorialchallenges.com\/nl\/2016\/08\/06\/leclairage-public-et-prive-et-les-pieges-de-la-pensee-magique-des-environnementaux\/571\/","og_locale":"nl_NL","og_type":"article","og_title":"L'\u00e9clairage public et priv\u00e9, et les pi\u00e8ges de la pens\u00e9e magique des environnementaux - Territorial Challenges","og_description":"(21 avril 2013) L&rsquo;arr\u00eat\u00e9 pour limiter les nuisances lumineuses et les consommations d&rsquo;\u00e9nergie nocturnes publi\u00e9 le 30 janvier par Delphine Batho pose un r\u00e9el probl\u00e8me. Il n&rsquo;a pas\u00a0\u00e9t\u00e9\u00a0inscrit dans les d\u00e9bats de la transition \u00e9nerg\u00e9tique. Qui se souvient des bougies Jablochkoff, cet \u00e9lectrotechnicien russe qui a invent\u00e9 \u00e0 Paris la lampe \u00e0 arc,\u00a0qui a \u00e9clair\u00e9 [&hellip;]","og_url":"https:\/\/territorialchallenges.com\/nl\/2016\/08\/06\/leclairage-public-et-prive-et-les-pieges-de-la-pensee-magique-des-environnementaux\/571\/","og_site_name":"Territorial Challenges","article_published_time":"2016-08-05T23:31:02+00:00","author":"ni.abdi","twitter_card":"summary_large_image","twitter_creator":"@Ni.abdi","twitter_misc":{"Geschreven door":"ni.abdi","Geschatte leestijd":"3 minuten"},"schema":{"@context":"https:\/\/schema.org","@graph":[{"@type":"Article","@id":"https:\/\/territorialchallenges.com\/2016\/08\/06\/leclairage-public-et-prive-et-les-pieges-de-la-pensee-magique-des-environnementaux\/571\/#article","isPartOf":{"@id":"https:\/\/territorialchallenges.com\/2016\/08\/06\/leclairage-public-et-prive-et-les-pieges-de-la-pensee-magique-des-environnementaux\/571\/"},"author":{"name":"ni.abdi","@id":"https:\/\/territorialchallenges.com\/#\/schema\/person\/098f145c7c61a021c425e010f840080f"},"headline":"L&rsquo;\u00e9clairage public et priv\u00e9, et les pi\u00e8ges de la pens\u00e9e magique des environnementaux","datePublished":"2016-08-05T23:31:02+00:00","dateModified":"2016-08-05T23:31:02+00:00","mainEntityOfPage":{"@id":"https:\/\/territorialchallenges.com\/2016\/08\/06\/leclairage-public-et-prive-et-les-pieges-de-la-pensee-magique-des-environnementaux\/571\/"},"wordCount":643,"commentCount":0,"publisher":{"@id":"https:\/\/territorialchallenges.com\/#organization"},"articleSection":["Archives - Editos"],"inLanguage":"nl-NL"},{"@type":"WebPage","@id":"https:\/\/territorialchallenges.com\/2016\/08\/06\/leclairage-public-et-prive-et-les-pieges-de-la-pensee-magique-des-environnementaux\/571\/","url":"https:\/\/territorialchallenges.com\/2016\/08\/06\/leclairage-public-et-prive-et-les-pieges-de-la-pensee-magique-des-environnementaux\/571\/","name":"L'\u00e9clairage public et priv\u00e9, et les pi\u00e8ges de la pens\u00e9e magique des environnementaux - Territorial Challenges","isPartOf":{"@id":"https:\/\/territorialchallenges.com\/#website"},"datePublished":"2016-08-05T23:31:02+00:00","dateModified":"2016-08-05T23:31:02+00:00","breadcrumb":{"@id":"https:\/\/territorialchallenges.com\/2016\/08\/06\/leclairage-public-et-prive-et-les-pieges-de-la-pensee-magique-des-environnementaux\/571\/#breadcrumb"},"inLanguage":"nl-NL","potentialAction":[{"@type":"ReadAction","target":["https:\/\/territorialchallenges.com\/2016\/08\/06\/leclairage-public-et-prive-et-les-pieges-de-la-pensee-magique-des-environnementaux\/571\/"]}]},{"@type":"BreadcrumbList","@id":"https:\/\/territorialchallenges.com\/2016\/08\/06\/leclairage-public-et-prive-et-les-pieges-de-la-pensee-magique-des-environnementaux\/571\/#breadcrumb","itemListElement":[{"@type":"ListItem","position":1,"name":"Home","item":"https:\/\/territorialchallenges.com\/"},{"@type":"ListItem","position":2,"name":"L&rsquo;\u00e9clairage public et priv\u00e9, et les pi\u00e8ges de la pens\u00e9e magique des environnementaux"}]},{"@type":"WebSite","@id":"https:\/\/territorialchallenges.com\/#website","url":"https:\/\/territorialchallenges.com\/","name":"Territoriale uitdagingen","description":"Internationale monitoring - Slimme strategie\u00ebn - Beste praktijken","publisher":{"@id":"https:\/\/territorialchallenges.com\/#organization"},"potentialAction":[{"@type":"SearchAction","target":{"@type":"EntryPoint","urlTemplate":"https:\/\/territorialchallenges.com\/?s={search_term_string}"},"query-input":"required name=search_term_string"}],"inLanguage":"nl-NL"},{"@type":"Organization","@id":"https:\/\/territorialchallenges.com\/#organization","name":"Territoriale uitdagingen","url":"https:\/\/territorialchallenges.com\/","logo":{"@type":"ImageObject","inLanguage":"nl-NL","@id":"https:\/\/territorialchallenges.com\/#\/schema\/logo\/image\/","url":"https:\/\/territorialchallenges.com\/wp-content\/uploads\/2023\/10\/logo-1.png","contentUrl":"https:\/\/territorialchallenges.com\/wp-content\/uploads\/2023\/10\/logo-1.png","width":1832,"height":576,"caption":"Territorial Challenges"},"image":{"@id":"https:\/\/territorialchallenges.com\/#\/schema\/logo\/image\/"}},{"@type":"Person","@id":"https:\/\/territorialchallenges.com\/#\/schema\/person\/098f145c7c61a021c425e010f840080f","name":"ni.abdi","image":{"@type":"ImageObject","inLanguage":"nl-NL","@id":"https:\/\/territorialchallenges.com\/#\/schema\/person\/image\/","url":"https:\/\/secure.gravatar.com\/avatar\/2a2f2491f3c80039986ba989b1e4b510?s=96&d=identicon&r=g","contentUrl":"https:\/\/secure.gravatar.com\/avatar\/2a2f2491f3c80039986ba989b1e4b510?s=96&d=identicon&r=g","caption":"ni.abdi"},"sameAs":["https:\/\/twitter.com\/Ni.abdi"],"url":"https:\/\/territorialchallenges.com\/nl\/author\/ni-abdi\/"}]}},"_links":{"self":[{"href":"https:\/\/territorialchallenges.com\/nl\/wp-json\/wp\/v2\/posts\/571"}],"collection":[{"href":"https:\/\/territorialchallenges.com\/nl\/wp-json\/wp\/v2\/posts"}],"about":[{"href":"https:\/\/territorialchallenges.com\/nl\/wp-json\/wp\/v2\/types\/post"}],"author":[{"embeddable":true,"href":"https:\/\/territorialchallenges.com\/nl\/wp-json\/wp\/v2\/users\/11"}],"replies":[{"embeddable":true,"href":"https:\/\/territorialchallenges.com\/nl\/wp-json\/wp\/v2\/comments?post=571"}],"version-history":[{"count":0,"href":"https:\/\/territorialchallenges.com\/nl\/wp-json\/wp\/v2\/posts\/571\/revisions"}],"wp:attachment":[{"href":"https:\/\/territorialchallenges.com\/nl\/wp-json\/wp\/v2\/media?parent=571"}],"wp:term":[{"taxonomy":"category","embeddable":true,"href":"https:\/\/territorialchallenges.com\/nl\/wp-json\/wp\/v2\/categories?post=571"},{"taxonomy":"post_tag","embeddable":true,"href":"https:\/\/territorialchallenges.com\/nl\/wp-json\/wp\/v2\/tags?post=571"}],"curies":[{"name":"wp","href":"https:\/\/api.w.org\/{rel}","templated":true}]}}