{"id":559,"date":"2016-08-06T00:50:17","date_gmt":"2016-08-05T22:50:17","guid":{"rendered":"http:\/\/e-novatio.com\/?p=559"},"modified":"2016-08-06T00:50:17","modified_gmt":"2016-08-05T22:50:17","slug":"accueil-et-si-le-statisticien-etait-le-metier-davenir-dans-la-filiere-electrique","status":"publish","type":"post","link":"https:\/\/territorialchallenges.com\/nl\/2016\/08\/06\/accueil-et-si-le-statisticien-etait-le-metier-davenir-dans-la-filiere-electrique\/559\/","title":{"rendered":"Hoe zou het zijn als statisticus het beroep van de toekomst zou zijn in de elektrotechnische industrie?"},"content":{"rendered":"<p>(28 februari 2013) De politieke agenda voor de energietransitie, die de installatie van slimme meters in Franse huizen bepleit, is zich niet bewust van een mogelijke nieuwe configuratie van de energieberoepen. De opkomst van de statisticus als de nieuwe architect van de elektriciteitsvoorziening. Professor Hal Varian, hoofdeconoom bij gigant Google, is niet... <\/p>\n<div class=\"pmpro_content_message\">Artikel alleen beschikbaar voor abonnees.<br \/><a href=\"https:\/\/territorialchallenges.com\/wp-login.php\">Login<\/a><br \/><a href=\"https:\/\/territorialchallenges.com\/nl\/wp-login.php\/?action=register\">Register<\/a><\/div>","protected":false},"excerpt":{"rendered":"<p>(28 f\u00e9vrier 2013) Le calendrier politique de la transition \u00e9nerg\u00e9tique qui pousse \u00e0 l&rsquo;\u00e9quipement des foyers fran\u00e7ais en compteurs intelligents, ne se doute pas d&rsquo;une possible nouvelle configuration des m\u00e9tiers de l&rsquo;\u00e9nergie. L&rsquo;av\u00e8nement du statisticien comme nouvel artisan de l&rsquo;offre \u00e9lectrique. Le professeur Hal Varian, \u00e9conomiste en chef du g\u00e9ant Google ne s&rsquo;y est pas... <\/p>\n<div class=\"pmpro_content_message\">Artikel alleen beschikbaar voor abonnees.<br \/><a href=\"https:\/\/territorialchallenges.com\/wp-login.php\">Login<\/a><br \/><a href=\"https:\/\/territorialchallenges.com\/nl\/wp-login.php\/?action=register\">Register<\/a><\/div>","protected":false},"author":11,"featured_media":0,"comment_status":"open","ping_status":"open","sticky":true,"template":"","format":"standard","meta":{"pmpro_default_level":0,"footnotes":""},"categories":[123],"tags":[],"blocksy_meta":"","yoast_head":"<!-- This site is optimized with the Yoast SEO plugin v21.5 - https:\/\/yoast.com\/wordpress\/plugins\/seo\/ -->\n<title>Et si le statisticien \u00e9tait le m\u00e9tier d&#039;avenir dans la fili\u00e8re \u00e9lectrique ? - Territorial Challenges<\/title>\n<meta name=\"robots\" content=\"index, follow, max-snippet:-1, max-image-preview:large, max-video-preview:-1\" \/>\n<link rel=\"canonical\" href=\"https:\/\/territorialchallenges.com\/nl\/2016\/08\/06\/accueil-et-si-le-statisticien-etait-le-metier-davenir-dans-la-filiere-electrique\/559\/\" \/>\n<meta property=\"og:locale\" content=\"nl_NL\" \/>\n<meta property=\"og:type\" content=\"article\" \/>\n<meta property=\"og:title\" content=\"Et si le statisticien \u00e9tait le m\u00e9tier d&#039;avenir dans la fili\u00e8re \u00e9lectrique ? - Territorial Challenges\" \/>\n<meta property=\"og:description\" content=\"(28 f\u00e9vrier 2013) Le calendrier politique de la transition \u00e9nerg\u00e9tique qui pousse \u00e0 l&rsquo;\u00e9quipement des foyers fran\u00e7ais en compteurs intelligents, ne se doute pas d&rsquo;une possible nouvelle configuration des m\u00e9tiers de l&rsquo;\u00e9nergie. L&rsquo;av\u00e8nement du statisticien comme nouvel artisan de l&rsquo;offre \u00e9lectrique. Le professeur Hal Varian, \u00e9conomiste en chef du g\u00e9ant Google ne s&rsquo;y est pas [&hellip;]\" \/>\n<meta property=\"og:url\" content=\"https:\/\/territorialchallenges.com\/nl\/2016\/08\/06\/accueil-et-si-le-statisticien-etait-le-metier-davenir-dans-la-filiere-electrique\/559\/\" \/>\n<meta property=\"og:site_name\" content=\"Territorial Challenges\" \/>\n<meta property=\"article:published_time\" content=\"2016-08-05T22:50:17+00:00\" \/>\n<meta name=\"author\" content=\"ni.abdi\" \/>\n<meta name=\"twitter:card\" content=\"summary_large_image\" \/>\n<meta name=\"twitter:creator\" content=\"@Ni.abdi\" \/>\n<meta name=\"twitter:label1\" content=\"Geschreven door\" \/>\n\t<meta name=\"twitter:data1\" content=\"ni.abdi\" \/>\n\t<meta name=\"twitter:label2\" content=\"Geschatte leestijd\" \/>\n\t<meta name=\"twitter:data2\" content=\"3 minuten\" \/>\n<script type=\"application\/ld+json\" class=\"yoast-schema-graph\">{\"@context\":\"https:\/\/schema.org\",\"@graph\":[{\"@type\":\"Article\",\"@id\":\"https:\/\/territorialchallenges.com\/2016\/08\/06\/accueil-et-si-le-statisticien-etait-le-metier-davenir-dans-la-filiere-electrique\/559\/#article\",\"isPartOf\":{\"@id\":\"https:\/\/territorialchallenges.com\/2016\/08\/06\/accueil-et-si-le-statisticien-etait-le-metier-davenir-dans-la-filiere-electrique\/559\/\"},\"author\":{\"name\":\"ni.abdi\",\"@id\":\"https:\/\/territorialchallenges.com\/#\/schema\/person\/098f145c7c61a021c425e010f840080f\"},\"headline\":\"Et si le statisticien \u00e9tait le m\u00e9tier d&rsquo;avenir dans la fili\u00e8re \u00e9lectrique ?\",\"datePublished\":\"2016-08-05T22:50:17+00:00\",\"dateModified\":\"2016-08-05T22:50:17+00:00\",\"mainEntityOfPage\":{\"@id\":\"https:\/\/territorialchallenges.com\/2016\/08\/06\/accueil-et-si-le-statisticien-etait-le-metier-davenir-dans-la-filiere-electrique\/559\/\"},\"wordCount\":634,\"commentCount\":0,\"publisher\":{\"@id\":\"https:\/\/territorialchallenges.com\/#organization\"},\"articleSection\":[\"Archives - Editos\"],\"inLanguage\":\"nl-NL\"},{\"@type\":\"WebPage\",\"@id\":\"https:\/\/territorialchallenges.com\/2016\/08\/06\/accueil-et-si-le-statisticien-etait-le-metier-davenir-dans-la-filiere-electrique\/559\/\",\"url\":\"https:\/\/territorialchallenges.com\/2016\/08\/06\/accueil-et-si-le-statisticien-etait-le-metier-davenir-dans-la-filiere-electrique\/559\/\",\"name\":\"Et si le statisticien \u00e9tait le m\u00e9tier d'avenir dans la fili\u00e8re \u00e9lectrique ? - Territorial Challenges\",\"isPartOf\":{\"@id\":\"https:\/\/territorialchallenges.com\/#website\"},\"datePublished\":\"2016-08-05T22:50:17+00:00\",\"dateModified\":\"2016-08-05T22:50:17+00:00\",\"breadcrumb\":{\"@id\":\"https:\/\/territorialchallenges.com\/2016\/08\/06\/accueil-et-si-le-statisticien-etait-le-metier-davenir-dans-la-filiere-electrique\/559\/#breadcrumb\"},\"inLanguage\":\"nl-NL\",\"potentialAction\":[{\"@type\":\"ReadAction\",\"target\":[\"https:\/\/territorialchallenges.com\/2016\/08\/06\/accueil-et-si-le-statisticien-etait-le-metier-davenir-dans-la-filiere-electrique\/559\/\"]}]},{\"@type\":\"BreadcrumbList\",\"@id\":\"https:\/\/territorialchallenges.com\/2016\/08\/06\/accueil-et-si-le-statisticien-etait-le-metier-davenir-dans-la-filiere-electrique\/559\/#breadcrumb\",\"itemListElement\":[{\"@type\":\"ListItem\",\"position\":1,\"name\":\"Home\",\"item\":\"https:\/\/territorialchallenges.com\/\"},{\"@type\":\"ListItem\",\"position\":2,\"name\":\"Et si le statisticien \u00e9tait le m\u00e9tier d&rsquo;avenir dans la fili\u00e8re \u00e9lectrique ?\"}]},{\"@type\":\"WebSite\",\"@id\":\"https:\/\/territorialchallenges.com\/#website\",\"url\":\"https:\/\/territorialchallenges.com\/\",\"name\":\"Territorial Challenges\",\"description\":\"Veille Internationale - Strat\u00e9gie Intelligentes - Bonnes pratiques\",\"publisher\":{\"@id\":\"https:\/\/territorialchallenges.com\/#organization\"},\"potentialAction\":[{\"@type\":\"SearchAction\",\"target\":{\"@type\":\"EntryPoint\",\"urlTemplate\":\"https:\/\/territorialchallenges.com\/?s={search_term_string}\"},\"query-input\":\"required name=search_term_string\"}],\"inLanguage\":\"nl-NL\"},{\"@type\":\"Organization\",\"@id\":\"https:\/\/territorialchallenges.com\/#organization\",\"name\":\"Territorial Challenges\",\"url\":\"https:\/\/territorialchallenges.com\/\",\"logo\":{\"@type\":\"ImageObject\",\"inLanguage\":\"nl-NL\",\"@id\":\"https:\/\/territorialchallenges.com\/#\/schema\/logo\/image\/\",\"url\":\"https:\/\/territorialchallenges.com\/wp-content\/uploads\/2023\/10\/logo-1.png\",\"contentUrl\":\"https:\/\/territorialchallenges.com\/wp-content\/uploads\/2023\/10\/logo-1.png\",\"width\":1832,\"height\":576,\"caption\":\"Territorial Challenges\"},\"image\":{\"@id\":\"https:\/\/territorialchallenges.com\/#\/schema\/logo\/image\/\"}},{\"@type\":\"Person\",\"@id\":\"https:\/\/territorialchallenges.com\/#\/schema\/person\/098f145c7c61a021c425e010f840080f\",\"name\":\"ni.abdi\",\"image\":{\"@type\":\"ImageObject\",\"inLanguage\":\"nl-NL\",\"@id\":\"https:\/\/territorialchallenges.com\/#\/schema\/person\/image\/\",\"url\":\"https:\/\/secure.gravatar.com\/avatar\/2a2f2491f3c80039986ba989b1e4b510?s=96&d=identicon&r=g\",\"contentUrl\":\"https:\/\/secure.gravatar.com\/avatar\/2a2f2491f3c80039986ba989b1e4b510?s=96&d=identicon&r=g\",\"caption\":\"ni.abdi\"},\"sameAs\":[\"https:\/\/twitter.com\/Ni.abdi\"],\"url\":\"https:\/\/territorialchallenges.com\/nl\/author\/ni-abdi\/\"}]}<\/script>\n<!-- \/ Yoast SEO plugin. -->","yoast_head_json":{"title":"Et si le statisticien \u00e9tait le m\u00e9tier d'avenir dans la fili\u00e8re \u00e9lectrique ? - Territorial Challenges","robots":{"index":"index","follow":"follow","max-snippet":"max-snippet:-1","max-image-preview":"max-image-preview:large","max-video-preview":"max-video-preview:-1"},"canonical":"https:\/\/territorialchallenges.com\/nl\/2016\/08\/06\/accueil-et-si-le-statisticien-etait-le-metier-davenir-dans-la-filiere-electrique\/559\/","og_locale":"nl_NL","og_type":"article","og_title":"Et si le statisticien \u00e9tait le m\u00e9tier d'avenir dans la fili\u00e8re \u00e9lectrique ? - Territorial Challenges","og_description":"(28 f\u00e9vrier 2013) Le calendrier politique de la transition \u00e9nerg\u00e9tique qui pousse \u00e0 l&rsquo;\u00e9quipement des foyers fran\u00e7ais en compteurs intelligents, ne se doute pas d&rsquo;une possible nouvelle configuration des m\u00e9tiers de l&rsquo;\u00e9nergie. L&rsquo;av\u00e8nement du statisticien comme nouvel artisan de l&rsquo;offre \u00e9lectrique. Le professeur Hal Varian, \u00e9conomiste en chef du g\u00e9ant Google ne s&rsquo;y est pas [&hellip;]","og_url":"https:\/\/territorialchallenges.com\/nl\/2016\/08\/06\/accueil-et-si-le-statisticien-etait-le-metier-davenir-dans-la-filiere-electrique\/559\/","og_site_name":"Territorial Challenges","article_published_time":"2016-08-05T22:50:17+00:00","author":"ni.abdi","twitter_card":"summary_large_image","twitter_creator":"@Ni.abdi","twitter_misc":{"Geschreven door":"ni.abdi","Geschatte leestijd":"3 minuten"},"schema":{"@context":"https:\/\/schema.org","@graph":[{"@type":"Article","@id":"https:\/\/territorialchallenges.com\/2016\/08\/06\/accueil-et-si-le-statisticien-etait-le-metier-davenir-dans-la-filiere-electrique\/559\/#article","isPartOf":{"@id":"https:\/\/territorialchallenges.com\/2016\/08\/06\/accueil-et-si-le-statisticien-etait-le-metier-davenir-dans-la-filiere-electrique\/559\/"},"author":{"name":"ni.abdi","@id":"https:\/\/territorialchallenges.com\/#\/schema\/person\/098f145c7c61a021c425e010f840080f"},"headline":"Et si le statisticien \u00e9tait le m\u00e9tier d&rsquo;avenir dans la fili\u00e8re \u00e9lectrique ?","datePublished":"2016-08-05T22:50:17+00:00","dateModified":"2016-08-05T22:50:17+00:00","mainEntityOfPage":{"@id":"https:\/\/territorialchallenges.com\/2016\/08\/06\/accueil-et-si-le-statisticien-etait-le-metier-davenir-dans-la-filiere-electrique\/559\/"},"wordCount":634,"commentCount":0,"publisher":{"@id":"https:\/\/territorialchallenges.com\/#organization"},"articleSection":["Archives - Editos"],"inLanguage":"nl-NL"},{"@type":"WebPage","@id":"https:\/\/territorialchallenges.com\/2016\/08\/06\/accueil-et-si-le-statisticien-etait-le-metier-davenir-dans-la-filiere-electrique\/559\/","url":"https:\/\/territorialchallenges.com\/2016\/08\/06\/accueil-et-si-le-statisticien-etait-le-metier-davenir-dans-la-filiere-electrique\/559\/","name":"Et si le statisticien \u00e9tait le m\u00e9tier d'avenir dans la fili\u00e8re \u00e9lectrique ? - Territorial Challenges","isPartOf":{"@id":"https:\/\/territorialchallenges.com\/#website"},"datePublished":"2016-08-05T22:50:17+00:00","dateModified":"2016-08-05T22:50:17+00:00","breadcrumb":{"@id":"https:\/\/territorialchallenges.com\/2016\/08\/06\/accueil-et-si-le-statisticien-etait-le-metier-davenir-dans-la-filiere-electrique\/559\/#breadcrumb"},"inLanguage":"nl-NL","potentialAction":[{"@type":"ReadAction","target":["https:\/\/territorialchallenges.com\/2016\/08\/06\/accueil-et-si-le-statisticien-etait-le-metier-davenir-dans-la-filiere-electrique\/559\/"]}]},{"@type":"BreadcrumbList","@id":"https:\/\/territorialchallenges.com\/2016\/08\/06\/accueil-et-si-le-statisticien-etait-le-metier-davenir-dans-la-filiere-electrique\/559\/#breadcrumb","itemListElement":[{"@type":"ListItem","position":1,"name":"Home","item":"https:\/\/territorialchallenges.com\/"},{"@type":"ListItem","position":2,"name":"Et si le statisticien \u00e9tait le m\u00e9tier d&rsquo;avenir dans la fili\u00e8re \u00e9lectrique ?"}]},{"@type":"WebSite","@id":"https:\/\/territorialchallenges.com\/#website","url":"https:\/\/territorialchallenges.com\/","name":"Territoriale uitdagingen","description":"Internationale monitoring - Slimme strategie\u00ebn - Beste praktijken","publisher":{"@id":"https:\/\/territorialchallenges.com\/#organization"},"potentialAction":[{"@type":"SearchAction","target":{"@type":"EntryPoint","urlTemplate":"https:\/\/territorialchallenges.com\/?s={search_term_string}"},"query-input":"required name=search_term_string"}],"inLanguage":"nl-NL"},{"@type":"Organization","@id":"https:\/\/territorialchallenges.com\/#organization","name":"Territoriale uitdagingen","url":"https:\/\/territorialchallenges.com\/","logo":{"@type":"ImageObject","inLanguage":"nl-NL","@id":"https:\/\/territorialchallenges.com\/#\/schema\/logo\/image\/","url":"https:\/\/territorialchallenges.com\/wp-content\/uploads\/2023\/10\/logo-1.png","contentUrl":"https:\/\/territorialchallenges.com\/wp-content\/uploads\/2023\/10\/logo-1.png","width":1832,"height":576,"caption":"Territorial Challenges"},"image":{"@id":"https:\/\/territorialchallenges.com\/#\/schema\/logo\/image\/"}},{"@type":"Person","@id":"https:\/\/territorialchallenges.com\/#\/schema\/person\/098f145c7c61a021c425e010f840080f","name":"ni.abdi","image":{"@type":"ImageObject","inLanguage":"nl-NL","@id":"https:\/\/territorialchallenges.com\/#\/schema\/person\/image\/","url":"https:\/\/secure.gravatar.com\/avatar\/2a2f2491f3c80039986ba989b1e4b510?s=96&d=identicon&r=g","contentUrl":"https:\/\/secure.gravatar.com\/avatar\/2a2f2491f3c80039986ba989b1e4b510?s=96&d=identicon&r=g","caption":"ni.abdi"},"sameAs":["https:\/\/twitter.com\/Ni.abdi"],"url":"https:\/\/territorialchallenges.com\/nl\/author\/ni-abdi\/"}]}},"_links":{"self":[{"href":"https:\/\/territorialchallenges.com\/nl\/wp-json\/wp\/v2\/posts\/559"}],"collection":[{"href":"https:\/\/territorialchallenges.com\/nl\/wp-json\/wp\/v2\/posts"}],"about":[{"href":"https:\/\/territorialchallenges.com\/nl\/wp-json\/wp\/v2\/types\/post"}],"author":[{"embeddable":true,"href":"https:\/\/territorialchallenges.com\/nl\/wp-json\/wp\/v2\/users\/11"}],"replies":[{"embeddable":true,"href":"https:\/\/territorialchallenges.com\/nl\/wp-json\/wp\/v2\/comments?post=559"}],"version-history":[{"count":0,"href":"https:\/\/territorialchallenges.com\/nl\/wp-json\/wp\/v2\/posts\/559\/revisions"}],"wp:attachment":[{"href":"https:\/\/territorialchallenges.com\/nl\/wp-json\/wp\/v2\/media?parent=559"}],"wp:term":[{"taxonomy":"category","embeddable":true,"href":"https:\/\/territorialchallenges.com\/nl\/wp-json\/wp\/v2\/categories?post=559"},{"taxonomy":"post_tag","embeddable":true,"href":"https:\/\/territorialchallenges.com\/nl\/wp-json\/wp\/v2\/tags?post=559"}],"curies":[{"name":"wp","href":"https:\/\/api.w.org\/{rel}","templated":true}]}}