{"id":552,"date":"2016-08-06T00:25:33","date_gmt":"2016-08-05T22:25:33","guid":{"rendered":"http:\/\/e-novatio.com\/?p=552"},"modified":"2016-08-06T00:25:33","modified_gmt":"2016-08-05T22:25:33","slug":"feu-steve-jobs-et-le-monde-de-la-domotique-et-de-la-thermique","status":"publish","type":"post","link":"https:\/\/territorialchallenges.com\/nl\/2016\/08\/06\/feu-steve-jobs-et-le-monde-de-la-domotique-et-de-la-thermique\/552\/","title":{"rendered":"De overleden Steve Jobs en de wereld van domotica en thermische techniek"},"content":{"rendered":"<p>(13 januari 2013) Terwijl Frankrijk verwikkeld is in een langdurig debat over de energietransitie, bevestigen internetleiders zoals Apple en Google in Las Vegas hun greep op domotica. Hij overleed in oktober 2011. Veel te vroeg om de populariteit van de iPhone en iPad in de\u2026 <\/p>\n<div class=\"pmpro_content_message\">Artikel alleen beschikbaar voor abonnees.<br \/><a href=\"https:\/\/territorialchallenges.com\/wp-login.php\">Login<\/a><br \/><a href=\"https:\/\/territorialchallenges.com\/nl\/wp-login.php\/?action=register\">Register<\/a><\/div>","protected":false},"excerpt":{"rendered":"<p>(13 janvier 2013) \u00c0 l&rsquo;heure o\u00f9 la France s&rsquo;engage dans un long d\u00e9bat sur la transition \u00e9nerg\u00e9tique, \u00e0 Las Vegas les leaders de l&rsquo;internet comme Apple et Google confirment leur emprise sur l&rsquo;\u00e9quipement domotique. Il est mort en octobre 2011. Bien trop t\u00f4t pour vivre pleinement la d\u00e9clinaison de l&rsquo;iPhone et de l&rsquo;iPad dans le... <\/p>\n<div class=\"pmpro_content_message\">Artikel alleen beschikbaar voor abonnees.<br \/><a href=\"https:\/\/territorialchallenges.com\/wp-login.php\">Login<\/a><br \/><a href=\"https:\/\/territorialchallenges.com\/nl\/wp-login.php\/?action=register\">Register<\/a><\/div>","protected":false},"author":11,"featured_media":0,"comment_status":"open","ping_status":"open","sticky":true,"template":"","format":"standard","meta":{"pmpro_default_level":0,"footnotes":""},"categories":[123],"tags":[],"blocksy_meta":"","yoast_head":"<!-- This site is optimized with the Yoast SEO plugin v21.5 - https:\/\/yoast.com\/wordpress\/plugins\/seo\/ -->\n<title>Feu Steve Jobs et le monde de la domotique et de la thermique - Territorial Challenges<\/title>\n<meta name=\"robots\" content=\"index, follow, max-snippet:-1, max-image-preview:large, max-video-preview:-1\" \/>\n<link rel=\"canonical\" href=\"https:\/\/territorialchallenges.com\/nl\/2016\/08\/06\/feu-steve-jobs-et-le-monde-de-la-domotique-et-de-la-thermique\/552\/\" \/>\n<meta property=\"og:locale\" content=\"nl_NL\" \/>\n<meta property=\"og:type\" content=\"article\" \/>\n<meta property=\"og:title\" content=\"Feu Steve Jobs et le monde de la domotique et de la thermique - Territorial Challenges\" \/>\n<meta property=\"og:description\" content=\"(13 janvier 2013) \u00c0 l&rsquo;heure o\u00f9 la France s&rsquo;engage dans un long d\u00e9bat sur la transition \u00e9nerg\u00e9tique, \u00e0 Las Vegas les leaders de l&rsquo;internet comme Apple et Google confirment leur emprise sur l&rsquo;\u00e9quipement domotique. Il est mort en octobre 2011. Bien trop t\u00f4t pour vivre pleinement la d\u00e9clinaison de l&rsquo;iPhone et de l&rsquo;iPad dans le [&hellip;]\" \/>\n<meta property=\"og:url\" content=\"https:\/\/territorialchallenges.com\/nl\/2016\/08\/06\/feu-steve-jobs-et-le-monde-de-la-domotique-et-de-la-thermique\/552\/\" \/>\n<meta property=\"og:site_name\" content=\"Territorial Challenges\" \/>\n<meta property=\"article:published_time\" content=\"2016-08-05T22:25:33+00:00\" \/>\n<meta name=\"author\" content=\"ni.abdi\" \/>\n<meta name=\"twitter:card\" content=\"summary_large_image\" \/>\n<meta name=\"twitter:creator\" content=\"@Ni.abdi\" \/>\n<meta name=\"twitter:label1\" content=\"Geschreven door\" \/>\n\t<meta name=\"twitter:data1\" content=\"ni.abdi\" \/>\n\t<meta name=\"twitter:label2\" content=\"Geschatte leestijd\" \/>\n\t<meta name=\"twitter:data2\" content=\"3 minuten\" \/>\n<script type=\"application\/ld+json\" class=\"yoast-schema-graph\">{\"@context\":\"https:\/\/schema.org\",\"@graph\":[{\"@type\":\"Article\",\"@id\":\"https:\/\/territorialchallenges.com\/2016\/08\/06\/feu-steve-jobs-et-le-monde-de-la-domotique-et-de-la-thermique\/552\/#article\",\"isPartOf\":{\"@id\":\"https:\/\/territorialchallenges.com\/2016\/08\/06\/feu-steve-jobs-et-le-monde-de-la-domotique-et-de-la-thermique\/552\/\"},\"author\":{\"name\":\"ni.abdi\",\"@id\":\"https:\/\/territorialchallenges.com\/#\/schema\/person\/098f145c7c61a021c425e010f840080f\"},\"headline\":\"Feu Steve Jobs et le monde de la domotique et de la thermique\",\"datePublished\":\"2016-08-05T22:25:33+00:00\",\"dateModified\":\"2016-08-05T22:25:33+00:00\",\"mainEntityOfPage\":{\"@id\":\"https:\/\/territorialchallenges.com\/2016\/08\/06\/feu-steve-jobs-et-le-monde-de-la-domotique-et-de-la-thermique\/552\/\"},\"wordCount\":614,\"commentCount\":0,\"publisher\":{\"@id\":\"https:\/\/territorialchallenges.com\/#organization\"},\"articleSection\":[\"Archives - Editos\"],\"inLanguage\":\"nl-NL\"},{\"@type\":\"WebPage\",\"@id\":\"https:\/\/territorialchallenges.com\/2016\/08\/06\/feu-steve-jobs-et-le-monde-de-la-domotique-et-de-la-thermique\/552\/\",\"url\":\"https:\/\/territorialchallenges.com\/2016\/08\/06\/feu-steve-jobs-et-le-monde-de-la-domotique-et-de-la-thermique\/552\/\",\"name\":\"Feu Steve Jobs et le monde de la domotique et de la thermique - Territorial Challenges\",\"isPartOf\":{\"@id\":\"https:\/\/territorialchallenges.com\/#website\"},\"datePublished\":\"2016-08-05T22:25:33+00:00\",\"dateModified\":\"2016-08-05T22:25:33+00:00\",\"breadcrumb\":{\"@id\":\"https:\/\/territorialchallenges.com\/2016\/08\/06\/feu-steve-jobs-et-le-monde-de-la-domotique-et-de-la-thermique\/552\/#breadcrumb\"},\"inLanguage\":\"nl-NL\",\"potentialAction\":[{\"@type\":\"ReadAction\",\"target\":[\"https:\/\/territorialchallenges.com\/2016\/08\/06\/feu-steve-jobs-et-le-monde-de-la-domotique-et-de-la-thermique\/552\/\"]}]},{\"@type\":\"BreadcrumbList\",\"@id\":\"https:\/\/territorialchallenges.com\/2016\/08\/06\/feu-steve-jobs-et-le-monde-de-la-domotique-et-de-la-thermique\/552\/#breadcrumb\",\"itemListElement\":[{\"@type\":\"ListItem\",\"position\":1,\"name\":\"Home\",\"item\":\"https:\/\/territorialchallenges.com\/\"},{\"@type\":\"ListItem\",\"position\":2,\"name\":\"Feu Steve Jobs et le monde de la domotique et de la thermique\"}]},{\"@type\":\"WebSite\",\"@id\":\"https:\/\/territorialchallenges.com\/#website\",\"url\":\"https:\/\/territorialchallenges.com\/\",\"name\":\"Territorial Challenges\",\"description\":\"Veille Internationale - Strat\u00e9gie Intelligentes - Bonnes pratiques\",\"publisher\":{\"@id\":\"https:\/\/territorialchallenges.com\/#organization\"},\"potentialAction\":[{\"@type\":\"SearchAction\",\"target\":{\"@type\":\"EntryPoint\",\"urlTemplate\":\"https:\/\/territorialchallenges.com\/?s={search_term_string}\"},\"query-input\":\"required name=search_term_string\"}],\"inLanguage\":\"nl-NL\"},{\"@type\":\"Organization\",\"@id\":\"https:\/\/territorialchallenges.com\/#organization\",\"name\":\"Territorial Challenges\",\"url\":\"https:\/\/territorialchallenges.com\/\",\"logo\":{\"@type\":\"ImageObject\",\"inLanguage\":\"nl-NL\",\"@id\":\"https:\/\/territorialchallenges.com\/#\/schema\/logo\/image\/\",\"url\":\"https:\/\/territorialchallenges.com\/wp-content\/uploads\/2023\/10\/logo-1.png\",\"contentUrl\":\"https:\/\/territorialchallenges.com\/wp-content\/uploads\/2023\/10\/logo-1.png\",\"width\":1832,\"height\":576,\"caption\":\"Territorial Challenges\"},\"image\":{\"@id\":\"https:\/\/territorialchallenges.com\/#\/schema\/logo\/image\/\"}},{\"@type\":\"Person\",\"@id\":\"https:\/\/territorialchallenges.com\/#\/schema\/person\/098f145c7c61a021c425e010f840080f\",\"name\":\"ni.abdi\",\"image\":{\"@type\":\"ImageObject\",\"inLanguage\":\"nl-NL\",\"@id\":\"https:\/\/territorialchallenges.com\/#\/schema\/person\/image\/\",\"url\":\"https:\/\/secure.gravatar.com\/avatar\/2a2f2491f3c80039986ba989b1e4b510?s=96&d=identicon&r=g\",\"contentUrl\":\"https:\/\/secure.gravatar.com\/avatar\/2a2f2491f3c80039986ba989b1e4b510?s=96&d=identicon&r=g\",\"caption\":\"ni.abdi\"},\"sameAs\":[\"https:\/\/twitter.com\/Ni.abdi\"],\"url\":\"https:\/\/territorialchallenges.com\/nl\/author\/ni-abdi\/\"}]}<\/script>\n<!-- \/ Yoast SEO plugin. -->","yoast_head_json":{"title":"Feu Steve Jobs et le monde de la domotique et de la thermique - Territorial Challenges","robots":{"index":"index","follow":"follow","max-snippet":"max-snippet:-1","max-image-preview":"max-image-preview:large","max-video-preview":"max-video-preview:-1"},"canonical":"https:\/\/territorialchallenges.com\/nl\/2016\/08\/06\/feu-steve-jobs-et-le-monde-de-la-domotique-et-de-la-thermique\/552\/","og_locale":"nl_NL","og_type":"article","og_title":"Feu Steve Jobs et le monde de la domotique et de la thermique - Territorial Challenges","og_description":"(13 janvier 2013) \u00c0 l&rsquo;heure o\u00f9 la France s&rsquo;engage dans un long d\u00e9bat sur la transition \u00e9nerg\u00e9tique, \u00e0 Las Vegas les leaders de l&rsquo;internet comme Apple et Google confirment leur emprise sur l&rsquo;\u00e9quipement domotique. Il est mort en octobre 2011. Bien trop t\u00f4t pour vivre pleinement la d\u00e9clinaison de l&rsquo;iPhone et de l&rsquo;iPad dans le [&hellip;]","og_url":"https:\/\/territorialchallenges.com\/nl\/2016\/08\/06\/feu-steve-jobs-et-le-monde-de-la-domotique-et-de-la-thermique\/552\/","og_site_name":"Territorial Challenges","article_published_time":"2016-08-05T22:25:33+00:00","author":"ni.abdi","twitter_card":"summary_large_image","twitter_creator":"@Ni.abdi","twitter_misc":{"Geschreven door":"ni.abdi","Geschatte leestijd":"3 minuten"},"schema":{"@context":"https:\/\/schema.org","@graph":[{"@type":"Article","@id":"https:\/\/territorialchallenges.com\/2016\/08\/06\/feu-steve-jobs-et-le-monde-de-la-domotique-et-de-la-thermique\/552\/#article","isPartOf":{"@id":"https:\/\/territorialchallenges.com\/2016\/08\/06\/feu-steve-jobs-et-le-monde-de-la-domotique-et-de-la-thermique\/552\/"},"author":{"name":"ni.abdi","@id":"https:\/\/territorialchallenges.com\/#\/schema\/person\/098f145c7c61a021c425e010f840080f"},"headline":"Feu Steve Jobs et le monde de la domotique et de la thermique","datePublished":"2016-08-05T22:25:33+00:00","dateModified":"2016-08-05T22:25:33+00:00","mainEntityOfPage":{"@id":"https:\/\/territorialchallenges.com\/2016\/08\/06\/feu-steve-jobs-et-le-monde-de-la-domotique-et-de-la-thermique\/552\/"},"wordCount":614,"commentCount":0,"publisher":{"@id":"https:\/\/territorialchallenges.com\/#organization"},"articleSection":["Archives - Editos"],"inLanguage":"nl-NL"},{"@type":"WebPage","@id":"https:\/\/territorialchallenges.com\/2016\/08\/06\/feu-steve-jobs-et-le-monde-de-la-domotique-et-de-la-thermique\/552\/","url":"https:\/\/territorialchallenges.com\/2016\/08\/06\/feu-steve-jobs-et-le-monde-de-la-domotique-et-de-la-thermique\/552\/","name":"Feu Steve Jobs et le monde de la domotique et de la thermique - Territorial Challenges","isPartOf":{"@id":"https:\/\/territorialchallenges.com\/#website"},"datePublished":"2016-08-05T22:25:33+00:00","dateModified":"2016-08-05T22:25:33+00:00","breadcrumb":{"@id":"https:\/\/territorialchallenges.com\/2016\/08\/06\/feu-steve-jobs-et-le-monde-de-la-domotique-et-de-la-thermique\/552\/#breadcrumb"},"inLanguage":"nl-NL","potentialAction":[{"@type":"ReadAction","target":["https:\/\/territorialchallenges.com\/2016\/08\/06\/feu-steve-jobs-et-le-monde-de-la-domotique-et-de-la-thermique\/552\/"]}]},{"@type":"BreadcrumbList","@id":"https:\/\/territorialchallenges.com\/2016\/08\/06\/feu-steve-jobs-et-le-monde-de-la-domotique-et-de-la-thermique\/552\/#breadcrumb","itemListElement":[{"@type":"ListItem","position":1,"name":"Home","item":"https:\/\/territorialchallenges.com\/"},{"@type":"ListItem","position":2,"name":"Feu Steve Jobs et le monde de la domotique et de la thermique"}]},{"@type":"WebSite","@id":"https:\/\/territorialchallenges.com\/#website","url":"https:\/\/territorialchallenges.com\/","name":"Territoriale uitdagingen","description":"Internationale monitoring - Slimme strategie\u00ebn - Beste praktijken","publisher":{"@id":"https:\/\/territorialchallenges.com\/#organization"},"potentialAction":[{"@type":"SearchAction","target":{"@type":"EntryPoint","urlTemplate":"https:\/\/territorialchallenges.com\/?s={search_term_string}"},"query-input":"required name=search_term_string"}],"inLanguage":"nl-NL"},{"@type":"Organization","@id":"https:\/\/territorialchallenges.com\/#organization","name":"Territoriale uitdagingen","url":"https:\/\/territorialchallenges.com\/","logo":{"@type":"ImageObject","inLanguage":"nl-NL","@id":"https:\/\/territorialchallenges.com\/#\/schema\/logo\/image\/","url":"https:\/\/territorialchallenges.com\/wp-content\/uploads\/2023\/10\/logo-1.png","contentUrl":"https:\/\/territorialchallenges.com\/wp-content\/uploads\/2023\/10\/logo-1.png","width":1832,"height":576,"caption":"Territorial Challenges"},"image":{"@id":"https:\/\/territorialchallenges.com\/#\/schema\/logo\/image\/"}},{"@type":"Person","@id":"https:\/\/territorialchallenges.com\/#\/schema\/person\/098f145c7c61a021c425e010f840080f","name":"ni.abdi","image":{"@type":"ImageObject","inLanguage":"nl-NL","@id":"https:\/\/territorialchallenges.com\/#\/schema\/person\/image\/","url":"https:\/\/secure.gravatar.com\/avatar\/2a2f2491f3c80039986ba989b1e4b510?s=96&d=identicon&r=g","contentUrl":"https:\/\/secure.gravatar.com\/avatar\/2a2f2491f3c80039986ba989b1e4b510?s=96&d=identicon&r=g","caption":"ni.abdi"},"sameAs":["https:\/\/twitter.com\/Ni.abdi"],"url":"https:\/\/territorialchallenges.com\/nl\/author\/ni-abdi\/"}]}},"_links":{"self":[{"href":"https:\/\/territorialchallenges.com\/nl\/wp-json\/wp\/v2\/posts\/552"}],"collection":[{"href":"https:\/\/territorialchallenges.com\/nl\/wp-json\/wp\/v2\/posts"}],"about":[{"href":"https:\/\/territorialchallenges.com\/nl\/wp-json\/wp\/v2\/types\/post"}],"author":[{"embeddable":true,"href":"https:\/\/territorialchallenges.com\/nl\/wp-json\/wp\/v2\/users\/11"}],"replies":[{"embeddable":true,"href":"https:\/\/territorialchallenges.com\/nl\/wp-json\/wp\/v2\/comments?post=552"}],"version-history":[{"count":0,"href":"https:\/\/territorialchallenges.com\/nl\/wp-json\/wp\/v2\/posts\/552\/revisions"}],"wp:attachment":[{"href":"https:\/\/territorialchallenges.com\/nl\/wp-json\/wp\/v2\/media?parent=552"}],"wp:term":[{"taxonomy":"category","embeddable":true,"href":"https:\/\/territorialchallenges.com\/nl\/wp-json\/wp\/v2\/categories?post=552"},{"taxonomy":"post_tag","embeddable":true,"href":"https:\/\/territorialchallenges.com\/nl\/wp-json\/wp\/v2\/tags?post=552"}],"curies":[{"name":"wp","href":"https:\/\/api.w.org\/{rel}","templated":true}]}}