{"id":520,"date":"2016-07-16T22:57:46","date_gmt":"2016-07-16T20:57:46","guid":{"rendered":"http:\/\/e-novatio.com\/?p=520"},"modified":"2016-07-16T22:57:46","modified_gmt":"2016-07-16T20:57:46","slug":"nous-sommes-tous-des-employes-euro-mediterraneens-de-siemens","status":"publish","type":"post","link":"https:\/\/territorialchallenges.com\/nl\/2016\/07\/16\/nous-sommes-tous-des-employes-euro-mediterraneens-de-siemens\/520\/","title":{"rendered":"Wij zijn allemaal Euro-Mediterrane medewerkers van Siemens"},"content":{"rendered":"<p>(28 oktober 2012) Na de onverwachte aankondiging van Siemens op 22 oktober dat het zich terugtrok uit zijn zonne-energieactiviteiten, dachten we aan Ren\u00e9 Buchler, de president van de Tunesische dochteronderneming, en vooral aan de heer Desertec, die betrokken was bij dit beroemde project voor energieproductie met behulp van hernieuwbare energiebronnen tussen het zuidelijke Middellandse Zeegebied en Europa. In de zin van... <\/p>\n<div class=\"pmpro_content_message\">Artikel alleen beschikbaar voor abonnees.<br \/><a href=\"https:\/\/territorialchallenges.com\/wp-login.php\">Login<\/a><br \/><a href=\"https:\/\/territorialchallenges.com\/nl\/wp-login.php\/?action=register\">Register<\/a><\/div>","protected":false},"excerpt":{"rendered":"<p>(28 octobre 2012) A l&rsquo;annonce inattendu de Siemens le 22 octobre de se retirer de l&rsquo;activit\u00e9 du solaire, nous avons pens\u00e9 \u00e0 Ren\u00e9 Buchler, son pr\u00e9sident de la filiale tunisienne et surtout, monsieur Desertec, de ce fameux projet de production \u00e9nerg\u00e9tique par les \u00e9nergies renouvelables entre le sud de la M\u00e9diterran\u00e9e et l&rsquo;Europe. Au sens... <\/p>\n<div class=\"pmpro_content_message\">Artikel alleen beschikbaar voor abonnees.<br \/><a href=\"https:\/\/territorialchallenges.com\/wp-login.php\">Login<\/a><br \/><a href=\"https:\/\/territorialchallenges.com\/nl\/wp-login.php\/?action=register\">Register<\/a><\/div>","protected":false},"author":11,"featured_media":0,"comment_status":"open","ping_status":"open","sticky":true,"template":"","format":"standard","meta":{"pmpro_default_level":0,"footnotes":""},"categories":[123],"tags":[],"blocksy_meta":"","yoast_head":"<!-- This site is optimized with the Yoast SEO plugin v21.5 - https:\/\/yoast.com\/wordpress\/plugins\/seo\/ -->\n<title>Nous sommes tous des employ\u00e9s euro-m\u00e9diterran\u00e9ens de Siemens - Territorial Challenges<\/title>\n<meta name=\"robots\" content=\"index, follow, max-snippet:-1, max-image-preview:large, max-video-preview:-1\" \/>\n<link rel=\"canonical\" href=\"https:\/\/territorialchallenges.com\/nl\/2016\/07\/16\/nous-sommes-tous-des-employes-euro-mediterraneens-de-siemens\/520\/\" \/>\n<meta property=\"og:locale\" content=\"nl_NL\" \/>\n<meta property=\"og:type\" content=\"article\" \/>\n<meta property=\"og:title\" content=\"Nous sommes tous des employ\u00e9s euro-m\u00e9diterran\u00e9ens de Siemens - Territorial Challenges\" \/>\n<meta property=\"og:description\" content=\"(28 octobre 2012) A l&rsquo;annonce inattendu de Siemens le 22 octobre de se retirer de l&rsquo;activit\u00e9 du solaire, nous avons pens\u00e9 \u00e0 Ren\u00e9 Buchler, son pr\u00e9sident de la filiale tunisienne et surtout, monsieur Desertec, de ce fameux projet de production \u00e9nerg\u00e9tique par les \u00e9nergies renouvelables entre le sud de la M\u00e9diterran\u00e9e et l&rsquo;Europe. Au sens [&hellip;]\" \/>\n<meta property=\"og:url\" content=\"https:\/\/territorialchallenges.com\/nl\/2016\/07\/16\/nous-sommes-tous-des-employes-euro-mediterraneens-de-siemens\/520\/\" \/>\n<meta property=\"og:site_name\" content=\"Territorial Challenges\" \/>\n<meta property=\"article:published_time\" content=\"2016-07-16T20:57:46+00:00\" \/>\n<meta name=\"author\" content=\"ni.abdi\" \/>\n<meta name=\"twitter:card\" content=\"summary_large_image\" \/>\n<meta name=\"twitter:creator\" content=\"@Ni.abdi\" \/>\n<meta name=\"twitter:label1\" content=\"Geschreven door\" \/>\n\t<meta name=\"twitter:data1\" content=\"ni.abdi\" \/>\n\t<meta name=\"twitter:label2\" content=\"Geschatte leestijd\" \/>\n\t<meta name=\"twitter:data2\" content=\"3 minuten\" \/>\n<script type=\"application\/ld+json\" class=\"yoast-schema-graph\">{\"@context\":\"https:\/\/schema.org\",\"@graph\":[{\"@type\":\"Article\",\"@id\":\"https:\/\/territorialchallenges.com\/2016\/07\/16\/nous-sommes-tous-des-employes-euro-mediterraneens-de-siemens\/520\/#article\",\"isPartOf\":{\"@id\":\"https:\/\/territorialchallenges.com\/2016\/07\/16\/nous-sommes-tous-des-employes-euro-mediterraneens-de-siemens\/520\/\"},\"author\":{\"name\":\"ni.abdi\",\"@id\":\"https:\/\/territorialchallenges.com\/#\/schema\/person\/098f145c7c61a021c425e010f840080f\"},\"headline\":\"Nous sommes tous des employ\u00e9s euro-m\u00e9diterran\u00e9ens de Siemens\",\"datePublished\":\"2016-07-16T20:57:46+00:00\",\"dateModified\":\"2016-07-16T20:57:46+00:00\",\"mainEntityOfPage\":{\"@id\":\"https:\/\/territorialchallenges.com\/2016\/07\/16\/nous-sommes-tous-des-employes-euro-mediterraneens-de-siemens\/520\/\"},\"wordCount\":693,\"commentCount\":0,\"publisher\":{\"@id\":\"https:\/\/territorialchallenges.com\/#organization\"},\"articleSection\":[\"Archives - Editos\"],\"inLanguage\":\"nl-NL\"},{\"@type\":\"WebPage\",\"@id\":\"https:\/\/territorialchallenges.com\/2016\/07\/16\/nous-sommes-tous-des-employes-euro-mediterraneens-de-siemens\/520\/\",\"url\":\"https:\/\/territorialchallenges.com\/2016\/07\/16\/nous-sommes-tous-des-employes-euro-mediterraneens-de-siemens\/520\/\",\"name\":\"Nous sommes tous des employ\u00e9s euro-m\u00e9diterran\u00e9ens de Siemens - Territorial Challenges\",\"isPartOf\":{\"@id\":\"https:\/\/territorialchallenges.com\/#website\"},\"datePublished\":\"2016-07-16T20:57:46+00:00\",\"dateModified\":\"2016-07-16T20:57:46+00:00\",\"breadcrumb\":{\"@id\":\"https:\/\/territorialchallenges.com\/2016\/07\/16\/nous-sommes-tous-des-employes-euro-mediterraneens-de-siemens\/520\/#breadcrumb\"},\"inLanguage\":\"nl-NL\",\"potentialAction\":[{\"@type\":\"ReadAction\",\"target\":[\"https:\/\/territorialchallenges.com\/2016\/07\/16\/nous-sommes-tous-des-employes-euro-mediterraneens-de-siemens\/520\/\"]}]},{\"@type\":\"BreadcrumbList\",\"@id\":\"https:\/\/territorialchallenges.com\/2016\/07\/16\/nous-sommes-tous-des-employes-euro-mediterraneens-de-siemens\/520\/#breadcrumb\",\"itemListElement\":[{\"@type\":\"ListItem\",\"position\":1,\"name\":\"Home\",\"item\":\"https:\/\/territorialchallenges.com\/\"},{\"@type\":\"ListItem\",\"position\":2,\"name\":\"Nous sommes tous des employ\u00e9s euro-m\u00e9diterran\u00e9ens de Siemens\"}]},{\"@type\":\"WebSite\",\"@id\":\"https:\/\/territorialchallenges.com\/#website\",\"url\":\"https:\/\/territorialchallenges.com\/\",\"name\":\"Territorial Challenges\",\"description\":\"Veille Internationale - Strat\u00e9gie Intelligentes - Bonnes pratiques\",\"publisher\":{\"@id\":\"https:\/\/territorialchallenges.com\/#organization\"},\"potentialAction\":[{\"@type\":\"SearchAction\",\"target\":{\"@type\":\"EntryPoint\",\"urlTemplate\":\"https:\/\/territorialchallenges.com\/?s={search_term_string}\"},\"query-input\":\"required name=search_term_string\"}],\"inLanguage\":\"nl-NL\"},{\"@type\":\"Organization\",\"@id\":\"https:\/\/territorialchallenges.com\/#organization\",\"name\":\"Territorial Challenges\",\"url\":\"https:\/\/territorialchallenges.com\/\",\"logo\":{\"@type\":\"ImageObject\",\"inLanguage\":\"nl-NL\",\"@id\":\"https:\/\/territorialchallenges.com\/#\/schema\/logo\/image\/\",\"url\":\"https:\/\/territorialchallenges.com\/wp-content\/uploads\/2023\/10\/logo-1.png\",\"contentUrl\":\"https:\/\/territorialchallenges.com\/wp-content\/uploads\/2023\/10\/logo-1.png\",\"width\":1832,\"height\":576,\"caption\":\"Territorial Challenges\"},\"image\":{\"@id\":\"https:\/\/territorialchallenges.com\/#\/schema\/logo\/image\/\"}},{\"@type\":\"Person\",\"@id\":\"https:\/\/territorialchallenges.com\/#\/schema\/person\/098f145c7c61a021c425e010f840080f\",\"name\":\"ni.abdi\",\"image\":{\"@type\":\"ImageObject\",\"inLanguage\":\"nl-NL\",\"@id\":\"https:\/\/territorialchallenges.com\/#\/schema\/person\/image\/\",\"url\":\"https:\/\/secure.gravatar.com\/avatar\/2a2f2491f3c80039986ba989b1e4b510?s=96&d=identicon&r=g\",\"contentUrl\":\"https:\/\/secure.gravatar.com\/avatar\/2a2f2491f3c80039986ba989b1e4b510?s=96&d=identicon&r=g\",\"caption\":\"ni.abdi\"},\"sameAs\":[\"https:\/\/twitter.com\/Ni.abdi\"],\"url\":\"https:\/\/territorialchallenges.com\/nl\/author\/ni-abdi\/\"}]}<\/script>\n<!-- \/ Yoast SEO plugin. -->","yoast_head_json":{"title":"Nous sommes tous des employ\u00e9s euro-m\u00e9diterran\u00e9ens de Siemens - Territorial Challenges","robots":{"index":"index","follow":"follow","max-snippet":"max-snippet:-1","max-image-preview":"max-image-preview:large","max-video-preview":"max-video-preview:-1"},"canonical":"https:\/\/territorialchallenges.com\/nl\/2016\/07\/16\/nous-sommes-tous-des-employes-euro-mediterraneens-de-siemens\/520\/","og_locale":"nl_NL","og_type":"article","og_title":"Nous sommes tous des employ\u00e9s euro-m\u00e9diterran\u00e9ens de Siemens - Territorial Challenges","og_description":"(28 octobre 2012) A l&rsquo;annonce inattendu de Siemens le 22 octobre de se retirer de l&rsquo;activit\u00e9 du solaire, nous avons pens\u00e9 \u00e0 Ren\u00e9 Buchler, son pr\u00e9sident de la filiale tunisienne et surtout, monsieur Desertec, de ce fameux projet de production \u00e9nerg\u00e9tique par les \u00e9nergies renouvelables entre le sud de la M\u00e9diterran\u00e9e et l&rsquo;Europe. Au sens [&hellip;]","og_url":"https:\/\/territorialchallenges.com\/nl\/2016\/07\/16\/nous-sommes-tous-des-employes-euro-mediterraneens-de-siemens\/520\/","og_site_name":"Territorial Challenges","article_published_time":"2016-07-16T20:57:46+00:00","author":"ni.abdi","twitter_card":"summary_large_image","twitter_creator":"@Ni.abdi","twitter_misc":{"Geschreven door":"ni.abdi","Geschatte leestijd":"3 minuten"},"schema":{"@context":"https:\/\/schema.org","@graph":[{"@type":"Article","@id":"https:\/\/territorialchallenges.com\/2016\/07\/16\/nous-sommes-tous-des-employes-euro-mediterraneens-de-siemens\/520\/#article","isPartOf":{"@id":"https:\/\/territorialchallenges.com\/2016\/07\/16\/nous-sommes-tous-des-employes-euro-mediterraneens-de-siemens\/520\/"},"author":{"name":"ni.abdi","@id":"https:\/\/territorialchallenges.com\/#\/schema\/person\/098f145c7c61a021c425e010f840080f"},"headline":"Nous sommes tous des employ\u00e9s euro-m\u00e9diterran\u00e9ens de Siemens","datePublished":"2016-07-16T20:57:46+00:00","dateModified":"2016-07-16T20:57:46+00:00","mainEntityOfPage":{"@id":"https:\/\/territorialchallenges.com\/2016\/07\/16\/nous-sommes-tous-des-employes-euro-mediterraneens-de-siemens\/520\/"},"wordCount":693,"commentCount":0,"publisher":{"@id":"https:\/\/territorialchallenges.com\/#organization"},"articleSection":["Archives - Editos"],"inLanguage":"nl-NL"},{"@type":"WebPage","@id":"https:\/\/territorialchallenges.com\/2016\/07\/16\/nous-sommes-tous-des-employes-euro-mediterraneens-de-siemens\/520\/","url":"https:\/\/territorialchallenges.com\/2016\/07\/16\/nous-sommes-tous-des-employes-euro-mediterraneens-de-siemens\/520\/","name":"Nous sommes tous des employ\u00e9s euro-m\u00e9diterran\u00e9ens de Siemens - Territorial Challenges","isPartOf":{"@id":"https:\/\/territorialchallenges.com\/#website"},"datePublished":"2016-07-16T20:57:46+00:00","dateModified":"2016-07-16T20:57:46+00:00","breadcrumb":{"@id":"https:\/\/territorialchallenges.com\/2016\/07\/16\/nous-sommes-tous-des-employes-euro-mediterraneens-de-siemens\/520\/#breadcrumb"},"inLanguage":"nl-NL","potentialAction":[{"@type":"ReadAction","target":["https:\/\/territorialchallenges.com\/2016\/07\/16\/nous-sommes-tous-des-employes-euro-mediterraneens-de-siemens\/520\/"]}]},{"@type":"BreadcrumbList","@id":"https:\/\/territorialchallenges.com\/2016\/07\/16\/nous-sommes-tous-des-employes-euro-mediterraneens-de-siemens\/520\/#breadcrumb","itemListElement":[{"@type":"ListItem","position":1,"name":"Home","item":"https:\/\/territorialchallenges.com\/"},{"@type":"ListItem","position":2,"name":"Nous sommes tous des employ\u00e9s euro-m\u00e9diterran\u00e9ens de Siemens"}]},{"@type":"WebSite","@id":"https:\/\/territorialchallenges.com\/#website","url":"https:\/\/territorialchallenges.com\/","name":"Territoriale uitdagingen","description":"Internationale monitoring - Slimme strategie\u00ebn - Beste praktijken","publisher":{"@id":"https:\/\/territorialchallenges.com\/#organization"},"potentialAction":[{"@type":"SearchAction","target":{"@type":"EntryPoint","urlTemplate":"https:\/\/territorialchallenges.com\/?s={search_term_string}"},"query-input":"required name=search_term_string"}],"inLanguage":"nl-NL"},{"@type":"Organization","@id":"https:\/\/territorialchallenges.com\/#organization","name":"Territoriale uitdagingen","url":"https:\/\/territorialchallenges.com\/","logo":{"@type":"ImageObject","inLanguage":"nl-NL","@id":"https:\/\/territorialchallenges.com\/#\/schema\/logo\/image\/","url":"https:\/\/territorialchallenges.com\/wp-content\/uploads\/2023\/10\/logo-1.png","contentUrl":"https:\/\/territorialchallenges.com\/wp-content\/uploads\/2023\/10\/logo-1.png","width":1832,"height":576,"caption":"Territorial Challenges"},"image":{"@id":"https:\/\/territorialchallenges.com\/#\/schema\/logo\/image\/"}},{"@type":"Person","@id":"https:\/\/territorialchallenges.com\/#\/schema\/person\/098f145c7c61a021c425e010f840080f","name":"ni.abdi","image":{"@type":"ImageObject","inLanguage":"nl-NL","@id":"https:\/\/territorialchallenges.com\/#\/schema\/person\/image\/","url":"https:\/\/secure.gravatar.com\/avatar\/2a2f2491f3c80039986ba989b1e4b510?s=96&d=identicon&r=g","contentUrl":"https:\/\/secure.gravatar.com\/avatar\/2a2f2491f3c80039986ba989b1e4b510?s=96&d=identicon&r=g","caption":"ni.abdi"},"sameAs":["https:\/\/twitter.com\/Ni.abdi"],"url":"https:\/\/territorialchallenges.com\/nl\/author\/ni-abdi\/"}]}},"_links":{"self":[{"href":"https:\/\/territorialchallenges.com\/nl\/wp-json\/wp\/v2\/posts\/520"}],"collection":[{"href":"https:\/\/territorialchallenges.com\/nl\/wp-json\/wp\/v2\/posts"}],"about":[{"href":"https:\/\/territorialchallenges.com\/nl\/wp-json\/wp\/v2\/types\/post"}],"author":[{"embeddable":true,"href":"https:\/\/territorialchallenges.com\/nl\/wp-json\/wp\/v2\/users\/11"}],"replies":[{"embeddable":true,"href":"https:\/\/territorialchallenges.com\/nl\/wp-json\/wp\/v2\/comments?post=520"}],"version-history":[{"count":0,"href":"https:\/\/territorialchallenges.com\/nl\/wp-json\/wp\/v2\/posts\/520\/revisions"}],"wp:attachment":[{"href":"https:\/\/territorialchallenges.com\/nl\/wp-json\/wp\/v2\/media?parent=520"}],"wp:term":[{"taxonomy":"category","embeddable":true,"href":"https:\/\/territorialchallenges.com\/nl\/wp-json\/wp\/v2\/categories?post=520"},{"taxonomy":"post_tag","embeddable":true,"href":"https:\/\/territorialchallenges.com\/nl\/wp-json\/wp\/v2\/tags?post=520"}],"curies":[{"name":"wp","href":"https:\/\/api.w.org\/{rel}","templated":true}]}}