{"id":1953,"date":"2019-10-02T12:25:09","date_gmt":"2019-10-02T10:25:09","guid":{"rendered":"https:\/\/ecoinovatio.com\/?p=1953"},"modified":"2019-11-24T21:37:14","modified_gmt":"2019-11-24T20:37:14","slug":"les-besoins-orphelins-de-la-transition-energetique-2","status":"publish","type":"post","link":"https:\/\/territorialchallenges.com\/nl\/2019\/10\/02\/les-besoins-orphelins-de-la-transition-energetique-2\/1953\/","title":{"rendered":"De weesbehoeften van de energietransitie"},"content":{"rendered":"<p>Wat als de elektriciteitssector aan het begin van de 21e eeuw dezelfde omwentelingen zou doormaken als de telecommunicatiesector aan het einde van de 20e eeuw? Om de uitdrukking &quot;weesbehoeften&quot; te begrijpen, moeten we een aantal realiteiten op een rijtje zetten. Twintig jaar geleden werd Gordon Moore, directeur van Intel, tijdens een vergadering gevraagd... <\/p>\n<div class=\"pmpro_content_message\">Artikel alleen beschikbaar voor abonnees.<br \/><a href=\"https:\/\/territorialchallenges.com\/wp-login.php\">Login<\/a><br \/><a href=\"https:\/\/territorialchallenges.com\/nl\/wp-login.php\/?action=register\">Register<\/a><\/div>","protected":false},"excerpt":{"rendered":"<p>Et si le secteur de l\u2019\u00e9lectricit\u00e9 en ce d\u00e9but du XXIe si\u00e8cle connaissait les m\u00eames bouleversements que dans les t\u00e9l\u00e9coms de la fin du XXe si\u00e8cle ? Pour comprendre l\u2019expression \u201cbesoins orphelins\u201d, il faut mettre bout \u00e0 bout des r\u00e9alit\u00e9s. Il y a 20 ans, lors d\u2019une rencontre, Gordon Moore, le patron d\u2019Intel, \u00e9tait interrog\u00e9... <\/p>\n<div class=\"pmpro_content_message\">Artikel alleen beschikbaar voor abonnees.<br \/><a href=\"https:\/\/territorialchallenges.com\/wp-login.php\">Login<\/a><br \/><a href=\"https:\/\/territorialchallenges.com\/nl\/wp-login.php\/?action=register\">Register<\/a><\/div>","protected":false},"author":11,"featured_media":83620,"comment_status":"open","ping_status":"open","sticky":false,"template":"","format":"standard","meta":{"pmpro_default_level":0,"footnotes":""},"categories":[18,124],"tags":[],"blocksy_meta":"","yoast_head":"<!-- This site is optimized with the Yoast SEO plugin v21.5 - https:\/\/yoast.com\/wordpress\/plugins\/seo\/ -->\n<title>Les besoins orphelins de la transition \u00e9nerg\u00e9tique - Territorial Challenges<\/title>\n<meta name=\"robots\" content=\"index, follow, max-snippet:-1, max-image-preview:large, max-video-preview:-1\" \/>\n<link rel=\"canonical\" href=\"https:\/\/territorialchallenges.com\/nl\/2019\/10\/02\/les-besoins-orphelins-de-la-transition-energetique-2\/1953\/\" \/>\n<meta property=\"og:locale\" content=\"nl_NL\" \/>\n<meta property=\"og:type\" content=\"article\" \/>\n<meta property=\"og:title\" content=\"Les besoins orphelins de la transition \u00e9nerg\u00e9tique - Territorial Challenges\" \/>\n<meta property=\"og:description\" content=\"Et si le secteur de l\u2019\u00e9lectricit\u00e9 en ce d\u00e9but du XXIe si\u00e8cle connaissait les m\u00eames bouleversements que dans les t\u00e9l\u00e9coms de la fin du XXe si\u00e8cle ? Pour comprendre l\u2019expression \u201cbesoins orphelins\u201d, il faut mettre bout \u00e0 bout des r\u00e9alit\u00e9s. Il y a 20 ans, lors d\u2019une rencontre, Gordon Moore, le patron d\u2019Intel, \u00e9tait interrog\u00e9 [&hellip;]\" \/>\n<meta property=\"og:url\" content=\"https:\/\/territorialchallenges.com\/nl\/2019\/10\/02\/les-besoins-orphelins-de-la-transition-energetique-2\/1953\/\" \/>\n<meta property=\"og:site_name\" content=\"Territorial Challenges\" \/>\n<meta property=\"article:published_time\" content=\"2019-10-02T10:25:09+00:00\" \/>\n<meta property=\"article:modified_time\" content=\"2019-11-24T20:37:14+00:00\" \/>\n<meta property=\"og:image\" content=\"https:\/\/territorialchallenges.com\/wp-content\/uploads\/2019\/05\/solar-panel-241903_1920-1024x768.jpg\" \/>\n\t<meta property=\"og:image:width\" content=\"1024\" \/>\n\t<meta property=\"og:image:height\" content=\"768\" \/>\n\t<meta property=\"og:image:type\" content=\"image\/jpeg\" \/>\n<meta name=\"author\" content=\"ni.abdi\" \/>\n<meta name=\"twitter:card\" content=\"summary_large_image\" \/>\n<meta name=\"twitter:creator\" content=\"@Ni.abdi\" \/>\n<meta name=\"twitter:label1\" content=\"Geschreven door\" \/>\n\t<meta name=\"twitter:data1\" content=\"ni.abdi\" \/>\n\t<meta name=\"twitter:label2\" content=\"Geschatte leestijd\" \/>\n\t<meta name=\"twitter:data2\" content=\"3 minuten\" \/>\n<script type=\"application\/ld+json\" class=\"yoast-schema-graph\">{\"@context\":\"https:\/\/schema.org\",\"@graph\":[{\"@type\":\"Article\",\"@id\":\"https:\/\/territorialchallenges.com\/2019\/10\/02\/les-besoins-orphelins-de-la-transition-energetique-2\/1953\/#article\",\"isPartOf\":{\"@id\":\"https:\/\/territorialchallenges.com\/2019\/10\/02\/les-besoins-orphelins-de-la-transition-energetique-2\/1953\/\"},\"author\":{\"name\":\"ni.abdi\",\"@id\":\"https:\/\/territorialchallenges.com\/#\/schema\/person\/098f145c7c61a021c425e010f840080f\"},\"headline\":\"Les besoins orphelins de la transition \u00e9nerg\u00e9tique\",\"datePublished\":\"2019-10-02T10:25:09+00:00\",\"dateModified\":\"2019-11-24T20:37:14+00:00\",\"mainEntityOfPage\":{\"@id\":\"https:\/\/territorialchallenges.com\/2019\/10\/02\/les-besoins-orphelins-de-la-transition-energetique-2\/1953\/\"},\"wordCount\":701,\"commentCount\":0,\"publisher\":{\"@id\":\"https:\/\/territorialchallenges.com\/#organization\"},\"articleSection\":[\"Transition \u00c9nerg\u00e9tique\",\"Actualit\u00e9 internationale\"],\"inLanguage\":\"nl-NL\"},{\"@type\":\"WebPage\",\"@id\":\"https:\/\/territorialchallenges.com\/2019\/10\/02\/les-besoins-orphelins-de-la-transition-energetique-2\/1953\/\",\"url\":\"https:\/\/territorialchallenges.com\/2019\/10\/02\/les-besoins-orphelins-de-la-transition-energetique-2\/1953\/\",\"name\":\"Les besoins orphelins de la transition \u00e9nerg\u00e9tique - Territorial Challenges\",\"isPartOf\":{\"@id\":\"https:\/\/territorialchallenges.com\/#website\"},\"datePublished\":\"2019-10-02T10:25:09+00:00\",\"dateModified\":\"2019-11-24T20:37:14+00:00\",\"breadcrumb\":{\"@id\":\"https:\/\/territorialchallenges.com\/2019\/10\/02\/les-besoins-orphelins-de-la-transition-energetique-2\/1953\/#breadcrumb\"},\"inLanguage\":\"nl-NL\",\"potentialAction\":[{\"@type\":\"ReadAction\",\"target\":[\"https:\/\/territorialchallenges.com\/2019\/10\/02\/les-besoins-orphelins-de-la-transition-energetique-2\/1953\/\"]}]},{\"@type\":\"BreadcrumbList\",\"@id\":\"https:\/\/territorialchallenges.com\/2019\/10\/02\/les-besoins-orphelins-de-la-transition-energetique-2\/1953\/#breadcrumb\",\"itemListElement\":[{\"@type\":\"ListItem\",\"position\":1,\"name\":\"Home\",\"item\":\"https:\/\/territorialchallenges.com\/\"},{\"@type\":\"ListItem\",\"position\":2,\"name\":\"Les besoins orphelins de la transition \u00e9nerg\u00e9tique\"}]},{\"@type\":\"WebSite\",\"@id\":\"https:\/\/territorialchallenges.com\/#website\",\"url\":\"https:\/\/territorialchallenges.com\/\",\"name\":\"Territorial Challenges\",\"description\":\"Veille Internationale - Strat\u00e9gie Intelligentes - Bonnes pratiques\",\"publisher\":{\"@id\":\"https:\/\/territorialchallenges.com\/#organization\"},\"potentialAction\":[{\"@type\":\"SearchAction\",\"target\":{\"@type\":\"EntryPoint\",\"urlTemplate\":\"https:\/\/territorialchallenges.com\/?s={search_term_string}\"},\"query-input\":\"required name=search_term_string\"}],\"inLanguage\":\"nl-NL\"},{\"@type\":\"Organization\",\"@id\":\"https:\/\/territorialchallenges.com\/#organization\",\"name\":\"Territorial Challenges\",\"url\":\"https:\/\/territorialchallenges.com\/\",\"logo\":{\"@type\":\"ImageObject\",\"inLanguage\":\"nl-NL\",\"@id\":\"https:\/\/territorialchallenges.com\/#\/schema\/logo\/image\/\",\"url\":\"https:\/\/territorialchallenges.com\/wp-content\/uploads\/2023\/10\/logo-1.png\",\"contentUrl\":\"https:\/\/territorialchallenges.com\/wp-content\/uploads\/2023\/10\/logo-1.png\",\"width\":1832,\"height\":576,\"caption\":\"Territorial Challenges\"},\"image\":{\"@id\":\"https:\/\/territorialchallenges.com\/#\/schema\/logo\/image\/\"}},{\"@type\":\"Person\",\"@id\":\"https:\/\/territorialchallenges.com\/#\/schema\/person\/098f145c7c61a021c425e010f840080f\",\"name\":\"ni.abdi\",\"image\":{\"@type\":\"ImageObject\",\"inLanguage\":\"nl-NL\",\"@id\":\"https:\/\/territorialchallenges.com\/#\/schema\/person\/image\/\",\"url\":\"https:\/\/secure.gravatar.com\/avatar\/2a2f2491f3c80039986ba989b1e4b510?s=96&d=identicon&r=g\",\"contentUrl\":\"https:\/\/secure.gravatar.com\/avatar\/2a2f2491f3c80039986ba989b1e4b510?s=96&d=identicon&r=g\",\"caption\":\"ni.abdi\"},\"sameAs\":[\"https:\/\/twitter.com\/Ni.abdi\"],\"url\":\"https:\/\/territorialchallenges.com\/nl\/author\/ni-abdi\/\"}]}<\/script>\n<!-- \/ Yoast SEO plugin. -->","yoast_head_json":{"title":"Les besoins orphelins de la transition \u00e9nerg\u00e9tique - Territorial Challenges","robots":{"index":"index","follow":"follow","max-snippet":"max-snippet:-1","max-image-preview":"max-image-preview:large","max-video-preview":"max-video-preview:-1"},"canonical":"https:\/\/territorialchallenges.com\/nl\/2019\/10\/02\/les-besoins-orphelins-de-la-transition-energetique-2\/1953\/","og_locale":"nl_NL","og_type":"article","og_title":"Les besoins orphelins de la transition \u00e9nerg\u00e9tique - Territorial Challenges","og_description":"Et si le secteur de l\u2019\u00e9lectricit\u00e9 en ce d\u00e9but du XXIe si\u00e8cle connaissait les m\u00eames bouleversements que dans les t\u00e9l\u00e9coms de la fin du XXe si\u00e8cle ? Pour comprendre l\u2019expression \u201cbesoins orphelins\u201d, il faut mettre bout \u00e0 bout des r\u00e9alit\u00e9s. Il y a 20 ans, lors d\u2019une rencontre, Gordon Moore, le patron d\u2019Intel, \u00e9tait interrog\u00e9 [&hellip;]","og_url":"https:\/\/territorialchallenges.com\/nl\/2019\/10\/02\/les-besoins-orphelins-de-la-transition-energetique-2\/1953\/","og_site_name":"Territorial Challenges","article_published_time":"2019-10-02T10:25:09+00:00","article_modified_time":"2019-11-24T20:37:14+00:00","og_image":[{"width":1024,"height":768,"url":"https:\/\/territorialchallenges.com\/wp-content\/uploads\/2019\/05\/solar-panel-241903_1920-1024x768.jpg","type":"image\/jpeg"}],"author":"ni.abdi","twitter_card":"summary_large_image","twitter_creator":"@Ni.abdi","twitter_misc":{"Geschreven door":"ni.abdi","Geschatte leestijd":"3 minuten"},"schema":{"@context":"https:\/\/schema.org","@graph":[{"@type":"Article","@id":"https:\/\/territorialchallenges.com\/2019\/10\/02\/les-besoins-orphelins-de-la-transition-energetique-2\/1953\/#article","isPartOf":{"@id":"https:\/\/territorialchallenges.com\/2019\/10\/02\/les-besoins-orphelins-de-la-transition-energetique-2\/1953\/"},"author":{"name":"ni.abdi","@id":"https:\/\/territorialchallenges.com\/#\/schema\/person\/098f145c7c61a021c425e010f840080f"},"headline":"Les besoins orphelins de la transition \u00e9nerg\u00e9tique","datePublished":"2019-10-02T10:25:09+00:00","dateModified":"2019-11-24T20:37:14+00:00","mainEntityOfPage":{"@id":"https:\/\/territorialchallenges.com\/2019\/10\/02\/les-besoins-orphelins-de-la-transition-energetique-2\/1953\/"},"wordCount":701,"commentCount":0,"publisher":{"@id":"https:\/\/territorialchallenges.com\/#organization"},"articleSection":["Transition \u00c9nerg\u00e9tique","Actualit\u00e9 internationale"],"inLanguage":"nl-NL"},{"@type":"WebPage","@id":"https:\/\/territorialchallenges.com\/2019\/10\/02\/les-besoins-orphelins-de-la-transition-energetique-2\/1953\/","url":"https:\/\/territorialchallenges.com\/2019\/10\/02\/les-besoins-orphelins-de-la-transition-energetique-2\/1953\/","name":"Les besoins orphelins de la transition \u00e9nerg\u00e9tique - Territorial Challenges","isPartOf":{"@id":"https:\/\/territorialchallenges.com\/#website"},"datePublished":"2019-10-02T10:25:09+00:00","dateModified":"2019-11-24T20:37:14+00:00","breadcrumb":{"@id":"https:\/\/territorialchallenges.com\/2019\/10\/02\/les-besoins-orphelins-de-la-transition-energetique-2\/1953\/#breadcrumb"},"inLanguage":"nl-NL","potentialAction":[{"@type":"ReadAction","target":["https:\/\/territorialchallenges.com\/2019\/10\/02\/les-besoins-orphelins-de-la-transition-energetique-2\/1953\/"]}]},{"@type":"BreadcrumbList","@id":"https:\/\/territorialchallenges.com\/2019\/10\/02\/les-besoins-orphelins-de-la-transition-energetique-2\/1953\/#breadcrumb","itemListElement":[{"@type":"ListItem","position":1,"name":"Home","item":"https:\/\/territorialchallenges.com\/"},{"@type":"ListItem","position":2,"name":"Les besoins orphelins de la transition \u00e9nerg\u00e9tique"}]},{"@type":"WebSite","@id":"https:\/\/territorialchallenges.com\/#website","url":"https:\/\/territorialchallenges.com\/","name":"Territoriale uitdagingen","description":"Internationale monitoring - Slimme strategie\u00ebn - Beste praktijken","publisher":{"@id":"https:\/\/territorialchallenges.com\/#organization"},"potentialAction":[{"@type":"SearchAction","target":{"@type":"EntryPoint","urlTemplate":"https:\/\/territorialchallenges.com\/?s={search_term_string}"},"query-input":"required name=search_term_string"}],"inLanguage":"nl-NL"},{"@type":"Organization","@id":"https:\/\/territorialchallenges.com\/#organization","name":"Territoriale uitdagingen","url":"https:\/\/territorialchallenges.com\/","logo":{"@type":"ImageObject","inLanguage":"nl-NL","@id":"https:\/\/territorialchallenges.com\/#\/schema\/logo\/image\/","url":"https:\/\/territorialchallenges.com\/wp-content\/uploads\/2023\/10\/logo-1.png","contentUrl":"https:\/\/territorialchallenges.com\/wp-content\/uploads\/2023\/10\/logo-1.png","width":1832,"height":576,"caption":"Territorial Challenges"},"image":{"@id":"https:\/\/territorialchallenges.com\/#\/schema\/logo\/image\/"}},{"@type":"Person","@id":"https:\/\/territorialchallenges.com\/#\/schema\/person\/098f145c7c61a021c425e010f840080f","name":"ni.abdi","image":{"@type":"ImageObject","inLanguage":"nl-NL","@id":"https:\/\/territorialchallenges.com\/#\/schema\/person\/image\/","url":"https:\/\/secure.gravatar.com\/avatar\/2a2f2491f3c80039986ba989b1e4b510?s=96&d=identicon&r=g","contentUrl":"https:\/\/secure.gravatar.com\/avatar\/2a2f2491f3c80039986ba989b1e4b510?s=96&d=identicon&r=g","caption":"ni.abdi"},"sameAs":["https:\/\/twitter.com\/Ni.abdi"],"url":"https:\/\/territorialchallenges.com\/nl\/author\/ni-abdi\/"}]}},"_links":{"self":[{"href":"https:\/\/territorialchallenges.com\/nl\/wp-json\/wp\/v2\/posts\/1953"}],"collection":[{"href":"https:\/\/territorialchallenges.com\/nl\/wp-json\/wp\/v2\/posts"}],"about":[{"href":"https:\/\/territorialchallenges.com\/nl\/wp-json\/wp\/v2\/types\/post"}],"author":[{"embeddable":true,"href":"https:\/\/territorialchallenges.com\/nl\/wp-json\/wp\/v2\/users\/11"}],"replies":[{"embeddable":true,"href":"https:\/\/territorialchallenges.com\/nl\/wp-json\/wp\/v2\/comments?post=1953"}],"version-history":[{"count":1,"href":"https:\/\/territorialchallenges.com\/nl\/wp-json\/wp\/v2\/posts\/1953\/revisions"}],"predecessor-version":[{"id":83656,"href":"https:\/\/territorialchallenges.com\/nl\/wp-json\/wp\/v2\/posts\/1953\/revisions\/83656"}],"wp:featuredmedia":[{"embeddable":true,"href":"https:\/\/territorialchallenges.com\/nl\/wp-json\/wp\/v2\/media\/83620"}],"wp:attachment":[{"href":"https:\/\/territorialchallenges.com\/nl\/wp-json\/wp\/v2\/media?parent=1953"}],"wp:term":[{"taxonomy":"category","embeddable":true,"href":"https:\/\/territorialchallenges.com\/nl\/wp-json\/wp\/v2\/categories?post=1953"},{"taxonomy":"post_tag","embeddable":true,"href":"https:\/\/territorialchallenges.com\/nl\/wp-json\/wp\/v2\/tags?post=1953"}],"curies":[{"name":"wp","href":"https:\/\/api.w.org\/{rel}","templated":true}]}}