{"id":1950,"date":"2019-04-10T19:17:32","date_gmt":"2019-04-10T17:17:32","guid":{"rendered":"https:\/\/ecoinovatio.com\/?p=1950"},"modified":"2023-11-09T16:39:26","modified_gmt":"2023-11-09T15:39:26","slug":"linteroperabilite-enjeu-majeur-des-objets-connectes-2","status":"publish","type":"post","link":"https:\/\/territorialchallenges.com\/nl\/2019\/04\/10\/linteroperabilite-enjeu-majeur-des-objets-connectes-2\/1950\/","title":{"rendered":"Interoperabiliteit, een grote uitdaging voor verbonden objecten"},"content":{"rendered":"<p>Er wordt ons verteld over een beschavingsrevolutie met de komst van dialoog tussen zogenaamde connected objecten. Een revolutie, zeker, maar een die traag is om overeenstemming te bereiken over de aard van het communicatiemiddel. Opvallend is dat de Europese Commissie onlangs een technologische keuze heeft gemaakt met betrekking tot wetgeving rond connected cars, wat de 5G-voorstanders woedend heeft gemaakt. Communicatie... <\/p>\n<div class=\"pmpro_content_message\">Artikel alleen beschikbaar voor abonnees.<br \/><a href=\"https:\/\/territorialchallenges.com\/wp-login.php\">Login<\/a><br \/><a href=\"https:\/\/territorialchallenges.com\/nl\/wp-login.php\/?action=register\">Register<\/a><\/div>","protected":false},"excerpt":{"rendered":"<p>On nous annonce une r\u00e9volution civilisationnelle avec l\u2019av\u00e8nement du dialogue entre les objets dits connect\u00e9s. Une r\u00e9volution, certes, mais qui tarde \u00e0 s\u2019accorder sur la nature de l\u2019outil de communication.Notamment la Commission europ\u00e9enne vient d\u2019op\u00e9rer un choix technologique en mati\u00e8re de l\u00e9gislation sur les voitures connect\u00e9es qui fache les promoteurs de la 5G. La communication... <\/p>\n<div class=\"pmpro_content_message\">Artikel alleen beschikbaar voor abonnees.<br \/><a href=\"https:\/\/territorialchallenges.com\/wp-login.php\">Login<\/a><br \/><a href=\"https:\/\/territorialchallenges.com\/nl\/wp-login.php\/?action=register\">Register<\/a><\/div>","protected":false},"author":11,"featured_media":83572,"comment_status":"open","ping_status":"open","sticky":false,"template":"","format":"standard","meta":{"pmpro_default_level":0,"footnotes":""},"categories":[130,117],"tags":[],"blocksy_meta":"","yoast_head":"<!-- This site is optimized with the Yoast SEO plugin v21.5 - https:\/\/yoast.com\/wordpress\/plugins\/seo\/ -->\n<title>L\u2019interop\u00e9rabilit\u00e9, enjeu majeur des objets connect\u00e9s - Territorial Challenges<\/title>\n<meta name=\"robots\" content=\"index, follow, max-snippet:-1, max-image-preview:large, max-video-preview:-1\" \/>\n<link rel=\"canonical\" href=\"https:\/\/territorialchallenges.com\/nl\/2019\/04\/10\/linteroperabilite-enjeu-majeur-des-objets-connectes-2\/1950\/\" \/>\n<meta property=\"og:locale\" content=\"nl_NL\" \/>\n<meta property=\"og:type\" content=\"article\" \/>\n<meta property=\"og:title\" content=\"L\u2019interop\u00e9rabilit\u00e9, enjeu majeur des objets connect\u00e9s - Territorial Challenges\" \/>\n<meta property=\"og:description\" content=\"On nous annonce une r\u00e9volution civilisationnelle avec l\u2019av\u00e8nement du dialogue entre les objets dits connect\u00e9s. Une r\u00e9volution, certes, mais qui tarde \u00e0 s\u2019accorder sur la nature de l\u2019outil de communication.Notamment la Commission europ\u00e9enne vient d\u2019op\u00e9rer un choix technologique en mati\u00e8re de l\u00e9gislation sur les voitures connect\u00e9es qui fache les promoteurs de la 5G. La communication [&hellip;]\" \/>\n<meta property=\"og:url\" content=\"https:\/\/territorialchallenges.com\/nl\/2019\/04\/10\/linteroperabilite-enjeu-majeur-des-objets-connectes-2\/1950\/\" \/>\n<meta property=\"og:site_name\" content=\"Territorial Challenges\" \/>\n<meta property=\"article:published_time\" content=\"2019-04-10T17:17:32+00:00\" \/>\n<meta property=\"article:modified_time\" content=\"2023-11-09T15:39:26+00:00\" \/>\n<meta property=\"og:image\" content=\"https:\/\/territorialchallenges.com\/wp-content\/uploads\/2019\/05\/internet-of-things-3671222_1280-1024x677.png\" \/>\n\t<meta property=\"og:image:width\" content=\"1024\" \/>\n\t<meta property=\"og:image:height\" content=\"677\" \/>\n\t<meta property=\"og:image:type\" content=\"image\/png\" \/>\n<meta name=\"author\" content=\"ni.abdi\" \/>\n<meta name=\"twitter:card\" content=\"summary_large_image\" \/>\n<meta name=\"twitter:creator\" content=\"@Ni.abdi\" \/>\n<meta name=\"twitter:label1\" content=\"Geschreven door\" \/>\n\t<meta name=\"twitter:data1\" content=\"ni.abdi\" \/>\n\t<meta name=\"twitter:label2\" content=\"Geschatte leestijd\" \/>\n\t<meta name=\"twitter:data2\" content=\"4 minuten\" \/>\n<script type=\"application\/ld+json\" class=\"yoast-schema-graph\">{\"@context\":\"https:\/\/schema.org\",\"@graph\":[{\"@type\":\"Article\",\"@id\":\"https:\/\/territorialchallenges.com\/2019\/04\/10\/linteroperabilite-enjeu-majeur-des-objets-connectes-2\/1950\/#article\",\"isPartOf\":{\"@id\":\"https:\/\/territorialchallenges.com\/2019\/04\/10\/linteroperabilite-enjeu-majeur-des-objets-connectes-2\/1950\/\"},\"author\":{\"name\":\"ni.abdi\",\"@id\":\"https:\/\/territorialchallenges.com\/#\/schema\/person\/098f145c7c61a021c425e010f840080f\"},\"headline\":\"L\u2019interop\u00e9rabilit\u00e9, enjeu majeur des objets connect\u00e9s\",\"datePublished\":\"2019-04-10T17:17:32+00:00\",\"dateModified\":\"2023-11-09T15:39:26+00:00\",\"mainEntityOfPage\":{\"@id\":\"https:\/\/territorialchallenges.com\/2019\/04\/10\/linteroperabilite-enjeu-majeur-des-objets-connectes-2\/1950\/\"},\"wordCount\":840,\"commentCount\":0,\"publisher\":{\"@id\":\"https:\/\/territorialchallenges.com\/#organization\"},\"articleSection\":[\"R\u00e9flexion faite\",\"\u00c9cosyst\u00e8me\"],\"inLanguage\":\"nl-NL\"},{\"@type\":\"WebPage\",\"@id\":\"https:\/\/territorialchallenges.com\/2019\/04\/10\/linteroperabilite-enjeu-majeur-des-objets-connectes-2\/1950\/\",\"url\":\"https:\/\/territorialchallenges.com\/2019\/04\/10\/linteroperabilite-enjeu-majeur-des-objets-connectes-2\/1950\/\",\"name\":\"L\u2019interop\u00e9rabilit\u00e9, enjeu majeur des objets connect\u00e9s - Territorial Challenges\",\"isPartOf\":{\"@id\":\"https:\/\/territorialchallenges.com\/#website\"},\"datePublished\":\"2019-04-10T17:17:32+00:00\",\"dateModified\":\"2023-11-09T15:39:26+00:00\",\"breadcrumb\":{\"@id\":\"https:\/\/territorialchallenges.com\/2019\/04\/10\/linteroperabilite-enjeu-majeur-des-objets-connectes-2\/1950\/#breadcrumb\"},\"inLanguage\":\"nl-NL\",\"potentialAction\":[{\"@type\":\"ReadAction\",\"target\":[\"https:\/\/territorialchallenges.com\/2019\/04\/10\/linteroperabilite-enjeu-majeur-des-objets-connectes-2\/1950\/\"]}]},{\"@type\":\"BreadcrumbList\",\"@id\":\"https:\/\/territorialchallenges.com\/2019\/04\/10\/linteroperabilite-enjeu-majeur-des-objets-connectes-2\/1950\/#breadcrumb\",\"itemListElement\":[{\"@type\":\"ListItem\",\"position\":1,\"name\":\"Home\",\"item\":\"https:\/\/territorialchallenges.com\/\"},{\"@type\":\"ListItem\",\"position\":2,\"name\":\"L\u2019interop\u00e9rabilit\u00e9, enjeu majeur des objets connect\u00e9s\"}]},{\"@type\":\"WebSite\",\"@id\":\"https:\/\/territorialchallenges.com\/#website\",\"url\":\"https:\/\/territorialchallenges.com\/\",\"name\":\"Territorial Challenges\",\"description\":\"Veille Internationale - Strat\u00e9gie Intelligentes - Bonnes pratiques\",\"publisher\":{\"@id\":\"https:\/\/territorialchallenges.com\/#organization\"},\"potentialAction\":[{\"@type\":\"SearchAction\",\"target\":{\"@type\":\"EntryPoint\",\"urlTemplate\":\"https:\/\/territorialchallenges.com\/?s={search_term_string}\"},\"query-input\":\"required name=search_term_string\"}],\"inLanguage\":\"nl-NL\"},{\"@type\":\"Organization\",\"@id\":\"https:\/\/territorialchallenges.com\/#organization\",\"name\":\"Territorial Challenges\",\"url\":\"https:\/\/territorialchallenges.com\/\",\"logo\":{\"@type\":\"ImageObject\",\"inLanguage\":\"nl-NL\",\"@id\":\"https:\/\/territorialchallenges.com\/#\/schema\/logo\/image\/\",\"url\":\"https:\/\/territorialchallenges.com\/wp-content\/uploads\/2023\/10\/logo-1.png\",\"contentUrl\":\"https:\/\/territorialchallenges.com\/wp-content\/uploads\/2023\/10\/logo-1.png\",\"width\":1832,\"height\":576,\"caption\":\"Territorial Challenges\"},\"image\":{\"@id\":\"https:\/\/territorialchallenges.com\/#\/schema\/logo\/image\/\"}},{\"@type\":\"Person\",\"@id\":\"https:\/\/territorialchallenges.com\/#\/schema\/person\/098f145c7c61a021c425e010f840080f\",\"name\":\"ni.abdi\",\"image\":{\"@type\":\"ImageObject\",\"inLanguage\":\"nl-NL\",\"@id\":\"https:\/\/territorialchallenges.com\/#\/schema\/person\/image\/\",\"url\":\"https:\/\/secure.gravatar.com\/avatar\/2a2f2491f3c80039986ba989b1e4b510?s=96&d=identicon&r=g\",\"contentUrl\":\"https:\/\/secure.gravatar.com\/avatar\/2a2f2491f3c80039986ba989b1e4b510?s=96&d=identicon&r=g\",\"caption\":\"ni.abdi\"},\"sameAs\":[\"https:\/\/twitter.com\/Ni.abdi\"],\"url\":\"https:\/\/territorialchallenges.com\/nl\/author\/ni-abdi\/\"}]}<\/script>\n<!-- \/ Yoast SEO plugin. -->","yoast_head_json":{"title":"L\u2019interop\u00e9rabilit\u00e9, enjeu majeur des objets connect\u00e9s - Territorial Challenges","robots":{"index":"index","follow":"follow","max-snippet":"max-snippet:-1","max-image-preview":"max-image-preview:large","max-video-preview":"max-video-preview:-1"},"canonical":"https:\/\/territorialchallenges.com\/nl\/2019\/04\/10\/linteroperabilite-enjeu-majeur-des-objets-connectes-2\/1950\/","og_locale":"nl_NL","og_type":"article","og_title":"L\u2019interop\u00e9rabilit\u00e9, enjeu majeur des objets connect\u00e9s - Territorial Challenges","og_description":"On nous annonce une r\u00e9volution civilisationnelle avec l\u2019av\u00e8nement du dialogue entre les objets dits connect\u00e9s. Une r\u00e9volution, certes, mais qui tarde \u00e0 s\u2019accorder sur la nature de l\u2019outil de communication.Notamment la Commission europ\u00e9enne vient d\u2019op\u00e9rer un choix technologique en mati\u00e8re de l\u00e9gislation sur les voitures connect\u00e9es qui fache les promoteurs de la 5G. La communication [&hellip;]","og_url":"https:\/\/territorialchallenges.com\/nl\/2019\/04\/10\/linteroperabilite-enjeu-majeur-des-objets-connectes-2\/1950\/","og_site_name":"Territorial Challenges","article_published_time":"2019-04-10T17:17:32+00:00","article_modified_time":"2023-11-09T15:39:26+00:00","og_image":[{"width":1024,"height":677,"url":"https:\/\/territorialchallenges.com\/wp-content\/uploads\/2019\/05\/internet-of-things-3671222_1280-1024x677.png","type":"image\/png"}],"author":"ni.abdi","twitter_card":"summary_large_image","twitter_creator":"@Ni.abdi","twitter_misc":{"Geschreven door":"ni.abdi","Geschatte leestijd":"4 minuten"},"schema":{"@context":"https:\/\/schema.org","@graph":[{"@type":"Article","@id":"https:\/\/territorialchallenges.com\/2019\/04\/10\/linteroperabilite-enjeu-majeur-des-objets-connectes-2\/1950\/#article","isPartOf":{"@id":"https:\/\/territorialchallenges.com\/2019\/04\/10\/linteroperabilite-enjeu-majeur-des-objets-connectes-2\/1950\/"},"author":{"name":"ni.abdi","@id":"https:\/\/territorialchallenges.com\/#\/schema\/person\/098f145c7c61a021c425e010f840080f"},"headline":"L\u2019interop\u00e9rabilit\u00e9, enjeu majeur des objets connect\u00e9s","datePublished":"2019-04-10T17:17:32+00:00","dateModified":"2023-11-09T15:39:26+00:00","mainEntityOfPage":{"@id":"https:\/\/territorialchallenges.com\/2019\/04\/10\/linteroperabilite-enjeu-majeur-des-objets-connectes-2\/1950\/"},"wordCount":840,"commentCount":0,"publisher":{"@id":"https:\/\/territorialchallenges.com\/#organization"},"articleSection":["R\u00e9flexion faite","\u00c9cosyst\u00e8me"],"inLanguage":"nl-NL"},{"@type":"WebPage","@id":"https:\/\/territorialchallenges.com\/2019\/04\/10\/linteroperabilite-enjeu-majeur-des-objets-connectes-2\/1950\/","url":"https:\/\/territorialchallenges.com\/2019\/04\/10\/linteroperabilite-enjeu-majeur-des-objets-connectes-2\/1950\/","name":"L\u2019interop\u00e9rabilit\u00e9, enjeu majeur des objets connect\u00e9s - Territorial Challenges","isPartOf":{"@id":"https:\/\/territorialchallenges.com\/#website"},"datePublished":"2019-04-10T17:17:32+00:00","dateModified":"2023-11-09T15:39:26+00:00","breadcrumb":{"@id":"https:\/\/territorialchallenges.com\/2019\/04\/10\/linteroperabilite-enjeu-majeur-des-objets-connectes-2\/1950\/#breadcrumb"},"inLanguage":"nl-NL","potentialAction":[{"@type":"ReadAction","target":["https:\/\/territorialchallenges.com\/2019\/04\/10\/linteroperabilite-enjeu-majeur-des-objets-connectes-2\/1950\/"]}]},{"@type":"BreadcrumbList","@id":"https:\/\/territorialchallenges.com\/2019\/04\/10\/linteroperabilite-enjeu-majeur-des-objets-connectes-2\/1950\/#breadcrumb","itemListElement":[{"@type":"ListItem","position":1,"name":"Home","item":"https:\/\/territorialchallenges.com\/"},{"@type":"ListItem","position":2,"name":"L\u2019interop\u00e9rabilit\u00e9, enjeu majeur des objets connect\u00e9s"}]},{"@type":"WebSite","@id":"https:\/\/territorialchallenges.com\/#website","url":"https:\/\/territorialchallenges.com\/","name":"Territoriale uitdagingen","description":"Internationale monitoring - Slimme strategie\u00ebn - Beste praktijken","publisher":{"@id":"https:\/\/territorialchallenges.com\/#organization"},"potentialAction":[{"@type":"SearchAction","target":{"@type":"EntryPoint","urlTemplate":"https:\/\/territorialchallenges.com\/?s={search_term_string}"},"query-input":"required name=search_term_string"}],"inLanguage":"nl-NL"},{"@type":"Organization","@id":"https:\/\/territorialchallenges.com\/#organization","name":"Territoriale uitdagingen","url":"https:\/\/territorialchallenges.com\/","logo":{"@type":"ImageObject","inLanguage":"nl-NL","@id":"https:\/\/territorialchallenges.com\/#\/schema\/logo\/image\/","url":"https:\/\/territorialchallenges.com\/wp-content\/uploads\/2023\/10\/logo-1.png","contentUrl":"https:\/\/territorialchallenges.com\/wp-content\/uploads\/2023\/10\/logo-1.png","width":1832,"height":576,"caption":"Territorial Challenges"},"image":{"@id":"https:\/\/territorialchallenges.com\/#\/schema\/logo\/image\/"}},{"@type":"Person","@id":"https:\/\/territorialchallenges.com\/#\/schema\/person\/098f145c7c61a021c425e010f840080f","name":"ni.abdi","image":{"@type":"ImageObject","inLanguage":"nl-NL","@id":"https:\/\/territorialchallenges.com\/#\/schema\/person\/image\/","url":"https:\/\/secure.gravatar.com\/avatar\/2a2f2491f3c80039986ba989b1e4b510?s=96&d=identicon&r=g","contentUrl":"https:\/\/secure.gravatar.com\/avatar\/2a2f2491f3c80039986ba989b1e4b510?s=96&d=identicon&r=g","caption":"ni.abdi"},"sameAs":["https:\/\/twitter.com\/Ni.abdi"],"url":"https:\/\/territorialchallenges.com\/nl\/author\/ni-abdi\/"}]}},"_links":{"self":[{"href":"https:\/\/territorialchallenges.com\/nl\/wp-json\/wp\/v2\/posts\/1950"}],"collection":[{"href":"https:\/\/territorialchallenges.com\/nl\/wp-json\/wp\/v2\/posts"}],"about":[{"href":"https:\/\/territorialchallenges.com\/nl\/wp-json\/wp\/v2\/types\/post"}],"author":[{"embeddable":true,"href":"https:\/\/territorialchallenges.com\/nl\/wp-json\/wp\/v2\/users\/11"}],"replies":[{"embeddable":true,"href":"https:\/\/territorialchallenges.com\/nl\/wp-json\/wp\/v2\/comments?post=1950"}],"version-history":[{"count":1,"href":"https:\/\/territorialchallenges.com\/nl\/wp-json\/wp\/v2\/posts\/1950\/revisions"}],"predecessor-version":[{"id":83657,"href":"https:\/\/territorialchallenges.com\/nl\/wp-json\/wp\/v2\/posts\/1950\/revisions\/83657"}],"wp:featuredmedia":[{"embeddable":true,"href":"https:\/\/territorialchallenges.com\/nl\/wp-json\/wp\/v2\/media\/83572"}],"wp:attachment":[{"href":"https:\/\/territorialchallenges.com\/nl\/wp-json\/wp\/v2\/media?parent=1950"}],"wp:term":[{"taxonomy":"category","embeddable":true,"href":"https:\/\/territorialchallenges.com\/nl\/wp-json\/wp\/v2\/categories?post=1950"},{"taxonomy":"post_tag","embeddable":true,"href":"https:\/\/territorialchallenges.com\/nl\/wp-json\/wp\/v2\/tags?post=1950"}],"curies":[{"name":"wp","href":"https:\/\/api.w.org\/{rel}","templated":true}]}}