{"id":1826,"date":"2019-02-11T12:06:50","date_gmt":"2019-02-11T11:06:50","guid":{"rendered":"https:\/\/ecoinovatio.com\/?p=1826"},"modified":"2019-05-08T21:53:47","modified_gmt":"2019-05-08T19:53:47","slug":"leolien-en-mer-vu-du-nord-de-lallemagne","status":"publish","type":"post","link":"https:\/\/territorialchallenges.com\/nl\/2019\/02\/11\/leolien-en-mer-vu-du-nord-de-lallemagne\/1826\/","title":{"rendered":"Windenergie op zee gezien vanuit Noord-Duitsland"},"content":{"rendered":"<p>Zonder offshore windenergie geen klimaatbescherming of duurzame energievoorziening. De Hamburg Offshore Wind Conference begin april zal naar verwachting een ambitieuze routekaart voor hernieuwbare energie opleveren. Hamburg \u2013 DNV GL en het Renewable Energy Cluster Hamburg organiseren samen de 16e Offshore Wind Conference op 2 april. <\/p>\n<div class=\"pmpro_content_message\">Artikel alleen beschikbaar voor abonnees.<br \/><a href=\"https:\/\/territorialchallenges.com\/wp-login.php\">Login<\/a><br \/><a href=\"https:\/\/territorialchallenges.com\/nl\/wp-login.php\/?action=register\">Register<\/a><\/div>","protected":false},"excerpt":{"rendered":"<p>Sans vent de mer, pas de protection du climat ni d\u2019approvisionnement en \u00e9nergie durable possible. La Conf\u00e9rence de Hambourg d\u00e9but avril, sur l&rsquo;\u00e9olien en mer, devrait donner une feuille de route ambitieuse pour les \u00e9nergies renouvelables. Hambourg &#8211; DNV GL et le Cluster Energies Renouvelables Hambourg accueilleront ensemble la 16\u00e8me Conf\u00e9rence \u00e9olienne offshore les 2... <\/p>\n<div class=\"pmpro_content_message\">Artikel alleen beschikbaar voor abonnees.<br \/><a href=\"https:\/\/territorialchallenges.com\/wp-login.php\">Login<\/a><br \/><a href=\"https:\/\/territorialchallenges.com\/nl\/wp-login.php\/?action=register\">Register<\/a><\/div>","protected":false},"author":11,"featured_media":83565,"comment_status":"open","ping_status":"open","sticky":true,"template":"","format":"standard","meta":{"pmpro_default_level":0,"footnotes":""},"categories":[18,127],"tags":[],"blocksy_meta":"","yoast_head":"<!-- This site is optimized with the Yoast SEO plugin v21.5 - https:\/\/yoast.com\/wordpress\/plugins\/seo\/ -->\n<title>L\u2019\u00e9olien en mer vu du nord de l\u2019Allemagne - Territorial Challenges<\/title>\n<meta name=\"robots\" content=\"index, follow, max-snippet:-1, max-image-preview:large, max-video-preview:-1\" \/>\n<link rel=\"canonical\" href=\"https:\/\/territorialchallenges.com\/nl\/2019\/02\/11\/leolien-en-mer-vu-du-nord-de-lallemagne\/1826\/\" \/>\n<meta property=\"og:locale\" content=\"nl_NL\" \/>\n<meta property=\"og:type\" content=\"article\" \/>\n<meta property=\"og:title\" content=\"L\u2019\u00e9olien en mer vu du nord de l\u2019Allemagne - Territorial Challenges\" \/>\n<meta property=\"og:description\" content=\"Sans vent de mer, pas de protection du climat ni d\u2019approvisionnement en \u00e9nergie durable possible. La Conf\u00e9rence de Hambourg d\u00e9but avril, sur l&rsquo;\u00e9olien en mer, devrait donner une feuille de route ambitieuse pour les \u00e9nergies renouvelables. Hambourg &#8211; DNV GL et le Cluster Energies Renouvelables Hambourg accueilleront ensemble la 16\u00e8me Conf\u00e9rence \u00e9olienne offshore les 2 [&hellip;]\" \/>\n<meta property=\"og:url\" content=\"https:\/\/territorialchallenges.com\/nl\/2019\/02\/11\/leolien-en-mer-vu-du-nord-de-lallemagne\/1826\/\" \/>\n<meta property=\"og:site_name\" content=\"Territorial Challenges\" \/>\n<meta property=\"article:published_time\" content=\"2019-02-11T11:06:50+00:00\" \/>\n<meta property=\"article:modified_time\" content=\"2019-05-08T19:53:47+00:00\" \/>\n<meta property=\"og:image\" content=\"https:\/\/territorialchallenges.com\/wp-content\/uploads\/2019\/05\/hamburg-1024x683.jpg\" \/>\n\t<meta property=\"og:image:width\" content=\"1024\" \/>\n\t<meta property=\"og:image:height\" content=\"683\" \/>\n\t<meta property=\"og:image:type\" content=\"image\/jpeg\" \/>\n<meta name=\"author\" content=\"ni.abdi\" \/>\n<meta name=\"twitter:card\" content=\"summary_large_image\" \/>\n<meta name=\"twitter:creator\" content=\"@Ni.abdi\" \/>\n<meta name=\"twitter:label1\" content=\"Geschreven door\" \/>\n\t<meta name=\"twitter:data1\" content=\"ni.abdi\" \/>\n\t<meta name=\"twitter:label2\" content=\"Geschatte leestijd\" \/>\n\t<meta name=\"twitter:data2\" content=\"3 minuten\" \/>\n<script type=\"application\/ld+json\" class=\"yoast-schema-graph\">{\"@context\":\"https:\/\/schema.org\",\"@graph\":[{\"@type\":\"Article\",\"@id\":\"https:\/\/territorialchallenges.com\/2019\/02\/11\/leolien-en-mer-vu-du-nord-de-lallemagne\/1826\/#article\",\"isPartOf\":{\"@id\":\"https:\/\/territorialchallenges.com\/2019\/02\/11\/leolien-en-mer-vu-du-nord-de-lallemagne\/1826\/\"},\"author\":{\"name\":\"ni.abdi\",\"@id\":\"https:\/\/territorialchallenges.com\/#\/schema\/person\/098f145c7c61a021c425e010f840080f\"},\"headline\":\"L\u2019\u00e9olien en mer vu du nord de l\u2019Allemagne\",\"datePublished\":\"2019-02-11T11:06:50+00:00\",\"dateModified\":\"2019-05-08T19:53:47+00:00\",\"mainEntityOfPage\":{\"@id\":\"https:\/\/territorialchallenges.com\/2019\/02\/11\/leolien-en-mer-vu-du-nord-de-lallemagne\/1826\/\"},\"wordCount\":570,\"commentCount\":0,\"publisher\":{\"@id\":\"https:\/\/territorialchallenges.com\/#organization\"},\"articleSection\":[\"Transition \u00c9nerg\u00e9tique\",\"Actualit\u00e9 Europe\"],\"inLanguage\":\"nl-NL\"},{\"@type\":\"WebPage\",\"@id\":\"https:\/\/territorialchallenges.com\/2019\/02\/11\/leolien-en-mer-vu-du-nord-de-lallemagne\/1826\/\",\"url\":\"https:\/\/territorialchallenges.com\/2019\/02\/11\/leolien-en-mer-vu-du-nord-de-lallemagne\/1826\/\",\"name\":\"L\u2019\u00e9olien en mer vu du nord de l\u2019Allemagne - Territorial Challenges\",\"isPartOf\":{\"@id\":\"https:\/\/territorialchallenges.com\/#website\"},\"datePublished\":\"2019-02-11T11:06:50+00:00\",\"dateModified\":\"2019-05-08T19:53:47+00:00\",\"breadcrumb\":{\"@id\":\"https:\/\/territorialchallenges.com\/2019\/02\/11\/leolien-en-mer-vu-du-nord-de-lallemagne\/1826\/#breadcrumb\"},\"inLanguage\":\"nl-NL\",\"potentialAction\":[{\"@type\":\"ReadAction\",\"target\":[\"https:\/\/territorialchallenges.com\/2019\/02\/11\/leolien-en-mer-vu-du-nord-de-lallemagne\/1826\/\"]}]},{\"@type\":\"BreadcrumbList\",\"@id\":\"https:\/\/territorialchallenges.com\/2019\/02\/11\/leolien-en-mer-vu-du-nord-de-lallemagne\/1826\/#breadcrumb\",\"itemListElement\":[{\"@type\":\"ListItem\",\"position\":1,\"name\":\"Home\",\"item\":\"https:\/\/territorialchallenges.com\/\"},{\"@type\":\"ListItem\",\"position\":2,\"name\":\"L\u2019\u00e9olien en mer vu du nord de l\u2019Allemagne\"}]},{\"@type\":\"WebSite\",\"@id\":\"https:\/\/territorialchallenges.com\/#website\",\"url\":\"https:\/\/territorialchallenges.com\/\",\"name\":\"Territorial Challenges\",\"description\":\"Veille Internationale - Strat\u00e9gie Intelligentes - Bonnes pratiques\",\"publisher\":{\"@id\":\"https:\/\/territorialchallenges.com\/#organization\"},\"potentialAction\":[{\"@type\":\"SearchAction\",\"target\":{\"@type\":\"EntryPoint\",\"urlTemplate\":\"https:\/\/territorialchallenges.com\/?s={search_term_string}\"},\"query-input\":\"required name=search_term_string\"}],\"inLanguage\":\"nl-NL\"},{\"@type\":\"Organization\",\"@id\":\"https:\/\/territorialchallenges.com\/#organization\",\"name\":\"Territorial Challenges\",\"url\":\"https:\/\/territorialchallenges.com\/\",\"logo\":{\"@type\":\"ImageObject\",\"inLanguage\":\"nl-NL\",\"@id\":\"https:\/\/territorialchallenges.com\/#\/schema\/logo\/image\/\",\"url\":\"https:\/\/territorialchallenges.com\/wp-content\/uploads\/2023\/10\/logo-1.png\",\"contentUrl\":\"https:\/\/territorialchallenges.com\/wp-content\/uploads\/2023\/10\/logo-1.png\",\"width\":1832,\"height\":576,\"caption\":\"Territorial Challenges\"},\"image\":{\"@id\":\"https:\/\/territorialchallenges.com\/#\/schema\/logo\/image\/\"}},{\"@type\":\"Person\",\"@id\":\"https:\/\/territorialchallenges.com\/#\/schema\/person\/098f145c7c61a021c425e010f840080f\",\"name\":\"ni.abdi\",\"image\":{\"@type\":\"ImageObject\",\"inLanguage\":\"nl-NL\",\"@id\":\"https:\/\/territorialchallenges.com\/#\/schema\/person\/image\/\",\"url\":\"https:\/\/secure.gravatar.com\/avatar\/2a2f2491f3c80039986ba989b1e4b510?s=96&d=identicon&r=g\",\"contentUrl\":\"https:\/\/secure.gravatar.com\/avatar\/2a2f2491f3c80039986ba989b1e4b510?s=96&d=identicon&r=g\",\"caption\":\"ni.abdi\"},\"sameAs\":[\"https:\/\/twitter.com\/Ni.abdi\"],\"url\":\"https:\/\/territorialchallenges.com\/nl\/author\/ni-abdi\/\"}]}<\/script>\n<!-- \/ Yoast SEO plugin. -->","yoast_head_json":{"title":"L\u2019\u00e9olien en mer vu du nord de l\u2019Allemagne - Territorial Challenges","robots":{"index":"index","follow":"follow","max-snippet":"max-snippet:-1","max-image-preview":"max-image-preview:large","max-video-preview":"max-video-preview:-1"},"canonical":"https:\/\/territorialchallenges.com\/nl\/2019\/02\/11\/leolien-en-mer-vu-du-nord-de-lallemagne\/1826\/","og_locale":"nl_NL","og_type":"article","og_title":"L\u2019\u00e9olien en mer vu du nord de l\u2019Allemagne - Territorial Challenges","og_description":"Sans vent de mer, pas de protection du climat ni d\u2019approvisionnement en \u00e9nergie durable possible. La Conf\u00e9rence de Hambourg d\u00e9but avril, sur l&rsquo;\u00e9olien en mer, devrait donner une feuille de route ambitieuse pour les \u00e9nergies renouvelables. Hambourg &#8211; DNV GL et le Cluster Energies Renouvelables Hambourg accueilleront ensemble la 16\u00e8me Conf\u00e9rence \u00e9olienne offshore les 2 [&hellip;]","og_url":"https:\/\/territorialchallenges.com\/nl\/2019\/02\/11\/leolien-en-mer-vu-du-nord-de-lallemagne\/1826\/","og_site_name":"Territorial Challenges","article_published_time":"2019-02-11T11:06:50+00:00","article_modified_time":"2019-05-08T19:53:47+00:00","og_image":[{"width":1024,"height":683,"url":"https:\/\/territorialchallenges.com\/wp-content\/uploads\/2019\/05\/hamburg-1024x683.jpg","type":"image\/jpeg"}],"author":"ni.abdi","twitter_card":"summary_large_image","twitter_creator":"@Ni.abdi","twitter_misc":{"Geschreven door":"ni.abdi","Geschatte leestijd":"3 minuten"},"schema":{"@context":"https:\/\/schema.org","@graph":[{"@type":"Article","@id":"https:\/\/territorialchallenges.com\/2019\/02\/11\/leolien-en-mer-vu-du-nord-de-lallemagne\/1826\/#article","isPartOf":{"@id":"https:\/\/territorialchallenges.com\/2019\/02\/11\/leolien-en-mer-vu-du-nord-de-lallemagne\/1826\/"},"author":{"name":"ni.abdi","@id":"https:\/\/territorialchallenges.com\/#\/schema\/person\/098f145c7c61a021c425e010f840080f"},"headline":"L\u2019\u00e9olien en mer vu du nord de l\u2019Allemagne","datePublished":"2019-02-11T11:06:50+00:00","dateModified":"2019-05-08T19:53:47+00:00","mainEntityOfPage":{"@id":"https:\/\/territorialchallenges.com\/2019\/02\/11\/leolien-en-mer-vu-du-nord-de-lallemagne\/1826\/"},"wordCount":570,"commentCount":0,"publisher":{"@id":"https:\/\/territorialchallenges.com\/#organization"},"articleSection":["Transition \u00c9nerg\u00e9tique","Actualit\u00e9 Europe"],"inLanguage":"nl-NL"},{"@type":"WebPage","@id":"https:\/\/territorialchallenges.com\/2019\/02\/11\/leolien-en-mer-vu-du-nord-de-lallemagne\/1826\/","url":"https:\/\/territorialchallenges.com\/2019\/02\/11\/leolien-en-mer-vu-du-nord-de-lallemagne\/1826\/","name":"L\u2019\u00e9olien en mer vu du nord de l\u2019Allemagne - Territorial Challenges","isPartOf":{"@id":"https:\/\/territorialchallenges.com\/#website"},"datePublished":"2019-02-11T11:06:50+00:00","dateModified":"2019-05-08T19:53:47+00:00","breadcrumb":{"@id":"https:\/\/territorialchallenges.com\/2019\/02\/11\/leolien-en-mer-vu-du-nord-de-lallemagne\/1826\/#breadcrumb"},"inLanguage":"nl-NL","potentialAction":[{"@type":"ReadAction","target":["https:\/\/territorialchallenges.com\/2019\/02\/11\/leolien-en-mer-vu-du-nord-de-lallemagne\/1826\/"]}]},{"@type":"BreadcrumbList","@id":"https:\/\/territorialchallenges.com\/2019\/02\/11\/leolien-en-mer-vu-du-nord-de-lallemagne\/1826\/#breadcrumb","itemListElement":[{"@type":"ListItem","position":1,"name":"Home","item":"https:\/\/territorialchallenges.com\/"},{"@type":"ListItem","position":2,"name":"L\u2019\u00e9olien en mer vu du nord de l\u2019Allemagne"}]},{"@type":"WebSite","@id":"https:\/\/territorialchallenges.com\/#website","url":"https:\/\/territorialchallenges.com\/","name":"Territoriale uitdagingen","description":"Internationale monitoring - Slimme strategie\u00ebn - Beste praktijken","publisher":{"@id":"https:\/\/territorialchallenges.com\/#organization"},"potentialAction":[{"@type":"SearchAction","target":{"@type":"EntryPoint","urlTemplate":"https:\/\/territorialchallenges.com\/?s={search_term_string}"},"query-input":"required name=search_term_string"}],"inLanguage":"nl-NL"},{"@type":"Organization","@id":"https:\/\/territorialchallenges.com\/#organization","name":"Territoriale uitdagingen","url":"https:\/\/territorialchallenges.com\/","logo":{"@type":"ImageObject","inLanguage":"nl-NL","@id":"https:\/\/territorialchallenges.com\/#\/schema\/logo\/image\/","url":"https:\/\/territorialchallenges.com\/wp-content\/uploads\/2023\/10\/logo-1.png","contentUrl":"https:\/\/territorialchallenges.com\/wp-content\/uploads\/2023\/10\/logo-1.png","width":1832,"height":576,"caption":"Territorial Challenges"},"image":{"@id":"https:\/\/territorialchallenges.com\/#\/schema\/logo\/image\/"}},{"@type":"Person","@id":"https:\/\/territorialchallenges.com\/#\/schema\/person\/098f145c7c61a021c425e010f840080f","name":"ni.abdi","image":{"@type":"ImageObject","inLanguage":"nl-NL","@id":"https:\/\/territorialchallenges.com\/#\/schema\/person\/image\/","url":"https:\/\/secure.gravatar.com\/avatar\/2a2f2491f3c80039986ba989b1e4b510?s=96&d=identicon&r=g","contentUrl":"https:\/\/secure.gravatar.com\/avatar\/2a2f2491f3c80039986ba989b1e4b510?s=96&d=identicon&r=g","caption":"ni.abdi"},"sameAs":["https:\/\/twitter.com\/Ni.abdi"],"url":"https:\/\/territorialchallenges.com\/nl\/author\/ni-abdi\/"}]}},"_links":{"self":[{"href":"https:\/\/territorialchallenges.com\/nl\/wp-json\/wp\/v2\/posts\/1826"}],"collection":[{"href":"https:\/\/territorialchallenges.com\/nl\/wp-json\/wp\/v2\/posts"}],"about":[{"href":"https:\/\/territorialchallenges.com\/nl\/wp-json\/wp\/v2\/types\/post"}],"author":[{"embeddable":true,"href":"https:\/\/territorialchallenges.com\/nl\/wp-json\/wp\/v2\/users\/11"}],"replies":[{"embeddable":true,"href":"https:\/\/territorialchallenges.com\/nl\/wp-json\/wp\/v2\/comments?post=1826"}],"version-history":[{"count":1,"href":"https:\/\/territorialchallenges.com\/nl\/wp-json\/wp\/v2\/posts\/1826\/revisions"}],"predecessor-version":[{"id":83733,"href":"https:\/\/territorialchallenges.com\/nl\/wp-json\/wp\/v2\/posts\/1826\/revisions\/83733"}],"wp:featuredmedia":[{"embeddable":true,"href":"https:\/\/territorialchallenges.com\/nl\/wp-json\/wp\/v2\/media\/83565"}],"wp:attachment":[{"href":"https:\/\/territorialchallenges.com\/nl\/wp-json\/wp\/v2\/media?parent=1826"}],"wp:term":[{"taxonomy":"category","embeddable":true,"href":"https:\/\/territorialchallenges.com\/nl\/wp-json\/wp\/v2\/categories?post=1826"},{"taxonomy":"post_tag","embeddable":true,"href":"https:\/\/territorialchallenges.com\/nl\/wp-json\/wp\/v2\/tags?post=1826"}],"curies":[{"name":"wp","href":"https:\/\/api.w.org\/{rel}","templated":true}]}}