{"id":1727,"date":"2018-10-17T14:49:59","date_gmt":"2018-10-17T12:49:59","guid":{"rendered":"https:\/\/ecoinovatio.com\/?p=1727"},"modified":"2018-10-17T14:49:59","modified_gmt":"2018-10-17T12:49:59","slug":"les-energeticiens-et-la-mode-de-lautoconsommation-electrique","status":"publish","type":"post","link":"https:\/\/territorialchallenges.com\/nl\/2018\/10\/17\/les-energeticiens-et-la-mode-de-lautoconsommation-electrique\/1727\/","title":{"rendered":"Energiebedrijven en de mode voor zelfverbruik van elektriciteit"},"content":{"rendered":"<p>De afgelopen weken is er geen dag voorbijgegaan zonder dat de Fransen die hun eigen elektriciteit produceren en consumeren in het nieuws kwamen, met de lancering van een aanbod, een bijeenkomst, een debat of een conferentie tussen energieprofessionals. In een tijd waarin energiebedrijven en fabrikanten van apparatuur op zoek zijn naar duurzame strategie\u00ebn om hieraan deel te nemen... <\/p>\n<div class=\"pmpro_content_message\">Artikel alleen beschikbaar voor abonnees.<br \/><a href=\"https:\/\/territorialchallenges.com\/wp-login.php\">Login<\/a><br \/><a href=\"https:\/\/territorialchallenges.com\/nl\/wp-login.php\/?action=register\">Register<\/a><\/div>","protected":false},"excerpt":{"rendered":"<p>Ces derni\u00e8res semaines, il n&rsquo;y a pas eu un jour o\u00f9 l&rsquo;id\u00e9e d&rsquo;une propre production et consommation \u00e9lectrique par les Fran\u00e7ais eux-m\u00eames n&rsquo;a pas fait l&rsquo;actualit\u00e9 du lancement d&rsquo;une offre, d&rsquo;une rencontre, d&rsquo;un d\u00e9bat ou d&rsquo;une conf\u00e9rence entre professionnels de l&rsquo;\u00e9nergie. A l&rsquo;heure o\u00f9 \u00e9nerg\u00e9ticiens et \u00e9quipementiers cherchent des strat\u00e9gies p\u00e9rennes pour s&rsquo;inscrire dans cette... <\/p>\n<div class=\"pmpro_content_message\">Artikel alleen beschikbaar voor abonnees.<br \/><a href=\"https:\/\/territorialchallenges.com\/wp-login.php\">Login<\/a><br \/><a href=\"https:\/\/territorialchallenges.com\/nl\/wp-login.php\/?action=register\">Register<\/a><\/div>","protected":false},"author":11,"featured_media":0,"comment_status":"open","ping_status":"open","sticky":true,"template":"","format":"standard","meta":{"pmpro_default_level":0,"footnotes":""},"categories":[123],"tags":[],"blocksy_meta":"","yoast_head":"<!-- This site is optimized with the Yoast SEO plugin v21.5 - https:\/\/yoast.com\/wordpress\/plugins\/seo\/ -->\n<title>Les \u00e9nerg\u00e9ticiens et la mode de l&#039;autoconsommation \u00e9lectrique - Territorial Challenges<\/title>\n<meta name=\"robots\" content=\"index, follow, max-snippet:-1, max-image-preview:large, max-video-preview:-1\" \/>\n<link rel=\"canonical\" href=\"https:\/\/territorialchallenges.com\/nl\/2018\/10\/17\/les-energeticiens-et-la-mode-de-lautoconsommation-electrique\/1727\/\" \/>\n<meta property=\"og:locale\" content=\"nl_NL\" \/>\n<meta property=\"og:type\" content=\"article\" \/>\n<meta property=\"og:title\" content=\"Les \u00e9nerg\u00e9ticiens et la mode de l&#039;autoconsommation \u00e9lectrique - Territorial Challenges\" \/>\n<meta property=\"og:description\" content=\"Ces derni\u00e8res semaines, il n&rsquo;y a pas eu un jour o\u00f9 l&rsquo;id\u00e9e d&rsquo;une propre production et consommation \u00e9lectrique par les Fran\u00e7ais eux-m\u00eames n&rsquo;a pas fait l&rsquo;actualit\u00e9 du lancement d&rsquo;une offre, d&rsquo;une rencontre, d&rsquo;un d\u00e9bat ou d&rsquo;une conf\u00e9rence entre professionnels de l&rsquo;\u00e9nergie. A l&rsquo;heure o\u00f9 \u00e9nerg\u00e9ticiens et \u00e9quipementiers cherchent des strat\u00e9gies p\u00e9rennes pour s&rsquo;inscrire dans cette [&hellip;]\" \/>\n<meta property=\"og:url\" content=\"https:\/\/territorialchallenges.com\/nl\/2018\/10\/17\/les-energeticiens-et-la-mode-de-lautoconsommation-electrique\/1727\/\" \/>\n<meta property=\"og:site_name\" content=\"Territorial Challenges\" \/>\n<meta property=\"article:published_time\" content=\"2018-10-17T12:49:59+00:00\" \/>\n<meta name=\"author\" content=\"ni.abdi\" \/>\n<meta name=\"twitter:card\" content=\"summary_large_image\" \/>\n<meta name=\"twitter:creator\" content=\"@Ni.abdi\" \/>\n<meta name=\"twitter:label1\" content=\"Geschreven door\" \/>\n\t<meta name=\"twitter:data1\" content=\"ni.abdi\" \/>\n\t<meta name=\"twitter:label2\" content=\"Geschatte leestijd\" \/>\n\t<meta name=\"twitter:data2\" content=\"3 minuten\" \/>\n<script type=\"application\/ld+json\" class=\"yoast-schema-graph\">{\"@context\":\"https:\/\/schema.org\",\"@graph\":[{\"@type\":\"Article\",\"@id\":\"https:\/\/territorialchallenges.com\/2018\/10\/17\/les-energeticiens-et-la-mode-de-lautoconsommation-electrique\/1727\/#article\",\"isPartOf\":{\"@id\":\"https:\/\/territorialchallenges.com\/2018\/10\/17\/les-energeticiens-et-la-mode-de-lautoconsommation-electrique\/1727\/\"},\"author\":{\"name\":\"ni.abdi\",\"@id\":\"https:\/\/territorialchallenges.com\/#\/schema\/person\/098f145c7c61a021c425e010f840080f\"},\"headline\":\"Les \u00e9nerg\u00e9ticiens et la mode de l&rsquo;autoconsommation \u00e9lectrique\",\"datePublished\":\"2018-10-17T12:49:59+00:00\",\"dateModified\":\"2018-10-17T12:49:59+00:00\",\"mainEntityOfPage\":{\"@id\":\"https:\/\/territorialchallenges.com\/2018\/10\/17\/les-energeticiens-et-la-mode-de-lautoconsommation-electrique\/1727\/\"},\"wordCount\":665,\"commentCount\":0,\"publisher\":{\"@id\":\"https:\/\/territorialchallenges.com\/#organization\"},\"articleSection\":[\"Archives - Editos\"],\"inLanguage\":\"nl-NL\"},{\"@type\":\"WebPage\",\"@id\":\"https:\/\/territorialchallenges.com\/2018\/10\/17\/les-energeticiens-et-la-mode-de-lautoconsommation-electrique\/1727\/\",\"url\":\"https:\/\/territorialchallenges.com\/2018\/10\/17\/les-energeticiens-et-la-mode-de-lautoconsommation-electrique\/1727\/\",\"name\":\"Les \u00e9nerg\u00e9ticiens et la mode de l'autoconsommation \u00e9lectrique - Territorial Challenges\",\"isPartOf\":{\"@id\":\"https:\/\/territorialchallenges.com\/#website\"},\"datePublished\":\"2018-10-17T12:49:59+00:00\",\"dateModified\":\"2018-10-17T12:49:59+00:00\",\"breadcrumb\":{\"@id\":\"https:\/\/territorialchallenges.com\/2018\/10\/17\/les-energeticiens-et-la-mode-de-lautoconsommation-electrique\/1727\/#breadcrumb\"},\"inLanguage\":\"nl-NL\",\"potentialAction\":[{\"@type\":\"ReadAction\",\"target\":[\"https:\/\/territorialchallenges.com\/2018\/10\/17\/les-energeticiens-et-la-mode-de-lautoconsommation-electrique\/1727\/\"]}]},{\"@type\":\"BreadcrumbList\",\"@id\":\"https:\/\/territorialchallenges.com\/2018\/10\/17\/les-energeticiens-et-la-mode-de-lautoconsommation-electrique\/1727\/#breadcrumb\",\"itemListElement\":[{\"@type\":\"ListItem\",\"position\":1,\"name\":\"Home\",\"item\":\"https:\/\/territorialchallenges.com\/\"},{\"@type\":\"ListItem\",\"position\":2,\"name\":\"Les \u00e9nerg\u00e9ticiens et la mode de l&rsquo;autoconsommation \u00e9lectrique\"}]},{\"@type\":\"WebSite\",\"@id\":\"https:\/\/territorialchallenges.com\/#website\",\"url\":\"https:\/\/territorialchallenges.com\/\",\"name\":\"Territorial Challenges\",\"description\":\"Veille Internationale - Strat\u00e9gie Intelligentes - Bonnes pratiques\",\"publisher\":{\"@id\":\"https:\/\/territorialchallenges.com\/#organization\"},\"potentialAction\":[{\"@type\":\"SearchAction\",\"target\":{\"@type\":\"EntryPoint\",\"urlTemplate\":\"https:\/\/territorialchallenges.com\/?s={search_term_string}\"},\"query-input\":\"required name=search_term_string\"}],\"inLanguage\":\"nl-NL\"},{\"@type\":\"Organization\",\"@id\":\"https:\/\/territorialchallenges.com\/#organization\",\"name\":\"Territorial Challenges\",\"url\":\"https:\/\/territorialchallenges.com\/\",\"logo\":{\"@type\":\"ImageObject\",\"inLanguage\":\"nl-NL\",\"@id\":\"https:\/\/territorialchallenges.com\/#\/schema\/logo\/image\/\",\"url\":\"https:\/\/territorialchallenges.com\/wp-content\/uploads\/2023\/10\/logo-1.png\",\"contentUrl\":\"https:\/\/territorialchallenges.com\/wp-content\/uploads\/2023\/10\/logo-1.png\",\"width\":1832,\"height\":576,\"caption\":\"Territorial Challenges\"},\"image\":{\"@id\":\"https:\/\/territorialchallenges.com\/#\/schema\/logo\/image\/\"}},{\"@type\":\"Person\",\"@id\":\"https:\/\/territorialchallenges.com\/#\/schema\/person\/098f145c7c61a021c425e010f840080f\",\"name\":\"ni.abdi\",\"image\":{\"@type\":\"ImageObject\",\"inLanguage\":\"nl-NL\",\"@id\":\"https:\/\/territorialchallenges.com\/#\/schema\/person\/image\/\",\"url\":\"https:\/\/secure.gravatar.com\/avatar\/2a2f2491f3c80039986ba989b1e4b510?s=96&d=identicon&r=g\",\"contentUrl\":\"https:\/\/secure.gravatar.com\/avatar\/2a2f2491f3c80039986ba989b1e4b510?s=96&d=identicon&r=g\",\"caption\":\"ni.abdi\"},\"sameAs\":[\"https:\/\/twitter.com\/Ni.abdi\"],\"url\":\"https:\/\/territorialchallenges.com\/nl\/author\/ni-abdi\/\"}]}<\/script>\n<!-- \/ Yoast SEO plugin. -->","yoast_head_json":{"title":"Les \u00e9nerg\u00e9ticiens et la mode de l'autoconsommation \u00e9lectrique - Territorial Challenges","robots":{"index":"index","follow":"follow","max-snippet":"max-snippet:-1","max-image-preview":"max-image-preview:large","max-video-preview":"max-video-preview:-1"},"canonical":"https:\/\/territorialchallenges.com\/nl\/2018\/10\/17\/les-energeticiens-et-la-mode-de-lautoconsommation-electrique\/1727\/","og_locale":"nl_NL","og_type":"article","og_title":"Les \u00e9nerg\u00e9ticiens et la mode de l'autoconsommation \u00e9lectrique - Territorial Challenges","og_description":"Ces derni\u00e8res semaines, il n&rsquo;y a pas eu un jour o\u00f9 l&rsquo;id\u00e9e d&rsquo;une propre production et consommation \u00e9lectrique par les Fran\u00e7ais eux-m\u00eames n&rsquo;a pas fait l&rsquo;actualit\u00e9 du lancement d&rsquo;une offre, d&rsquo;une rencontre, d&rsquo;un d\u00e9bat ou d&rsquo;une conf\u00e9rence entre professionnels de l&rsquo;\u00e9nergie. A l&rsquo;heure o\u00f9 \u00e9nerg\u00e9ticiens et \u00e9quipementiers cherchent des strat\u00e9gies p\u00e9rennes pour s&rsquo;inscrire dans cette [&hellip;]","og_url":"https:\/\/territorialchallenges.com\/nl\/2018\/10\/17\/les-energeticiens-et-la-mode-de-lautoconsommation-electrique\/1727\/","og_site_name":"Territorial Challenges","article_published_time":"2018-10-17T12:49:59+00:00","author":"ni.abdi","twitter_card":"summary_large_image","twitter_creator":"@Ni.abdi","twitter_misc":{"Geschreven door":"ni.abdi","Geschatte leestijd":"3 minuten"},"schema":{"@context":"https:\/\/schema.org","@graph":[{"@type":"Article","@id":"https:\/\/territorialchallenges.com\/2018\/10\/17\/les-energeticiens-et-la-mode-de-lautoconsommation-electrique\/1727\/#article","isPartOf":{"@id":"https:\/\/territorialchallenges.com\/2018\/10\/17\/les-energeticiens-et-la-mode-de-lautoconsommation-electrique\/1727\/"},"author":{"name":"ni.abdi","@id":"https:\/\/territorialchallenges.com\/#\/schema\/person\/098f145c7c61a021c425e010f840080f"},"headline":"Les \u00e9nerg\u00e9ticiens et la mode de l&rsquo;autoconsommation \u00e9lectrique","datePublished":"2018-10-17T12:49:59+00:00","dateModified":"2018-10-17T12:49:59+00:00","mainEntityOfPage":{"@id":"https:\/\/territorialchallenges.com\/2018\/10\/17\/les-energeticiens-et-la-mode-de-lautoconsommation-electrique\/1727\/"},"wordCount":665,"commentCount":0,"publisher":{"@id":"https:\/\/territorialchallenges.com\/#organization"},"articleSection":["Archives - Editos"],"inLanguage":"nl-NL"},{"@type":"WebPage","@id":"https:\/\/territorialchallenges.com\/2018\/10\/17\/les-energeticiens-et-la-mode-de-lautoconsommation-electrique\/1727\/","url":"https:\/\/territorialchallenges.com\/2018\/10\/17\/les-energeticiens-et-la-mode-de-lautoconsommation-electrique\/1727\/","name":"Les \u00e9nerg\u00e9ticiens et la mode de l'autoconsommation \u00e9lectrique - Territorial Challenges","isPartOf":{"@id":"https:\/\/territorialchallenges.com\/#website"},"datePublished":"2018-10-17T12:49:59+00:00","dateModified":"2018-10-17T12:49:59+00:00","breadcrumb":{"@id":"https:\/\/territorialchallenges.com\/2018\/10\/17\/les-energeticiens-et-la-mode-de-lautoconsommation-electrique\/1727\/#breadcrumb"},"inLanguage":"nl-NL","potentialAction":[{"@type":"ReadAction","target":["https:\/\/territorialchallenges.com\/2018\/10\/17\/les-energeticiens-et-la-mode-de-lautoconsommation-electrique\/1727\/"]}]},{"@type":"BreadcrumbList","@id":"https:\/\/territorialchallenges.com\/2018\/10\/17\/les-energeticiens-et-la-mode-de-lautoconsommation-electrique\/1727\/#breadcrumb","itemListElement":[{"@type":"ListItem","position":1,"name":"Home","item":"https:\/\/territorialchallenges.com\/"},{"@type":"ListItem","position":2,"name":"Les \u00e9nerg\u00e9ticiens et la mode de l&rsquo;autoconsommation \u00e9lectrique"}]},{"@type":"WebSite","@id":"https:\/\/territorialchallenges.com\/#website","url":"https:\/\/territorialchallenges.com\/","name":"Territoriale uitdagingen","description":"Internationale monitoring - Slimme strategie\u00ebn - Beste praktijken","publisher":{"@id":"https:\/\/territorialchallenges.com\/#organization"},"potentialAction":[{"@type":"SearchAction","target":{"@type":"EntryPoint","urlTemplate":"https:\/\/territorialchallenges.com\/?s={search_term_string}"},"query-input":"required name=search_term_string"}],"inLanguage":"nl-NL"},{"@type":"Organization","@id":"https:\/\/territorialchallenges.com\/#organization","name":"Territoriale uitdagingen","url":"https:\/\/territorialchallenges.com\/","logo":{"@type":"ImageObject","inLanguage":"nl-NL","@id":"https:\/\/territorialchallenges.com\/#\/schema\/logo\/image\/","url":"https:\/\/territorialchallenges.com\/wp-content\/uploads\/2023\/10\/logo-1.png","contentUrl":"https:\/\/territorialchallenges.com\/wp-content\/uploads\/2023\/10\/logo-1.png","width":1832,"height":576,"caption":"Territorial Challenges"},"image":{"@id":"https:\/\/territorialchallenges.com\/#\/schema\/logo\/image\/"}},{"@type":"Person","@id":"https:\/\/territorialchallenges.com\/#\/schema\/person\/098f145c7c61a021c425e010f840080f","name":"ni.abdi","image":{"@type":"ImageObject","inLanguage":"nl-NL","@id":"https:\/\/territorialchallenges.com\/#\/schema\/person\/image\/","url":"https:\/\/secure.gravatar.com\/avatar\/2a2f2491f3c80039986ba989b1e4b510?s=96&d=identicon&r=g","contentUrl":"https:\/\/secure.gravatar.com\/avatar\/2a2f2491f3c80039986ba989b1e4b510?s=96&d=identicon&r=g","caption":"ni.abdi"},"sameAs":["https:\/\/twitter.com\/Ni.abdi"],"url":"https:\/\/territorialchallenges.com\/nl\/author\/ni-abdi\/"}]}},"_links":{"self":[{"href":"https:\/\/territorialchallenges.com\/nl\/wp-json\/wp\/v2\/posts\/1727"}],"collection":[{"href":"https:\/\/territorialchallenges.com\/nl\/wp-json\/wp\/v2\/posts"}],"about":[{"href":"https:\/\/territorialchallenges.com\/nl\/wp-json\/wp\/v2\/types\/post"}],"author":[{"embeddable":true,"href":"https:\/\/territorialchallenges.com\/nl\/wp-json\/wp\/v2\/users\/11"}],"replies":[{"embeddable":true,"href":"https:\/\/territorialchallenges.com\/nl\/wp-json\/wp\/v2\/comments?post=1727"}],"version-history":[{"count":0,"href":"https:\/\/territorialchallenges.com\/nl\/wp-json\/wp\/v2\/posts\/1727\/revisions"}],"wp:attachment":[{"href":"https:\/\/territorialchallenges.com\/nl\/wp-json\/wp\/v2\/media?parent=1727"}],"wp:term":[{"taxonomy":"category","embeddable":true,"href":"https:\/\/territorialchallenges.com\/nl\/wp-json\/wp\/v2\/categories?post=1727"},{"taxonomy":"post_tag","embeddable":true,"href":"https:\/\/territorialchallenges.com\/nl\/wp-json\/wp\/v2\/tags?post=1727"}],"curies":[{"name":"wp","href":"https:\/\/api.w.org\/{rel}","templated":true}]}}