{"id":1702,"date":"2018-10-16T08:27:58","date_gmt":"2018-10-16T06:27:58","guid":{"rendered":"https:\/\/ecoinovatio.com\/?p=1702"},"modified":"2018-10-16T08:27:58","modified_gmt":"2018-10-16T06:27:58","slug":"de-luberisation-des-chambres-de-commerce-par-les-clusters-et-linfo-numerique","status":"publish","type":"post","link":"https:\/\/territorialchallenges.com\/nl\/2018\/10\/16\/de-luberisation-des-chambres-de-commerce-par-les-clusters-et-linfo-numerique\/1702\/","title":{"rendered":"Over de \u2018uberisering\u2019 van Kamers van Koophandel door clusters en digitale informatie"},"content":{"rendered":"<p>In 2016 zullen de Kamers van Koophandel en Nijverheid een nieuw sociaal plan ondergaan. Wat als de Kamers van Koophandel en Nijverheid, na de regionale raden meer dan 30 jaar geleden, nu te maken zouden krijgen met nieuwe concurrenten: clusters (concurrentiepolen) en toegang tot informatie via digitale netwerken? In 1599 werden de Kamers van Koophandel en Nijverheid geboren... <\/p>\n<div class=\"pmpro_content_message\">Artikel alleen beschikbaar voor abonnees.<br \/><a href=\"https:\/\/territorialchallenges.com\/wp-login.php\">Login<\/a><br \/><a href=\"https:\/\/territorialchallenges.com\/nl\/wp-login.php\/?action=register\">Register<\/a><\/div>","protected":false},"excerpt":{"rendered":"<p>En 2016, les Chambres de commerce et d\u2019industrie vont conna\u00eetre un nouveau plan social. Et si, apr\u00e8s les Conseils r\u00e9gionaux il y a plus de 30 ans, les CCI se trouvaient confront\u00e9es, aujourd\u2019hui, \u00e0 des nouveaux concurrents, les clusters (p\u00f4les de comp\u00e9titivit\u00e9) et l\u2019acc\u00e8s \u00e0 l\u2019information par les r\u00e9seaux num\u00e9riques ? En 1599, est n\u00e9e,... <\/p>\n<div class=\"pmpro_content_message\">Artikel alleen beschikbaar voor abonnees.<br \/><a href=\"https:\/\/territorialchallenges.com\/wp-login.php\">Login<\/a><br \/><a href=\"https:\/\/territorialchallenges.com\/nl\/wp-login.php\/?action=register\">Register<\/a><\/div>","protected":false},"author":11,"featured_media":0,"comment_status":"open","ping_status":"open","sticky":true,"template":"","format":"standard","meta":{"pmpro_default_level":0,"footnotes":""},"categories":[123],"tags":[],"blocksy_meta":"","yoast_head":"<!-- This site is optimized with the Yoast SEO plugin v21.5 - https:\/\/yoast.com\/wordpress\/plugins\/seo\/ -->\n<title>De &quot;l\u2019ub\u00e9risation&quot; des Chambres de commerce par les clusters et l\u2019info num\u00e9rique - Territorial Challenges<\/title>\n<meta name=\"robots\" content=\"index, follow, max-snippet:-1, max-image-preview:large, max-video-preview:-1\" \/>\n<link rel=\"canonical\" href=\"https:\/\/territorialchallenges.com\/nl\/2018\/10\/16\/de-luberisation-des-chambres-de-commerce-par-les-clusters-et-linfo-numerique\/1702\/\" \/>\n<meta property=\"og:locale\" content=\"nl_NL\" \/>\n<meta property=\"og:type\" content=\"article\" \/>\n<meta property=\"og:title\" content=\"De &quot;l\u2019ub\u00e9risation&quot; des Chambres de commerce par les clusters et l\u2019info num\u00e9rique - Territorial Challenges\" \/>\n<meta property=\"og:description\" content=\"En 2016, les Chambres de commerce et d\u2019industrie vont conna\u00eetre un nouveau plan social. Et si, apr\u00e8s les Conseils r\u00e9gionaux il y a plus de 30 ans, les CCI se trouvaient confront\u00e9es, aujourd\u2019hui, \u00e0 des nouveaux concurrents, les clusters (p\u00f4les de comp\u00e9titivit\u00e9) et l\u2019acc\u00e8s \u00e0 l\u2019information par les r\u00e9seaux num\u00e9riques ? En 1599, est n\u00e9e, [&hellip;]\" \/>\n<meta property=\"og:url\" content=\"https:\/\/territorialchallenges.com\/nl\/2018\/10\/16\/de-luberisation-des-chambres-de-commerce-par-les-clusters-et-linfo-numerique\/1702\/\" \/>\n<meta property=\"og:site_name\" content=\"Territorial Challenges\" \/>\n<meta property=\"article:published_time\" content=\"2018-10-16T06:27:58+00:00\" \/>\n<meta name=\"author\" content=\"ni.abdi\" \/>\n<meta name=\"twitter:card\" content=\"summary_large_image\" \/>\n<meta name=\"twitter:creator\" content=\"@Ni.abdi\" \/>\n<meta name=\"twitter:label1\" content=\"Geschreven door\" \/>\n\t<meta name=\"twitter:data1\" content=\"ni.abdi\" \/>\n\t<meta name=\"twitter:label2\" content=\"Geschatte leestijd\" \/>\n\t<meta name=\"twitter:data2\" content=\"3 minuten\" \/>\n<script type=\"application\/ld+json\" class=\"yoast-schema-graph\">{\"@context\":\"https:\/\/schema.org\",\"@graph\":[{\"@type\":\"Article\",\"@id\":\"https:\/\/territorialchallenges.com\/2018\/10\/16\/de-luberisation-des-chambres-de-commerce-par-les-clusters-et-linfo-numerique\/1702\/#article\",\"isPartOf\":{\"@id\":\"https:\/\/territorialchallenges.com\/2018\/10\/16\/de-luberisation-des-chambres-de-commerce-par-les-clusters-et-linfo-numerique\/1702\/\"},\"author\":{\"name\":\"ni.abdi\",\"@id\":\"https:\/\/territorialchallenges.com\/#\/schema\/person\/098f145c7c61a021c425e010f840080f\"},\"headline\":\"De \u00ab\u00a0l\u2019ub\u00e9risation\u00a0\u00bb des Chambres de commerce par les clusters et l\u2019info num\u00e9rique\",\"datePublished\":\"2018-10-16T06:27:58+00:00\",\"dateModified\":\"2018-10-16T06:27:58+00:00\",\"mainEntityOfPage\":{\"@id\":\"https:\/\/territorialchallenges.com\/2018\/10\/16\/de-luberisation-des-chambres-de-commerce-par-les-clusters-et-linfo-numerique\/1702\/\"},\"wordCount\":708,\"commentCount\":0,\"publisher\":{\"@id\":\"https:\/\/territorialchallenges.com\/#organization\"},\"articleSection\":[\"Archives - Editos\"],\"inLanguage\":\"nl-NL\"},{\"@type\":\"WebPage\",\"@id\":\"https:\/\/territorialchallenges.com\/2018\/10\/16\/de-luberisation-des-chambres-de-commerce-par-les-clusters-et-linfo-numerique\/1702\/\",\"url\":\"https:\/\/territorialchallenges.com\/2018\/10\/16\/de-luberisation-des-chambres-de-commerce-par-les-clusters-et-linfo-numerique\/1702\/\",\"name\":\"De \\\"l\u2019ub\u00e9risation\\\" des Chambres de commerce par les clusters et l\u2019info num\u00e9rique - Territorial Challenges\",\"isPartOf\":{\"@id\":\"https:\/\/territorialchallenges.com\/#website\"},\"datePublished\":\"2018-10-16T06:27:58+00:00\",\"dateModified\":\"2018-10-16T06:27:58+00:00\",\"breadcrumb\":{\"@id\":\"https:\/\/territorialchallenges.com\/2018\/10\/16\/de-luberisation-des-chambres-de-commerce-par-les-clusters-et-linfo-numerique\/1702\/#breadcrumb\"},\"inLanguage\":\"nl-NL\",\"potentialAction\":[{\"@type\":\"ReadAction\",\"target\":[\"https:\/\/territorialchallenges.com\/2018\/10\/16\/de-luberisation-des-chambres-de-commerce-par-les-clusters-et-linfo-numerique\/1702\/\"]}]},{\"@type\":\"BreadcrumbList\",\"@id\":\"https:\/\/territorialchallenges.com\/2018\/10\/16\/de-luberisation-des-chambres-de-commerce-par-les-clusters-et-linfo-numerique\/1702\/#breadcrumb\",\"itemListElement\":[{\"@type\":\"ListItem\",\"position\":1,\"name\":\"Home\",\"item\":\"https:\/\/territorialchallenges.com\/\"},{\"@type\":\"ListItem\",\"position\":2,\"name\":\"De \u00ab\u00a0l\u2019ub\u00e9risation\u00a0\u00bb des Chambres de commerce par les clusters et l\u2019info num\u00e9rique\"}]},{\"@type\":\"WebSite\",\"@id\":\"https:\/\/territorialchallenges.com\/#website\",\"url\":\"https:\/\/territorialchallenges.com\/\",\"name\":\"Territorial Challenges\",\"description\":\"Veille Internationale - Strat\u00e9gie Intelligentes - Bonnes pratiques\",\"publisher\":{\"@id\":\"https:\/\/territorialchallenges.com\/#organization\"},\"potentialAction\":[{\"@type\":\"SearchAction\",\"target\":{\"@type\":\"EntryPoint\",\"urlTemplate\":\"https:\/\/territorialchallenges.com\/?s={search_term_string}\"},\"query-input\":\"required name=search_term_string\"}],\"inLanguage\":\"nl-NL\"},{\"@type\":\"Organization\",\"@id\":\"https:\/\/territorialchallenges.com\/#organization\",\"name\":\"Territorial Challenges\",\"url\":\"https:\/\/territorialchallenges.com\/\",\"logo\":{\"@type\":\"ImageObject\",\"inLanguage\":\"nl-NL\",\"@id\":\"https:\/\/territorialchallenges.com\/#\/schema\/logo\/image\/\",\"url\":\"https:\/\/territorialchallenges.com\/wp-content\/uploads\/2023\/10\/logo-1.png\",\"contentUrl\":\"https:\/\/territorialchallenges.com\/wp-content\/uploads\/2023\/10\/logo-1.png\",\"width\":1832,\"height\":576,\"caption\":\"Territorial Challenges\"},\"image\":{\"@id\":\"https:\/\/territorialchallenges.com\/#\/schema\/logo\/image\/\"}},{\"@type\":\"Person\",\"@id\":\"https:\/\/territorialchallenges.com\/#\/schema\/person\/098f145c7c61a021c425e010f840080f\",\"name\":\"ni.abdi\",\"image\":{\"@type\":\"ImageObject\",\"inLanguage\":\"nl-NL\",\"@id\":\"https:\/\/territorialchallenges.com\/#\/schema\/person\/image\/\",\"url\":\"https:\/\/secure.gravatar.com\/avatar\/2a2f2491f3c80039986ba989b1e4b510?s=96&d=identicon&r=g\",\"contentUrl\":\"https:\/\/secure.gravatar.com\/avatar\/2a2f2491f3c80039986ba989b1e4b510?s=96&d=identicon&r=g\",\"caption\":\"ni.abdi\"},\"sameAs\":[\"https:\/\/twitter.com\/Ni.abdi\"],\"url\":\"https:\/\/territorialchallenges.com\/nl\/author\/ni-abdi\/\"}]}<\/script>\n<!-- \/ Yoast SEO plugin. -->","yoast_head_json":{"title":"De \"l\u2019ub\u00e9risation\" des Chambres de commerce par les clusters et l\u2019info num\u00e9rique - Territorial Challenges","robots":{"index":"index","follow":"follow","max-snippet":"max-snippet:-1","max-image-preview":"max-image-preview:large","max-video-preview":"max-video-preview:-1"},"canonical":"https:\/\/territorialchallenges.com\/nl\/2018\/10\/16\/de-luberisation-des-chambres-de-commerce-par-les-clusters-et-linfo-numerique\/1702\/","og_locale":"nl_NL","og_type":"article","og_title":"De \"l\u2019ub\u00e9risation\" des Chambres de commerce par les clusters et l\u2019info num\u00e9rique - Territorial Challenges","og_description":"En 2016, les Chambres de commerce et d\u2019industrie vont conna\u00eetre un nouveau plan social. Et si, apr\u00e8s les Conseils r\u00e9gionaux il y a plus de 30 ans, les CCI se trouvaient confront\u00e9es, aujourd\u2019hui, \u00e0 des nouveaux concurrents, les clusters (p\u00f4les de comp\u00e9titivit\u00e9) et l\u2019acc\u00e8s \u00e0 l\u2019information par les r\u00e9seaux num\u00e9riques ? En 1599, est n\u00e9e, [&hellip;]","og_url":"https:\/\/territorialchallenges.com\/nl\/2018\/10\/16\/de-luberisation-des-chambres-de-commerce-par-les-clusters-et-linfo-numerique\/1702\/","og_site_name":"Territorial Challenges","article_published_time":"2018-10-16T06:27:58+00:00","author":"ni.abdi","twitter_card":"summary_large_image","twitter_creator":"@Ni.abdi","twitter_misc":{"Geschreven door":"ni.abdi","Geschatte leestijd":"3 minuten"},"schema":{"@context":"https:\/\/schema.org","@graph":[{"@type":"Article","@id":"https:\/\/territorialchallenges.com\/2018\/10\/16\/de-luberisation-des-chambres-de-commerce-par-les-clusters-et-linfo-numerique\/1702\/#article","isPartOf":{"@id":"https:\/\/territorialchallenges.com\/2018\/10\/16\/de-luberisation-des-chambres-de-commerce-par-les-clusters-et-linfo-numerique\/1702\/"},"author":{"name":"ni.abdi","@id":"https:\/\/territorialchallenges.com\/#\/schema\/person\/098f145c7c61a021c425e010f840080f"},"headline":"De \u00ab\u00a0l\u2019ub\u00e9risation\u00a0\u00bb des Chambres de commerce par les clusters et l\u2019info num\u00e9rique","datePublished":"2018-10-16T06:27:58+00:00","dateModified":"2018-10-16T06:27:58+00:00","mainEntityOfPage":{"@id":"https:\/\/territorialchallenges.com\/2018\/10\/16\/de-luberisation-des-chambres-de-commerce-par-les-clusters-et-linfo-numerique\/1702\/"},"wordCount":708,"commentCount":0,"publisher":{"@id":"https:\/\/territorialchallenges.com\/#organization"},"articleSection":["Archives - Editos"],"inLanguage":"nl-NL"},{"@type":"WebPage","@id":"https:\/\/territorialchallenges.com\/2018\/10\/16\/de-luberisation-des-chambres-de-commerce-par-les-clusters-et-linfo-numerique\/1702\/","url":"https:\/\/territorialchallenges.com\/2018\/10\/16\/de-luberisation-des-chambres-de-commerce-par-les-clusters-et-linfo-numerique\/1702\/","name":"De \"l\u2019ub\u00e9risation\" des Chambres de commerce par les clusters et l\u2019info num\u00e9rique - Territorial Challenges","isPartOf":{"@id":"https:\/\/territorialchallenges.com\/#website"},"datePublished":"2018-10-16T06:27:58+00:00","dateModified":"2018-10-16T06:27:58+00:00","breadcrumb":{"@id":"https:\/\/territorialchallenges.com\/2018\/10\/16\/de-luberisation-des-chambres-de-commerce-par-les-clusters-et-linfo-numerique\/1702\/#breadcrumb"},"inLanguage":"nl-NL","potentialAction":[{"@type":"ReadAction","target":["https:\/\/territorialchallenges.com\/2018\/10\/16\/de-luberisation-des-chambres-de-commerce-par-les-clusters-et-linfo-numerique\/1702\/"]}]},{"@type":"BreadcrumbList","@id":"https:\/\/territorialchallenges.com\/2018\/10\/16\/de-luberisation-des-chambres-de-commerce-par-les-clusters-et-linfo-numerique\/1702\/#breadcrumb","itemListElement":[{"@type":"ListItem","position":1,"name":"Home","item":"https:\/\/territorialchallenges.com\/"},{"@type":"ListItem","position":2,"name":"De \u00ab\u00a0l\u2019ub\u00e9risation\u00a0\u00bb des Chambres de commerce par les clusters et l\u2019info num\u00e9rique"}]},{"@type":"WebSite","@id":"https:\/\/territorialchallenges.com\/#website","url":"https:\/\/territorialchallenges.com\/","name":"Territoriale uitdagingen","description":"Internationale monitoring - Slimme strategie\u00ebn - Beste praktijken","publisher":{"@id":"https:\/\/territorialchallenges.com\/#organization"},"potentialAction":[{"@type":"SearchAction","target":{"@type":"EntryPoint","urlTemplate":"https:\/\/territorialchallenges.com\/?s={search_term_string}"},"query-input":"required name=search_term_string"}],"inLanguage":"nl-NL"},{"@type":"Organization","@id":"https:\/\/territorialchallenges.com\/#organization","name":"Territoriale uitdagingen","url":"https:\/\/territorialchallenges.com\/","logo":{"@type":"ImageObject","inLanguage":"nl-NL","@id":"https:\/\/territorialchallenges.com\/#\/schema\/logo\/image\/","url":"https:\/\/territorialchallenges.com\/wp-content\/uploads\/2023\/10\/logo-1.png","contentUrl":"https:\/\/territorialchallenges.com\/wp-content\/uploads\/2023\/10\/logo-1.png","width":1832,"height":576,"caption":"Territorial Challenges"},"image":{"@id":"https:\/\/territorialchallenges.com\/#\/schema\/logo\/image\/"}},{"@type":"Person","@id":"https:\/\/territorialchallenges.com\/#\/schema\/person\/098f145c7c61a021c425e010f840080f","name":"ni.abdi","image":{"@type":"ImageObject","inLanguage":"nl-NL","@id":"https:\/\/territorialchallenges.com\/#\/schema\/person\/image\/","url":"https:\/\/secure.gravatar.com\/avatar\/2a2f2491f3c80039986ba989b1e4b510?s=96&d=identicon&r=g","contentUrl":"https:\/\/secure.gravatar.com\/avatar\/2a2f2491f3c80039986ba989b1e4b510?s=96&d=identicon&r=g","caption":"ni.abdi"},"sameAs":["https:\/\/twitter.com\/Ni.abdi"],"url":"https:\/\/territorialchallenges.com\/nl\/author\/ni-abdi\/"}]}},"_links":{"self":[{"href":"https:\/\/territorialchallenges.com\/nl\/wp-json\/wp\/v2\/posts\/1702"}],"collection":[{"href":"https:\/\/territorialchallenges.com\/nl\/wp-json\/wp\/v2\/posts"}],"about":[{"href":"https:\/\/territorialchallenges.com\/nl\/wp-json\/wp\/v2\/types\/post"}],"author":[{"embeddable":true,"href":"https:\/\/territorialchallenges.com\/nl\/wp-json\/wp\/v2\/users\/11"}],"replies":[{"embeddable":true,"href":"https:\/\/territorialchallenges.com\/nl\/wp-json\/wp\/v2\/comments?post=1702"}],"version-history":[{"count":0,"href":"https:\/\/territorialchallenges.com\/nl\/wp-json\/wp\/v2\/posts\/1702\/revisions"}],"wp:attachment":[{"href":"https:\/\/territorialchallenges.com\/nl\/wp-json\/wp\/v2\/media?parent=1702"}],"wp:term":[{"taxonomy":"category","embeddable":true,"href":"https:\/\/territorialchallenges.com\/nl\/wp-json\/wp\/v2\/categories?post=1702"},{"taxonomy":"post_tag","embeddable":true,"href":"https:\/\/territorialchallenges.com\/nl\/wp-json\/wp\/v2\/tags?post=1702"}],"curies":[{"name":"wp","href":"https:\/\/api.w.org\/{rel}","templated":true}]}}