{"id":1689,"date":"2018-10-14T22:22:10","date_gmt":"2018-10-14T20:22:10","guid":{"rendered":"https:\/\/ecoinovatio.com\/?p=1689"},"modified":"2018-10-14T22:22:10","modified_gmt":"2018-10-14T20:22:10","slug":"cop-21-entre-la-realite-de-la-crise-economique-et-le-desir-dune-croissance-verte","status":"publish","type":"post","link":"https:\/\/territorialchallenges.com\/nl\/2018\/10\/14\/cop-21-entre-la-realite-de-la-crise-economique-et-le-desir-dune-croissance-verte\/1689\/","title":{"rendered":"COP 21: tussen de realiteit van de economische crisis en de wens voor groene groei"},"content":{"rendered":"<p>Parijs bevindt zich vandaag de dag vreemd genoeg op het kruispunt van twee realiteiten: enerzijds een evenement, COP 21, en de luide boodschappen over de klimaattoekomst en groene groei van de planeet, en anderzijds deze economische en politieke crises die het evenwicht in de Franse samenleving in gevaar brengen en menselijke tragedies veroorzaken. Misschien is het een goed idee om terug te denken aan... <\/p>\n<div class=\"pmpro_content_message\">Artikel alleen beschikbaar voor abonnees.<br \/><a href=\"https:\/\/territorialchallenges.com\/wp-login.php\">Login<\/a><br \/><a href=\"https:\/\/territorialchallenges.com\/nl\/wp-login.php\/?action=register\">Register<\/a><\/div>","protected":false},"excerpt":{"rendered":"<p>Paris est bizarrement aujourd\u2019hui au croisement de deux r\u00e9alit\u00e9s : un \u00e9v\u00e8nement, la COP 21\u00a0et ses retentissants messages \u00e0 propos de l\u2019avenir climatique de la plan\u00e8te et de la croissance verte, et\u00a0ces crises \u00e9conomique et politique qui mettent en p\u00e9ril l\u2019\u00e9quilibre de la soci\u00e9t\u00e9 fran\u00e7aise et provoquent des trag\u00e9dies humaines. Peut-\u00eatre que se rem\u00e9morer les... <\/p>\n<div class=\"pmpro_content_message\">Artikel alleen beschikbaar voor abonnees.<br \/><a href=\"https:\/\/territorialchallenges.com\/wp-login.php\">Login<\/a><br \/><a href=\"https:\/\/territorialchallenges.com\/nl\/wp-login.php\/?action=register\">Register<\/a><\/div>","protected":false},"author":11,"featured_media":0,"comment_status":"open","ping_status":"open","sticky":true,"template":"","format":"standard","meta":{"pmpro_default_level":0,"footnotes":""},"categories":[123],"tags":[],"blocksy_meta":"","yoast_head":"<!-- This site is optimized with the Yoast SEO plugin v21.5 - https:\/\/yoast.com\/wordpress\/plugins\/seo\/ -->\n<title>COP 21: entre la r\u00e9alit\u00e9 de la crise \u00e9conomique et le d\u00e9sir d&#039;une croissance verte - Territorial Challenges<\/title>\n<meta name=\"robots\" content=\"index, follow, max-snippet:-1, max-image-preview:large, max-video-preview:-1\" \/>\n<link rel=\"canonical\" href=\"https:\/\/territorialchallenges.com\/nl\/2018\/10\/14\/cop-21-entre-la-realite-de-la-crise-economique-et-le-desir-dune-croissance-verte\/1689\/\" \/>\n<meta property=\"og:locale\" content=\"nl_NL\" \/>\n<meta property=\"og:type\" content=\"article\" \/>\n<meta property=\"og:title\" content=\"COP 21: entre la r\u00e9alit\u00e9 de la crise \u00e9conomique et le d\u00e9sir d&#039;une croissance verte - Territorial Challenges\" \/>\n<meta property=\"og:description\" content=\"Paris est bizarrement aujourd\u2019hui au croisement de deux r\u00e9alit\u00e9s : un \u00e9v\u00e8nement, la COP 21\u00a0et ses retentissants messages \u00e0 propos de l\u2019avenir climatique de la plan\u00e8te et de la croissance verte, et\u00a0ces crises \u00e9conomique et politique qui mettent en p\u00e9ril l\u2019\u00e9quilibre de la soci\u00e9t\u00e9 fran\u00e7aise et provoquent des trag\u00e9dies humaines. Peut-\u00eatre que se rem\u00e9morer les [&hellip;]\" \/>\n<meta property=\"og:url\" content=\"https:\/\/territorialchallenges.com\/nl\/2018\/10\/14\/cop-21-entre-la-realite-de-la-crise-economique-et-le-desir-dune-croissance-verte\/1689\/\" \/>\n<meta property=\"og:site_name\" content=\"Territorial Challenges\" \/>\n<meta property=\"article:published_time\" content=\"2018-10-14T20:22:10+00:00\" \/>\n<meta name=\"author\" content=\"ni.abdi\" \/>\n<meta name=\"twitter:card\" content=\"summary_large_image\" \/>\n<meta name=\"twitter:creator\" content=\"@Ni.abdi\" \/>\n<meta name=\"twitter:label1\" content=\"Geschreven door\" \/>\n\t<meta name=\"twitter:data1\" content=\"ni.abdi\" \/>\n\t<meta name=\"twitter:label2\" content=\"Geschatte leestijd\" \/>\n\t<meta name=\"twitter:data2\" content=\"3 minuten\" \/>\n<script type=\"application\/ld+json\" class=\"yoast-schema-graph\">{\"@context\":\"https:\/\/schema.org\",\"@graph\":[{\"@type\":\"Article\",\"@id\":\"https:\/\/territorialchallenges.com\/2018\/10\/14\/cop-21-entre-la-realite-de-la-crise-economique-et-le-desir-dune-croissance-verte\/1689\/#article\",\"isPartOf\":{\"@id\":\"https:\/\/territorialchallenges.com\/2018\/10\/14\/cop-21-entre-la-realite-de-la-crise-economique-et-le-desir-dune-croissance-verte\/1689\/\"},\"author\":{\"name\":\"ni.abdi\",\"@id\":\"https:\/\/territorialchallenges.com\/#\/schema\/person\/098f145c7c61a021c425e010f840080f\"},\"headline\":\"COP 21: entre la r\u00e9alit\u00e9 de la crise \u00e9conomique et le d\u00e9sir d&rsquo;une croissance verte\",\"datePublished\":\"2018-10-14T20:22:10+00:00\",\"dateModified\":\"2018-10-14T20:22:10+00:00\",\"mainEntityOfPage\":{\"@id\":\"https:\/\/territorialchallenges.com\/2018\/10\/14\/cop-21-entre-la-realite-de-la-crise-economique-et-le-desir-dune-croissance-verte\/1689\/\"},\"wordCount\":715,\"commentCount\":0,\"publisher\":{\"@id\":\"https:\/\/territorialchallenges.com\/#organization\"},\"articleSection\":[\"Archives - Editos\"],\"inLanguage\":\"nl-NL\"},{\"@type\":\"WebPage\",\"@id\":\"https:\/\/territorialchallenges.com\/2018\/10\/14\/cop-21-entre-la-realite-de-la-crise-economique-et-le-desir-dune-croissance-verte\/1689\/\",\"url\":\"https:\/\/territorialchallenges.com\/2018\/10\/14\/cop-21-entre-la-realite-de-la-crise-economique-et-le-desir-dune-croissance-verte\/1689\/\",\"name\":\"COP 21: entre la r\u00e9alit\u00e9 de la crise \u00e9conomique et le d\u00e9sir d'une croissance verte - Territorial Challenges\",\"isPartOf\":{\"@id\":\"https:\/\/territorialchallenges.com\/#website\"},\"datePublished\":\"2018-10-14T20:22:10+00:00\",\"dateModified\":\"2018-10-14T20:22:10+00:00\",\"breadcrumb\":{\"@id\":\"https:\/\/territorialchallenges.com\/2018\/10\/14\/cop-21-entre-la-realite-de-la-crise-economique-et-le-desir-dune-croissance-verte\/1689\/#breadcrumb\"},\"inLanguage\":\"nl-NL\",\"potentialAction\":[{\"@type\":\"ReadAction\",\"target\":[\"https:\/\/territorialchallenges.com\/2018\/10\/14\/cop-21-entre-la-realite-de-la-crise-economique-et-le-desir-dune-croissance-verte\/1689\/\"]}]},{\"@type\":\"BreadcrumbList\",\"@id\":\"https:\/\/territorialchallenges.com\/2018\/10\/14\/cop-21-entre-la-realite-de-la-crise-economique-et-le-desir-dune-croissance-verte\/1689\/#breadcrumb\",\"itemListElement\":[{\"@type\":\"ListItem\",\"position\":1,\"name\":\"Home\",\"item\":\"https:\/\/territorialchallenges.com\/\"},{\"@type\":\"ListItem\",\"position\":2,\"name\":\"COP 21: entre la r\u00e9alit\u00e9 de la crise \u00e9conomique et le d\u00e9sir d&rsquo;une croissance verte\"}]},{\"@type\":\"WebSite\",\"@id\":\"https:\/\/territorialchallenges.com\/#website\",\"url\":\"https:\/\/territorialchallenges.com\/\",\"name\":\"Territorial Challenges\",\"description\":\"Veille Internationale - Strat\u00e9gie Intelligentes - Bonnes pratiques\",\"publisher\":{\"@id\":\"https:\/\/territorialchallenges.com\/#organization\"},\"potentialAction\":[{\"@type\":\"SearchAction\",\"target\":{\"@type\":\"EntryPoint\",\"urlTemplate\":\"https:\/\/territorialchallenges.com\/?s={search_term_string}\"},\"query-input\":\"required name=search_term_string\"}],\"inLanguage\":\"nl-NL\"},{\"@type\":\"Organization\",\"@id\":\"https:\/\/territorialchallenges.com\/#organization\",\"name\":\"Territorial Challenges\",\"url\":\"https:\/\/territorialchallenges.com\/\",\"logo\":{\"@type\":\"ImageObject\",\"inLanguage\":\"nl-NL\",\"@id\":\"https:\/\/territorialchallenges.com\/#\/schema\/logo\/image\/\",\"url\":\"https:\/\/territorialchallenges.com\/wp-content\/uploads\/2023\/10\/logo-1.png\",\"contentUrl\":\"https:\/\/territorialchallenges.com\/wp-content\/uploads\/2023\/10\/logo-1.png\",\"width\":1832,\"height\":576,\"caption\":\"Territorial Challenges\"},\"image\":{\"@id\":\"https:\/\/territorialchallenges.com\/#\/schema\/logo\/image\/\"}},{\"@type\":\"Person\",\"@id\":\"https:\/\/territorialchallenges.com\/#\/schema\/person\/098f145c7c61a021c425e010f840080f\",\"name\":\"ni.abdi\",\"image\":{\"@type\":\"ImageObject\",\"inLanguage\":\"nl-NL\",\"@id\":\"https:\/\/territorialchallenges.com\/#\/schema\/person\/image\/\",\"url\":\"https:\/\/secure.gravatar.com\/avatar\/2a2f2491f3c80039986ba989b1e4b510?s=96&d=identicon&r=g\",\"contentUrl\":\"https:\/\/secure.gravatar.com\/avatar\/2a2f2491f3c80039986ba989b1e4b510?s=96&d=identicon&r=g\",\"caption\":\"ni.abdi\"},\"sameAs\":[\"https:\/\/twitter.com\/Ni.abdi\"],\"url\":\"https:\/\/territorialchallenges.com\/nl\/author\/ni-abdi\/\"}]}<\/script>\n<!-- \/ Yoast SEO plugin. -->","yoast_head_json":{"title":"COP 21: entre la r\u00e9alit\u00e9 de la crise \u00e9conomique et le d\u00e9sir d'une croissance verte - Territorial Challenges","robots":{"index":"index","follow":"follow","max-snippet":"max-snippet:-1","max-image-preview":"max-image-preview:large","max-video-preview":"max-video-preview:-1"},"canonical":"https:\/\/territorialchallenges.com\/nl\/2018\/10\/14\/cop-21-entre-la-realite-de-la-crise-economique-et-le-desir-dune-croissance-verte\/1689\/","og_locale":"nl_NL","og_type":"article","og_title":"COP 21: entre la r\u00e9alit\u00e9 de la crise \u00e9conomique et le d\u00e9sir d'une croissance verte - Territorial Challenges","og_description":"Paris est bizarrement aujourd\u2019hui au croisement de deux r\u00e9alit\u00e9s : un \u00e9v\u00e8nement, la COP 21\u00a0et ses retentissants messages \u00e0 propos de l\u2019avenir climatique de la plan\u00e8te et de la croissance verte, et\u00a0ces crises \u00e9conomique et politique qui mettent en p\u00e9ril l\u2019\u00e9quilibre de la soci\u00e9t\u00e9 fran\u00e7aise et provoquent des trag\u00e9dies humaines. Peut-\u00eatre que se rem\u00e9morer les [&hellip;]","og_url":"https:\/\/territorialchallenges.com\/nl\/2018\/10\/14\/cop-21-entre-la-realite-de-la-crise-economique-et-le-desir-dune-croissance-verte\/1689\/","og_site_name":"Territorial Challenges","article_published_time":"2018-10-14T20:22:10+00:00","author":"ni.abdi","twitter_card":"summary_large_image","twitter_creator":"@Ni.abdi","twitter_misc":{"Geschreven door":"ni.abdi","Geschatte leestijd":"3 minuten"},"schema":{"@context":"https:\/\/schema.org","@graph":[{"@type":"Article","@id":"https:\/\/territorialchallenges.com\/2018\/10\/14\/cop-21-entre-la-realite-de-la-crise-economique-et-le-desir-dune-croissance-verte\/1689\/#article","isPartOf":{"@id":"https:\/\/territorialchallenges.com\/2018\/10\/14\/cop-21-entre-la-realite-de-la-crise-economique-et-le-desir-dune-croissance-verte\/1689\/"},"author":{"name":"ni.abdi","@id":"https:\/\/territorialchallenges.com\/#\/schema\/person\/098f145c7c61a021c425e010f840080f"},"headline":"COP 21: entre la r\u00e9alit\u00e9 de la crise \u00e9conomique et le d\u00e9sir d&rsquo;une croissance verte","datePublished":"2018-10-14T20:22:10+00:00","dateModified":"2018-10-14T20:22:10+00:00","mainEntityOfPage":{"@id":"https:\/\/territorialchallenges.com\/2018\/10\/14\/cop-21-entre-la-realite-de-la-crise-economique-et-le-desir-dune-croissance-verte\/1689\/"},"wordCount":715,"commentCount":0,"publisher":{"@id":"https:\/\/territorialchallenges.com\/#organization"},"articleSection":["Archives - Editos"],"inLanguage":"nl-NL"},{"@type":"WebPage","@id":"https:\/\/territorialchallenges.com\/2018\/10\/14\/cop-21-entre-la-realite-de-la-crise-economique-et-le-desir-dune-croissance-verte\/1689\/","url":"https:\/\/territorialchallenges.com\/2018\/10\/14\/cop-21-entre-la-realite-de-la-crise-economique-et-le-desir-dune-croissance-verte\/1689\/","name":"COP 21: entre la r\u00e9alit\u00e9 de la crise \u00e9conomique et le d\u00e9sir d'une croissance verte - Territorial Challenges","isPartOf":{"@id":"https:\/\/territorialchallenges.com\/#website"},"datePublished":"2018-10-14T20:22:10+00:00","dateModified":"2018-10-14T20:22:10+00:00","breadcrumb":{"@id":"https:\/\/territorialchallenges.com\/2018\/10\/14\/cop-21-entre-la-realite-de-la-crise-economique-et-le-desir-dune-croissance-verte\/1689\/#breadcrumb"},"inLanguage":"nl-NL","potentialAction":[{"@type":"ReadAction","target":["https:\/\/territorialchallenges.com\/2018\/10\/14\/cop-21-entre-la-realite-de-la-crise-economique-et-le-desir-dune-croissance-verte\/1689\/"]}]},{"@type":"BreadcrumbList","@id":"https:\/\/territorialchallenges.com\/2018\/10\/14\/cop-21-entre-la-realite-de-la-crise-economique-et-le-desir-dune-croissance-verte\/1689\/#breadcrumb","itemListElement":[{"@type":"ListItem","position":1,"name":"Home","item":"https:\/\/territorialchallenges.com\/"},{"@type":"ListItem","position":2,"name":"COP 21: entre la r\u00e9alit\u00e9 de la crise \u00e9conomique et le d\u00e9sir d&rsquo;une croissance verte"}]},{"@type":"WebSite","@id":"https:\/\/territorialchallenges.com\/#website","url":"https:\/\/territorialchallenges.com\/","name":"Territoriale uitdagingen","description":"Internationale monitoring - Slimme strategie\u00ebn - Beste praktijken","publisher":{"@id":"https:\/\/territorialchallenges.com\/#organization"},"potentialAction":[{"@type":"SearchAction","target":{"@type":"EntryPoint","urlTemplate":"https:\/\/territorialchallenges.com\/?s={search_term_string}"},"query-input":"required name=search_term_string"}],"inLanguage":"nl-NL"},{"@type":"Organization","@id":"https:\/\/territorialchallenges.com\/#organization","name":"Territoriale uitdagingen","url":"https:\/\/territorialchallenges.com\/","logo":{"@type":"ImageObject","inLanguage":"nl-NL","@id":"https:\/\/territorialchallenges.com\/#\/schema\/logo\/image\/","url":"https:\/\/territorialchallenges.com\/wp-content\/uploads\/2023\/10\/logo-1.png","contentUrl":"https:\/\/territorialchallenges.com\/wp-content\/uploads\/2023\/10\/logo-1.png","width":1832,"height":576,"caption":"Territorial Challenges"},"image":{"@id":"https:\/\/territorialchallenges.com\/#\/schema\/logo\/image\/"}},{"@type":"Person","@id":"https:\/\/territorialchallenges.com\/#\/schema\/person\/098f145c7c61a021c425e010f840080f","name":"ni.abdi","image":{"@type":"ImageObject","inLanguage":"nl-NL","@id":"https:\/\/territorialchallenges.com\/#\/schema\/person\/image\/","url":"https:\/\/secure.gravatar.com\/avatar\/2a2f2491f3c80039986ba989b1e4b510?s=96&d=identicon&r=g","contentUrl":"https:\/\/secure.gravatar.com\/avatar\/2a2f2491f3c80039986ba989b1e4b510?s=96&d=identicon&r=g","caption":"ni.abdi"},"sameAs":["https:\/\/twitter.com\/Ni.abdi"],"url":"https:\/\/territorialchallenges.com\/nl\/author\/ni-abdi\/"}]}},"_links":{"self":[{"href":"https:\/\/territorialchallenges.com\/nl\/wp-json\/wp\/v2\/posts\/1689"}],"collection":[{"href":"https:\/\/territorialchallenges.com\/nl\/wp-json\/wp\/v2\/posts"}],"about":[{"href":"https:\/\/territorialchallenges.com\/nl\/wp-json\/wp\/v2\/types\/post"}],"author":[{"embeddable":true,"href":"https:\/\/territorialchallenges.com\/nl\/wp-json\/wp\/v2\/users\/11"}],"replies":[{"embeddable":true,"href":"https:\/\/territorialchallenges.com\/nl\/wp-json\/wp\/v2\/comments?post=1689"}],"version-history":[{"count":0,"href":"https:\/\/territorialchallenges.com\/nl\/wp-json\/wp\/v2\/posts\/1689\/revisions"}],"wp:attachment":[{"href":"https:\/\/territorialchallenges.com\/nl\/wp-json\/wp\/v2\/media?parent=1689"}],"wp:term":[{"taxonomy":"category","embeddable":true,"href":"https:\/\/territorialchallenges.com\/nl\/wp-json\/wp\/v2\/categories?post=1689"},{"taxonomy":"post_tag","embeddable":true,"href":"https:\/\/territorialchallenges.com\/nl\/wp-json\/wp\/v2\/tags?post=1689"}],"curies":[{"name":"wp","href":"https:\/\/api.w.org\/{rel}","templated":true}]}}