{"id":1678,"date":"2018-10-09T08:50:27","date_gmt":"2018-10-09T06:50:27","guid":{"rendered":"https:\/\/ecoinovatio.com\/?p=1678"},"modified":"2020-03-30T11:01:36","modified_gmt":"2020-03-30T09:01:36","slug":"le-cercle-colbert-a-la-recherche-dune-pensee-francaise-des-territoires-intelligents","status":"publish","type":"post","link":"https:\/\/territorialchallenges.com\/nl\/2018\/10\/09\/le-cercle-colbert-a-la-recherche-dune-pensee-francaise-des-territoires-intelligents\/1678\/","title":{"rendered":"De Colbert Circle op zoek naar een Frans idee van intelligente gebieden"},"content":{"rendered":"<p>Nadenken over territoriale hervormingen in het licht van de digitalisering van het land is niet eenvoudig. Vorige week probeerde de Cercle Colbert zich verder te verdiepen in deze kwestie, maar stuitte daarbij soms op de beperkingen van een verouderd territoriaal beleidskader. Er is een formule die het overdenken waard is... <\/p>\n<div class=\"pmpro_content_message\">Artikel alleen beschikbaar voor abonnees.<br \/><a href=\"https:\/\/territorialchallenges.com\/wp-login.php\">Login<\/a><br \/><a href=\"https:\/\/territorialchallenges.com\/nl\/wp-login.php\/?action=register\">Register<\/a><\/div>","protected":false},"excerpt":{"rendered":"<p>Penser la r\u00e9forme territoriale \u00e0 l\u2019aune de la num\u00e9risation du pays n\u2019est pas ais\u00e9. La semaine derni\u00e8re le Cercle Colbert a essay\u00e9 d\u2019aller loin dans la r\u00e9flexion, tout en butant parfois aux limites de l\u2019exercice impos\u00e9 par un cadre politique territorial qui a fait son temps. Il y a une formule qui m\u00e9rite d\u2019\u00eatre m\u00e9dit\u00e9e... <\/p>\n<div class=\"pmpro_content_message\">Artikel alleen beschikbaar voor abonnees.<br \/><a href=\"https:\/\/territorialchallenges.com\/wp-login.php\">Login<\/a><br \/><a href=\"https:\/\/territorialchallenges.com\/nl\/wp-login.php\/?action=register\">Register<\/a><\/div>","protected":false},"author":11,"featured_media":85372,"comment_status":"open","ping_status":"open","sticky":true,"template":"","format":"standard","meta":{"pmpro_default_level":0,"footnotes":""},"categories":[130],"tags":[],"blocksy_meta":"","yoast_head":"<!-- This site is optimized with the Yoast SEO plugin v21.5 - https:\/\/yoast.com\/wordpress\/plugins\/seo\/ -->\n<title>Le Cercle Colbert \u00e0 la recherche d\u2019une pens\u00e9e fran\u00e7aise des territoires intelligents - Territorial Challenges<\/title>\n<meta name=\"robots\" content=\"index, follow, max-snippet:-1, max-image-preview:large, max-video-preview:-1\" \/>\n<link rel=\"canonical\" href=\"https:\/\/territorialchallenges.com\/nl\/2018\/10\/09\/le-cercle-colbert-a-la-recherche-dune-pensee-francaise-des-territoires-intelligents\/1678\/\" \/>\n<meta property=\"og:locale\" content=\"nl_NL\" \/>\n<meta property=\"og:type\" content=\"article\" \/>\n<meta property=\"og:title\" content=\"Le Cercle Colbert \u00e0 la recherche d\u2019une pens\u00e9e fran\u00e7aise des territoires intelligents - Territorial Challenges\" \/>\n<meta property=\"og:description\" content=\"Penser la r\u00e9forme territoriale \u00e0 l\u2019aune de la num\u00e9risation du pays n\u2019est pas ais\u00e9. La semaine derni\u00e8re le Cercle Colbert a essay\u00e9 d\u2019aller loin dans la r\u00e9flexion, tout en butant parfois aux limites de l\u2019exercice impos\u00e9 par un cadre politique territorial qui a fait son temps. Il y a une formule qui m\u00e9rite d\u2019\u00eatre m\u00e9dit\u00e9e [&hellip;]\" \/>\n<meta property=\"og:url\" content=\"https:\/\/territorialchallenges.com\/nl\/2018\/10\/09\/le-cercle-colbert-a-la-recherche-dune-pensee-francaise-des-territoires-intelligents\/1678\/\" \/>\n<meta property=\"og:site_name\" content=\"Territorial Challenges\" \/>\n<meta property=\"article:published_time\" content=\"2018-10-09T06:50:27+00:00\" \/>\n<meta property=\"article:modified_time\" content=\"2020-03-30T09:01:36+00:00\" \/>\n<meta property=\"og:image\" content=\"https:\/\/territorialchallenges.com\/wp-content\/uploads\/2018\/10\/colbert-1688145-jpg_1606641_660x281.jpg\" \/>\n\t<meta property=\"og:image:width\" content=\"660\" \/>\n\t<meta property=\"og:image:height\" content=\"281\" \/>\n\t<meta property=\"og:image:type\" content=\"image\/jpeg\" \/>\n<meta name=\"author\" content=\"ni.abdi\" \/>\n<meta name=\"twitter:card\" content=\"summary_large_image\" \/>\n<meta name=\"twitter:creator\" content=\"@Ni.abdi\" \/>\n<meta name=\"twitter:label1\" content=\"Geschreven door\" \/>\n\t<meta name=\"twitter:data1\" content=\"ni.abdi\" \/>\n\t<meta name=\"twitter:label2\" content=\"Geschatte leestijd\" \/>\n\t<meta name=\"twitter:data2\" content=\"3 minuten\" \/>\n<script type=\"application\/ld+json\" class=\"yoast-schema-graph\">{\"@context\":\"https:\/\/schema.org\",\"@graph\":[{\"@type\":\"Article\",\"@id\":\"https:\/\/territorialchallenges.com\/2018\/10\/09\/le-cercle-colbert-a-la-recherche-dune-pensee-francaise-des-territoires-intelligents\/1678\/#article\",\"isPartOf\":{\"@id\":\"https:\/\/territorialchallenges.com\/2018\/10\/09\/le-cercle-colbert-a-la-recherche-dune-pensee-francaise-des-territoires-intelligents\/1678\/\"},\"author\":{\"name\":\"ni.abdi\",\"@id\":\"https:\/\/territorialchallenges.com\/#\/schema\/person\/098f145c7c61a021c425e010f840080f\"},\"headline\":\"Le Cercle Colbert \u00e0 la recherche d\u2019une pens\u00e9e fran\u00e7aise des territoires intelligents\",\"datePublished\":\"2018-10-09T06:50:27+00:00\",\"dateModified\":\"2020-03-30T09:01:36+00:00\",\"mainEntityOfPage\":{\"@id\":\"https:\/\/territorialchallenges.com\/2018\/10\/09\/le-cercle-colbert-a-la-recherche-dune-pensee-francaise-des-territoires-intelligents\/1678\/\"},\"wordCount\":517,\"commentCount\":0,\"publisher\":{\"@id\":\"https:\/\/territorialchallenges.com\/#organization\"},\"articleSection\":[\"R\u00e9flexion faite\"],\"inLanguage\":\"nl-NL\"},{\"@type\":\"WebPage\",\"@id\":\"https:\/\/territorialchallenges.com\/2018\/10\/09\/le-cercle-colbert-a-la-recherche-dune-pensee-francaise-des-territoires-intelligents\/1678\/\",\"url\":\"https:\/\/territorialchallenges.com\/2018\/10\/09\/le-cercle-colbert-a-la-recherche-dune-pensee-francaise-des-territoires-intelligents\/1678\/\",\"name\":\"Le Cercle Colbert \u00e0 la recherche d\u2019une pens\u00e9e fran\u00e7aise des territoires intelligents - Territorial Challenges\",\"isPartOf\":{\"@id\":\"https:\/\/territorialchallenges.com\/#website\"},\"datePublished\":\"2018-10-09T06:50:27+00:00\",\"dateModified\":\"2020-03-30T09:01:36+00:00\",\"breadcrumb\":{\"@id\":\"https:\/\/territorialchallenges.com\/2018\/10\/09\/le-cercle-colbert-a-la-recherche-dune-pensee-francaise-des-territoires-intelligents\/1678\/#breadcrumb\"},\"inLanguage\":\"nl-NL\",\"potentialAction\":[{\"@type\":\"ReadAction\",\"target\":[\"https:\/\/territorialchallenges.com\/2018\/10\/09\/le-cercle-colbert-a-la-recherche-dune-pensee-francaise-des-territoires-intelligents\/1678\/\"]}]},{\"@type\":\"BreadcrumbList\",\"@id\":\"https:\/\/territorialchallenges.com\/2018\/10\/09\/le-cercle-colbert-a-la-recherche-dune-pensee-francaise-des-territoires-intelligents\/1678\/#breadcrumb\",\"itemListElement\":[{\"@type\":\"ListItem\",\"position\":1,\"name\":\"Home\",\"item\":\"https:\/\/territorialchallenges.com\/\"},{\"@type\":\"ListItem\",\"position\":2,\"name\":\"Le Cercle Colbert \u00e0 la recherche d\u2019une pens\u00e9e fran\u00e7aise des territoires intelligents\"}]},{\"@type\":\"WebSite\",\"@id\":\"https:\/\/territorialchallenges.com\/#website\",\"url\":\"https:\/\/territorialchallenges.com\/\",\"name\":\"Territorial Challenges\",\"description\":\"Veille Internationale - Strat\u00e9gie Intelligentes - Bonnes pratiques\",\"publisher\":{\"@id\":\"https:\/\/territorialchallenges.com\/#organization\"},\"potentialAction\":[{\"@type\":\"SearchAction\",\"target\":{\"@type\":\"EntryPoint\",\"urlTemplate\":\"https:\/\/territorialchallenges.com\/?s={search_term_string}\"},\"query-input\":\"required name=search_term_string\"}],\"inLanguage\":\"nl-NL\"},{\"@type\":\"Organization\",\"@id\":\"https:\/\/territorialchallenges.com\/#organization\",\"name\":\"Territorial Challenges\",\"url\":\"https:\/\/territorialchallenges.com\/\",\"logo\":{\"@type\":\"ImageObject\",\"inLanguage\":\"nl-NL\",\"@id\":\"https:\/\/territorialchallenges.com\/#\/schema\/logo\/image\/\",\"url\":\"https:\/\/territorialchallenges.com\/wp-content\/uploads\/2023\/10\/logo-1.png\",\"contentUrl\":\"https:\/\/territorialchallenges.com\/wp-content\/uploads\/2023\/10\/logo-1.png\",\"width\":1832,\"height\":576,\"caption\":\"Territorial Challenges\"},\"image\":{\"@id\":\"https:\/\/territorialchallenges.com\/#\/schema\/logo\/image\/\"}},{\"@type\":\"Person\",\"@id\":\"https:\/\/territorialchallenges.com\/#\/schema\/person\/098f145c7c61a021c425e010f840080f\",\"name\":\"ni.abdi\",\"image\":{\"@type\":\"ImageObject\",\"inLanguage\":\"nl-NL\",\"@id\":\"https:\/\/territorialchallenges.com\/#\/schema\/person\/image\/\",\"url\":\"https:\/\/secure.gravatar.com\/avatar\/2a2f2491f3c80039986ba989b1e4b510?s=96&d=identicon&r=g\",\"contentUrl\":\"https:\/\/secure.gravatar.com\/avatar\/2a2f2491f3c80039986ba989b1e4b510?s=96&d=identicon&r=g\",\"caption\":\"ni.abdi\"},\"sameAs\":[\"https:\/\/twitter.com\/Ni.abdi\"],\"url\":\"https:\/\/territorialchallenges.com\/nl\/author\/ni-abdi\/\"}]}<\/script>\n<!-- \/ Yoast SEO plugin. -->","yoast_head_json":{"title":"Le Cercle Colbert \u00e0 la recherche d\u2019une pens\u00e9e fran\u00e7aise des territoires intelligents - Territorial Challenges","robots":{"index":"index","follow":"follow","max-snippet":"max-snippet:-1","max-image-preview":"max-image-preview:large","max-video-preview":"max-video-preview:-1"},"canonical":"https:\/\/territorialchallenges.com\/nl\/2018\/10\/09\/le-cercle-colbert-a-la-recherche-dune-pensee-francaise-des-territoires-intelligents\/1678\/","og_locale":"nl_NL","og_type":"article","og_title":"Le Cercle Colbert \u00e0 la recherche d\u2019une pens\u00e9e fran\u00e7aise des territoires intelligents - Territorial Challenges","og_description":"Penser la r\u00e9forme territoriale \u00e0 l\u2019aune de la num\u00e9risation du pays n\u2019est pas ais\u00e9. La semaine derni\u00e8re le Cercle Colbert a essay\u00e9 d\u2019aller loin dans la r\u00e9flexion, tout en butant parfois aux limites de l\u2019exercice impos\u00e9 par un cadre politique territorial qui a fait son temps. Il y a une formule qui m\u00e9rite d\u2019\u00eatre m\u00e9dit\u00e9e [&hellip;]","og_url":"https:\/\/territorialchallenges.com\/nl\/2018\/10\/09\/le-cercle-colbert-a-la-recherche-dune-pensee-francaise-des-territoires-intelligents\/1678\/","og_site_name":"Territorial Challenges","article_published_time":"2018-10-09T06:50:27+00:00","article_modified_time":"2020-03-30T09:01:36+00:00","og_image":[{"width":660,"height":281,"url":"https:\/\/territorialchallenges.com\/wp-content\/uploads\/2018\/10\/colbert-1688145-jpg_1606641_660x281.jpg","type":"image\/jpeg"}],"author":"ni.abdi","twitter_card":"summary_large_image","twitter_creator":"@Ni.abdi","twitter_misc":{"Geschreven door":"ni.abdi","Geschatte leestijd":"3 minuten"},"schema":{"@context":"https:\/\/schema.org","@graph":[{"@type":"Article","@id":"https:\/\/territorialchallenges.com\/2018\/10\/09\/le-cercle-colbert-a-la-recherche-dune-pensee-francaise-des-territoires-intelligents\/1678\/#article","isPartOf":{"@id":"https:\/\/territorialchallenges.com\/2018\/10\/09\/le-cercle-colbert-a-la-recherche-dune-pensee-francaise-des-territoires-intelligents\/1678\/"},"author":{"name":"ni.abdi","@id":"https:\/\/territorialchallenges.com\/#\/schema\/person\/098f145c7c61a021c425e010f840080f"},"headline":"Le Cercle Colbert \u00e0 la recherche d\u2019une pens\u00e9e fran\u00e7aise des territoires intelligents","datePublished":"2018-10-09T06:50:27+00:00","dateModified":"2020-03-30T09:01:36+00:00","mainEntityOfPage":{"@id":"https:\/\/territorialchallenges.com\/2018\/10\/09\/le-cercle-colbert-a-la-recherche-dune-pensee-francaise-des-territoires-intelligents\/1678\/"},"wordCount":517,"commentCount":0,"publisher":{"@id":"https:\/\/territorialchallenges.com\/#organization"},"articleSection":["R\u00e9flexion faite"],"inLanguage":"nl-NL"},{"@type":"WebPage","@id":"https:\/\/territorialchallenges.com\/2018\/10\/09\/le-cercle-colbert-a-la-recherche-dune-pensee-francaise-des-territoires-intelligents\/1678\/","url":"https:\/\/territorialchallenges.com\/2018\/10\/09\/le-cercle-colbert-a-la-recherche-dune-pensee-francaise-des-territoires-intelligents\/1678\/","name":"Le Cercle Colbert \u00e0 la recherche d\u2019une pens\u00e9e fran\u00e7aise des territoires intelligents - Territorial Challenges","isPartOf":{"@id":"https:\/\/territorialchallenges.com\/#website"},"datePublished":"2018-10-09T06:50:27+00:00","dateModified":"2020-03-30T09:01:36+00:00","breadcrumb":{"@id":"https:\/\/territorialchallenges.com\/2018\/10\/09\/le-cercle-colbert-a-la-recherche-dune-pensee-francaise-des-territoires-intelligents\/1678\/#breadcrumb"},"inLanguage":"nl-NL","potentialAction":[{"@type":"ReadAction","target":["https:\/\/territorialchallenges.com\/2018\/10\/09\/le-cercle-colbert-a-la-recherche-dune-pensee-francaise-des-territoires-intelligents\/1678\/"]}]},{"@type":"BreadcrumbList","@id":"https:\/\/territorialchallenges.com\/2018\/10\/09\/le-cercle-colbert-a-la-recherche-dune-pensee-francaise-des-territoires-intelligents\/1678\/#breadcrumb","itemListElement":[{"@type":"ListItem","position":1,"name":"Home","item":"https:\/\/territorialchallenges.com\/"},{"@type":"ListItem","position":2,"name":"Le Cercle Colbert \u00e0 la recherche d\u2019une pens\u00e9e fran\u00e7aise des territoires intelligents"}]},{"@type":"WebSite","@id":"https:\/\/territorialchallenges.com\/#website","url":"https:\/\/territorialchallenges.com\/","name":"Territoriale uitdagingen","description":"Internationale monitoring - Slimme strategie\u00ebn - Beste praktijken","publisher":{"@id":"https:\/\/territorialchallenges.com\/#organization"},"potentialAction":[{"@type":"SearchAction","target":{"@type":"EntryPoint","urlTemplate":"https:\/\/territorialchallenges.com\/?s={search_term_string}"},"query-input":"required name=search_term_string"}],"inLanguage":"nl-NL"},{"@type":"Organization","@id":"https:\/\/territorialchallenges.com\/#organization","name":"Territoriale uitdagingen","url":"https:\/\/territorialchallenges.com\/","logo":{"@type":"ImageObject","inLanguage":"nl-NL","@id":"https:\/\/territorialchallenges.com\/#\/schema\/logo\/image\/","url":"https:\/\/territorialchallenges.com\/wp-content\/uploads\/2023\/10\/logo-1.png","contentUrl":"https:\/\/territorialchallenges.com\/wp-content\/uploads\/2023\/10\/logo-1.png","width":1832,"height":576,"caption":"Territorial Challenges"},"image":{"@id":"https:\/\/territorialchallenges.com\/#\/schema\/logo\/image\/"}},{"@type":"Person","@id":"https:\/\/territorialchallenges.com\/#\/schema\/person\/098f145c7c61a021c425e010f840080f","name":"ni.abdi","image":{"@type":"ImageObject","inLanguage":"nl-NL","@id":"https:\/\/territorialchallenges.com\/#\/schema\/person\/image\/","url":"https:\/\/secure.gravatar.com\/avatar\/2a2f2491f3c80039986ba989b1e4b510?s=96&d=identicon&r=g","contentUrl":"https:\/\/secure.gravatar.com\/avatar\/2a2f2491f3c80039986ba989b1e4b510?s=96&d=identicon&r=g","caption":"ni.abdi"},"sameAs":["https:\/\/twitter.com\/Ni.abdi"],"url":"https:\/\/territorialchallenges.com\/nl\/author\/ni-abdi\/"}]}},"_links":{"self":[{"href":"https:\/\/territorialchallenges.com\/nl\/wp-json\/wp\/v2\/posts\/1678"}],"collection":[{"href":"https:\/\/territorialchallenges.com\/nl\/wp-json\/wp\/v2\/posts"}],"about":[{"href":"https:\/\/territorialchallenges.com\/nl\/wp-json\/wp\/v2\/types\/post"}],"author":[{"embeddable":true,"href":"https:\/\/territorialchallenges.com\/nl\/wp-json\/wp\/v2\/users\/11"}],"replies":[{"embeddable":true,"href":"https:\/\/territorialchallenges.com\/nl\/wp-json\/wp\/v2\/comments?post=1678"}],"version-history":[{"count":1,"href":"https:\/\/territorialchallenges.com\/nl\/wp-json\/wp\/v2\/posts\/1678\/revisions"}],"predecessor-version":[{"id":85373,"href":"https:\/\/territorialchallenges.com\/nl\/wp-json\/wp\/v2\/posts\/1678\/revisions\/85373"}],"wp:featuredmedia":[{"embeddable":true,"href":"https:\/\/territorialchallenges.com\/nl\/wp-json\/wp\/v2\/media\/85372"}],"wp:attachment":[{"href":"https:\/\/territorialchallenges.com\/nl\/wp-json\/wp\/v2\/media?parent=1678"}],"wp:term":[{"taxonomy":"category","embeddable":true,"href":"https:\/\/territorialchallenges.com\/nl\/wp-json\/wp\/v2\/categories?post=1678"},{"taxonomy":"post_tag","embeddable":true,"href":"https:\/\/territorialchallenges.com\/nl\/wp-json\/wp\/v2\/tags?post=1678"}],"curies":[{"name":"wp","href":"https:\/\/api.w.org\/{rel}","templated":true}]}}