{"id":1664,"date":"2018-09-05T16:46:32","date_gmt":"2018-09-05T14:46:32","guid":{"rendered":"https:\/\/ecoinovatio.com\/?p=1664"},"modified":"2018-09-05T16:46:32","modified_gmt":"2018-09-05T14:46:32","slug":"le-secteur-prive-comme-acteur-des-villes-intelligentes","status":"publish","type":"post","link":"https:\/\/territorialchallenges.com\/nl\/2018\/09\/05\/le-secteur-prive-comme-acteur-des-villes-intelligentes\/1664\/","title":{"rendered":"De private sector als speler in slimme steden"},"content":{"rendered":"<p>Aan het einde van de 19e eeuw leverden lokale overheden en overheidsdiensten in ge\u00efndustrialiseerde en westerse landen publieke diensten zoals water, gas, onderwijs en medische zorg, voordat ze werden overgedragen aan de private sector. Tegenwoordig is het de private sector die zich bezighoudt met slimme stadsoplossingen. Analyse van een\u2026 <\/p>\n<div class=\"pmpro_content_message\">Artikel alleen beschikbaar voor abonnees.<br \/><a href=\"https:\/\/territorialchallenges.com\/wp-login.php\">Login<\/a><br \/><a href=\"https:\/\/territorialchallenges.com\/nl\/wp-login.php\/?action=register\">Register<\/a><\/div>","protected":false},"excerpt":{"rendered":"<p>A la fin du XIXeme si\u00e8cle, dans les pays industrialis\u00e9s et occidentaux,\u00a0ce sont les collectivit\u00e9s locales et les administrations de l&rsquo;Etat qui fournissaient les services publics d&rsquo;eau, de gaz, d&rsquo;enseignement ou de soins m\u00e9dicaux, avant d&rsquo;\u00eatre transf\u00e9r\u00e9s au secteur priv\u00e9. Aujourd&rsquo;hui, c&rsquo;est le secteur priv\u00e9 qui s&rsquo;implique dans les offres des villes intelligentes. Analyse d&rsquo;une... <\/p>\n<div class=\"pmpro_content_message\">Artikel alleen beschikbaar voor abonnees.<br \/><a href=\"https:\/\/territorialchallenges.com\/wp-login.php\">Login<\/a><br \/><a href=\"https:\/\/territorialchallenges.com\/nl\/wp-login.php\/?action=register\">Register<\/a><\/div>","protected":false},"author":11,"featured_media":1665,"comment_status":"open","ping_status":"open","sticky":true,"template":"","format":"standard","meta":{"pmpro_default_level":0,"footnotes":""},"categories":[130],"tags":[],"blocksy_meta":"","yoast_head":"<!-- This site is optimized with the Yoast SEO plugin v21.5 - https:\/\/yoast.com\/wordpress\/plugins\/seo\/ -->\n<title>Le secteur priv\u00e9 comme acteur des villes intelligentes - Territorial Challenges<\/title>\n<meta name=\"robots\" content=\"index, follow, max-snippet:-1, max-image-preview:large, max-video-preview:-1\" \/>\n<link rel=\"canonical\" href=\"https:\/\/territorialchallenges.com\/nl\/2018\/09\/05\/le-secteur-prive-comme-acteur-des-villes-intelligentes\/1664\/\" \/>\n<meta property=\"og:locale\" content=\"nl_NL\" \/>\n<meta property=\"og:type\" content=\"article\" \/>\n<meta property=\"og:title\" content=\"Le secteur priv\u00e9 comme acteur des villes intelligentes - Territorial Challenges\" \/>\n<meta property=\"og:description\" content=\"A la fin du XIXeme si\u00e8cle, dans les pays industrialis\u00e9s et occidentaux,\u00a0ce sont les collectivit\u00e9s locales et les administrations de l&rsquo;Etat qui fournissaient les services publics d&rsquo;eau, de gaz, d&rsquo;enseignement ou de soins m\u00e9dicaux, avant d&rsquo;\u00eatre transf\u00e9r\u00e9s au secteur priv\u00e9. Aujourd&rsquo;hui, c&rsquo;est le secteur priv\u00e9 qui s&rsquo;implique dans les offres des villes intelligentes. Analyse d&rsquo;une [&hellip;]\" \/>\n<meta property=\"og:url\" content=\"https:\/\/territorialchallenges.com\/nl\/2018\/09\/05\/le-secteur-prive-comme-acteur-des-villes-intelligentes\/1664\/\" \/>\n<meta property=\"og:site_name\" content=\"Territorial Challenges\" \/>\n<meta property=\"article:published_time\" content=\"2018-09-05T14:46:32+00:00\" \/>\n<meta name=\"author\" content=\"ni.abdi\" \/>\n<meta name=\"twitter:card\" content=\"summary_large_image\" \/>\n<meta name=\"twitter:creator\" content=\"@Ni.abdi\" \/>\n<meta name=\"twitter:label1\" content=\"Geschreven door\" \/>\n\t<meta name=\"twitter:data1\" content=\"ni.abdi\" \/>\n\t<meta name=\"twitter:label2\" content=\"Geschatte leestijd\" \/>\n\t<meta name=\"twitter:data2\" content=\"3 minuten\" \/>\n<script type=\"application\/ld+json\" class=\"yoast-schema-graph\">{\"@context\":\"https:\/\/schema.org\",\"@graph\":[{\"@type\":\"Article\",\"@id\":\"https:\/\/territorialchallenges.com\/2018\/09\/05\/le-secteur-prive-comme-acteur-des-villes-intelligentes\/1664\/#article\",\"isPartOf\":{\"@id\":\"https:\/\/territorialchallenges.com\/2018\/09\/05\/le-secteur-prive-comme-acteur-des-villes-intelligentes\/1664\/\"},\"author\":{\"name\":\"ni.abdi\",\"@id\":\"https:\/\/territorialchallenges.com\/#\/schema\/person\/098f145c7c61a021c425e010f840080f\"},\"headline\":\"Le secteur priv\u00e9 comme acteur des villes intelligentes\",\"datePublished\":\"2018-09-05T14:46:32+00:00\",\"dateModified\":\"2018-09-05T14:46:32+00:00\",\"mainEntityOfPage\":{\"@id\":\"https:\/\/territorialchallenges.com\/2018\/09\/05\/le-secteur-prive-comme-acteur-des-villes-intelligentes\/1664\/\"},\"wordCount\":682,\"commentCount\":0,\"publisher\":{\"@id\":\"https:\/\/territorialchallenges.com\/#organization\"},\"articleSection\":[\"R\u00e9flexion faite\"],\"inLanguage\":\"nl-NL\"},{\"@type\":\"WebPage\",\"@id\":\"https:\/\/territorialchallenges.com\/2018\/09\/05\/le-secteur-prive-comme-acteur-des-villes-intelligentes\/1664\/\",\"url\":\"https:\/\/territorialchallenges.com\/2018\/09\/05\/le-secteur-prive-comme-acteur-des-villes-intelligentes\/1664\/\",\"name\":\"Le secteur priv\u00e9 comme acteur des villes intelligentes - Territorial Challenges\",\"isPartOf\":{\"@id\":\"https:\/\/territorialchallenges.com\/#website\"},\"datePublished\":\"2018-09-05T14:46:32+00:00\",\"dateModified\":\"2018-09-05T14:46:32+00:00\",\"breadcrumb\":{\"@id\":\"https:\/\/territorialchallenges.com\/2018\/09\/05\/le-secteur-prive-comme-acteur-des-villes-intelligentes\/1664\/#breadcrumb\"},\"inLanguage\":\"nl-NL\",\"potentialAction\":[{\"@type\":\"ReadAction\",\"target\":[\"https:\/\/territorialchallenges.com\/2018\/09\/05\/le-secteur-prive-comme-acteur-des-villes-intelligentes\/1664\/\"]}]},{\"@type\":\"BreadcrumbList\",\"@id\":\"https:\/\/territorialchallenges.com\/2018\/09\/05\/le-secteur-prive-comme-acteur-des-villes-intelligentes\/1664\/#breadcrumb\",\"itemListElement\":[{\"@type\":\"ListItem\",\"position\":1,\"name\":\"Home\",\"item\":\"https:\/\/territorialchallenges.com\/\"},{\"@type\":\"ListItem\",\"position\":2,\"name\":\"Le secteur priv\u00e9 comme acteur des villes intelligentes\"}]},{\"@type\":\"WebSite\",\"@id\":\"https:\/\/territorialchallenges.com\/#website\",\"url\":\"https:\/\/territorialchallenges.com\/\",\"name\":\"Territorial Challenges\",\"description\":\"Veille Internationale - Strat\u00e9gie Intelligentes - Bonnes pratiques\",\"publisher\":{\"@id\":\"https:\/\/territorialchallenges.com\/#organization\"},\"potentialAction\":[{\"@type\":\"SearchAction\",\"target\":{\"@type\":\"EntryPoint\",\"urlTemplate\":\"https:\/\/territorialchallenges.com\/?s={search_term_string}\"},\"query-input\":\"required name=search_term_string\"}],\"inLanguage\":\"nl-NL\"},{\"@type\":\"Organization\",\"@id\":\"https:\/\/territorialchallenges.com\/#organization\",\"name\":\"Territorial Challenges\",\"url\":\"https:\/\/territorialchallenges.com\/\",\"logo\":{\"@type\":\"ImageObject\",\"inLanguage\":\"nl-NL\",\"@id\":\"https:\/\/territorialchallenges.com\/#\/schema\/logo\/image\/\",\"url\":\"https:\/\/territorialchallenges.com\/wp-content\/uploads\/2023\/10\/logo-1.png\",\"contentUrl\":\"https:\/\/territorialchallenges.com\/wp-content\/uploads\/2023\/10\/logo-1.png\",\"width\":1832,\"height\":576,\"caption\":\"Territorial Challenges\"},\"image\":{\"@id\":\"https:\/\/territorialchallenges.com\/#\/schema\/logo\/image\/\"}},{\"@type\":\"Person\",\"@id\":\"https:\/\/territorialchallenges.com\/#\/schema\/person\/098f145c7c61a021c425e010f840080f\",\"name\":\"ni.abdi\",\"image\":{\"@type\":\"ImageObject\",\"inLanguage\":\"nl-NL\",\"@id\":\"https:\/\/territorialchallenges.com\/#\/schema\/person\/image\/\",\"url\":\"https:\/\/secure.gravatar.com\/avatar\/2a2f2491f3c80039986ba989b1e4b510?s=96&d=identicon&r=g\",\"contentUrl\":\"https:\/\/secure.gravatar.com\/avatar\/2a2f2491f3c80039986ba989b1e4b510?s=96&d=identicon&r=g\",\"caption\":\"ni.abdi\"},\"sameAs\":[\"https:\/\/twitter.com\/Ni.abdi\"],\"url\":\"https:\/\/territorialchallenges.com\/nl\/author\/ni-abdi\/\"}]}<\/script>\n<!-- \/ Yoast SEO plugin. -->","yoast_head_json":{"title":"Le secteur priv\u00e9 comme acteur des villes intelligentes - Territorial Challenges","robots":{"index":"index","follow":"follow","max-snippet":"max-snippet:-1","max-image-preview":"max-image-preview:large","max-video-preview":"max-video-preview:-1"},"canonical":"https:\/\/territorialchallenges.com\/nl\/2018\/09\/05\/le-secteur-prive-comme-acteur-des-villes-intelligentes\/1664\/","og_locale":"nl_NL","og_type":"article","og_title":"Le secteur priv\u00e9 comme acteur des villes intelligentes - Territorial Challenges","og_description":"A la fin du XIXeme si\u00e8cle, dans les pays industrialis\u00e9s et occidentaux,\u00a0ce sont les collectivit\u00e9s locales et les administrations de l&rsquo;Etat qui fournissaient les services publics d&rsquo;eau, de gaz, d&rsquo;enseignement ou de soins m\u00e9dicaux, avant d&rsquo;\u00eatre transf\u00e9r\u00e9s au secteur priv\u00e9. Aujourd&rsquo;hui, c&rsquo;est le secteur priv\u00e9 qui s&rsquo;implique dans les offres des villes intelligentes. Analyse d&rsquo;une [&hellip;]","og_url":"https:\/\/territorialchallenges.com\/nl\/2018\/09\/05\/le-secteur-prive-comme-acteur-des-villes-intelligentes\/1664\/","og_site_name":"Territorial Challenges","article_published_time":"2018-09-05T14:46:32+00:00","author":"ni.abdi","twitter_card":"summary_large_image","twitter_creator":"@Ni.abdi","twitter_misc":{"Geschreven door":"ni.abdi","Geschatte leestijd":"3 minuten"},"schema":{"@context":"https:\/\/schema.org","@graph":[{"@type":"Article","@id":"https:\/\/territorialchallenges.com\/2018\/09\/05\/le-secteur-prive-comme-acteur-des-villes-intelligentes\/1664\/#article","isPartOf":{"@id":"https:\/\/territorialchallenges.com\/2018\/09\/05\/le-secteur-prive-comme-acteur-des-villes-intelligentes\/1664\/"},"author":{"name":"ni.abdi","@id":"https:\/\/territorialchallenges.com\/#\/schema\/person\/098f145c7c61a021c425e010f840080f"},"headline":"Le secteur priv\u00e9 comme acteur des villes intelligentes","datePublished":"2018-09-05T14:46:32+00:00","dateModified":"2018-09-05T14:46:32+00:00","mainEntityOfPage":{"@id":"https:\/\/territorialchallenges.com\/2018\/09\/05\/le-secteur-prive-comme-acteur-des-villes-intelligentes\/1664\/"},"wordCount":682,"commentCount":0,"publisher":{"@id":"https:\/\/territorialchallenges.com\/#organization"},"articleSection":["R\u00e9flexion faite"],"inLanguage":"nl-NL"},{"@type":"WebPage","@id":"https:\/\/territorialchallenges.com\/2018\/09\/05\/le-secteur-prive-comme-acteur-des-villes-intelligentes\/1664\/","url":"https:\/\/territorialchallenges.com\/2018\/09\/05\/le-secteur-prive-comme-acteur-des-villes-intelligentes\/1664\/","name":"Le secteur priv\u00e9 comme acteur des villes intelligentes - Territorial Challenges","isPartOf":{"@id":"https:\/\/territorialchallenges.com\/#website"},"datePublished":"2018-09-05T14:46:32+00:00","dateModified":"2018-09-05T14:46:32+00:00","breadcrumb":{"@id":"https:\/\/territorialchallenges.com\/2018\/09\/05\/le-secteur-prive-comme-acteur-des-villes-intelligentes\/1664\/#breadcrumb"},"inLanguage":"nl-NL","potentialAction":[{"@type":"ReadAction","target":["https:\/\/territorialchallenges.com\/2018\/09\/05\/le-secteur-prive-comme-acteur-des-villes-intelligentes\/1664\/"]}]},{"@type":"BreadcrumbList","@id":"https:\/\/territorialchallenges.com\/2018\/09\/05\/le-secteur-prive-comme-acteur-des-villes-intelligentes\/1664\/#breadcrumb","itemListElement":[{"@type":"ListItem","position":1,"name":"Home","item":"https:\/\/territorialchallenges.com\/"},{"@type":"ListItem","position":2,"name":"Le secteur priv\u00e9 comme acteur des villes intelligentes"}]},{"@type":"WebSite","@id":"https:\/\/territorialchallenges.com\/#website","url":"https:\/\/territorialchallenges.com\/","name":"Territoriale uitdagingen","description":"Internationale monitoring - Slimme strategie\u00ebn - Beste praktijken","publisher":{"@id":"https:\/\/territorialchallenges.com\/#organization"},"potentialAction":[{"@type":"SearchAction","target":{"@type":"EntryPoint","urlTemplate":"https:\/\/territorialchallenges.com\/?s={search_term_string}"},"query-input":"required name=search_term_string"}],"inLanguage":"nl-NL"},{"@type":"Organization","@id":"https:\/\/territorialchallenges.com\/#organization","name":"Territoriale uitdagingen","url":"https:\/\/territorialchallenges.com\/","logo":{"@type":"ImageObject","inLanguage":"nl-NL","@id":"https:\/\/territorialchallenges.com\/#\/schema\/logo\/image\/","url":"https:\/\/territorialchallenges.com\/wp-content\/uploads\/2023\/10\/logo-1.png","contentUrl":"https:\/\/territorialchallenges.com\/wp-content\/uploads\/2023\/10\/logo-1.png","width":1832,"height":576,"caption":"Territorial Challenges"},"image":{"@id":"https:\/\/territorialchallenges.com\/#\/schema\/logo\/image\/"}},{"@type":"Person","@id":"https:\/\/territorialchallenges.com\/#\/schema\/person\/098f145c7c61a021c425e010f840080f","name":"ni.abdi","image":{"@type":"ImageObject","inLanguage":"nl-NL","@id":"https:\/\/territorialchallenges.com\/#\/schema\/person\/image\/","url":"https:\/\/secure.gravatar.com\/avatar\/2a2f2491f3c80039986ba989b1e4b510?s=96&d=identicon&r=g","contentUrl":"https:\/\/secure.gravatar.com\/avatar\/2a2f2491f3c80039986ba989b1e4b510?s=96&d=identicon&r=g","caption":"ni.abdi"},"sameAs":["https:\/\/twitter.com\/Ni.abdi"],"url":"https:\/\/territorialchallenges.com\/nl\/author\/ni-abdi\/"}]}},"_links":{"self":[{"href":"https:\/\/territorialchallenges.com\/nl\/wp-json\/wp\/v2\/posts\/1664"}],"collection":[{"href":"https:\/\/territorialchallenges.com\/nl\/wp-json\/wp\/v2\/posts"}],"about":[{"href":"https:\/\/territorialchallenges.com\/nl\/wp-json\/wp\/v2\/types\/post"}],"author":[{"embeddable":true,"href":"https:\/\/territorialchallenges.com\/nl\/wp-json\/wp\/v2\/users\/11"}],"replies":[{"embeddable":true,"href":"https:\/\/territorialchallenges.com\/nl\/wp-json\/wp\/v2\/comments?post=1664"}],"version-history":[{"count":0,"href":"https:\/\/territorialchallenges.com\/nl\/wp-json\/wp\/v2\/posts\/1664\/revisions"}],"wp:featuredmedia":[{"embeddable":true,"href":"https:\/\/territorialchallenges.com\/nl\/wp-json\/"}],"wp:attachment":[{"href":"https:\/\/territorialchallenges.com\/nl\/wp-json\/wp\/v2\/media?parent=1664"}],"wp:term":[{"taxonomy":"category","embeddable":true,"href":"https:\/\/territorialchallenges.com\/nl\/wp-json\/wp\/v2\/categories?post=1664"},{"taxonomy":"post_tag","embeddable":true,"href":"https:\/\/territorialchallenges.com\/nl\/wp-json\/wp\/v2\/tags?post=1664"}],"curies":[{"name":"wp","href":"https:\/\/api.w.org\/{rel}","templated":true}]}}