{"id":1501,"date":"2018-05-29T16:23:01","date_gmt":"2018-05-29T14:23:01","guid":{"rendered":"https:\/\/ecoinovatio.com\/?p=1501"},"modified":"2018-05-29T16:23:01","modified_gmt":"2018-05-29T14:23:01","slug":"pour-une-pensee-franco-rwandaise-de-la-finance-de-demain","status":"publish","type":"post","link":"https:\/\/territorialchallenges.com\/nl\/2018\/05\/29\/pour-une-pensee-franco-rwandaise-de-la-finance-de-demain\/1501\/","title":{"rendered":"Voor een Frans-Rwandese gedachte over de financi\u00ebn van morgen"},"content":{"rendered":"<p>Wie had dat twintig jaar geleden kunnen denken! Dat een land dat net een burgeroorlog achter de rug heeft, in 2018 de ambitie zou kunnen hebben om het technologische centrum van Afrika te worden. Dit geeft de volledige betekenis van de overeenkomst die vrijdag 25 mei in Parijs werd ondertekend tussen Finance Innovation en kLab, de meest dynamische Rwandese innovatie-incubator, gevestigd in\u2026 <\/p>\n<div class=\"pmpro_content_message\">Artikel alleen beschikbaar voor abonnees.<br \/><a href=\"https:\/\/territorialchallenges.com\/wp-login.php\">Login<\/a><br \/><a href=\"https:\/\/territorialchallenges.com\/nl\/wp-login.php\/?action=register\">Register<\/a><\/div>","protected":false},"excerpt":{"rendered":"<p>Qui l&rsquo;aurait imagin\u00e9, il y a une vingtaine d&rsquo;ann\u00e9es ! Qu&rsquo;un pays qui sortait d&rsquo;une guerre civile fratricide, pourrait ambitionner, en 2018, de devenir le hub technologique de l&rsquo;Afrique. Voil\u00e0 qui donne tout son sens \u00e0 l&rsquo;accord sign\u00e9 vendredi 25 mai, \u00e0 Paris, entre Finance Innovation et kLab,\u00a0l&rsquo;incubateur d&rsquo;innovations rwandais le plus dynamique, h\u00e9berg\u00e9 dans... <\/p>\n<div class=\"pmpro_content_message\">Artikel alleen beschikbaar voor abonnees.<br \/><a href=\"https:\/\/territorialchallenges.com\/wp-login.php\">Login<\/a><br \/><a href=\"https:\/\/territorialchallenges.com\/nl\/wp-login.php\/?action=register\">Register<\/a><\/div>","protected":false},"author":11,"featured_media":0,"comment_status":"open","ping_status":"open","sticky":true,"template":"","format":"standard","meta":{"pmpro_default_level":0,"footnotes":""},"categories":[130],"tags":[],"blocksy_meta":"","yoast_head":"<!-- This site is optimized with the Yoast SEO plugin v21.5 - https:\/\/yoast.com\/wordpress\/plugins\/seo\/ -->\n<title>Pour une pens\u00e9e franco-rwandaise de la finance de demain - Territorial Challenges<\/title>\n<meta name=\"robots\" content=\"index, follow, max-snippet:-1, max-image-preview:large, max-video-preview:-1\" \/>\n<link rel=\"canonical\" href=\"https:\/\/territorialchallenges.com\/nl\/2018\/05\/29\/pour-une-pensee-franco-rwandaise-de-la-finance-de-demain\/1501\/\" \/>\n<meta property=\"og:locale\" content=\"nl_NL\" \/>\n<meta property=\"og:type\" content=\"article\" \/>\n<meta property=\"og:title\" content=\"Pour une pens\u00e9e franco-rwandaise de la finance de demain - Territorial Challenges\" \/>\n<meta property=\"og:description\" content=\"Qui l&rsquo;aurait imagin\u00e9, il y a une vingtaine d&rsquo;ann\u00e9es ! Qu&rsquo;un pays qui sortait d&rsquo;une guerre civile fratricide, pourrait ambitionner, en 2018, de devenir le hub technologique de l&rsquo;Afrique. Voil\u00e0 qui donne tout son sens \u00e0 l&rsquo;accord sign\u00e9 vendredi 25 mai, \u00e0 Paris, entre Finance Innovation et kLab,\u00a0l&rsquo;incubateur d&rsquo;innovations rwandais le plus dynamique, h\u00e9berg\u00e9 dans [&hellip;]\" \/>\n<meta property=\"og:url\" content=\"https:\/\/territorialchallenges.com\/nl\/2018\/05\/29\/pour-une-pensee-franco-rwandaise-de-la-finance-de-demain\/1501\/\" \/>\n<meta property=\"og:site_name\" content=\"Territorial Challenges\" \/>\n<meta property=\"article:published_time\" content=\"2018-05-29T14:23:01+00:00\" \/>\n<meta name=\"author\" content=\"ni.abdi\" \/>\n<meta name=\"twitter:card\" content=\"summary_large_image\" \/>\n<meta name=\"twitter:creator\" content=\"@Ni.abdi\" \/>\n<meta name=\"twitter:label1\" content=\"Geschreven door\" \/>\n\t<meta name=\"twitter:data1\" content=\"ni.abdi\" \/>\n\t<meta name=\"twitter:label2\" content=\"Geschatte leestijd\" \/>\n\t<meta name=\"twitter:data2\" content=\"3 minuten\" \/>\n<script type=\"application\/ld+json\" class=\"yoast-schema-graph\">{\"@context\":\"https:\/\/schema.org\",\"@graph\":[{\"@type\":\"Article\",\"@id\":\"https:\/\/territorialchallenges.com\/2018\/05\/29\/pour-une-pensee-franco-rwandaise-de-la-finance-de-demain\/1501\/#article\",\"isPartOf\":{\"@id\":\"https:\/\/territorialchallenges.com\/2018\/05\/29\/pour-une-pensee-franco-rwandaise-de-la-finance-de-demain\/1501\/\"},\"author\":{\"name\":\"ni.abdi\",\"@id\":\"https:\/\/territorialchallenges.com\/#\/schema\/person\/098f145c7c61a021c425e010f840080f\"},\"headline\":\"Pour une pens\u00e9e franco-rwandaise de la finance de demain\",\"datePublished\":\"2018-05-29T14:23:01+00:00\",\"dateModified\":\"2018-05-29T14:23:01+00:00\",\"mainEntityOfPage\":{\"@id\":\"https:\/\/territorialchallenges.com\/2018\/05\/29\/pour-une-pensee-franco-rwandaise-de-la-finance-de-demain\/1501\/\"},\"wordCount\":589,\"commentCount\":0,\"publisher\":{\"@id\":\"https:\/\/territorialchallenges.com\/#organization\"},\"articleSection\":[\"R\u00e9flexion faite\"],\"inLanguage\":\"nl-NL\"},{\"@type\":\"WebPage\",\"@id\":\"https:\/\/territorialchallenges.com\/2018\/05\/29\/pour-une-pensee-franco-rwandaise-de-la-finance-de-demain\/1501\/\",\"url\":\"https:\/\/territorialchallenges.com\/2018\/05\/29\/pour-une-pensee-franco-rwandaise-de-la-finance-de-demain\/1501\/\",\"name\":\"Pour une pens\u00e9e franco-rwandaise de la finance de demain - Territorial Challenges\",\"isPartOf\":{\"@id\":\"https:\/\/territorialchallenges.com\/#website\"},\"datePublished\":\"2018-05-29T14:23:01+00:00\",\"dateModified\":\"2018-05-29T14:23:01+00:00\",\"breadcrumb\":{\"@id\":\"https:\/\/territorialchallenges.com\/2018\/05\/29\/pour-une-pensee-franco-rwandaise-de-la-finance-de-demain\/1501\/#breadcrumb\"},\"inLanguage\":\"nl-NL\",\"potentialAction\":[{\"@type\":\"ReadAction\",\"target\":[\"https:\/\/territorialchallenges.com\/2018\/05\/29\/pour-une-pensee-franco-rwandaise-de-la-finance-de-demain\/1501\/\"]}]},{\"@type\":\"BreadcrumbList\",\"@id\":\"https:\/\/territorialchallenges.com\/2018\/05\/29\/pour-une-pensee-franco-rwandaise-de-la-finance-de-demain\/1501\/#breadcrumb\",\"itemListElement\":[{\"@type\":\"ListItem\",\"position\":1,\"name\":\"Home\",\"item\":\"https:\/\/territorialchallenges.com\/\"},{\"@type\":\"ListItem\",\"position\":2,\"name\":\"Pour une pens\u00e9e franco-rwandaise de la finance de demain\"}]},{\"@type\":\"WebSite\",\"@id\":\"https:\/\/territorialchallenges.com\/#website\",\"url\":\"https:\/\/territorialchallenges.com\/\",\"name\":\"Territorial Challenges\",\"description\":\"Veille Internationale - Strat\u00e9gie Intelligentes - Bonnes pratiques\",\"publisher\":{\"@id\":\"https:\/\/territorialchallenges.com\/#organization\"},\"potentialAction\":[{\"@type\":\"SearchAction\",\"target\":{\"@type\":\"EntryPoint\",\"urlTemplate\":\"https:\/\/territorialchallenges.com\/?s={search_term_string}\"},\"query-input\":\"required name=search_term_string\"}],\"inLanguage\":\"nl-NL\"},{\"@type\":\"Organization\",\"@id\":\"https:\/\/territorialchallenges.com\/#organization\",\"name\":\"Territorial Challenges\",\"url\":\"https:\/\/territorialchallenges.com\/\",\"logo\":{\"@type\":\"ImageObject\",\"inLanguage\":\"nl-NL\",\"@id\":\"https:\/\/territorialchallenges.com\/#\/schema\/logo\/image\/\",\"url\":\"https:\/\/territorialchallenges.com\/wp-content\/uploads\/2023\/10\/logo-1.png\",\"contentUrl\":\"https:\/\/territorialchallenges.com\/wp-content\/uploads\/2023\/10\/logo-1.png\",\"width\":1832,\"height\":576,\"caption\":\"Territorial Challenges\"},\"image\":{\"@id\":\"https:\/\/territorialchallenges.com\/#\/schema\/logo\/image\/\"}},{\"@type\":\"Person\",\"@id\":\"https:\/\/territorialchallenges.com\/#\/schema\/person\/098f145c7c61a021c425e010f840080f\",\"name\":\"ni.abdi\",\"image\":{\"@type\":\"ImageObject\",\"inLanguage\":\"nl-NL\",\"@id\":\"https:\/\/territorialchallenges.com\/#\/schema\/person\/image\/\",\"url\":\"https:\/\/secure.gravatar.com\/avatar\/2a2f2491f3c80039986ba989b1e4b510?s=96&d=identicon&r=g\",\"contentUrl\":\"https:\/\/secure.gravatar.com\/avatar\/2a2f2491f3c80039986ba989b1e4b510?s=96&d=identicon&r=g\",\"caption\":\"ni.abdi\"},\"sameAs\":[\"https:\/\/twitter.com\/Ni.abdi\"],\"url\":\"https:\/\/territorialchallenges.com\/nl\/author\/ni-abdi\/\"}]}<\/script>\n<!-- \/ Yoast SEO plugin. -->","yoast_head_json":{"title":"Pour une pens\u00e9e franco-rwandaise de la finance de demain - Territorial Challenges","robots":{"index":"index","follow":"follow","max-snippet":"max-snippet:-1","max-image-preview":"max-image-preview:large","max-video-preview":"max-video-preview:-1"},"canonical":"https:\/\/territorialchallenges.com\/nl\/2018\/05\/29\/pour-une-pensee-franco-rwandaise-de-la-finance-de-demain\/1501\/","og_locale":"nl_NL","og_type":"article","og_title":"Pour une pens\u00e9e franco-rwandaise de la finance de demain - Territorial Challenges","og_description":"Qui l&rsquo;aurait imagin\u00e9, il y a une vingtaine d&rsquo;ann\u00e9es ! Qu&rsquo;un pays qui sortait d&rsquo;une guerre civile fratricide, pourrait ambitionner, en 2018, de devenir le hub technologique de l&rsquo;Afrique. Voil\u00e0 qui donne tout son sens \u00e0 l&rsquo;accord sign\u00e9 vendredi 25 mai, \u00e0 Paris, entre Finance Innovation et kLab,\u00a0l&rsquo;incubateur d&rsquo;innovations rwandais le plus dynamique, h\u00e9berg\u00e9 dans [&hellip;]","og_url":"https:\/\/territorialchallenges.com\/nl\/2018\/05\/29\/pour-une-pensee-franco-rwandaise-de-la-finance-de-demain\/1501\/","og_site_name":"Territorial Challenges","article_published_time":"2018-05-29T14:23:01+00:00","author":"ni.abdi","twitter_card":"summary_large_image","twitter_creator":"@Ni.abdi","twitter_misc":{"Geschreven door":"ni.abdi","Geschatte leestijd":"3 minuten"},"schema":{"@context":"https:\/\/schema.org","@graph":[{"@type":"Article","@id":"https:\/\/territorialchallenges.com\/2018\/05\/29\/pour-une-pensee-franco-rwandaise-de-la-finance-de-demain\/1501\/#article","isPartOf":{"@id":"https:\/\/territorialchallenges.com\/2018\/05\/29\/pour-une-pensee-franco-rwandaise-de-la-finance-de-demain\/1501\/"},"author":{"name":"ni.abdi","@id":"https:\/\/territorialchallenges.com\/#\/schema\/person\/098f145c7c61a021c425e010f840080f"},"headline":"Pour une pens\u00e9e franco-rwandaise de la finance de demain","datePublished":"2018-05-29T14:23:01+00:00","dateModified":"2018-05-29T14:23:01+00:00","mainEntityOfPage":{"@id":"https:\/\/territorialchallenges.com\/2018\/05\/29\/pour-une-pensee-franco-rwandaise-de-la-finance-de-demain\/1501\/"},"wordCount":589,"commentCount":0,"publisher":{"@id":"https:\/\/territorialchallenges.com\/#organization"},"articleSection":["R\u00e9flexion faite"],"inLanguage":"nl-NL"},{"@type":"WebPage","@id":"https:\/\/territorialchallenges.com\/2018\/05\/29\/pour-une-pensee-franco-rwandaise-de-la-finance-de-demain\/1501\/","url":"https:\/\/territorialchallenges.com\/2018\/05\/29\/pour-une-pensee-franco-rwandaise-de-la-finance-de-demain\/1501\/","name":"Pour une pens\u00e9e franco-rwandaise de la finance de demain - Territorial Challenges","isPartOf":{"@id":"https:\/\/territorialchallenges.com\/#website"},"datePublished":"2018-05-29T14:23:01+00:00","dateModified":"2018-05-29T14:23:01+00:00","breadcrumb":{"@id":"https:\/\/territorialchallenges.com\/2018\/05\/29\/pour-une-pensee-franco-rwandaise-de-la-finance-de-demain\/1501\/#breadcrumb"},"inLanguage":"nl-NL","potentialAction":[{"@type":"ReadAction","target":["https:\/\/territorialchallenges.com\/2018\/05\/29\/pour-une-pensee-franco-rwandaise-de-la-finance-de-demain\/1501\/"]}]},{"@type":"BreadcrumbList","@id":"https:\/\/territorialchallenges.com\/2018\/05\/29\/pour-une-pensee-franco-rwandaise-de-la-finance-de-demain\/1501\/#breadcrumb","itemListElement":[{"@type":"ListItem","position":1,"name":"Home","item":"https:\/\/territorialchallenges.com\/"},{"@type":"ListItem","position":2,"name":"Pour une pens\u00e9e franco-rwandaise de la finance de demain"}]},{"@type":"WebSite","@id":"https:\/\/territorialchallenges.com\/#website","url":"https:\/\/territorialchallenges.com\/","name":"Territoriale uitdagingen","description":"Internationale monitoring - Slimme strategie\u00ebn - Beste praktijken","publisher":{"@id":"https:\/\/territorialchallenges.com\/#organization"},"potentialAction":[{"@type":"SearchAction","target":{"@type":"EntryPoint","urlTemplate":"https:\/\/territorialchallenges.com\/?s={search_term_string}"},"query-input":"required name=search_term_string"}],"inLanguage":"nl-NL"},{"@type":"Organization","@id":"https:\/\/territorialchallenges.com\/#organization","name":"Territoriale uitdagingen","url":"https:\/\/territorialchallenges.com\/","logo":{"@type":"ImageObject","inLanguage":"nl-NL","@id":"https:\/\/territorialchallenges.com\/#\/schema\/logo\/image\/","url":"https:\/\/territorialchallenges.com\/wp-content\/uploads\/2023\/10\/logo-1.png","contentUrl":"https:\/\/territorialchallenges.com\/wp-content\/uploads\/2023\/10\/logo-1.png","width":1832,"height":576,"caption":"Territorial Challenges"},"image":{"@id":"https:\/\/territorialchallenges.com\/#\/schema\/logo\/image\/"}},{"@type":"Person","@id":"https:\/\/territorialchallenges.com\/#\/schema\/person\/098f145c7c61a021c425e010f840080f","name":"ni.abdi","image":{"@type":"ImageObject","inLanguage":"nl-NL","@id":"https:\/\/territorialchallenges.com\/#\/schema\/person\/image\/","url":"https:\/\/secure.gravatar.com\/avatar\/2a2f2491f3c80039986ba989b1e4b510?s=96&d=identicon&r=g","contentUrl":"https:\/\/secure.gravatar.com\/avatar\/2a2f2491f3c80039986ba989b1e4b510?s=96&d=identicon&r=g","caption":"ni.abdi"},"sameAs":["https:\/\/twitter.com\/Ni.abdi"],"url":"https:\/\/territorialchallenges.com\/nl\/author\/ni-abdi\/"}]}},"_links":{"self":[{"href":"https:\/\/territorialchallenges.com\/nl\/wp-json\/wp\/v2\/posts\/1501"}],"collection":[{"href":"https:\/\/territorialchallenges.com\/nl\/wp-json\/wp\/v2\/posts"}],"about":[{"href":"https:\/\/territorialchallenges.com\/nl\/wp-json\/wp\/v2\/types\/post"}],"author":[{"embeddable":true,"href":"https:\/\/territorialchallenges.com\/nl\/wp-json\/wp\/v2\/users\/11"}],"replies":[{"embeddable":true,"href":"https:\/\/territorialchallenges.com\/nl\/wp-json\/wp\/v2\/comments?post=1501"}],"version-history":[{"count":0,"href":"https:\/\/territorialchallenges.com\/nl\/wp-json\/wp\/v2\/posts\/1501\/revisions"}],"wp:attachment":[{"href":"https:\/\/territorialchallenges.com\/nl\/wp-json\/wp\/v2\/media?parent=1501"}],"wp:term":[{"taxonomy":"category","embeddable":true,"href":"https:\/\/territorialchallenges.com\/nl\/wp-json\/wp\/v2\/categories?post=1501"},{"taxonomy":"post_tag","embeddable":true,"href":"https:\/\/territorialchallenges.com\/nl\/wp-json\/wp\/v2\/tags?post=1501"}],"curies":[{"name":"wp","href":"https:\/\/api.w.org\/{rel}","templated":true}]}}