{"id":1472,"date":"2018-02-11T19:24:57","date_gmt":"2018-02-11T18:24:57","guid":{"rendered":"https:\/\/ecoinovatio.com\/?p=1472"},"modified":"2018-02-11T19:24:57","modified_gmt":"2018-02-11T18:24:57","slug":"leurope-et-la-mutation-numerique-de-ses-territoires","status":"publish","type":"post","link":"https:\/\/territorialchallenges.com\/nl\/2018\/02\/11\/leurope-et-la-mutation-numerique-de-ses-territoires\/1472\/","title":{"rendered":"Europa en de digitale transformatie van haar territoria"},"content":{"rendered":"<p>Er is Europese diversiteit in de digitale ontwikkeling van zowel steden als plattelandsgebieden. Franse politici hebben het geluk op een divers continent te wonen en moeten daar inspiratie uit putten. E\u00e9n urgente kwestie blijft echter voor alle Europese burgers hetzelfde: de verwerking van hun gegevens en de strijd om de waarde ervan te waarborgen... <\/p>\n<div class=\"pmpro_content_message\">Artikel alleen beschikbaar voor abonnees.<br \/><a href=\"https:\/\/territorialchallenges.com\/wp-login.php\">Login<\/a><br \/><a href=\"https:\/\/territorialchallenges.com\/nl\/wp-login.php\/?action=register\">Register<\/a><\/div>","protected":false},"excerpt":{"rendered":"<p>Il y a une diversit\u00e9 europ\u00e9enne du d\u00e9veloppement num\u00e9rique de la ville comme de la ruralit\u00e9. Le responsable politique fran\u00e7ais a la chance d\u2019\u00eatre sur un continent mosa\u00efque et doit s\u2019en inspirer. Mais, une seule urgence reste commune \u00e0 tout les citoyens europ\u00e9ens\u00a0: le traitement de leurs donn\u00e9es et le combat pour que leur valeur... <\/p>\n<div class=\"pmpro_content_message\">Artikel alleen beschikbaar voor abonnees.<br \/><a href=\"https:\/\/territorialchallenges.com\/wp-login.php\">Login<\/a><br \/><a href=\"https:\/\/territorialchallenges.com\/nl\/wp-login.php\/?action=register\">Register<\/a><\/div>","protected":false},"author":11,"featured_media":0,"comment_status":"open","ping_status":"open","sticky":true,"template":"","format":"standard","meta":{"pmpro_default_level":0,"footnotes":""},"categories":[130],"tags":[],"blocksy_meta":"","yoast_head":"<!-- This site is optimized with the Yoast SEO plugin v21.5 - https:\/\/yoast.com\/wordpress\/plugins\/seo\/ -->\n<title>L\u2019Europe et la mutation num\u00e9rique de ses territoires - Territorial Challenges<\/title>\n<meta name=\"robots\" content=\"index, follow, max-snippet:-1, max-image-preview:large, max-video-preview:-1\" \/>\n<link rel=\"canonical\" href=\"https:\/\/territorialchallenges.com\/nl\/2018\/02\/11\/leurope-et-la-mutation-numerique-de-ses-territoires\/1472\/\" \/>\n<meta property=\"og:locale\" content=\"nl_NL\" \/>\n<meta property=\"og:type\" content=\"article\" \/>\n<meta property=\"og:title\" content=\"L\u2019Europe et la mutation num\u00e9rique de ses territoires - Territorial Challenges\" \/>\n<meta property=\"og:description\" content=\"Il y a une diversit\u00e9 europ\u00e9enne du d\u00e9veloppement num\u00e9rique de la ville comme de la ruralit\u00e9. Le responsable politique fran\u00e7ais a la chance d\u2019\u00eatre sur un continent mosa\u00efque et doit s\u2019en inspirer. Mais, une seule urgence reste commune \u00e0 tout les citoyens europ\u00e9ens\u00a0: le traitement de leurs donn\u00e9es et le combat pour que leur valeur [&hellip;]\" \/>\n<meta property=\"og:url\" content=\"https:\/\/territorialchallenges.com\/nl\/2018\/02\/11\/leurope-et-la-mutation-numerique-de-ses-territoires\/1472\/\" \/>\n<meta property=\"og:site_name\" content=\"Territorial Challenges\" \/>\n<meta property=\"article:published_time\" content=\"2018-02-11T18:24:57+00:00\" \/>\n<meta name=\"author\" content=\"ni.abdi\" \/>\n<meta name=\"twitter:card\" content=\"summary_large_image\" \/>\n<meta name=\"twitter:creator\" content=\"@Ni.abdi\" \/>\n<meta name=\"twitter:label1\" content=\"Geschreven door\" \/>\n\t<meta name=\"twitter:data1\" content=\"ni.abdi\" \/>\n\t<meta name=\"twitter:label2\" content=\"Geschatte leestijd\" \/>\n\t<meta name=\"twitter:data2\" content=\"5 minuten\" \/>\n<script type=\"application\/ld+json\" class=\"yoast-schema-graph\">{\"@context\":\"https:\/\/schema.org\",\"@graph\":[{\"@type\":\"Article\",\"@id\":\"https:\/\/territorialchallenges.com\/2018\/02\/11\/leurope-et-la-mutation-numerique-de-ses-territoires\/1472\/#article\",\"isPartOf\":{\"@id\":\"https:\/\/territorialchallenges.com\/2018\/02\/11\/leurope-et-la-mutation-numerique-de-ses-territoires\/1472\/\"},\"author\":{\"name\":\"ni.abdi\",\"@id\":\"https:\/\/territorialchallenges.com\/#\/schema\/person\/098f145c7c61a021c425e010f840080f\"},\"headline\":\"L\u2019Europe et la mutation num\u00e9rique de ses territoires\",\"datePublished\":\"2018-02-11T18:24:57+00:00\",\"dateModified\":\"2018-02-11T18:24:57+00:00\",\"mainEntityOfPage\":{\"@id\":\"https:\/\/territorialchallenges.com\/2018\/02\/11\/leurope-et-la-mutation-numerique-de-ses-territoires\/1472\/\"},\"wordCount\":1051,\"commentCount\":0,\"publisher\":{\"@id\":\"https:\/\/territorialchallenges.com\/#organization\"},\"articleSection\":[\"R\u00e9flexion faite\"],\"inLanguage\":\"nl-NL\"},{\"@type\":\"WebPage\",\"@id\":\"https:\/\/territorialchallenges.com\/2018\/02\/11\/leurope-et-la-mutation-numerique-de-ses-territoires\/1472\/\",\"url\":\"https:\/\/territorialchallenges.com\/2018\/02\/11\/leurope-et-la-mutation-numerique-de-ses-territoires\/1472\/\",\"name\":\"L\u2019Europe et la mutation num\u00e9rique de ses territoires - Territorial Challenges\",\"isPartOf\":{\"@id\":\"https:\/\/territorialchallenges.com\/#website\"},\"datePublished\":\"2018-02-11T18:24:57+00:00\",\"dateModified\":\"2018-02-11T18:24:57+00:00\",\"breadcrumb\":{\"@id\":\"https:\/\/territorialchallenges.com\/2018\/02\/11\/leurope-et-la-mutation-numerique-de-ses-territoires\/1472\/#breadcrumb\"},\"inLanguage\":\"nl-NL\",\"potentialAction\":[{\"@type\":\"ReadAction\",\"target\":[\"https:\/\/territorialchallenges.com\/2018\/02\/11\/leurope-et-la-mutation-numerique-de-ses-territoires\/1472\/\"]}]},{\"@type\":\"BreadcrumbList\",\"@id\":\"https:\/\/territorialchallenges.com\/2018\/02\/11\/leurope-et-la-mutation-numerique-de-ses-territoires\/1472\/#breadcrumb\",\"itemListElement\":[{\"@type\":\"ListItem\",\"position\":1,\"name\":\"Home\",\"item\":\"https:\/\/territorialchallenges.com\/\"},{\"@type\":\"ListItem\",\"position\":2,\"name\":\"L\u2019Europe et la mutation num\u00e9rique de ses territoires\"}]},{\"@type\":\"WebSite\",\"@id\":\"https:\/\/territorialchallenges.com\/#website\",\"url\":\"https:\/\/territorialchallenges.com\/\",\"name\":\"Territorial Challenges\",\"description\":\"Veille Internationale - Strat\u00e9gie Intelligentes - Bonnes pratiques\",\"publisher\":{\"@id\":\"https:\/\/territorialchallenges.com\/#organization\"},\"potentialAction\":[{\"@type\":\"SearchAction\",\"target\":{\"@type\":\"EntryPoint\",\"urlTemplate\":\"https:\/\/territorialchallenges.com\/?s={search_term_string}\"},\"query-input\":\"required name=search_term_string\"}],\"inLanguage\":\"nl-NL\"},{\"@type\":\"Organization\",\"@id\":\"https:\/\/territorialchallenges.com\/#organization\",\"name\":\"Territorial Challenges\",\"url\":\"https:\/\/territorialchallenges.com\/\",\"logo\":{\"@type\":\"ImageObject\",\"inLanguage\":\"nl-NL\",\"@id\":\"https:\/\/territorialchallenges.com\/#\/schema\/logo\/image\/\",\"url\":\"https:\/\/territorialchallenges.com\/wp-content\/uploads\/2023\/10\/logo-1.png\",\"contentUrl\":\"https:\/\/territorialchallenges.com\/wp-content\/uploads\/2023\/10\/logo-1.png\",\"width\":1832,\"height\":576,\"caption\":\"Territorial Challenges\"},\"image\":{\"@id\":\"https:\/\/territorialchallenges.com\/#\/schema\/logo\/image\/\"}},{\"@type\":\"Person\",\"@id\":\"https:\/\/territorialchallenges.com\/#\/schema\/person\/098f145c7c61a021c425e010f840080f\",\"name\":\"ni.abdi\",\"image\":{\"@type\":\"ImageObject\",\"inLanguage\":\"nl-NL\",\"@id\":\"https:\/\/territorialchallenges.com\/#\/schema\/person\/image\/\",\"url\":\"https:\/\/secure.gravatar.com\/avatar\/2a2f2491f3c80039986ba989b1e4b510?s=96&d=identicon&r=g\",\"contentUrl\":\"https:\/\/secure.gravatar.com\/avatar\/2a2f2491f3c80039986ba989b1e4b510?s=96&d=identicon&r=g\",\"caption\":\"ni.abdi\"},\"sameAs\":[\"https:\/\/twitter.com\/Ni.abdi\"],\"url\":\"https:\/\/territorialchallenges.com\/nl\/author\/ni-abdi\/\"}]}<\/script>\n<!-- \/ Yoast SEO plugin. -->","yoast_head_json":{"title":"L\u2019Europe et la mutation num\u00e9rique de ses territoires - Territorial Challenges","robots":{"index":"index","follow":"follow","max-snippet":"max-snippet:-1","max-image-preview":"max-image-preview:large","max-video-preview":"max-video-preview:-1"},"canonical":"https:\/\/territorialchallenges.com\/nl\/2018\/02\/11\/leurope-et-la-mutation-numerique-de-ses-territoires\/1472\/","og_locale":"nl_NL","og_type":"article","og_title":"L\u2019Europe et la mutation num\u00e9rique de ses territoires - Territorial Challenges","og_description":"Il y a une diversit\u00e9 europ\u00e9enne du d\u00e9veloppement num\u00e9rique de la ville comme de la ruralit\u00e9. Le responsable politique fran\u00e7ais a la chance d\u2019\u00eatre sur un continent mosa\u00efque et doit s\u2019en inspirer. Mais, une seule urgence reste commune \u00e0 tout les citoyens europ\u00e9ens\u00a0: le traitement de leurs donn\u00e9es et le combat pour que leur valeur [&hellip;]","og_url":"https:\/\/territorialchallenges.com\/nl\/2018\/02\/11\/leurope-et-la-mutation-numerique-de-ses-territoires\/1472\/","og_site_name":"Territorial Challenges","article_published_time":"2018-02-11T18:24:57+00:00","author":"ni.abdi","twitter_card":"summary_large_image","twitter_creator":"@Ni.abdi","twitter_misc":{"Geschreven door":"ni.abdi","Geschatte leestijd":"5 minuten"},"schema":{"@context":"https:\/\/schema.org","@graph":[{"@type":"Article","@id":"https:\/\/territorialchallenges.com\/2018\/02\/11\/leurope-et-la-mutation-numerique-de-ses-territoires\/1472\/#article","isPartOf":{"@id":"https:\/\/territorialchallenges.com\/2018\/02\/11\/leurope-et-la-mutation-numerique-de-ses-territoires\/1472\/"},"author":{"name":"ni.abdi","@id":"https:\/\/territorialchallenges.com\/#\/schema\/person\/098f145c7c61a021c425e010f840080f"},"headline":"L\u2019Europe et la mutation num\u00e9rique de ses territoires","datePublished":"2018-02-11T18:24:57+00:00","dateModified":"2018-02-11T18:24:57+00:00","mainEntityOfPage":{"@id":"https:\/\/territorialchallenges.com\/2018\/02\/11\/leurope-et-la-mutation-numerique-de-ses-territoires\/1472\/"},"wordCount":1051,"commentCount":0,"publisher":{"@id":"https:\/\/territorialchallenges.com\/#organization"},"articleSection":["R\u00e9flexion faite"],"inLanguage":"nl-NL"},{"@type":"WebPage","@id":"https:\/\/territorialchallenges.com\/2018\/02\/11\/leurope-et-la-mutation-numerique-de-ses-territoires\/1472\/","url":"https:\/\/territorialchallenges.com\/2018\/02\/11\/leurope-et-la-mutation-numerique-de-ses-territoires\/1472\/","name":"L\u2019Europe et la mutation num\u00e9rique de ses territoires - Territorial Challenges","isPartOf":{"@id":"https:\/\/territorialchallenges.com\/#website"},"datePublished":"2018-02-11T18:24:57+00:00","dateModified":"2018-02-11T18:24:57+00:00","breadcrumb":{"@id":"https:\/\/territorialchallenges.com\/2018\/02\/11\/leurope-et-la-mutation-numerique-de-ses-territoires\/1472\/#breadcrumb"},"inLanguage":"nl-NL","potentialAction":[{"@type":"ReadAction","target":["https:\/\/territorialchallenges.com\/2018\/02\/11\/leurope-et-la-mutation-numerique-de-ses-territoires\/1472\/"]}]},{"@type":"BreadcrumbList","@id":"https:\/\/territorialchallenges.com\/2018\/02\/11\/leurope-et-la-mutation-numerique-de-ses-territoires\/1472\/#breadcrumb","itemListElement":[{"@type":"ListItem","position":1,"name":"Home","item":"https:\/\/territorialchallenges.com\/"},{"@type":"ListItem","position":2,"name":"L\u2019Europe et la mutation num\u00e9rique de ses territoires"}]},{"@type":"WebSite","@id":"https:\/\/territorialchallenges.com\/#website","url":"https:\/\/territorialchallenges.com\/","name":"Territoriale uitdagingen","description":"Internationale monitoring - Slimme strategie\u00ebn - Beste praktijken","publisher":{"@id":"https:\/\/territorialchallenges.com\/#organization"},"potentialAction":[{"@type":"SearchAction","target":{"@type":"EntryPoint","urlTemplate":"https:\/\/territorialchallenges.com\/?s={search_term_string}"},"query-input":"required name=search_term_string"}],"inLanguage":"nl-NL"},{"@type":"Organization","@id":"https:\/\/territorialchallenges.com\/#organization","name":"Territoriale uitdagingen","url":"https:\/\/territorialchallenges.com\/","logo":{"@type":"ImageObject","inLanguage":"nl-NL","@id":"https:\/\/territorialchallenges.com\/#\/schema\/logo\/image\/","url":"https:\/\/territorialchallenges.com\/wp-content\/uploads\/2023\/10\/logo-1.png","contentUrl":"https:\/\/territorialchallenges.com\/wp-content\/uploads\/2023\/10\/logo-1.png","width":1832,"height":576,"caption":"Territorial Challenges"},"image":{"@id":"https:\/\/territorialchallenges.com\/#\/schema\/logo\/image\/"}},{"@type":"Person","@id":"https:\/\/territorialchallenges.com\/#\/schema\/person\/098f145c7c61a021c425e010f840080f","name":"ni.abdi","image":{"@type":"ImageObject","inLanguage":"nl-NL","@id":"https:\/\/territorialchallenges.com\/#\/schema\/person\/image\/","url":"https:\/\/secure.gravatar.com\/avatar\/2a2f2491f3c80039986ba989b1e4b510?s=96&d=identicon&r=g","contentUrl":"https:\/\/secure.gravatar.com\/avatar\/2a2f2491f3c80039986ba989b1e4b510?s=96&d=identicon&r=g","caption":"ni.abdi"},"sameAs":["https:\/\/twitter.com\/Ni.abdi"],"url":"https:\/\/territorialchallenges.com\/nl\/author\/ni-abdi\/"}]}},"_links":{"self":[{"href":"https:\/\/territorialchallenges.com\/nl\/wp-json\/wp\/v2\/posts\/1472"}],"collection":[{"href":"https:\/\/territorialchallenges.com\/nl\/wp-json\/wp\/v2\/posts"}],"about":[{"href":"https:\/\/territorialchallenges.com\/nl\/wp-json\/wp\/v2\/types\/post"}],"author":[{"embeddable":true,"href":"https:\/\/territorialchallenges.com\/nl\/wp-json\/wp\/v2\/users\/11"}],"replies":[{"embeddable":true,"href":"https:\/\/territorialchallenges.com\/nl\/wp-json\/wp\/v2\/comments?post=1472"}],"version-history":[{"count":0,"href":"https:\/\/territorialchallenges.com\/nl\/wp-json\/wp\/v2\/posts\/1472\/revisions"}],"wp:attachment":[{"href":"https:\/\/territorialchallenges.com\/nl\/wp-json\/wp\/v2\/media?parent=1472"}],"wp:term":[{"taxonomy":"category","embeddable":true,"href":"https:\/\/territorialchallenges.com\/nl\/wp-json\/wp\/v2\/categories?post=1472"},{"taxonomy":"post_tag","embeddable":true,"href":"https:\/\/territorialchallenges.com\/nl\/wp-json\/wp\/v2\/tags?post=1472"}],"curies":[{"name":"wp","href":"https:\/\/api.w.org\/{rel}","templated":true}]}}