{"id":1451,"date":"2018-01-14T22:22:11","date_gmt":"2018-01-14T21:22:11","guid":{"rendered":"https:\/\/ecoinovatio.com\/?p=1451"},"modified":"2018-01-14T22:22:11","modified_gmt":"2018-01-14T21:22:11","slug":"la-filiere-electrique-nest-pas-insatisfaite-elle-navigue-a-vue-2","status":"publish","type":"post","link":"https:\/\/territorialchallenges.com\/nl\/2018\/01\/14\/la-filiere-electrique-nest-pas-insatisfaite-elle-navigue-a-vue-2\/1451\/","title":{"rendered":"De elektriciteitssector is niet ontevreden, maar navigeert op zicht"},"content":{"rendered":"<p>De convergentie tussen energie en digitaal verstoort vaste gewoonten in bepaalde sectoren. De elektrotechnische sector vormt hierop geen uitzondering en is op zoek naar een toekomst. Een terugblik op een gemoedstoestand. De afgelopen maanden is er een bepaalde sfeer ontstaan in de wereld van elektrische apparatuur. Een sfeer die erop gericht is een 2016 van alle... <\/p>\n<div class=\"pmpro_content_message\">Artikel alleen beschikbaar voor abonnees.<br \/><a href=\"https:\/\/territorialchallenges.com\/wp-login.php\">Login<\/a><br \/><a href=\"https:\/\/territorialchallenges.com\/nl\/wp-login.php\/?action=register\">Register<\/a><\/div>","protected":false},"excerpt":{"rendered":"<p>La convergence \u00e9nergie\/num\u00e9rique bouleverse des habitudes immuables dans certaines industries. La fili\u00e8re \u00e9lectrique en premier,\u00a0qui n&rsquo;\u00e9chappe pas \u00e0 de telles mutations, se cherche un avenir. Passage en revue d&rsquo;un \u00e9tat d&rsquo;esprit. Une certaine atmosph\u00e8re s&rsquo;est install\u00e9e depuis quelques mois dans le monde de l&rsquo;\u00e9quipement \u00e9lectrique. Celle qui consiste \u00e0 pr\u00e9voir une ann\u00e9e 2016 de tous... <\/p>\n<div class=\"pmpro_content_message\">Artikel alleen beschikbaar voor abonnees.<br \/><a href=\"https:\/\/territorialchallenges.com\/wp-login.php\">Login<\/a><br \/><a href=\"https:\/\/territorialchallenges.com\/nl\/wp-login.php\/?action=register\">Register<\/a><\/div>","protected":false},"author":11,"featured_media":0,"comment_status":"open","ping_status":"open","sticky":true,"template":"","format":"standard","meta":{"pmpro_default_level":0,"footnotes":""},"categories":[123],"tags":[],"blocksy_meta":"","yoast_head":"<!-- This site is optimized with the Yoast SEO plugin v21.5 - https:\/\/yoast.com\/wordpress\/plugins\/seo\/ -->\n<title>La fili\u00e8re \u00e9lectrique n&#039;est pas insatisfaite, elle navigue \u00e0 vue - Territorial Challenges<\/title>\n<meta name=\"robots\" content=\"index, follow, max-snippet:-1, max-image-preview:large, max-video-preview:-1\" \/>\n<link rel=\"canonical\" href=\"https:\/\/territorialchallenges.com\/nl\/2018\/01\/14\/la-filiere-electrique-nest-pas-insatisfaite-elle-navigue-a-vue-2\/1451\/\" \/>\n<meta property=\"og:locale\" content=\"nl_NL\" \/>\n<meta property=\"og:type\" content=\"article\" \/>\n<meta property=\"og:title\" content=\"La fili\u00e8re \u00e9lectrique n&#039;est pas insatisfaite, elle navigue \u00e0 vue - Territorial Challenges\" \/>\n<meta property=\"og:description\" content=\"La convergence \u00e9nergie\/num\u00e9rique bouleverse des habitudes immuables dans certaines industries. La fili\u00e8re \u00e9lectrique en premier,\u00a0qui n&rsquo;\u00e9chappe pas \u00e0 de telles mutations, se cherche un avenir. Passage en revue d&rsquo;un \u00e9tat d&rsquo;esprit. Une certaine atmosph\u00e8re s&rsquo;est install\u00e9e depuis quelques mois dans le monde de l&rsquo;\u00e9quipement \u00e9lectrique. Celle qui consiste \u00e0 pr\u00e9voir une ann\u00e9e 2016 de tous [&hellip;]\" \/>\n<meta property=\"og:url\" content=\"https:\/\/territorialchallenges.com\/nl\/2018\/01\/14\/la-filiere-electrique-nest-pas-insatisfaite-elle-navigue-a-vue-2\/1451\/\" \/>\n<meta property=\"og:site_name\" content=\"Territorial Challenges\" \/>\n<meta property=\"article:published_time\" content=\"2018-01-14T21:22:11+00:00\" \/>\n<meta name=\"author\" content=\"ni.abdi\" \/>\n<meta name=\"twitter:card\" content=\"summary_large_image\" \/>\n<meta name=\"twitter:creator\" content=\"@Ni.abdi\" \/>\n<meta name=\"twitter:label1\" content=\"Geschreven door\" \/>\n\t<meta name=\"twitter:data1\" content=\"ni.abdi\" \/>\n\t<meta name=\"twitter:label2\" content=\"Geschatte leestijd\" \/>\n\t<meta name=\"twitter:data2\" content=\"3 minuten\" \/>\n<script type=\"application\/ld+json\" class=\"yoast-schema-graph\">{\"@context\":\"https:\/\/schema.org\",\"@graph\":[{\"@type\":\"Article\",\"@id\":\"https:\/\/territorialchallenges.com\/2018\/01\/14\/la-filiere-electrique-nest-pas-insatisfaite-elle-navigue-a-vue-2\/1451\/#article\",\"isPartOf\":{\"@id\":\"https:\/\/territorialchallenges.com\/2018\/01\/14\/la-filiere-electrique-nest-pas-insatisfaite-elle-navigue-a-vue-2\/1451\/\"},\"author\":{\"name\":\"ni.abdi\",\"@id\":\"https:\/\/territorialchallenges.com\/#\/schema\/person\/098f145c7c61a021c425e010f840080f\"},\"headline\":\"La fili\u00e8re \u00e9lectrique n&rsquo;est pas insatisfaite, elle navigue \u00e0 vue\",\"datePublished\":\"2018-01-14T21:22:11+00:00\",\"dateModified\":\"2018-01-14T21:22:11+00:00\",\"mainEntityOfPage\":{\"@id\":\"https:\/\/territorialchallenges.com\/2018\/01\/14\/la-filiere-electrique-nest-pas-insatisfaite-elle-navigue-a-vue-2\/1451\/\"},\"wordCount\":638,\"commentCount\":0,\"publisher\":{\"@id\":\"https:\/\/territorialchallenges.com\/#organization\"},\"articleSection\":[\"Archives - Editos\"],\"inLanguage\":\"nl-NL\"},{\"@type\":\"WebPage\",\"@id\":\"https:\/\/territorialchallenges.com\/2018\/01\/14\/la-filiere-electrique-nest-pas-insatisfaite-elle-navigue-a-vue-2\/1451\/\",\"url\":\"https:\/\/territorialchallenges.com\/2018\/01\/14\/la-filiere-electrique-nest-pas-insatisfaite-elle-navigue-a-vue-2\/1451\/\",\"name\":\"La fili\u00e8re \u00e9lectrique n'est pas insatisfaite, elle navigue \u00e0 vue - Territorial Challenges\",\"isPartOf\":{\"@id\":\"https:\/\/territorialchallenges.com\/#website\"},\"datePublished\":\"2018-01-14T21:22:11+00:00\",\"dateModified\":\"2018-01-14T21:22:11+00:00\",\"breadcrumb\":{\"@id\":\"https:\/\/territorialchallenges.com\/2018\/01\/14\/la-filiere-electrique-nest-pas-insatisfaite-elle-navigue-a-vue-2\/1451\/#breadcrumb\"},\"inLanguage\":\"nl-NL\",\"potentialAction\":[{\"@type\":\"ReadAction\",\"target\":[\"https:\/\/territorialchallenges.com\/2018\/01\/14\/la-filiere-electrique-nest-pas-insatisfaite-elle-navigue-a-vue-2\/1451\/\"]}]},{\"@type\":\"BreadcrumbList\",\"@id\":\"https:\/\/territorialchallenges.com\/2018\/01\/14\/la-filiere-electrique-nest-pas-insatisfaite-elle-navigue-a-vue-2\/1451\/#breadcrumb\",\"itemListElement\":[{\"@type\":\"ListItem\",\"position\":1,\"name\":\"Home\",\"item\":\"https:\/\/territorialchallenges.com\/\"},{\"@type\":\"ListItem\",\"position\":2,\"name\":\"La fili\u00e8re \u00e9lectrique n&rsquo;est pas insatisfaite, elle navigue \u00e0 vue\"}]},{\"@type\":\"WebSite\",\"@id\":\"https:\/\/territorialchallenges.com\/#website\",\"url\":\"https:\/\/territorialchallenges.com\/\",\"name\":\"Territorial Challenges\",\"description\":\"Veille Internationale - Strat\u00e9gie Intelligentes - Bonnes pratiques\",\"publisher\":{\"@id\":\"https:\/\/territorialchallenges.com\/#organization\"},\"potentialAction\":[{\"@type\":\"SearchAction\",\"target\":{\"@type\":\"EntryPoint\",\"urlTemplate\":\"https:\/\/territorialchallenges.com\/?s={search_term_string}\"},\"query-input\":\"required name=search_term_string\"}],\"inLanguage\":\"nl-NL\"},{\"@type\":\"Organization\",\"@id\":\"https:\/\/territorialchallenges.com\/#organization\",\"name\":\"Territorial Challenges\",\"url\":\"https:\/\/territorialchallenges.com\/\",\"logo\":{\"@type\":\"ImageObject\",\"inLanguage\":\"nl-NL\",\"@id\":\"https:\/\/territorialchallenges.com\/#\/schema\/logo\/image\/\",\"url\":\"https:\/\/territorialchallenges.com\/wp-content\/uploads\/2023\/10\/logo-1.png\",\"contentUrl\":\"https:\/\/territorialchallenges.com\/wp-content\/uploads\/2023\/10\/logo-1.png\",\"width\":1832,\"height\":576,\"caption\":\"Territorial Challenges\"},\"image\":{\"@id\":\"https:\/\/territorialchallenges.com\/#\/schema\/logo\/image\/\"}},{\"@type\":\"Person\",\"@id\":\"https:\/\/territorialchallenges.com\/#\/schema\/person\/098f145c7c61a021c425e010f840080f\",\"name\":\"ni.abdi\",\"image\":{\"@type\":\"ImageObject\",\"inLanguage\":\"nl-NL\",\"@id\":\"https:\/\/territorialchallenges.com\/#\/schema\/person\/image\/\",\"url\":\"https:\/\/secure.gravatar.com\/avatar\/2a2f2491f3c80039986ba989b1e4b510?s=96&d=identicon&r=g\",\"contentUrl\":\"https:\/\/secure.gravatar.com\/avatar\/2a2f2491f3c80039986ba989b1e4b510?s=96&d=identicon&r=g\",\"caption\":\"ni.abdi\"},\"sameAs\":[\"https:\/\/twitter.com\/Ni.abdi\"],\"url\":\"https:\/\/territorialchallenges.com\/nl\/author\/ni-abdi\/\"}]}<\/script>\n<!-- \/ Yoast SEO plugin. -->","yoast_head_json":{"title":"La fili\u00e8re \u00e9lectrique n'est pas insatisfaite, elle navigue \u00e0 vue - Territorial Challenges","robots":{"index":"index","follow":"follow","max-snippet":"max-snippet:-1","max-image-preview":"max-image-preview:large","max-video-preview":"max-video-preview:-1"},"canonical":"https:\/\/territorialchallenges.com\/nl\/2018\/01\/14\/la-filiere-electrique-nest-pas-insatisfaite-elle-navigue-a-vue-2\/1451\/","og_locale":"nl_NL","og_type":"article","og_title":"La fili\u00e8re \u00e9lectrique n'est pas insatisfaite, elle navigue \u00e0 vue - Territorial Challenges","og_description":"La convergence \u00e9nergie\/num\u00e9rique bouleverse des habitudes immuables dans certaines industries. La fili\u00e8re \u00e9lectrique en premier,\u00a0qui n&rsquo;\u00e9chappe pas \u00e0 de telles mutations, se cherche un avenir. Passage en revue d&rsquo;un \u00e9tat d&rsquo;esprit. Une certaine atmosph\u00e8re s&rsquo;est install\u00e9e depuis quelques mois dans le monde de l&rsquo;\u00e9quipement \u00e9lectrique. Celle qui consiste \u00e0 pr\u00e9voir une ann\u00e9e 2016 de tous [&hellip;]","og_url":"https:\/\/territorialchallenges.com\/nl\/2018\/01\/14\/la-filiere-electrique-nest-pas-insatisfaite-elle-navigue-a-vue-2\/1451\/","og_site_name":"Territorial Challenges","article_published_time":"2018-01-14T21:22:11+00:00","author":"ni.abdi","twitter_card":"summary_large_image","twitter_creator":"@Ni.abdi","twitter_misc":{"Geschreven door":"ni.abdi","Geschatte leestijd":"3 minuten"},"schema":{"@context":"https:\/\/schema.org","@graph":[{"@type":"Article","@id":"https:\/\/territorialchallenges.com\/2018\/01\/14\/la-filiere-electrique-nest-pas-insatisfaite-elle-navigue-a-vue-2\/1451\/#article","isPartOf":{"@id":"https:\/\/territorialchallenges.com\/2018\/01\/14\/la-filiere-electrique-nest-pas-insatisfaite-elle-navigue-a-vue-2\/1451\/"},"author":{"name":"ni.abdi","@id":"https:\/\/territorialchallenges.com\/#\/schema\/person\/098f145c7c61a021c425e010f840080f"},"headline":"La fili\u00e8re \u00e9lectrique n&rsquo;est pas insatisfaite, elle navigue \u00e0 vue","datePublished":"2018-01-14T21:22:11+00:00","dateModified":"2018-01-14T21:22:11+00:00","mainEntityOfPage":{"@id":"https:\/\/territorialchallenges.com\/2018\/01\/14\/la-filiere-electrique-nest-pas-insatisfaite-elle-navigue-a-vue-2\/1451\/"},"wordCount":638,"commentCount":0,"publisher":{"@id":"https:\/\/territorialchallenges.com\/#organization"},"articleSection":["Archives - Editos"],"inLanguage":"nl-NL"},{"@type":"WebPage","@id":"https:\/\/territorialchallenges.com\/2018\/01\/14\/la-filiere-electrique-nest-pas-insatisfaite-elle-navigue-a-vue-2\/1451\/","url":"https:\/\/territorialchallenges.com\/2018\/01\/14\/la-filiere-electrique-nest-pas-insatisfaite-elle-navigue-a-vue-2\/1451\/","name":"La fili\u00e8re \u00e9lectrique n'est pas insatisfaite, elle navigue \u00e0 vue - Territorial Challenges","isPartOf":{"@id":"https:\/\/territorialchallenges.com\/#website"},"datePublished":"2018-01-14T21:22:11+00:00","dateModified":"2018-01-14T21:22:11+00:00","breadcrumb":{"@id":"https:\/\/territorialchallenges.com\/2018\/01\/14\/la-filiere-electrique-nest-pas-insatisfaite-elle-navigue-a-vue-2\/1451\/#breadcrumb"},"inLanguage":"nl-NL","potentialAction":[{"@type":"ReadAction","target":["https:\/\/territorialchallenges.com\/2018\/01\/14\/la-filiere-electrique-nest-pas-insatisfaite-elle-navigue-a-vue-2\/1451\/"]}]},{"@type":"BreadcrumbList","@id":"https:\/\/territorialchallenges.com\/2018\/01\/14\/la-filiere-electrique-nest-pas-insatisfaite-elle-navigue-a-vue-2\/1451\/#breadcrumb","itemListElement":[{"@type":"ListItem","position":1,"name":"Home","item":"https:\/\/territorialchallenges.com\/"},{"@type":"ListItem","position":2,"name":"La fili\u00e8re \u00e9lectrique n&rsquo;est pas insatisfaite, elle navigue \u00e0 vue"}]},{"@type":"WebSite","@id":"https:\/\/territorialchallenges.com\/#website","url":"https:\/\/territorialchallenges.com\/","name":"Territoriale uitdagingen","description":"Internationale monitoring - Slimme strategie\u00ebn - Beste praktijken","publisher":{"@id":"https:\/\/territorialchallenges.com\/#organization"},"potentialAction":[{"@type":"SearchAction","target":{"@type":"EntryPoint","urlTemplate":"https:\/\/territorialchallenges.com\/?s={search_term_string}"},"query-input":"required name=search_term_string"}],"inLanguage":"nl-NL"},{"@type":"Organization","@id":"https:\/\/territorialchallenges.com\/#organization","name":"Territoriale uitdagingen","url":"https:\/\/territorialchallenges.com\/","logo":{"@type":"ImageObject","inLanguage":"nl-NL","@id":"https:\/\/territorialchallenges.com\/#\/schema\/logo\/image\/","url":"https:\/\/territorialchallenges.com\/wp-content\/uploads\/2023\/10\/logo-1.png","contentUrl":"https:\/\/territorialchallenges.com\/wp-content\/uploads\/2023\/10\/logo-1.png","width":1832,"height":576,"caption":"Territorial Challenges"},"image":{"@id":"https:\/\/territorialchallenges.com\/#\/schema\/logo\/image\/"}},{"@type":"Person","@id":"https:\/\/territorialchallenges.com\/#\/schema\/person\/098f145c7c61a021c425e010f840080f","name":"ni.abdi","image":{"@type":"ImageObject","inLanguage":"nl-NL","@id":"https:\/\/territorialchallenges.com\/#\/schema\/person\/image\/","url":"https:\/\/secure.gravatar.com\/avatar\/2a2f2491f3c80039986ba989b1e4b510?s=96&d=identicon&r=g","contentUrl":"https:\/\/secure.gravatar.com\/avatar\/2a2f2491f3c80039986ba989b1e4b510?s=96&d=identicon&r=g","caption":"ni.abdi"},"sameAs":["https:\/\/twitter.com\/Ni.abdi"],"url":"https:\/\/territorialchallenges.com\/nl\/author\/ni-abdi\/"}]}},"_links":{"self":[{"href":"https:\/\/territorialchallenges.com\/nl\/wp-json\/wp\/v2\/posts\/1451"}],"collection":[{"href":"https:\/\/territorialchallenges.com\/nl\/wp-json\/wp\/v2\/posts"}],"about":[{"href":"https:\/\/territorialchallenges.com\/nl\/wp-json\/wp\/v2\/types\/post"}],"author":[{"embeddable":true,"href":"https:\/\/territorialchallenges.com\/nl\/wp-json\/wp\/v2\/users\/11"}],"replies":[{"embeddable":true,"href":"https:\/\/territorialchallenges.com\/nl\/wp-json\/wp\/v2\/comments?post=1451"}],"version-history":[{"count":0,"href":"https:\/\/territorialchallenges.com\/nl\/wp-json\/wp\/v2\/posts\/1451\/revisions"}],"wp:attachment":[{"href":"https:\/\/territorialchallenges.com\/nl\/wp-json\/wp\/v2\/media?parent=1451"}],"wp:term":[{"taxonomy":"category","embeddable":true,"href":"https:\/\/territorialchallenges.com\/nl\/wp-json\/wp\/v2\/categories?post=1451"},{"taxonomy":"post_tag","embeddable":true,"href":"https:\/\/territorialchallenges.com\/nl\/wp-json\/wp\/v2\/tags?post=1451"}],"curies":[{"name":"wp","href":"https:\/\/api.w.org\/{rel}","templated":true}]}}