{"id":124655,"date":"2025-07-23T11:56:47","date_gmt":"2025-07-23T09:56:47","guid":{"rendered":"https:\/\/territorialchallenges.com\/?p=124655"},"modified":"2025-07-23T11:56:47","modified_gmt":"2025-07-23T09:56:47","slug":"informatique-quantique-lavenir-strategique-des-territoires-francais","status":"publish","type":"post","link":"https:\/\/territorialchallenges.com\/nl\/2025\/07\/23\/informatique-quantique-lavenir-strategique-des-territoires-francais\/124655\/","title":{"rendered":"Quantum computing: de strategische toekomst van de Franse gebieden"},"content":{"rendered":"<p>Ver weg van de mediahype rond kunstmatige intelligentie, is er een discretere maar even beslissende revolutie in aantocht: quantum computing. Voor Franse lokale overheden is het tijd voor strategische monitoring. Want het negeren van deze transformatie zou betekenen dat een belangrijk technologisch keerpunt gemist wordt. Terwijl kunstmatige intelligentie (AI) de media- en politieke aandacht monopoliseert,\u2026 <\/p>\n<div class=\"pmpro_content_message\">Artikel alleen beschikbaar voor abonnees.<br \/><a href=\"https:\/\/territorialchallenges.com\/wp-login.php\">Login<\/a><br \/><a href=\"https:\/\/territorialchallenges.com\/nl\/wp-login.php\/?action=register\">Register<\/a><\/div>","protected":false},"excerpt":{"rendered":"<p>Loin de l\u2019agitation m\u00e9diatique autour de l\u2019intelligence artificielle, une r\u00e9volution plus discr\u00e8te mais tout aussi d\u00e9cisive se pr\u00e9pare : celle de l\u2019informatique quantique. Pour les collectivit\u00e9s territoriales fran\u00e7aises, l\u2019heure est \u00e0 la veille strat\u00e9gique. Car ignorer cette mutation reviendrait \u00e0 rater un tournant technologique majeur. Alors que l&rsquo;intelligence artificielle (IA) monopolise l&rsquo;attention m\u00e9diatique et politique,... <\/p>\n<div class=\"pmpro_content_message\">Artikel alleen beschikbaar voor abonnees.<br \/><a href=\"https:\/\/territorialchallenges.com\/wp-login.php\">Login<\/a><br \/><a href=\"https:\/\/territorialchallenges.com\/nl\/wp-login.php\/?action=register\">Register<\/a><\/div>","protected":false},"author":11,"featured_media":124656,"comment_status":"closed","ping_status":"closed","sticky":true,"template":"","format":"standard","meta":{"pmpro_default_level":0,"footnotes":""},"categories":[126,117],"tags":[],"blocksy_meta":"","yoast_head":"<!-- This site is optimized with the Yoast SEO plugin v21.5 - https:\/\/yoast.com\/wordpress\/plugins\/seo\/ -->\n<title>Informatique quantique : l\u2019avenir strat\u00e9gique des territoires fran\u00e7ais - Territorial Challenges<\/title>\n<meta name=\"robots\" content=\"index, follow, max-snippet:-1, max-image-preview:large, max-video-preview:-1\" \/>\n<link rel=\"canonical\" href=\"https:\/\/territorialchallenges.com\/nl\/2025\/07\/23\/informatique-quantique-lavenir-strategique-des-territoires-francais\/124655\/\" \/>\n<meta property=\"og:locale\" content=\"nl_NL\" \/>\n<meta property=\"og:type\" content=\"article\" \/>\n<meta property=\"og:title\" content=\"Informatique quantique : l\u2019avenir strat\u00e9gique des territoires fran\u00e7ais - Territorial Challenges\" \/>\n<meta property=\"og:description\" content=\"Loin de l\u2019agitation m\u00e9diatique autour de l\u2019intelligence artificielle, une r\u00e9volution plus discr\u00e8te mais tout aussi d\u00e9cisive se pr\u00e9pare : celle de l\u2019informatique quantique. Pour les collectivit\u00e9s territoriales fran\u00e7aises, l\u2019heure est \u00e0 la veille strat\u00e9gique. Car ignorer cette mutation reviendrait \u00e0 rater un tournant technologique majeur. Alors que l&rsquo;intelligence artificielle (IA) monopolise l&rsquo;attention m\u00e9diatique et politique, [&hellip;]\" \/>\n<meta property=\"og:url\" content=\"https:\/\/territorialchallenges.com\/nl\/2025\/07\/23\/informatique-quantique-lavenir-strategique-des-territoires-francais\/124655\/\" \/>\n<meta property=\"og:site_name\" content=\"Territorial Challenges\" \/>\n<meta property=\"article:published_time\" content=\"2025-07-23T09:56:47+00:00\" \/>\n<meta property=\"og:image\" content=\"https:\/\/territorialchallenges.com\/wp-content\/uploads\/2025\/07\/reflexionsfaites22.07.25.Image_.jpg\" \/>\n\t<meta property=\"og:image:width\" content=\"1014\" \/>\n\t<meta property=\"og:image:height\" content=\"720\" \/>\n\t<meta property=\"og:image:type\" content=\"image\/jpeg\" \/>\n<meta name=\"author\" content=\"ni.abdi\" \/>\n<meta name=\"twitter:card\" content=\"summary_large_image\" \/>\n<meta name=\"twitter:creator\" content=\"@Ni.abdi\" \/>\n<meta name=\"twitter:label1\" content=\"Geschreven door\" \/>\n\t<meta name=\"twitter:data1\" content=\"ni.abdi\" \/>\n\t<meta name=\"twitter:label2\" content=\"Geschatte leestijd\" \/>\n\t<meta name=\"twitter:data2\" content=\"4 minuten\" \/>\n<script type=\"application\/ld+json\" class=\"yoast-schema-graph\">{\"@context\":\"https:\/\/schema.org\",\"@graph\":[{\"@type\":\"Article\",\"@id\":\"https:\/\/territorialchallenges.com\/2025\/07\/23\/informatique-quantique-lavenir-strategique-des-territoires-francais\/124655\/#article\",\"isPartOf\":{\"@id\":\"https:\/\/territorialchallenges.com\/2025\/07\/23\/informatique-quantique-lavenir-strategique-des-territoires-francais\/124655\/\"},\"author\":{\"name\":\"ni.abdi\",\"@id\":\"https:\/\/territorialchallenges.com\/#\/schema\/person\/098f145c7c61a021c425e010f840080f\"},\"headline\":\"Informatique quantique : l\u2019avenir strat\u00e9gique des territoires fran\u00e7ais\",\"datePublished\":\"2025-07-23T09:56:47+00:00\",\"dateModified\":\"2025-07-23T09:56:47+00:00\",\"mainEntityOfPage\":{\"@id\":\"https:\/\/territorialchallenges.com\/2025\/07\/23\/informatique-quantique-lavenir-strategique-des-territoires-francais\/124655\/\"},\"wordCount\":898,\"publisher\":{\"@id\":\"https:\/\/territorialchallenges.com\/#organization\"},\"articleSection\":[\"On parle d'eux\",\"\u00c9cosyst\u00e8me\"],\"inLanguage\":\"nl-NL\"},{\"@type\":\"WebPage\",\"@id\":\"https:\/\/territorialchallenges.com\/2025\/07\/23\/informatique-quantique-lavenir-strategique-des-territoires-francais\/124655\/\",\"url\":\"https:\/\/territorialchallenges.com\/2025\/07\/23\/informatique-quantique-lavenir-strategique-des-territoires-francais\/124655\/\",\"name\":\"Informatique quantique : l\u2019avenir strat\u00e9gique des territoires fran\u00e7ais - Territorial Challenges\",\"isPartOf\":{\"@id\":\"https:\/\/territorialchallenges.com\/#website\"},\"datePublished\":\"2025-07-23T09:56:47+00:00\",\"dateModified\":\"2025-07-23T09:56:47+00:00\",\"breadcrumb\":{\"@id\":\"https:\/\/territorialchallenges.com\/2025\/07\/23\/informatique-quantique-lavenir-strategique-des-territoires-francais\/124655\/#breadcrumb\"},\"inLanguage\":\"nl-NL\",\"potentialAction\":[{\"@type\":\"ReadAction\",\"target\":[\"https:\/\/territorialchallenges.com\/2025\/07\/23\/informatique-quantique-lavenir-strategique-des-territoires-francais\/124655\/\"]}]},{\"@type\":\"BreadcrumbList\",\"@id\":\"https:\/\/territorialchallenges.com\/2025\/07\/23\/informatique-quantique-lavenir-strategique-des-territoires-francais\/124655\/#breadcrumb\",\"itemListElement\":[{\"@type\":\"ListItem\",\"position\":1,\"name\":\"Home\",\"item\":\"https:\/\/territorialchallenges.com\/\"},{\"@type\":\"ListItem\",\"position\":2,\"name\":\"Informatique quantique : l\u2019avenir strat\u00e9gique des territoires fran\u00e7ais\"}]},{\"@type\":\"WebSite\",\"@id\":\"https:\/\/territorialchallenges.com\/#website\",\"url\":\"https:\/\/territorialchallenges.com\/\",\"name\":\"Territorial Challenges\",\"description\":\"Veille Internationale - Strat\u00e9gie Intelligentes - Bonnes pratiques\",\"publisher\":{\"@id\":\"https:\/\/territorialchallenges.com\/#organization\"},\"potentialAction\":[{\"@type\":\"SearchAction\",\"target\":{\"@type\":\"EntryPoint\",\"urlTemplate\":\"https:\/\/territorialchallenges.com\/?s={search_term_string}\"},\"query-input\":\"required name=search_term_string\"}],\"inLanguage\":\"nl-NL\"},{\"@type\":\"Organization\",\"@id\":\"https:\/\/territorialchallenges.com\/#organization\",\"name\":\"Territorial Challenges\",\"url\":\"https:\/\/territorialchallenges.com\/\",\"logo\":{\"@type\":\"ImageObject\",\"inLanguage\":\"nl-NL\",\"@id\":\"https:\/\/territorialchallenges.com\/#\/schema\/logo\/image\/\",\"url\":\"https:\/\/territorialchallenges.com\/wp-content\/uploads\/2023\/10\/logo-1.png\",\"contentUrl\":\"https:\/\/territorialchallenges.com\/wp-content\/uploads\/2023\/10\/logo-1.png\",\"width\":1832,\"height\":576,\"caption\":\"Territorial Challenges\"},\"image\":{\"@id\":\"https:\/\/territorialchallenges.com\/#\/schema\/logo\/image\/\"}},{\"@type\":\"Person\",\"@id\":\"https:\/\/territorialchallenges.com\/#\/schema\/person\/098f145c7c61a021c425e010f840080f\",\"name\":\"ni.abdi\",\"image\":{\"@type\":\"ImageObject\",\"inLanguage\":\"nl-NL\",\"@id\":\"https:\/\/territorialchallenges.com\/#\/schema\/person\/image\/\",\"url\":\"https:\/\/secure.gravatar.com\/avatar\/2a2f2491f3c80039986ba989b1e4b510?s=96&d=identicon&r=g\",\"contentUrl\":\"https:\/\/secure.gravatar.com\/avatar\/2a2f2491f3c80039986ba989b1e4b510?s=96&d=identicon&r=g\",\"caption\":\"ni.abdi\"},\"sameAs\":[\"https:\/\/twitter.com\/Ni.abdi\"],\"url\":\"https:\/\/territorialchallenges.com\/nl\/author\/ni-abdi\/\"}]}<\/script>\n<!-- \/ Yoast SEO plugin. -->","yoast_head_json":{"title":"Informatique quantique : l\u2019avenir strat\u00e9gique des territoires fran\u00e7ais - Territorial Challenges","robots":{"index":"index","follow":"follow","max-snippet":"max-snippet:-1","max-image-preview":"max-image-preview:large","max-video-preview":"max-video-preview:-1"},"canonical":"https:\/\/territorialchallenges.com\/nl\/2025\/07\/23\/informatique-quantique-lavenir-strategique-des-territoires-francais\/124655\/","og_locale":"nl_NL","og_type":"article","og_title":"Informatique quantique : l\u2019avenir strat\u00e9gique des territoires fran\u00e7ais - Territorial Challenges","og_description":"Loin de l\u2019agitation m\u00e9diatique autour de l\u2019intelligence artificielle, une r\u00e9volution plus discr\u00e8te mais tout aussi d\u00e9cisive se pr\u00e9pare : celle de l\u2019informatique quantique. Pour les collectivit\u00e9s territoriales fran\u00e7aises, l\u2019heure est \u00e0 la veille strat\u00e9gique. Car ignorer cette mutation reviendrait \u00e0 rater un tournant technologique majeur. Alors que l&rsquo;intelligence artificielle (IA) monopolise l&rsquo;attention m\u00e9diatique et politique, [&hellip;]","og_url":"https:\/\/territorialchallenges.com\/nl\/2025\/07\/23\/informatique-quantique-lavenir-strategique-des-territoires-francais\/124655\/","og_site_name":"Territorial Challenges","article_published_time":"2025-07-23T09:56:47+00:00","og_image":[{"width":1014,"height":720,"url":"https:\/\/territorialchallenges.com\/wp-content\/uploads\/2025\/07\/reflexionsfaites22.07.25.Image_.jpg","type":"image\/jpeg"}],"author":"ni.abdi","twitter_card":"summary_large_image","twitter_creator":"@Ni.abdi","twitter_misc":{"Geschreven door":"ni.abdi","Geschatte leestijd":"4 minuten"},"schema":{"@context":"https:\/\/schema.org","@graph":[{"@type":"Article","@id":"https:\/\/territorialchallenges.com\/2025\/07\/23\/informatique-quantique-lavenir-strategique-des-territoires-francais\/124655\/#article","isPartOf":{"@id":"https:\/\/territorialchallenges.com\/2025\/07\/23\/informatique-quantique-lavenir-strategique-des-territoires-francais\/124655\/"},"author":{"name":"ni.abdi","@id":"https:\/\/territorialchallenges.com\/#\/schema\/person\/098f145c7c61a021c425e010f840080f"},"headline":"Informatique quantique : l\u2019avenir strat\u00e9gique des territoires fran\u00e7ais","datePublished":"2025-07-23T09:56:47+00:00","dateModified":"2025-07-23T09:56:47+00:00","mainEntityOfPage":{"@id":"https:\/\/territorialchallenges.com\/2025\/07\/23\/informatique-quantique-lavenir-strategique-des-territoires-francais\/124655\/"},"wordCount":898,"publisher":{"@id":"https:\/\/territorialchallenges.com\/#organization"},"articleSection":["On parle d'eux","\u00c9cosyst\u00e8me"],"inLanguage":"nl-NL"},{"@type":"WebPage","@id":"https:\/\/territorialchallenges.com\/2025\/07\/23\/informatique-quantique-lavenir-strategique-des-territoires-francais\/124655\/","url":"https:\/\/territorialchallenges.com\/2025\/07\/23\/informatique-quantique-lavenir-strategique-des-territoires-francais\/124655\/","name":"Informatique quantique : l\u2019avenir strat\u00e9gique des territoires fran\u00e7ais - Territorial Challenges","isPartOf":{"@id":"https:\/\/territorialchallenges.com\/#website"},"datePublished":"2025-07-23T09:56:47+00:00","dateModified":"2025-07-23T09:56:47+00:00","breadcrumb":{"@id":"https:\/\/territorialchallenges.com\/2025\/07\/23\/informatique-quantique-lavenir-strategique-des-territoires-francais\/124655\/#breadcrumb"},"inLanguage":"nl-NL","potentialAction":[{"@type":"ReadAction","target":["https:\/\/territorialchallenges.com\/2025\/07\/23\/informatique-quantique-lavenir-strategique-des-territoires-francais\/124655\/"]}]},{"@type":"BreadcrumbList","@id":"https:\/\/territorialchallenges.com\/2025\/07\/23\/informatique-quantique-lavenir-strategique-des-territoires-francais\/124655\/#breadcrumb","itemListElement":[{"@type":"ListItem","position":1,"name":"Home","item":"https:\/\/territorialchallenges.com\/"},{"@type":"ListItem","position":2,"name":"Informatique quantique : l\u2019avenir strat\u00e9gique des territoires fran\u00e7ais"}]},{"@type":"WebSite","@id":"https:\/\/territorialchallenges.com\/#website","url":"https:\/\/territorialchallenges.com\/","name":"Territoriale uitdagingen","description":"Internationale monitoring - Slimme strategie\u00ebn - Beste praktijken","publisher":{"@id":"https:\/\/territorialchallenges.com\/#organization"},"potentialAction":[{"@type":"SearchAction","target":{"@type":"EntryPoint","urlTemplate":"https:\/\/territorialchallenges.com\/?s={search_term_string}"},"query-input":"required name=search_term_string"}],"inLanguage":"nl-NL"},{"@type":"Organization","@id":"https:\/\/territorialchallenges.com\/#organization","name":"Territoriale uitdagingen","url":"https:\/\/territorialchallenges.com\/","logo":{"@type":"ImageObject","inLanguage":"nl-NL","@id":"https:\/\/territorialchallenges.com\/#\/schema\/logo\/image\/","url":"https:\/\/territorialchallenges.com\/wp-content\/uploads\/2023\/10\/logo-1.png","contentUrl":"https:\/\/territorialchallenges.com\/wp-content\/uploads\/2023\/10\/logo-1.png","width":1832,"height":576,"caption":"Territorial Challenges"},"image":{"@id":"https:\/\/territorialchallenges.com\/#\/schema\/logo\/image\/"}},{"@type":"Person","@id":"https:\/\/territorialchallenges.com\/#\/schema\/person\/098f145c7c61a021c425e010f840080f","name":"ni.abdi","image":{"@type":"ImageObject","inLanguage":"nl-NL","@id":"https:\/\/territorialchallenges.com\/#\/schema\/person\/image\/","url":"https:\/\/secure.gravatar.com\/avatar\/2a2f2491f3c80039986ba989b1e4b510?s=96&d=identicon&r=g","contentUrl":"https:\/\/secure.gravatar.com\/avatar\/2a2f2491f3c80039986ba989b1e4b510?s=96&d=identicon&r=g","caption":"ni.abdi"},"sameAs":["https:\/\/twitter.com\/Ni.abdi"],"url":"https:\/\/territorialchallenges.com\/nl\/author\/ni-abdi\/"}]}},"_links":{"self":[{"href":"https:\/\/territorialchallenges.com\/nl\/wp-json\/wp\/v2\/posts\/124655"}],"collection":[{"href":"https:\/\/territorialchallenges.com\/nl\/wp-json\/wp\/v2\/posts"}],"about":[{"href":"https:\/\/territorialchallenges.com\/nl\/wp-json\/wp\/v2\/types\/post"}],"author":[{"embeddable":true,"href":"https:\/\/territorialchallenges.com\/nl\/wp-json\/wp\/v2\/users\/11"}],"replies":[{"embeddable":true,"href":"https:\/\/territorialchallenges.com\/nl\/wp-json\/wp\/v2\/comments?post=124655"}],"version-history":[{"count":1,"href":"https:\/\/territorialchallenges.com\/nl\/wp-json\/wp\/v2\/posts\/124655\/revisions"}],"predecessor-version":[{"id":124657,"href":"https:\/\/territorialchallenges.com\/nl\/wp-json\/wp\/v2\/posts\/124655\/revisions\/124657"}],"wp:featuredmedia":[{"embeddable":true,"href":"https:\/\/territorialchallenges.com\/nl\/wp-json\/wp\/v2\/media\/124656"}],"wp:attachment":[{"href":"https:\/\/territorialchallenges.com\/nl\/wp-json\/wp\/v2\/media?parent=124655"}],"wp:term":[{"taxonomy":"category","embeddable":true,"href":"https:\/\/territorialchallenges.com\/nl\/wp-json\/wp\/v2\/categories?post=124655"},{"taxonomy":"post_tag","embeddable":true,"href":"https:\/\/territorialchallenges.com\/nl\/wp-json\/wp\/v2\/tags?post=124655"}],"curies":[{"name":"wp","href":"https:\/\/api.w.org\/{rel}","templated":true}]}}