{"id":124646,"date":"2025-07-23T11:16:39","date_gmt":"2025-07-23T09:16:39","guid":{"rendered":"https:\/\/territorialchallenges.com\/?p=124646"},"modified":"2025-07-23T11:16:39","modified_gmt":"2025-07-23T09:16:39","slug":"patero-et-syllego-une-alliance-strategique-pour-la-cybersecurite-des-villes-intelligentes-americaines","status":"publish","type":"post","link":"https:\/\/territorialchallenges.com\/nl\/2025\/07\/23\/patero-et-syllego-une-alliance-strategique-pour-la-cybersecurite-des-villes-intelligentes-americaines\/124646\/","title":{"rendered":"Patero en Syllego: een strategische alliantie voor de cyberbeveiliging van Amerikaanse slimme steden"},"content":{"rendered":"<p>In een steeds meer verbonden wereld wordt cybersecurity een grote uitdaging voor slimme steden. Patero, specialist in post-kwantumencryptie, werkt samen met Syllego om zijn geavanceerde technologie te integreren in het DUST-platform en zo de beveiliging van Amerikaanse stedelijke infrastructuur tegen opkomende kwantumdreigingen te versterken. Patero, een leider op het gebied van\u2026 <\/p>\n<div class=\"pmpro_content_message\">Artikel alleen beschikbaar voor abonnees.<br \/><a href=\"https:\/\/territorialchallenges.com\/wp-login.php\">Login<\/a><br \/><a href=\"https:\/\/territorialchallenges.com\/nl\/wp-login.php\/?action=register\">Register<\/a><\/div>","protected":false},"excerpt":{"rendered":"<p>Dans un monde de plus en plus connect\u00e9, la cybers\u00e9curit\u00e9 devient un enjeu majeur pour les villes intelligentes. Patero, sp\u00e9cialiste du cryptage post-quantique, s&rsquo;associe \u00e0 Syllego pour int\u00e9grer sa technologie avanc\u00e9e dans la plateforme DUST, renfor\u00e7ant ainsi la s\u00e9curit\u00e9 des infrastructures urbaines am\u00e9ricaines face aux menaces quantiques \u00e9mergentes. Patero, un leader dans le domaine de... <\/p>\n<div class=\"pmpro_content_message\">Artikel alleen beschikbaar voor abonnees.<br \/><a href=\"https:\/\/territorialchallenges.com\/wp-login.php\">Login<\/a><br \/><a href=\"https:\/\/territorialchallenges.com\/nl\/wp-login.php\/?action=register\">Register<\/a><\/div>","protected":false},"author":11,"featured_media":124647,"comment_status":"closed","ping_status":"closed","sticky":true,"template":"","format":"standard","meta":{"pmpro_default_level":0,"footnotes":""},"categories":[19,124],"tags":[],"blocksy_meta":"","yoast_head":"<!-- This site is optimized with the Yoast SEO plugin v21.5 - https:\/\/yoast.com\/wordpress\/plugins\/seo\/ -->\n<title>Patero et Syllego : une alliance strat\u00e9gique pour la cybers\u00e9curit\u00e9 des villes Intelligentes am\u00e9ricaines - Territorial Challenges<\/title>\n<meta name=\"robots\" content=\"index, follow, max-snippet:-1, max-image-preview:large, max-video-preview:-1\" \/>\n<link rel=\"canonical\" href=\"https:\/\/territorialchallenges.com\/nl\/2025\/07\/23\/patero-et-syllego-une-alliance-strategique-pour-la-cybersecurite-des-villes-intelligentes-americaines\/124646\/\" \/>\n<meta property=\"og:locale\" content=\"nl_NL\" \/>\n<meta property=\"og:type\" content=\"article\" \/>\n<meta property=\"og:title\" content=\"Patero et Syllego : une alliance strat\u00e9gique pour la cybers\u00e9curit\u00e9 des villes Intelligentes am\u00e9ricaines - Territorial Challenges\" \/>\n<meta property=\"og:description\" content=\"Dans un monde de plus en plus connect\u00e9, la cybers\u00e9curit\u00e9 devient un enjeu majeur pour les villes intelligentes. Patero, sp\u00e9cialiste du cryptage post-quantique, s&rsquo;associe \u00e0 Syllego pour int\u00e9grer sa technologie avanc\u00e9e dans la plateforme DUST, renfor\u00e7ant ainsi la s\u00e9curit\u00e9 des infrastructures urbaines am\u00e9ricaines face aux menaces quantiques \u00e9mergentes. Patero, un leader dans le domaine de [&hellip;]\" \/>\n<meta property=\"og:url\" content=\"https:\/\/territorialchallenges.com\/nl\/2025\/07\/23\/patero-et-syllego-une-alliance-strategique-pour-la-cybersecurite-des-villes-intelligentes-americaines\/124646\/\" \/>\n<meta property=\"og:site_name\" content=\"Territorial Challenges\" \/>\n<meta property=\"article:published_time\" content=\"2025-07-23T09:16:39+00:00\" \/>\n<meta property=\"og:image\" content=\"https:\/\/territorialchallenges.com\/wp-content\/uploads\/2025\/07\/territoiresintelligents22.07.25.image_.jpg\" \/>\n\t<meta property=\"og:image:width\" content=\"1280\" \/>\n\t<meta property=\"og:image:height\" content=\"853\" \/>\n\t<meta property=\"og:image:type\" content=\"image\/jpeg\" \/>\n<meta name=\"author\" content=\"ni.abdi\" \/>\n<meta name=\"twitter:card\" content=\"summary_large_image\" \/>\n<meta name=\"twitter:creator\" content=\"@Ni.abdi\" \/>\n<meta name=\"twitter:label1\" content=\"Geschreven door\" \/>\n\t<meta name=\"twitter:data1\" content=\"ni.abdi\" \/>\n\t<meta name=\"twitter:label2\" content=\"Geschatte leestijd\" \/>\n\t<meta name=\"twitter:data2\" content=\"5 minuten\" \/>\n<script type=\"application\/ld+json\" class=\"yoast-schema-graph\">{\"@context\":\"https:\/\/schema.org\",\"@graph\":[{\"@type\":\"Article\",\"@id\":\"https:\/\/territorialchallenges.com\/2025\/07\/23\/patero-et-syllego-une-alliance-strategique-pour-la-cybersecurite-des-villes-intelligentes-americaines\/124646\/#article\",\"isPartOf\":{\"@id\":\"https:\/\/territorialchallenges.com\/2025\/07\/23\/patero-et-syllego-une-alliance-strategique-pour-la-cybersecurite-des-villes-intelligentes-americaines\/124646\/\"},\"author\":{\"name\":\"ni.abdi\",\"@id\":\"https:\/\/territorialchallenges.com\/#\/schema\/person\/098f145c7c61a021c425e010f840080f\"},\"headline\":\"Patero et Syllego : une alliance strat\u00e9gique pour la cybers\u00e9curit\u00e9 des villes Intelligentes am\u00e9ricaines\",\"datePublished\":\"2025-07-23T09:16:39+00:00\",\"dateModified\":\"2025-07-23T09:16:39+00:00\",\"mainEntityOfPage\":{\"@id\":\"https:\/\/territorialchallenges.com\/2025\/07\/23\/patero-et-syllego-une-alliance-strategique-pour-la-cybersecurite-des-villes-intelligentes-americaines\/124646\/\"},\"wordCount\":1039,\"publisher\":{\"@id\":\"https:\/\/territorialchallenges.com\/#organization\"},\"articleSection\":[\"Territoires Intelligents\",\"Actualit\u00e9 internationale\"],\"inLanguage\":\"nl-NL\"},{\"@type\":\"WebPage\",\"@id\":\"https:\/\/territorialchallenges.com\/2025\/07\/23\/patero-et-syllego-une-alliance-strategique-pour-la-cybersecurite-des-villes-intelligentes-americaines\/124646\/\",\"url\":\"https:\/\/territorialchallenges.com\/2025\/07\/23\/patero-et-syllego-une-alliance-strategique-pour-la-cybersecurite-des-villes-intelligentes-americaines\/124646\/\",\"name\":\"Patero et Syllego : une alliance strat\u00e9gique pour la cybers\u00e9curit\u00e9 des villes Intelligentes am\u00e9ricaines - Territorial Challenges\",\"isPartOf\":{\"@id\":\"https:\/\/territorialchallenges.com\/#website\"},\"datePublished\":\"2025-07-23T09:16:39+00:00\",\"dateModified\":\"2025-07-23T09:16:39+00:00\",\"breadcrumb\":{\"@id\":\"https:\/\/territorialchallenges.com\/2025\/07\/23\/patero-et-syllego-une-alliance-strategique-pour-la-cybersecurite-des-villes-intelligentes-americaines\/124646\/#breadcrumb\"},\"inLanguage\":\"nl-NL\",\"potentialAction\":[{\"@type\":\"ReadAction\",\"target\":[\"https:\/\/territorialchallenges.com\/2025\/07\/23\/patero-et-syllego-une-alliance-strategique-pour-la-cybersecurite-des-villes-intelligentes-americaines\/124646\/\"]}]},{\"@type\":\"BreadcrumbList\",\"@id\":\"https:\/\/territorialchallenges.com\/2025\/07\/23\/patero-et-syllego-une-alliance-strategique-pour-la-cybersecurite-des-villes-intelligentes-americaines\/124646\/#breadcrumb\",\"itemListElement\":[{\"@type\":\"ListItem\",\"position\":1,\"name\":\"Home\",\"item\":\"https:\/\/territorialchallenges.com\/\"},{\"@type\":\"ListItem\",\"position\":2,\"name\":\"Patero et Syllego : une alliance strat\u00e9gique pour la cybers\u00e9curit\u00e9 des villes Intelligentes am\u00e9ricaines\"}]},{\"@type\":\"WebSite\",\"@id\":\"https:\/\/territorialchallenges.com\/#website\",\"url\":\"https:\/\/territorialchallenges.com\/\",\"name\":\"Territorial Challenges\",\"description\":\"Veille Internationale - Strat\u00e9gie Intelligentes - Bonnes pratiques\",\"publisher\":{\"@id\":\"https:\/\/territorialchallenges.com\/#organization\"},\"potentialAction\":[{\"@type\":\"SearchAction\",\"target\":{\"@type\":\"EntryPoint\",\"urlTemplate\":\"https:\/\/territorialchallenges.com\/?s={search_term_string}\"},\"query-input\":\"required name=search_term_string\"}],\"inLanguage\":\"nl-NL\"},{\"@type\":\"Organization\",\"@id\":\"https:\/\/territorialchallenges.com\/#organization\",\"name\":\"Territorial Challenges\",\"url\":\"https:\/\/territorialchallenges.com\/\",\"logo\":{\"@type\":\"ImageObject\",\"inLanguage\":\"nl-NL\",\"@id\":\"https:\/\/territorialchallenges.com\/#\/schema\/logo\/image\/\",\"url\":\"https:\/\/territorialchallenges.com\/wp-content\/uploads\/2023\/10\/logo-1.png\",\"contentUrl\":\"https:\/\/territorialchallenges.com\/wp-content\/uploads\/2023\/10\/logo-1.png\",\"width\":1832,\"height\":576,\"caption\":\"Territorial Challenges\"},\"image\":{\"@id\":\"https:\/\/territorialchallenges.com\/#\/schema\/logo\/image\/\"}},{\"@type\":\"Person\",\"@id\":\"https:\/\/territorialchallenges.com\/#\/schema\/person\/098f145c7c61a021c425e010f840080f\",\"name\":\"ni.abdi\",\"image\":{\"@type\":\"ImageObject\",\"inLanguage\":\"nl-NL\",\"@id\":\"https:\/\/territorialchallenges.com\/#\/schema\/person\/image\/\",\"url\":\"https:\/\/secure.gravatar.com\/avatar\/2a2f2491f3c80039986ba989b1e4b510?s=96&d=identicon&r=g\",\"contentUrl\":\"https:\/\/secure.gravatar.com\/avatar\/2a2f2491f3c80039986ba989b1e4b510?s=96&d=identicon&r=g\",\"caption\":\"ni.abdi\"},\"sameAs\":[\"https:\/\/twitter.com\/Ni.abdi\"],\"url\":\"https:\/\/territorialchallenges.com\/nl\/author\/ni-abdi\/\"}]}<\/script>\n<!-- \/ Yoast SEO plugin. -->","yoast_head_json":{"title":"Patero et Syllego : une alliance strat\u00e9gique pour la cybers\u00e9curit\u00e9 des villes Intelligentes am\u00e9ricaines - Territorial Challenges","robots":{"index":"index","follow":"follow","max-snippet":"max-snippet:-1","max-image-preview":"max-image-preview:large","max-video-preview":"max-video-preview:-1"},"canonical":"https:\/\/territorialchallenges.com\/nl\/2025\/07\/23\/patero-et-syllego-une-alliance-strategique-pour-la-cybersecurite-des-villes-intelligentes-americaines\/124646\/","og_locale":"nl_NL","og_type":"article","og_title":"Patero et Syllego : une alliance strat\u00e9gique pour la cybers\u00e9curit\u00e9 des villes Intelligentes am\u00e9ricaines - Territorial Challenges","og_description":"Dans un monde de plus en plus connect\u00e9, la cybers\u00e9curit\u00e9 devient un enjeu majeur pour les villes intelligentes. Patero, sp\u00e9cialiste du cryptage post-quantique, s&rsquo;associe \u00e0 Syllego pour int\u00e9grer sa technologie avanc\u00e9e dans la plateforme DUST, renfor\u00e7ant ainsi la s\u00e9curit\u00e9 des infrastructures urbaines am\u00e9ricaines face aux menaces quantiques \u00e9mergentes. Patero, un leader dans le domaine de [&hellip;]","og_url":"https:\/\/territorialchallenges.com\/nl\/2025\/07\/23\/patero-et-syllego-une-alliance-strategique-pour-la-cybersecurite-des-villes-intelligentes-americaines\/124646\/","og_site_name":"Territorial Challenges","article_published_time":"2025-07-23T09:16:39+00:00","og_image":[{"width":1280,"height":853,"url":"https:\/\/territorialchallenges.com\/wp-content\/uploads\/2025\/07\/territoiresintelligents22.07.25.image_.jpg","type":"image\/jpeg"}],"author":"ni.abdi","twitter_card":"summary_large_image","twitter_creator":"@Ni.abdi","twitter_misc":{"Geschreven door":"ni.abdi","Geschatte leestijd":"5 minuten"},"schema":{"@context":"https:\/\/schema.org","@graph":[{"@type":"Article","@id":"https:\/\/territorialchallenges.com\/2025\/07\/23\/patero-et-syllego-une-alliance-strategique-pour-la-cybersecurite-des-villes-intelligentes-americaines\/124646\/#article","isPartOf":{"@id":"https:\/\/territorialchallenges.com\/2025\/07\/23\/patero-et-syllego-une-alliance-strategique-pour-la-cybersecurite-des-villes-intelligentes-americaines\/124646\/"},"author":{"name":"ni.abdi","@id":"https:\/\/territorialchallenges.com\/#\/schema\/person\/098f145c7c61a021c425e010f840080f"},"headline":"Patero et Syllego : une alliance strat\u00e9gique pour la cybers\u00e9curit\u00e9 des villes Intelligentes am\u00e9ricaines","datePublished":"2025-07-23T09:16:39+00:00","dateModified":"2025-07-23T09:16:39+00:00","mainEntityOfPage":{"@id":"https:\/\/territorialchallenges.com\/2025\/07\/23\/patero-et-syllego-une-alliance-strategique-pour-la-cybersecurite-des-villes-intelligentes-americaines\/124646\/"},"wordCount":1039,"publisher":{"@id":"https:\/\/territorialchallenges.com\/#organization"},"articleSection":["Territoires Intelligents","Actualit\u00e9 internationale"],"inLanguage":"nl-NL"},{"@type":"WebPage","@id":"https:\/\/territorialchallenges.com\/2025\/07\/23\/patero-et-syllego-une-alliance-strategique-pour-la-cybersecurite-des-villes-intelligentes-americaines\/124646\/","url":"https:\/\/territorialchallenges.com\/2025\/07\/23\/patero-et-syllego-une-alliance-strategique-pour-la-cybersecurite-des-villes-intelligentes-americaines\/124646\/","name":"Patero et Syllego : une alliance strat\u00e9gique pour la cybers\u00e9curit\u00e9 des villes Intelligentes am\u00e9ricaines - Territorial Challenges","isPartOf":{"@id":"https:\/\/territorialchallenges.com\/#website"},"datePublished":"2025-07-23T09:16:39+00:00","dateModified":"2025-07-23T09:16:39+00:00","breadcrumb":{"@id":"https:\/\/territorialchallenges.com\/2025\/07\/23\/patero-et-syllego-une-alliance-strategique-pour-la-cybersecurite-des-villes-intelligentes-americaines\/124646\/#breadcrumb"},"inLanguage":"nl-NL","potentialAction":[{"@type":"ReadAction","target":["https:\/\/territorialchallenges.com\/2025\/07\/23\/patero-et-syllego-une-alliance-strategique-pour-la-cybersecurite-des-villes-intelligentes-americaines\/124646\/"]}]},{"@type":"BreadcrumbList","@id":"https:\/\/territorialchallenges.com\/2025\/07\/23\/patero-et-syllego-une-alliance-strategique-pour-la-cybersecurite-des-villes-intelligentes-americaines\/124646\/#breadcrumb","itemListElement":[{"@type":"ListItem","position":1,"name":"Home","item":"https:\/\/territorialchallenges.com\/"},{"@type":"ListItem","position":2,"name":"Patero et Syllego : une alliance strat\u00e9gique pour la cybers\u00e9curit\u00e9 des villes Intelligentes am\u00e9ricaines"}]},{"@type":"WebSite","@id":"https:\/\/territorialchallenges.com\/#website","url":"https:\/\/territorialchallenges.com\/","name":"Territoriale uitdagingen","description":"Internationale monitoring - Slimme strategie\u00ebn - Beste praktijken","publisher":{"@id":"https:\/\/territorialchallenges.com\/#organization"},"potentialAction":[{"@type":"SearchAction","target":{"@type":"EntryPoint","urlTemplate":"https:\/\/territorialchallenges.com\/?s={search_term_string}"},"query-input":"required name=search_term_string"}],"inLanguage":"nl-NL"},{"@type":"Organization","@id":"https:\/\/territorialchallenges.com\/#organization","name":"Territoriale uitdagingen","url":"https:\/\/territorialchallenges.com\/","logo":{"@type":"ImageObject","inLanguage":"nl-NL","@id":"https:\/\/territorialchallenges.com\/#\/schema\/logo\/image\/","url":"https:\/\/territorialchallenges.com\/wp-content\/uploads\/2023\/10\/logo-1.png","contentUrl":"https:\/\/territorialchallenges.com\/wp-content\/uploads\/2023\/10\/logo-1.png","width":1832,"height":576,"caption":"Territorial Challenges"},"image":{"@id":"https:\/\/territorialchallenges.com\/#\/schema\/logo\/image\/"}},{"@type":"Person","@id":"https:\/\/territorialchallenges.com\/#\/schema\/person\/098f145c7c61a021c425e010f840080f","name":"ni.abdi","image":{"@type":"ImageObject","inLanguage":"nl-NL","@id":"https:\/\/territorialchallenges.com\/#\/schema\/person\/image\/","url":"https:\/\/secure.gravatar.com\/avatar\/2a2f2491f3c80039986ba989b1e4b510?s=96&d=identicon&r=g","contentUrl":"https:\/\/secure.gravatar.com\/avatar\/2a2f2491f3c80039986ba989b1e4b510?s=96&d=identicon&r=g","caption":"ni.abdi"},"sameAs":["https:\/\/twitter.com\/Ni.abdi"],"url":"https:\/\/territorialchallenges.com\/nl\/author\/ni-abdi\/"}]}},"_links":{"self":[{"href":"https:\/\/territorialchallenges.com\/nl\/wp-json\/wp\/v2\/posts\/124646"}],"collection":[{"href":"https:\/\/territorialchallenges.com\/nl\/wp-json\/wp\/v2\/posts"}],"about":[{"href":"https:\/\/territorialchallenges.com\/nl\/wp-json\/wp\/v2\/types\/post"}],"author":[{"embeddable":true,"href":"https:\/\/territorialchallenges.com\/nl\/wp-json\/wp\/v2\/users\/11"}],"replies":[{"embeddable":true,"href":"https:\/\/territorialchallenges.com\/nl\/wp-json\/wp\/v2\/comments?post=124646"}],"version-history":[{"count":1,"href":"https:\/\/territorialchallenges.com\/nl\/wp-json\/wp\/v2\/posts\/124646\/revisions"}],"predecessor-version":[{"id":124648,"href":"https:\/\/territorialchallenges.com\/nl\/wp-json\/wp\/v2\/posts\/124646\/revisions\/124648"}],"wp:featuredmedia":[{"embeddable":true,"href":"https:\/\/territorialchallenges.com\/nl\/wp-json\/wp\/v2\/media\/124647"}],"wp:attachment":[{"href":"https:\/\/territorialchallenges.com\/nl\/wp-json\/wp\/v2\/media?parent=124646"}],"wp:term":[{"taxonomy":"category","embeddable":true,"href":"https:\/\/territorialchallenges.com\/nl\/wp-json\/wp\/v2\/categories?post=124646"},{"taxonomy":"post_tag","embeddable":true,"href":"https:\/\/territorialchallenges.com\/nl\/wp-json\/wp\/v2\/tags?post=124646"}],"curies":[{"name":"wp","href":"https:\/\/api.w.org\/{rel}","templated":true}]}}