{"id":124018,"date":"2025-03-04T21:29:06","date_gmt":"2025-03-04T20:29:06","guid":{"rendered":"https:\/\/territorialchallenges.com\/?p=124018"},"modified":"2025-03-04T21:29:08","modified_gmt":"2025-03-04T20:29:08","slug":"la-revolution-numerique-du-travail-social-un-regard-sur-1998","status":"publish","type":"post","link":"https:\/\/territorialchallenges.com\/nl\/2025\/03\/04\/la-revolution-numerique-du-travail-social-un-regard-sur-1998\/124018\/","title":{"rendered":"De digitale revolutie in het maatschappelijk werk: een terugblik op 1998"},"content":{"rendered":"<p>In 1998 wijdde het Franse tijdschrift voor sociale dienstverlening een speciaal nummer aan de impact van nieuwe technologie\u00ebn op het maatschappelijk werk. Aan het begin van de 21e eeuw belichtte deze publicatie de uitdagingen en kansen die gepaard gaan met de toenemende digitalisering van de sociale dienstverlening, en besteedde tevens aandacht aan de ethische en professionele aspecten voor maatschappelijk werkers. <\/p>\n<div class=\"pmpro_content_message\">Artikel alleen beschikbaar voor abonnees.<br \/><a href=\"https:\/\/territorialchallenges.com\/wp-login.php\">Login<\/a><br \/><a href=\"https:\/\/territorialchallenges.com\/nl\/wp-login.php\/?action=register\">Register<\/a><\/div>","protected":false},"excerpt":{"rendered":"<p>En 1998, la Revue Fran\u00e7aise de Service Social consacrait un num\u00e9ro sp\u00e9cial \u00e0 l&rsquo;impact des nouvelles technologies sur le travail social. \u00c0 l&rsquo;aube du XXIe si\u00e8cle, cette publication mettait en lumi\u00e8re les d\u00e9fis et les opportunit\u00e9s li\u00e9s \u00e0 l&rsquo;informatisation croissante des services sociaux, tout en soulignant les enjeux \u00e9thiques et professionnels pour les travailleurs sociaux.... <\/p>\n<div class=\"pmpro_content_message\">Artikel alleen beschikbaar voor abonnees.<br \/><a href=\"https:\/\/territorialchallenges.com\/wp-login.php\">Login<\/a><br \/><a href=\"https:\/\/territorialchallenges.com\/nl\/wp-login.php\/?action=register\">Register<\/a><\/div>","protected":false},"author":11,"featured_media":124019,"comment_status":"closed","ping_status":"closed","sticky":true,"template":"","format":"standard","meta":{"pmpro_default_level":0,"footnotes":""},"categories":[121],"tags":[],"blocksy_meta":"","yoast_head":"<!-- This site is optimized with the Yoast SEO plugin v21.5 - https:\/\/yoast.com\/wordpress\/plugins\/seo\/ -->\n<title>La r\u00e9volution num\u00e9rique du travail social : un regard sur 1998 - Territorial Challenges<\/title>\n<meta name=\"robots\" content=\"index, follow, max-snippet:-1, max-image-preview:large, max-video-preview:-1\" \/>\n<link rel=\"canonical\" href=\"https:\/\/territorialchallenges.com\/nl\/2025\/03\/04\/la-revolution-numerique-du-travail-social-un-regard-sur-1998\/124018\/\" \/>\n<meta property=\"og:locale\" content=\"nl_NL\" \/>\n<meta property=\"og:type\" content=\"article\" \/>\n<meta property=\"og:title\" content=\"La r\u00e9volution num\u00e9rique du travail social : un regard sur 1998 - Territorial Challenges\" \/>\n<meta property=\"og:description\" content=\"En 1998, la Revue Fran\u00e7aise de Service Social consacrait un num\u00e9ro sp\u00e9cial \u00e0 l&rsquo;impact des nouvelles technologies sur le travail social. \u00c0 l&rsquo;aube du XXIe si\u00e8cle, cette publication mettait en lumi\u00e8re les d\u00e9fis et les opportunit\u00e9s li\u00e9s \u00e0 l&rsquo;informatisation croissante des services sociaux, tout en soulignant les enjeux \u00e9thiques et professionnels pour les travailleurs sociaux. [&hellip;]\" \/>\n<meta property=\"og:url\" content=\"https:\/\/territorialchallenges.com\/nl\/2025\/03\/04\/la-revolution-numerique-du-travail-social-un-regard-sur-1998\/124018\/\" \/>\n<meta property=\"og:site_name\" content=\"Territorial Challenges\" \/>\n<meta property=\"article:published_time\" content=\"2025-03-04T20:29:06+00:00\" \/>\n<meta property=\"article:modified_time\" content=\"2025-03-04T20:29:08+00:00\" \/>\n<meta property=\"og:image\" content=\"https:\/\/territorialchallenges.com\/wp-content\/uploads\/2025\/03\/memoireLa_Revue_francaise_de_service_.Association_nationale_bpt6k64472375.jpeg\" \/>\n\t<meta property=\"og:image:width\" content=\"1024\" \/>\n\t<meta property=\"og:image:height\" content=\"1504\" \/>\n\t<meta property=\"og:image:type\" content=\"image\/jpeg\" \/>\n<meta name=\"author\" content=\"ni.abdi\" \/>\n<meta name=\"twitter:card\" content=\"summary_large_image\" \/>\n<meta name=\"twitter:creator\" content=\"@Ni.abdi\" \/>\n<meta name=\"twitter:label1\" content=\"Geschreven door\" \/>\n\t<meta name=\"twitter:data1\" content=\"ni.abdi\" \/>\n\t<meta name=\"twitter:label2\" content=\"Geschatte leestijd\" \/>\n\t<meta name=\"twitter:data2\" content=\"4 minuten\" \/>\n<script type=\"application\/ld+json\" class=\"yoast-schema-graph\">{\"@context\":\"https:\/\/schema.org\",\"@graph\":[{\"@type\":\"Article\",\"@id\":\"https:\/\/territorialchallenges.com\/2025\/03\/04\/la-revolution-numerique-du-travail-social-un-regard-sur-1998\/124018\/#article\",\"isPartOf\":{\"@id\":\"https:\/\/territorialchallenges.com\/2025\/03\/04\/la-revolution-numerique-du-travail-social-un-regard-sur-1998\/124018\/\"},\"author\":{\"name\":\"ni.abdi\",\"@id\":\"https:\/\/territorialchallenges.com\/#\/schema\/person\/098f145c7c61a021c425e010f840080f\"},\"headline\":\"La r\u00e9volution num\u00e9rique du travail social : un regard sur 1998\",\"datePublished\":\"2025-03-04T20:29:06+00:00\",\"dateModified\":\"2025-03-04T20:29:08+00:00\",\"mainEntityOfPage\":{\"@id\":\"https:\/\/territorialchallenges.com\/2025\/03\/04\/la-revolution-numerique-du-travail-social-un-regard-sur-1998\/124018\/\"},\"wordCount\":699,\"publisher\":{\"@id\":\"https:\/\/territorialchallenges.com\/#organization\"},\"articleSection\":[\"M\u00e9moire\"],\"inLanguage\":\"nl-NL\"},{\"@type\":\"WebPage\",\"@id\":\"https:\/\/territorialchallenges.com\/2025\/03\/04\/la-revolution-numerique-du-travail-social-un-regard-sur-1998\/124018\/\",\"url\":\"https:\/\/territorialchallenges.com\/2025\/03\/04\/la-revolution-numerique-du-travail-social-un-regard-sur-1998\/124018\/\",\"name\":\"La r\u00e9volution num\u00e9rique du travail social : un regard sur 1998 - Territorial Challenges\",\"isPartOf\":{\"@id\":\"https:\/\/territorialchallenges.com\/#website\"},\"datePublished\":\"2025-03-04T20:29:06+00:00\",\"dateModified\":\"2025-03-04T20:29:08+00:00\",\"breadcrumb\":{\"@id\":\"https:\/\/territorialchallenges.com\/2025\/03\/04\/la-revolution-numerique-du-travail-social-un-regard-sur-1998\/124018\/#breadcrumb\"},\"inLanguage\":\"nl-NL\",\"potentialAction\":[{\"@type\":\"ReadAction\",\"target\":[\"https:\/\/territorialchallenges.com\/2025\/03\/04\/la-revolution-numerique-du-travail-social-un-regard-sur-1998\/124018\/\"]}]},{\"@type\":\"BreadcrumbList\",\"@id\":\"https:\/\/territorialchallenges.com\/2025\/03\/04\/la-revolution-numerique-du-travail-social-un-regard-sur-1998\/124018\/#breadcrumb\",\"itemListElement\":[{\"@type\":\"ListItem\",\"position\":1,\"name\":\"Home\",\"item\":\"https:\/\/territorialchallenges.com\/\"},{\"@type\":\"ListItem\",\"position\":2,\"name\":\"La r\u00e9volution num\u00e9rique du travail social : un regard sur 1998\"}]},{\"@type\":\"WebSite\",\"@id\":\"https:\/\/territorialchallenges.com\/#website\",\"url\":\"https:\/\/territorialchallenges.com\/\",\"name\":\"Territorial Challenges\",\"description\":\"Veille Internationale - Strat\u00e9gie Intelligentes - Bonnes pratiques\",\"publisher\":{\"@id\":\"https:\/\/territorialchallenges.com\/#organization\"},\"potentialAction\":[{\"@type\":\"SearchAction\",\"target\":{\"@type\":\"EntryPoint\",\"urlTemplate\":\"https:\/\/territorialchallenges.com\/?s={search_term_string}\"},\"query-input\":\"required name=search_term_string\"}],\"inLanguage\":\"nl-NL\"},{\"@type\":\"Organization\",\"@id\":\"https:\/\/territorialchallenges.com\/#organization\",\"name\":\"Territorial Challenges\",\"url\":\"https:\/\/territorialchallenges.com\/\",\"logo\":{\"@type\":\"ImageObject\",\"inLanguage\":\"nl-NL\",\"@id\":\"https:\/\/territorialchallenges.com\/#\/schema\/logo\/image\/\",\"url\":\"https:\/\/territorialchallenges.com\/wp-content\/uploads\/2023\/10\/logo-1.png\",\"contentUrl\":\"https:\/\/territorialchallenges.com\/wp-content\/uploads\/2023\/10\/logo-1.png\",\"width\":1832,\"height\":576,\"caption\":\"Territorial Challenges\"},\"image\":{\"@id\":\"https:\/\/territorialchallenges.com\/#\/schema\/logo\/image\/\"}},{\"@type\":\"Person\",\"@id\":\"https:\/\/territorialchallenges.com\/#\/schema\/person\/098f145c7c61a021c425e010f840080f\",\"name\":\"ni.abdi\",\"image\":{\"@type\":\"ImageObject\",\"inLanguage\":\"nl-NL\",\"@id\":\"https:\/\/territorialchallenges.com\/#\/schema\/person\/image\/\",\"url\":\"https:\/\/secure.gravatar.com\/avatar\/2a2f2491f3c80039986ba989b1e4b510?s=96&d=identicon&r=g\",\"contentUrl\":\"https:\/\/secure.gravatar.com\/avatar\/2a2f2491f3c80039986ba989b1e4b510?s=96&d=identicon&r=g\",\"caption\":\"ni.abdi\"},\"sameAs\":[\"https:\/\/twitter.com\/Ni.abdi\"],\"url\":\"https:\/\/territorialchallenges.com\/nl\/author\/ni-abdi\/\"}]}<\/script>\n<!-- \/ Yoast SEO plugin. -->","yoast_head_json":{"title":"La r\u00e9volution num\u00e9rique du travail social : un regard sur 1998 - Territorial Challenges","robots":{"index":"index","follow":"follow","max-snippet":"max-snippet:-1","max-image-preview":"max-image-preview:large","max-video-preview":"max-video-preview:-1"},"canonical":"https:\/\/territorialchallenges.com\/nl\/2025\/03\/04\/la-revolution-numerique-du-travail-social-un-regard-sur-1998\/124018\/","og_locale":"nl_NL","og_type":"article","og_title":"La r\u00e9volution num\u00e9rique du travail social : un regard sur 1998 - Territorial Challenges","og_description":"En 1998, la Revue Fran\u00e7aise de Service Social consacrait un num\u00e9ro sp\u00e9cial \u00e0 l&rsquo;impact des nouvelles technologies sur le travail social. \u00c0 l&rsquo;aube du XXIe si\u00e8cle, cette publication mettait en lumi\u00e8re les d\u00e9fis et les opportunit\u00e9s li\u00e9s \u00e0 l&rsquo;informatisation croissante des services sociaux, tout en soulignant les enjeux \u00e9thiques et professionnels pour les travailleurs sociaux. [&hellip;]","og_url":"https:\/\/territorialchallenges.com\/nl\/2025\/03\/04\/la-revolution-numerique-du-travail-social-un-regard-sur-1998\/124018\/","og_site_name":"Territorial Challenges","article_published_time":"2025-03-04T20:29:06+00:00","article_modified_time":"2025-03-04T20:29:08+00:00","og_image":[{"width":1024,"height":1504,"url":"https:\/\/territorialchallenges.com\/wp-content\/uploads\/2025\/03\/memoireLa_Revue_francaise_de_service_.Association_nationale_bpt6k64472375.jpeg","type":"image\/jpeg"}],"author":"ni.abdi","twitter_card":"summary_large_image","twitter_creator":"@Ni.abdi","twitter_misc":{"Geschreven door":"ni.abdi","Geschatte leestijd":"4 minuten"},"schema":{"@context":"https:\/\/schema.org","@graph":[{"@type":"Article","@id":"https:\/\/territorialchallenges.com\/2025\/03\/04\/la-revolution-numerique-du-travail-social-un-regard-sur-1998\/124018\/#article","isPartOf":{"@id":"https:\/\/territorialchallenges.com\/2025\/03\/04\/la-revolution-numerique-du-travail-social-un-regard-sur-1998\/124018\/"},"author":{"name":"ni.abdi","@id":"https:\/\/territorialchallenges.com\/#\/schema\/person\/098f145c7c61a021c425e010f840080f"},"headline":"La r\u00e9volution num\u00e9rique du travail social : un regard sur 1998","datePublished":"2025-03-04T20:29:06+00:00","dateModified":"2025-03-04T20:29:08+00:00","mainEntityOfPage":{"@id":"https:\/\/territorialchallenges.com\/2025\/03\/04\/la-revolution-numerique-du-travail-social-un-regard-sur-1998\/124018\/"},"wordCount":699,"publisher":{"@id":"https:\/\/territorialchallenges.com\/#organization"},"articleSection":["M\u00e9moire"],"inLanguage":"nl-NL"},{"@type":"WebPage","@id":"https:\/\/territorialchallenges.com\/2025\/03\/04\/la-revolution-numerique-du-travail-social-un-regard-sur-1998\/124018\/","url":"https:\/\/territorialchallenges.com\/2025\/03\/04\/la-revolution-numerique-du-travail-social-un-regard-sur-1998\/124018\/","name":"La r\u00e9volution num\u00e9rique du travail social : un regard sur 1998 - Territorial Challenges","isPartOf":{"@id":"https:\/\/territorialchallenges.com\/#website"},"datePublished":"2025-03-04T20:29:06+00:00","dateModified":"2025-03-04T20:29:08+00:00","breadcrumb":{"@id":"https:\/\/territorialchallenges.com\/2025\/03\/04\/la-revolution-numerique-du-travail-social-un-regard-sur-1998\/124018\/#breadcrumb"},"inLanguage":"nl-NL","potentialAction":[{"@type":"ReadAction","target":["https:\/\/territorialchallenges.com\/2025\/03\/04\/la-revolution-numerique-du-travail-social-un-regard-sur-1998\/124018\/"]}]},{"@type":"BreadcrumbList","@id":"https:\/\/territorialchallenges.com\/2025\/03\/04\/la-revolution-numerique-du-travail-social-un-regard-sur-1998\/124018\/#breadcrumb","itemListElement":[{"@type":"ListItem","position":1,"name":"Home","item":"https:\/\/territorialchallenges.com\/"},{"@type":"ListItem","position":2,"name":"La r\u00e9volution num\u00e9rique du travail social : un regard sur 1998"}]},{"@type":"WebSite","@id":"https:\/\/territorialchallenges.com\/#website","url":"https:\/\/territorialchallenges.com\/","name":"Territoriale uitdagingen","description":"Internationale monitoring - Slimme strategie\u00ebn - Beste praktijken","publisher":{"@id":"https:\/\/territorialchallenges.com\/#organization"},"potentialAction":[{"@type":"SearchAction","target":{"@type":"EntryPoint","urlTemplate":"https:\/\/territorialchallenges.com\/?s={search_term_string}"},"query-input":"required name=search_term_string"}],"inLanguage":"nl-NL"},{"@type":"Organization","@id":"https:\/\/territorialchallenges.com\/#organization","name":"Territoriale uitdagingen","url":"https:\/\/territorialchallenges.com\/","logo":{"@type":"ImageObject","inLanguage":"nl-NL","@id":"https:\/\/territorialchallenges.com\/#\/schema\/logo\/image\/","url":"https:\/\/territorialchallenges.com\/wp-content\/uploads\/2023\/10\/logo-1.png","contentUrl":"https:\/\/territorialchallenges.com\/wp-content\/uploads\/2023\/10\/logo-1.png","width":1832,"height":576,"caption":"Territorial Challenges"},"image":{"@id":"https:\/\/territorialchallenges.com\/#\/schema\/logo\/image\/"}},{"@type":"Person","@id":"https:\/\/territorialchallenges.com\/#\/schema\/person\/098f145c7c61a021c425e010f840080f","name":"ni.abdi","image":{"@type":"ImageObject","inLanguage":"nl-NL","@id":"https:\/\/territorialchallenges.com\/#\/schema\/person\/image\/","url":"https:\/\/secure.gravatar.com\/avatar\/2a2f2491f3c80039986ba989b1e4b510?s=96&d=identicon&r=g","contentUrl":"https:\/\/secure.gravatar.com\/avatar\/2a2f2491f3c80039986ba989b1e4b510?s=96&d=identicon&r=g","caption":"ni.abdi"},"sameAs":["https:\/\/twitter.com\/Ni.abdi"],"url":"https:\/\/territorialchallenges.com\/nl\/author\/ni-abdi\/"}]}},"_links":{"self":[{"href":"https:\/\/territorialchallenges.com\/nl\/wp-json\/wp\/v2\/posts\/124018"}],"collection":[{"href":"https:\/\/territorialchallenges.com\/nl\/wp-json\/wp\/v2\/posts"}],"about":[{"href":"https:\/\/territorialchallenges.com\/nl\/wp-json\/wp\/v2\/types\/post"}],"author":[{"embeddable":true,"href":"https:\/\/territorialchallenges.com\/nl\/wp-json\/wp\/v2\/users\/11"}],"replies":[{"embeddable":true,"href":"https:\/\/territorialchallenges.com\/nl\/wp-json\/wp\/v2\/comments?post=124018"}],"version-history":[{"count":1,"href":"https:\/\/territorialchallenges.com\/nl\/wp-json\/wp\/v2\/posts\/124018\/revisions"}],"predecessor-version":[{"id":124020,"href":"https:\/\/territorialchallenges.com\/nl\/wp-json\/wp\/v2\/posts\/124018\/revisions\/124020"}],"wp:featuredmedia":[{"embeddable":true,"href":"https:\/\/territorialchallenges.com\/nl\/wp-json\/wp\/v2\/media\/124019"}],"wp:attachment":[{"href":"https:\/\/territorialchallenges.com\/nl\/wp-json\/wp\/v2\/media?parent=124018"}],"wp:term":[{"taxonomy":"category","embeddable":true,"href":"https:\/\/territorialchallenges.com\/nl\/wp-json\/wp\/v2\/categories?post=124018"},{"taxonomy":"post_tag","embeddable":true,"href":"https:\/\/territorialchallenges.com\/nl\/wp-json\/wp\/v2\/tags?post=124018"}],"curies":[{"name":"wp","href":"https:\/\/api.w.org\/{rel}","templated":true}]}}