{"id":123953,"date":"2025-02-19T09:24:27","date_gmt":"2025-02-19T08:24:27","guid":{"rendered":"https:\/\/territorialchallenges.com\/?p=123953"},"modified":"2025-02-19T09:24:27","modified_gmt":"2025-02-19T08:24:27","slug":"le-port-danvers-bruges-lance-un-service-de-voiture-telecommandee","status":"publish","type":"post","link":"https:\/\/territorialchallenges.com\/nl\/2025\/02\/19\/le-port-danvers-bruges-lance-un-service-de-voiture-telecommandee\/123953\/","title":{"rendered":"Haven Antwerpen-Brugge lanceert op afstand bestuurbare autodienst"},"content":{"rendered":"<p>De haven van Antwerpen-Brugge innoveert met een op afstand bestuurbare autodienst, waarmee gebruikers via een app huurwagens kunnen aanvragen. Dit initiatief, ontstaan uit een samenwerking tussen Ush en Poppy Mobility, wil de mobiliteit en effici\u00ebntie in het havengebied verbeteren. In samenwerking met Ush en Poppy Mobility neemt de haven van Antwerpen-Brugge een\u2026 <\/p>\n<div class=\"pmpro_content_message\">Artikel alleen beschikbaar voor abonnees.<br \/><a href=\"https:\/\/territorialchallenges.com\/wp-login.php\">Login<\/a><br \/><a href=\"https:\/\/territorialchallenges.com\/nl\/wp-login.php\/?action=register\">Register<\/a><\/div>","protected":false},"excerpt":{"rendered":"<p>Le port d\u2019Anvers-Bruges innove avec un service de voitures t\u00e9l\u00e9command\u00e9es, permettant aux utilisateurs de demander des v\u00e9hicules de location via une application. Cette initiative, fruit d&rsquo;une collaboration entre Ush et Poppy Mobility, vise \u00e0 am\u00e9liorer la mobilit\u00e9 et l&rsquo;efficacit\u00e9 dans la zone portuaire. En collaboration avec Ush et Poppy Mobility, le port d\u2019Anvers-Bruges franchit une... <\/p>\n<div class=\"pmpro_content_message\">Artikel alleen beschikbaar voor abonnees.<br \/><a href=\"https:\/\/territorialchallenges.com\/wp-login.php\">Login<\/a><br \/><a href=\"https:\/\/territorialchallenges.com\/nl\/wp-login.php\/?action=register\">Register<\/a><\/div>","protected":false},"author":11,"featured_media":123954,"comment_status":"closed","ping_status":"closed","sticky":true,"template":"","format":"standard","meta":{"pmpro_default_level":0,"footnotes":""},"categories":[16,127],"tags":[],"blocksy_meta":"","yoast_head":"<!-- This site is optimized with the Yoast SEO plugin v21.5 - https:\/\/yoast.com\/wordpress\/plugins\/seo\/ -->\n<title>Le port d\u2019Anvers-Bruges lance un service de voiture t\u00e9l\u00e9command\u00e9e - Territorial Challenges<\/title>\n<meta name=\"robots\" content=\"index, follow, max-snippet:-1, max-image-preview:large, max-video-preview:-1\" \/>\n<link rel=\"canonical\" href=\"https:\/\/territorialchallenges.com\/nl\/2025\/02\/19\/le-port-danvers-bruges-lance-un-service-de-voiture-telecommandee\/123953\/\" \/>\n<meta property=\"og:locale\" content=\"nl_NL\" \/>\n<meta property=\"og:type\" content=\"article\" \/>\n<meta property=\"og:title\" content=\"Le port d\u2019Anvers-Bruges lance un service de voiture t\u00e9l\u00e9command\u00e9e - Territorial Challenges\" \/>\n<meta property=\"og:description\" content=\"Le port d\u2019Anvers-Bruges innove avec un service de voitures t\u00e9l\u00e9command\u00e9es, permettant aux utilisateurs de demander des v\u00e9hicules de location via une application. Cette initiative, fruit d&rsquo;une collaboration entre Ush et Poppy Mobility, vise \u00e0 am\u00e9liorer la mobilit\u00e9 et l&rsquo;efficacit\u00e9 dans la zone portuaire. En collaboration avec Ush et Poppy Mobility, le port d\u2019Anvers-Bruges franchit une [&hellip;]\" \/>\n<meta property=\"og:url\" content=\"https:\/\/territorialchallenges.com\/nl\/2025\/02\/19\/le-port-danvers-bruges-lance-un-service-de-voiture-telecommandee\/123953\/\" \/>\n<meta property=\"og:site_name\" content=\"Territorial Challenges\" \/>\n<meta property=\"article:published_time\" content=\"2025-02-19T08:24:27+00:00\" \/>\n<meta property=\"og:image\" content=\"https:\/\/territorialchallenges.com\/wp-content\/uploads\/2025\/02\/anversimage.jpg\" \/>\n\t<meta property=\"og:image:width\" content=\"1280\" \/>\n\t<meta property=\"og:image:height\" content=\"853\" \/>\n\t<meta property=\"og:image:type\" content=\"image\/jpeg\" \/>\n<meta name=\"author\" content=\"ni.abdi\" \/>\n<meta name=\"twitter:card\" content=\"summary_large_image\" \/>\n<meta name=\"twitter:creator\" content=\"@Ni.abdi\" \/>\n<meta name=\"twitter:label1\" content=\"Geschreven door\" \/>\n\t<meta name=\"twitter:data1\" content=\"ni.abdi\" \/>\n\t<meta name=\"twitter:label2\" content=\"Geschatte leestijd\" \/>\n\t<meta name=\"twitter:data2\" content=\"3 minuten\" \/>\n<script type=\"application\/ld+json\" class=\"yoast-schema-graph\">{\"@context\":\"https:\/\/schema.org\",\"@graph\":[{\"@type\":\"Article\",\"@id\":\"https:\/\/territorialchallenges.com\/2025\/02\/19\/le-port-danvers-bruges-lance-un-service-de-voiture-telecommandee\/123953\/#article\",\"isPartOf\":{\"@id\":\"https:\/\/territorialchallenges.com\/2025\/02\/19\/le-port-danvers-bruges-lance-un-service-de-voiture-telecommandee\/123953\/\"},\"author\":{\"name\":\"ni.abdi\",\"@id\":\"https:\/\/territorialchallenges.com\/#\/schema\/person\/098f145c7c61a021c425e010f840080f\"},\"headline\":\"Le port d\u2019Anvers-Bruges lance un service de voiture t\u00e9l\u00e9command\u00e9e\",\"datePublished\":\"2025-02-19T08:24:27+00:00\",\"dateModified\":\"2025-02-19T08:24:27+00:00\",\"mainEntityOfPage\":{\"@id\":\"https:\/\/territorialchallenges.com\/2025\/02\/19\/le-port-danvers-bruges-lance-un-service-de-voiture-telecommandee\/123953\/\"},\"wordCount\":583,\"publisher\":{\"@id\":\"https:\/\/territorialchallenges.com\/#organization\"},\"articleSection\":[\"Donn\u00e9es\/Objets Connect\u00e9s\",\"Actualit\u00e9 Europe\"],\"inLanguage\":\"nl-NL\"},{\"@type\":\"WebPage\",\"@id\":\"https:\/\/territorialchallenges.com\/2025\/02\/19\/le-port-danvers-bruges-lance-un-service-de-voiture-telecommandee\/123953\/\",\"url\":\"https:\/\/territorialchallenges.com\/2025\/02\/19\/le-port-danvers-bruges-lance-un-service-de-voiture-telecommandee\/123953\/\",\"name\":\"Le port d\u2019Anvers-Bruges lance un service de voiture t\u00e9l\u00e9command\u00e9e - Territorial Challenges\",\"isPartOf\":{\"@id\":\"https:\/\/territorialchallenges.com\/#website\"},\"datePublished\":\"2025-02-19T08:24:27+00:00\",\"dateModified\":\"2025-02-19T08:24:27+00:00\",\"breadcrumb\":{\"@id\":\"https:\/\/territorialchallenges.com\/2025\/02\/19\/le-port-danvers-bruges-lance-un-service-de-voiture-telecommandee\/123953\/#breadcrumb\"},\"inLanguage\":\"nl-NL\",\"potentialAction\":[{\"@type\":\"ReadAction\",\"target\":[\"https:\/\/territorialchallenges.com\/2025\/02\/19\/le-port-danvers-bruges-lance-un-service-de-voiture-telecommandee\/123953\/\"]}]},{\"@type\":\"BreadcrumbList\",\"@id\":\"https:\/\/territorialchallenges.com\/2025\/02\/19\/le-port-danvers-bruges-lance-un-service-de-voiture-telecommandee\/123953\/#breadcrumb\",\"itemListElement\":[{\"@type\":\"ListItem\",\"position\":1,\"name\":\"Home\",\"item\":\"https:\/\/territorialchallenges.com\/\"},{\"@type\":\"ListItem\",\"position\":2,\"name\":\"Le port d\u2019Anvers-Bruges lance un service de voiture t\u00e9l\u00e9command\u00e9e\"}]},{\"@type\":\"WebSite\",\"@id\":\"https:\/\/territorialchallenges.com\/#website\",\"url\":\"https:\/\/territorialchallenges.com\/\",\"name\":\"Territorial Challenges\",\"description\":\"Veille Internationale - Strat\u00e9gie Intelligentes - Bonnes pratiques\",\"publisher\":{\"@id\":\"https:\/\/territorialchallenges.com\/#organization\"},\"potentialAction\":[{\"@type\":\"SearchAction\",\"target\":{\"@type\":\"EntryPoint\",\"urlTemplate\":\"https:\/\/territorialchallenges.com\/?s={search_term_string}\"},\"query-input\":\"required name=search_term_string\"}],\"inLanguage\":\"nl-NL\"},{\"@type\":\"Organization\",\"@id\":\"https:\/\/territorialchallenges.com\/#organization\",\"name\":\"Territorial Challenges\",\"url\":\"https:\/\/territorialchallenges.com\/\",\"logo\":{\"@type\":\"ImageObject\",\"inLanguage\":\"nl-NL\",\"@id\":\"https:\/\/territorialchallenges.com\/#\/schema\/logo\/image\/\",\"url\":\"https:\/\/territorialchallenges.com\/wp-content\/uploads\/2023\/10\/logo-1.png\",\"contentUrl\":\"https:\/\/territorialchallenges.com\/wp-content\/uploads\/2023\/10\/logo-1.png\",\"width\":1832,\"height\":576,\"caption\":\"Territorial Challenges\"},\"image\":{\"@id\":\"https:\/\/territorialchallenges.com\/#\/schema\/logo\/image\/\"}},{\"@type\":\"Person\",\"@id\":\"https:\/\/territorialchallenges.com\/#\/schema\/person\/098f145c7c61a021c425e010f840080f\",\"name\":\"ni.abdi\",\"image\":{\"@type\":\"ImageObject\",\"inLanguage\":\"nl-NL\",\"@id\":\"https:\/\/territorialchallenges.com\/#\/schema\/person\/image\/\",\"url\":\"https:\/\/secure.gravatar.com\/avatar\/2a2f2491f3c80039986ba989b1e4b510?s=96&d=identicon&r=g\",\"contentUrl\":\"https:\/\/secure.gravatar.com\/avatar\/2a2f2491f3c80039986ba989b1e4b510?s=96&d=identicon&r=g\",\"caption\":\"ni.abdi\"},\"sameAs\":[\"https:\/\/twitter.com\/Ni.abdi\"],\"url\":\"https:\/\/territorialchallenges.com\/nl\/author\/ni-abdi\/\"}]}<\/script>\n<!-- \/ Yoast SEO plugin. -->","yoast_head_json":{"title":"Le port d\u2019Anvers-Bruges lance un service de voiture t\u00e9l\u00e9command\u00e9e - Territorial Challenges","robots":{"index":"index","follow":"follow","max-snippet":"max-snippet:-1","max-image-preview":"max-image-preview:large","max-video-preview":"max-video-preview:-1"},"canonical":"https:\/\/territorialchallenges.com\/nl\/2025\/02\/19\/le-port-danvers-bruges-lance-un-service-de-voiture-telecommandee\/123953\/","og_locale":"nl_NL","og_type":"article","og_title":"Le port d\u2019Anvers-Bruges lance un service de voiture t\u00e9l\u00e9command\u00e9e - Territorial Challenges","og_description":"Le port d\u2019Anvers-Bruges innove avec un service de voitures t\u00e9l\u00e9command\u00e9es, permettant aux utilisateurs de demander des v\u00e9hicules de location via une application. Cette initiative, fruit d&rsquo;une collaboration entre Ush et Poppy Mobility, vise \u00e0 am\u00e9liorer la mobilit\u00e9 et l&rsquo;efficacit\u00e9 dans la zone portuaire. En collaboration avec Ush et Poppy Mobility, le port d\u2019Anvers-Bruges franchit une [&hellip;]","og_url":"https:\/\/territorialchallenges.com\/nl\/2025\/02\/19\/le-port-danvers-bruges-lance-un-service-de-voiture-telecommandee\/123953\/","og_site_name":"Territorial Challenges","article_published_time":"2025-02-19T08:24:27+00:00","og_image":[{"width":1280,"height":853,"url":"https:\/\/territorialchallenges.com\/wp-content\/uploads\/2025\/02\/anversimage.jpg","type":"image\/jpeg"}],"author":"ni.abdi","twitter_card":"summary_large_image","twitter_creator":"@Ni.abdi","twitter_misc":{"Geschreven door":"ni.abdi","Geschatte leestijd":"3 minuten"},"schema":{"@context":"https:\/\/schema.org","@graph":[{"@type":"Article","@id":"https:\/\/territorialchallenges.com\/2025\/02\/19\/le-port-danvers-bruges-lance-un-service-de-voiture-telecommandee\/123953\/#article","isPartOf":{"@id":"https:\/\/territorialchallenges.com\/2025\/02\/19\/le-port-danvers-bruges-lance-un-service-de-voiture-telecommandee\/123953\/"},"author":{"name":"ni.abdi","@id":"https:\/\/territorialchallenges.com\/#\/schema\/person\/098f145c7c61a021c425e010f840080f"},"headline":"Le port d\u2019Anvers-Bruges lance un service de voiture t\u00e9l\u00e9command\u00e9e","datePublished":"2025-02-19T08:24:27+00:00","dateModified":"2025-02-19T08:24:27+00:00","mainEntityOfPage":{"@id":"https:\/\/territorialchallenges.com\/2025\/02\/19\/le-port-danvers-bruges-lance-un-service-de-voiture-telecommandee\/123953\/"},"wordCount":583,"publisher":{"@id":"https:\/\/territorialchallenges.com\/#organization"},"articleSection":["Donn\u00e9es\/Objets Connect\u00e9s","Actualit\u00e9 Europe"],"inLanguage":"nl-NL"},{"@type":"WebPage","@id":"https:\/\/territorialchallenges.com\/2025\/02\/19\/le-port-danvers-bruges-lance-un-service-de-voiture-telecommandee\/123953\/","url":"https:\/\/territorialchallenges.com\/2025\/02\/19\/le-port-danvers-bruges-lance-un-service-de-voiture-telecommandee\/123953\/","name":"Le port d\u2019Anvers-Bruges lance un service de voiture t\u00e9l\u00e9command\u00e9e - Territorial Challenges","isPartOf":{"@id":"https:\/\/territorialchallenges.com\/#website"},"datePublished":"2025-02-19T08:24:27+00:00","dateModified":"2025-02-19T08:24:27+00:00","breadcrumb":{"@id":"https:\/\/territorialchallenges.com\/2025\/02\/19\/le-port-danvers-bruges-lance-un-service-de-voiture-telecommandee\/123953\/#breadcrumb"},"inLanguage":"nl-NL","potentialAction":[{"@type":"ReadAction","target":["https:\/\/territorialchallenges.com\/2025\/02\/19\/le-port-danvers-bruges-lance-un-service-de-voiture-telecommandee\/123953\/"]}]},{"@type":"BreadcrumbList","@id":"https:\/\/territorialchallenges.com\/2025\/02\/19\/le-port-danvers-bruges-lance-un-service-de-voiture-telecommandee\/123953\/#breadcrumb","itemListElement":[{"@type":"ListItem","position":1,"name":"Home","item":"https:\/\/territorialchallenges.com\/"},{"@type":"ListItem","position":2,"name":"Le port d\u2019Anvers-Bruges lance un service de voiture t\u00e9l\u00e9command\u00e9e"}]},{"@type":"WebSite","@id":"https:\/\/territorialchallenges.com\/#website","url":"https:\/\/territorialchallenges.com\/","name":"Territoriale uitdagingen","description":"Internationale monitoring - Slimme strategie\u00ebn - Beste praktijken","publisher":{"@id":"https:\/\/territorialchallenges.com\/#organization"},"potentialAction":[{"@type":"SearchAction","target":{"@type":"EntryPoint","urlTemplate":"https:\/\/territorialchallenges.com\/?s={search_term_string}"},"query-input":"required name=search_term_string"}],"inLanguage":"nl-NL"},{"@type":"Organization","@id":"https:\/\/territorialchallenges.com\/#organization","name":"Territoriale uitdagingen","url":"https:\/\/territorialchallenges.com\/","logo":{"@type":"ImageObject","inLanguage":"nl-NL","@id":"https:\/\/territorialchallenges.com\/#\/schema\/logo\/image\/","url":"https:\/\/territorialchallenges.com\/wp-content\/uploads\/2023\/10\/logo-1.png","contentUrl":"https:\/\/territorialchallenges.com\/wp-content\/uploads\/2023\/10\/logo-1.png","width":1832,"height":576,"caption":"Territorial Challenges"},"image":{"@id":"https:\/\/territorialchallenges.com\/#\/schema\/logo\/image\/"}},{"@type":"Person","@id":"https:\/\/territorialchallenges.com\/#\/schema\/person\/098f145c7c61a021c425e010f840080f","name":"ni.abdi","image":{"@type":"ImageObject","inLanguage":"nl-NL","@id":"https:\/\/territorialchallenges.com\/#\/schema\/person\/image\/","url":"https:\/\/secure.gravatar.com\/avatar\/2a2f2491f3c80039986ba989b1e4b510?s=96&d=identicon&r=g","contentUrl":"https:\/\/secure.gravatar.com\/avatar\/2a2f2491f3c80039986ba989b1e4b510?s=96&d=identicon&r=g","caption":"ni.abdi"},"sameAs":["https:\/\/twitter.com\/Ni.abdi"],"url":"https:\/\/territorialchallenges.com\/nl\/author\/ni-abdi\/"}]}},"_links":{"self":[{"href":"https:\/\/territorialchallenges.com\/nl\/wp-json\/wp\/v2\/posts\/123953"}],"collection":[{"href":"https:\/\/territorialchallenges.com\/nl\/wp-json\/wp\/v2\/posts"}],"about":[{"href":"https:\/\/territorialchallenges.com\/nl\/wp-json\/wp\/v2\/types\/post"}],"author":[{"embeddable":true,"href":"https:\/\/territorialchallenges.com\/nl\/wp-json\/wp\/v2\/users\/11"}],"replies":[{"embeddable":true,"href":"https:\/\/territorialchallenges.com\/nl\/wp-json\/wp\/v2\/comments?post=123953"}],"version-history":[{"count":1,"href":"https:\/\/territorialchallenges.com\/nl\/wp-json\/wp\/v2\/posts\/123953\/revisions"}],"predecessor-version":[{"id":123955,"href":"https:\/\/territorialchallenges.com\/nl\/wp-json\/wp\/v2\/posts\/123953\/revisions\/123955"}],"wp:featuredmedia":[{"embeddable":true,"href":"https:\/\/territorialchallenges.com\/nl\/wp-json\/wp\/v2\/media\/123954"}],"wp:attachment":[{"href":"https:\/\/territorialchallenges.com\/nl\/wp-json\/wp\/v2\/media?parent=123953"}],"wp:term":[{"taxonomy":"category","embeddable":true,"href":"https:\/\/territorialchallenges.com\/nl\/wp-json\/wp\/v2\/categories?post=123953"},{"taxonomy":"post_tag","embeddable":true,"href":"https:\/\/territorialchallenges.com\/nl\/wp-json\/wp\/v2\/tags?post=123953"}],"curies":[{"name":"wp","href":"https:\/\/api.w.org\/{rel}","templated":true}]}}