{"id":123950,"date":"2025-02-19T09:15:22","date_gmt":"2025-02-19T08:15:22","guid":{"rendered":"https:\/\/territorialchallenges.com\/?p=123950"},"modified":"2025-02-19T09:15:23","modified_gmt":"2025-02-19T08:15:23","slug":"linformatique-au-coeur-de-leducation-et-du-quartier-une-experience-pionniere","status":"publish","type":"post","link":"https:\/\/territorialchallenges.com\/nl\/2025\/02\/19\/linformatique-au-coeur-de-leducation-et-du-quartier-une-experience-pionniere\/123950\/","title":{"rendered":"Computergebruik als hart van onderwijs en buurt: een baanbrekende ervaring"},"content":{"rendered":"<p>In de jaren 80 markeerde het boek &quot;Computer, School, Buurt: Computers als Voorwendsel&quot; van Pierre-Marie Perret en Jean-Paul Sagueton een keerpunt door de integratie van computers in het onderwijs en het gemeenschapsleven te onderzoeken. Uitgegeven door Chronique Sociale, beschrijft dit boek een concrete en beleefde ervaring van toe-eigening van een technisch hulpmiddel op school- en buurtniveau,\u2026 <\/p>\n<div class=\"pmpro_content_message\">Artikel alleen beschikbaar voor abonnees.<br \/><a href=\"https:\/\/territorialchallenges.com\/wp-login.php\">Login<\/a><br \/><a href=\"https:\/\/territorialchallenges.com\/nl\/wp-login.php\/?action=register\">Register<\/a><\/div>","protected":false},"excerpt":{"rendered":"<p>Dans les ann\u00e9es 1980, l&rsquo;ouvrage \u00ab\u00a0Ordinateur, \u00e9cole, quartier : l&rsquo;informatique pr\u00e9texte\u00a0\u00bb de Pierre-Marie Perret et Jean-Paul Sagueton a marqu\u00e9 un tournant en explorant l&rsquo;int\u00e9gration de l&rsquo;informatique dans l&rsquo;\u00e9ducation et la vie communautaire. Publi\u00e9 par Chronique Sociale, ce livre retrace une exp\u00e9rience concr\u00e8te et v\u00e9cue d&rsquo;appropriation d&rsquo;un outil technique au niveau d&rsquo;une \u00e9cole et d&rsquo;un quartier,... <\/p>\n<div class=\"pmpro_content_message\">Artikel alleen beschikbaar voor abonnees.<br \/><a href=\"https:\/\/territorialchallenges.com\/wp-login.php\">Login<\/a><br \/><a href=\"https:\/\/territorialchallenges.com\/nl\/wp-login.php\/?action=register\">Register<\/a><\/div>","protected":false},"author":11,"featured_media":123951,"comment_status":"closed","ping_status":"closed","sticky":true,"template":"","format":"standard","meta":{"pmpro_default_level":0,"footnotes":""},"categories":[121],"tags":[],"blocksy_meta":"","yoast_head":"<!-- This site is optimized with the Yoast SEO plugin v21.5 - https:\/\/yoast.com\/wordpress\/plugins\/seo\/ -->\n<title>L&#039;informatique au c\u0153ur de l&#039;\u00e9ducation et du quartier : une exp\u00e9rience pionni\u00e8re - Territorial Challenges<\/title>\n<meta name=\"robots\" content=\"index, follow, max-snippet:-1, max-image-preview:large, max-video-preview:-1\" \/>\n<link rel=\"canonical\" href=\"https:\/\/territorialchallenges.com\/nl\/2025\/02\/19\/linformatique-au-coeur-de-leducation-et-du-quartier-une-experience-pionniere\/123950\/\" \/>\n<meta property=\"og:locale\" content=\"nl_NL\" \/>\n<meta property=\"og:type\" content=\"article\" \/>\n<meta property=\"og:title\" content=\"L&#039;informatique au c\u0153ur de l&#039;\u00e9ducation et du quartier : une exp\u00e9rience pionni\u00e8re - Territorial Challenges\" \/>\n<meta property=\"og:description\" content=\"Dans les ann\u00e9es 1980, l&rsquo;ouvrage \u00ab\u00a0Ordinateur, \u00e9cole, quartier : l&rsquo;informatique pr\u00e9texte\u00a0\u00bb de Pierre-Marie Perret et Jean-Paul Sagueton a marqu\u00e9 un tournant en explorant l&rsquo;int\u00e9gration de l&rsquo;informatique dans l&rsquo;\u00e9ducation et la vie communautaire. Publi\u00e9 par Chronique Sociale, ce livre retrace une exp\u00e9rience concr\u00e8te et v\u00e9cue d&rsquo;appropriation d&rsquo;un outil technique au niveau d&rsquo;une \u00e9cole et d&rsquo;un quartier, [&hellip;]\" \/>\n<meta property=\"og:url\" content=\"https:\/\/territorialchallenges.com\/nl\/2025\/02\/19\/linformatique-au-coeur-de-leducation-et-du-quartier-une-experience-pionniere\/123950\/\" \/>\n<meta property=\"og:site_name\" content=\"Territorial Challenges\" \/>\n<meta property=\"article:published_time\" content=\"2025-02-19T08:15:22+00:00\" \/>\n<meta property=\"article:modified_time\" content=\"2025-02-19T08:15:23+00:00\" \/>\n<meta property=\"og:image\" content=\"https:\/\/territorialchallenges.com\/wp-content\/uploads\/2025\/02\/Ordinateur_ecole_quartier___linformatique_.Perret_Pierre-Marie_bpt6k33271894.jpeg\" \/>\n\t<meta property=\"og:image:width\" content=\"1024\" \/>\n\t<meta property=\"og:image:height\" content=\"1471\" \/>\n\t<meta property=\"og:image:type\" content=\"image\/jpeg\" \/>\n<meta name=\"author\" content=\"ni.abdi\" \/>\n<meta name=\"twitter:card\" content=\"summary_large_image\" \/>\n<meta name=\"twitter:creator\" content=\"@Ni.abdi\" \/>\n<meta name=\"twitter:label1\" content=\"Geschreven door\" \/>\n\t<meta name=\"twitter:data1\" content=\"ni.abdi\" \/>\n\t<meta name=\"twitter:label2\" content=\"Geschatte leestijd\" \/>\n\t<meta name=\"twitter:data2\" content=\"3 minuten\" \/>\n<script type=\"application\/ld+json\" class=\"yoast-schema-graph\">{\"@context\":\"https:\/\/schema.org\",\"@graph\":[{\"@type\":\"Article\",\"@id\":\"https:\/\/territorialchallenges.com\/2025\/02\/19\/linformatique-au-coeur-de-leducation-et-du-quartier-une-experience-pionniere\/123950\/#article\",\"isPartOf\":{\"@id\":\"https:\/\/territorialchallenges.com\/2025\/02\/19\/linformatique-au-coeur-de-leducation-et-du-quartier-une-experience-pionniere\/123950\/\"},\"author\":{\"name\":\"ni.abdi\",\"@id\":\"https:\/\/territorialchallenges.com\/#\/schema\/person\/098f145c7c61a021c425e010f840080f\"},\"headline\":\"L&rsquo;informatique au c\u0153ur de l&rsquo;\u00e9ducation et du quartier : une exp\u00e9rience pionni\u00e8re\",\"datePublished\":\"2025-02-19T08:15:22+00:00\",\"dateModified\":\"2025-02-19T08:15:23+00:00\",\"mainEntityOfPage\":{\"@id\":\"https:\/\/territorialchallenges.com\/2025\/02\/19\/linformatique-au-coeur-de-leducation-et-du-quartier-une-experience-pionniere\/123950\/\"},\"wordCount\":675,\"publisher\":{\"@id\":\"https:\/\/territorialchallenges.com\/#organization\"},\"articleSection\":[\"M\u00e9moire\"],\"inLanguage\":\"nl-NL\"},{\"@type\":\"WebPage\",\"@id\":\"https:\/\/territorialchallenges.com\/2025\/02\/19\/linformatique-au-coeur-de-leducation-et-du-quartier-une-experience-pionniere\/123950\/\",\"url\":\"https:\/\/territorialchallenges.com\/2025\/02\/19\/linformatique-au-coeur-de-leducation-et-du-quartier-une-experience-pionniere\/123950\/\",\"name\":\"L'informatique au c\u0153ur de l'\u00e9ducation et du quartier : une exp\u00e9rience pionni\u00e8re - Territorial Challenges\",\"isPartOf\":{\"@id\":\"https:\/\/territorialchallenges.com\/#website\"},\"datePublished\":\"2025-02-19T08:15:22+00:00\",\"dateModified\":\"2025-02-19T08:15:23+00:00\",\"breadcrumb\":{\"@id\":\"https:\/\/territorialchallenges.com\/2025\/02\/19\/linformatique-au-coeur-de-leducation-et-du-quartier-une-experience-pionniere\/123950\/#breadcrumb\"},\"inLanguage\":\"nl-NL\",\"potentialAction\":[{\"@type\":\"ReadAction\",\"target\":[\"https:\/\/territorialchallenges.com\/2025\/02\/19\/linformatique-au-coeur-de-leducation-et-du-quartier-une-experience-pionniere\/123950\/\"]}]},{\"@type\":\"BreadcrumbList\",\"@id\":\"https:\/\/territorialchallenges.com\/2025\/02\/19\/linformatique-au-coeur-de-leducation-et-du-quartier-une-experience-pionniere\/123950\/#breadcrumb\",\"itemListElement\":[{\"@type\":\"ListItem\",\"position\":1,\"name\":\"Home\",\"item\":\"https:\/\/territorialchallenges.com\/\"},{\"@type\":\"ListItem\",\"position\":2,\"name\":\"L&rsquo;informatique au c\u0153ur de l&rsquo;\u00e9ducation et du quartier : une exp\u00e9rience pionni\u00e8re\"}]},{\"@type\":\"WebSite\",\"@id\":\"https:\/\/territorialchallenges.com\/#website\",\"url\":\"https:\/\/territorialchallenges.com\/\",\"name\":\"Territorial Challenges\",\"description\":\"Veille Internationale - Strat\u00e9gie Intelligentes - Bonnes pratiques\",\"publisher\":{\"@id\":\"https:\/\/territorialchallenges.com\/#organization\"},\"potentialAction\":[{\"@type\":\"SearchAction\",\"target\":{\"@type\":\"EntryPoint\",\"urlTemplate\":\"https:\/\/territorialchallenges.com\/?s={search_term_string}\"},\"query-input\":\"required name=search_term_string\"}],\"inLanguage\":\"nl-NL\"},{\"@type\":\"Organization\",\"@id\":\"https:\/\/territorialchallenges.com\/#organization\",\"name\":\"Territorial Challenges\",\"url\":\"https:\/\/territorialchallenges.com\/\",\"logo\":{\"@type\":\"ImageObject\",\"inLanguage\":\"nl-NL\",\"@id\":\"https:\/\/territorialchallenges.com\/#\/schema\/logo\/image\/\",\"url\":\"https:\/\/territorialchallenges.com\/wp-content\/uploads\/2023\/10\/logo-1.png\",\"contentUrl\":\"https:\/\/territorialchallenges.com\/wp-content\/uploads\/2023\/10\/logo-1.png\",\"width\":1832,\"height\":576,\"caption\":\"Territorial Challenges\"},\"image\":{\"@id\":\"https:\/\/territorialchallenges.com\/#\/schema\/logo\/image\/\"}},{\"@type\":\"Person\",\"@id\":\"https:\/\/territorialchallenges.com\/#\/schema\/person\/098f145c7c61a021c425e010f840080f\",\"name\":\"ni.abdi\",\"image\":{\"@type\":\"ImageObject\",\"inLanguage\":\"nl-NL\",\"@id\":\"https:\/\/territorialchallenges.com\/#\/schema\/person\/image\/\",\"url\":\"https:\/\/secure.gravatar.com\/avatar\/2a2f2491f3c80039986ba989b1e4b510?s=96&d=identicon&r=g\",\"contentUrl\":\"https:\/\/secure.gravatar.com\/avatar\/2a2f2491f3c80039986ba989b1e4b510?s=96&d=identicon&r=g\",\"caption\":\"ni.abdi\"},\"sameAs\":[\"https:\/\/twitter.com\/Ni.abdi\"],\"url\":\"https:\/\/territorialchallenges.com\/nl\/author\/ni-abdi\/\"}]}<\/script>\n<!-- \/ Yoast SEO plugin. -->","yoast_head_json":{"title":"L'informatique au c\u0153ur de l'\u00e9ducation et du quartier : une exp\u00e9rience pionni\u00e8re - Territorial Challenges","robots":{"index":"index","follow":"follow","max-snippet":"max-snippet:-1","max-image-preview":"max-image-preview:large","max-video-preview":"max-video-preview:-1"},"canonical":"https:\/\/territorialchallenges.com\/nl\/2025\/02\/19\/linformatique-au-coeur-de-leducation-et-du-quartier-une-experience-pionniere\/123950\/","og_locale":"nl_NL","og_type":"article","og_title":"L'informatique au c\u0153ur de l'\u00e9ducation et du quartier : une exp\u00e9rience pionni\u00e8re - Territorial Challenges","og_description":"Dans les ann\u00e9es 1980, l&rsquo;ouvrage \u00ab\u00a0Ordinateur, \u00e9cole, quartier : l&rsquo;informatique pr\u00e9texte\u00a0\u00bb de Pierre-Marie Perret et Jean-Paul Sagueton a marqu\u00e9 un tournant en explorant l&rsquo;int\u00e9gration de l&rsquo;informatique dans l&rsquo;\u00e9ducation et la vie communautaire. Publi\u00e9 par Chronique Sociale, ce livre retrace une exp\u00e9rience concr\u00e8te et v\u00e9cue d&rsquo;appropriation d&rsquo;un outil technique au niveau d&rsquo;une \u00e9cole et d&rsquo;un quartier, [&hellip;]","og_url":"https:\/\/territorialchallenges.com\/nl\/2025\/02\/19\/linformatique-au-coeur-de-leducation-et-du-quartier-une-experience-pionniere\/123950\/","og_site_name":"Territorial Challenges","article_published_time":"2025-02-19T08:15:22+00:00","article_modified_time":"2025-02-19T08:15:23+00:00","og_image":[{"width":1024,"height":1471,"url":"https:\/\/territorialchallenges.com\/wp-content\/uploads\/2025\/02\/Ordinateur_ecole_quartier___linformatique_.Perret_Pierre-Marie_bpt6k33271894.jpeg","type":"image\/jpeg"}],"author":"ni.abdi","twitter_card":"summary_large_image","twitter_creator":"@Ni.abdi","twitter_misc":{"Geschreven door":"ni.abdi","Geschatte leestijd":"3 minuten"},"schema":{"@context":"https:\/\/schema.org","@graph":[{"@type":"Article","@id":"https:\/\/territorialchallenges.com\/2025\/02\/19\/linformatique-au-coeur-de-leducation-et-du-quartier-une-experience-pionniere\/123950\/#article","isPartOf":{"@id":"https:\/\/territorialchallenges.com\/2025\/02\/19\/linformatique-au-coeur-de-leducation-et-du-quartier-une-experience-pionniere\/123950\/"},"author":{"name":"ni.abdi","@id":"https:\/\/territorialchallenges.com\/#\/schema\/person\/098f145c7c61a021c425e010f840080f"},"headline":"L&rsquo;informatique au c\u0153ur de l&rsquo;\u00e9ducation et du quartier : une exp\u00e9rience pionni\u00e8re","datePublished":"2025-02-19T08:15:22+00:00","dateModified":"2025-02-19T08:15:23+00:00","mainEntityOfPage":{"@id":"https:\/\/territorialchallenges.com\/2025\/02\/19\/linformatique-au-coeur-de-leducation-et-du-quartier-une-experience-pionniere\/123950\/"},"wordCount":675,"publisher":{"@id":"https:\/\/territorialchallenges.com\/#organization"},"articleSection":["M\u00e9moire"],"inLanguage":"nl-NL"},{"@type":"WebPage","@id":"https:\/\/territorialchallenges.com\/2025\/02\/19\/linformatique-au-coeur-de-leducation-et-du-quartier-une-experience-pionniere\/123950\/","url":"https:\/\/territorialchallenges.com\/2025\/02\/19\/linformatique-au-coeur-de-leducation-et-du-quartier-une-experience-pionniere\/123950\/","name":"L'informatique au c\u0153ur de l'\u00e9ducation et du quartier : une exp\u00e9rience pionni\u00e8re - Territorial Challenges","isPartOf":{"@id":"https:\/\/territorialchallenges.com\/#website"},"datePublished":"2025-02-19T08:15:22+00:00","dateModified":"2025-02-19T08:15:23+00:00","breadcrumb":{"@id":"https:\/\/territorialchallenges.com\/2025\/02\/19\/linformatique-au-coeur-de-leducation-et-du-quartier-une-experience-pionniere\/123950\/#breadcrumb"},"inLanguage":"nl-NL","potentialAction":[{"@type":"ReadAction","target":["https:\/\/territorialchallenges.com\/2025\/02\/19\/linformatique-au-coeur-de-leducation-et-du-quartier-une-experience-pionniere\/123950\/"]}]},{"@type":"BreadcrumbList","@id":"https:\/\/territorialchallenges.com\/2025\/02\/19\/linformatique-au-coeur-de-leducation-et-du-quartier-une-experience-pionniere\/123950\/#breadcrumb","itemListElement":[{"@type":"ListItem","position":1,"name":"Home","item":"https:\/\/territorialchallenges.com\/"},{"@type":"ListItem","position":2,"name":"L&rsquo;informatique au c\u0153ur de l&rsquo;\u00e9ducation et du quartier : une exp\u00e9rience pionni\u00e8re"}]},{"@type":"WebSite","@id":"https:\/\/territorialchallenges.com\/#website","url":"https:\/\/territorialchallenges.com\/","name":"Territoriale uitdagingen","description":"Internationale monitoring - Slimme strategie\u00ebn - Beste praktijken","publisher":{"@id":"https:\/\/territorialchallenges.com\/#organization"},"potentialAction":[{"@type":"SearchAction","target":{"@type":"EntryPoint","urlTemplate":"https:\/\/territorialchallenges.com\/?s={search_term_string}"},"query-input":"required name=search_term_string"}],"inLanguage":"nl-NL"},{"@type":"Organization","@id":"https:\/\/territorialchallenges.com\/#organization","name":"Territoriale uitdagingen","url":"https:\/\/territorialchallenges.com\/","logo":{"@type":"ImageObject","inLanguage":"nl-NL","@id":"https:\/\/territorialchallenges.com\/#\/schema\/logo\/image\/","url":"https:\/\/territorialchallenges.com\/wp-content\/uploads\/2023\/10\/logo-1.png","contentUrl":"https:\/\/territorialchallenges.com\/wp-content\/uploads\/2023\/10\/logo-1.png","width":1832,"height":576,"caption":"Territorial Challenges"},"image":{"@id":"https:\/\/territorialchallenges.com\/#\/schema\/logo\/image\/"}},{"@type":"Person","@id":"https:\/\/territorialchallenges.com\/#\/schema\/person\/098f145c7c61a021c425e010f840080f","name":"ni.abdi","image":{"@type":"ImageObject","inLanguage":"nl-NL","@id":"https:\/\/territorialchallenges.com\/#\/schema\/person\/image\/","url":"https:\/\/secure.gravatar.com\/avatar\/2a2f2491f3c80039986ba989b1e4b510?s=96&d=identicon&r=g","contentUrl":"https:\/\/secure.gravatar.com\/avatar\/2a2f2491f3c80039986ba989b1e4b510?s=96&d=identicon&r=g","caption":"ni.abdi"},"sameAs":["https:\/\/twitter.com\/Ni.abdi"],"url":"https:\/\/territorialchallenges.com\/nl\/author\/ni-abdi\/"}]}},"_links":{"self":[{"href":"https:\/\/territorialchallenges.com\/nl\/wp-json\/wp\/v2\/posts\/123950"}],"collection":[{"href":"https:\/\/territorialchallenges.com\/nl\/wp-json\/wp\/v2\/posts"}],"about":[{"href":"https:\/\/territorialchallenges.com\/nl\/wp-json\/wp\/v2\/types\/post"}],"author":[{"embeddable":true,"href":"https:\/\/territorialchallenges.com\/nl\/wp-json\/wp\/v2\/users\/11"}],"replies":[{"embeddable":true,"href":"https:\/\/territorialchallenges.com\/nl\/wp-json\/wp\/v2\/comments?post=123950"}],"version-history":[{"count":1,"href":"https:\/\/territorialchallenges.com\/nl\/wp-json\/wp\/v2\/posts\/123950\/revisions"}],"predecessor-version":[{"id":123952,"href":"https:\/\/territorialchallenges.com\/nl\/wp-json\/wp\/v2\/posts\/123950\/revisions\/123952"}],"wp:featuredmedia":[{"embeddable":true,"href":"https:\/\/territorialchallenges.com\/nl\/wp-json\/wp\/v2\/media\/123951"}],"wp:attachment":[{"href":"https:\/\/territorialchallenges.com\/nl\/wp-json\/wp\/v2\/media?parent=123950"}],"wp:term":[{"taxonomy":"category","embeddable":true,"href":"https:\/\/territorialchallenges.com\/nl\/wp-json\/wp\/v2\/categories?post=123950"},{"taxonomy":"post_tag","embeddable":true,"href":"https:\/\/territorialchallenges.com\/nl\/wp-json\/wp\/v2\/tags?post=123950"}],"curies":[{"name":"wp","href":"https:\/\/api.w.org\/{rel}","templated":true}]}}