{"id":123941,"date":"2025-02-12T10:07:10","date_gmt":"2025-02-12T09:07:10","guid":{"rendered":"https:\/\/territorialchallenges.com\/?p=123941"},"modified":"2025-02-12T10:07:12","modified_gmt":"2025-02-12T09:07:12","slug":"lintelligence-artificielle-un-defi-europeen-pas-seulement-francais","status":"publish","type":"post","link":"https:\/\/territorialchallenges.com\/nl\/2025\/02\/12\/lintelligence-artificielle-un-defi-europeen-pas-seulement-francais\/123941\/","title":{"rendered":"Kunstmatige intelligentie: een Europese uitdaging, niet alleen een Franse"},"content":{"rendered":"<p>Nu de Parijse top over kunstmatige intelligentie ten einde loopt, is het cruciaal om te onthouden dat de toekomst van deze technologie alleen op Europees niveau kan worden voorspeld. Ge\u00efsoleerde initiatieven, hoe prijzenswaardig ook, riskeren versnippering van de inspanningen en het achterblijven van Europa bij mondiale giganten. De Europese Unie moet dringend een... <\/p>\n<div class=\"pmpro_content_message\">Artikel alleen beschikbaar voor abonnees.<br \/><a href=\"https:\/\/territorialchallenges.com\/wp-login.php\">Login<\/a><br \/><a href=\"https:\/\/territorialchallenges.com\/nl\/wp-login.php\/?action=register\">Register<\/a><\/div>","protected":false},"excerpt":{"rendered":"<p>Alors que le sommet \u00e0 Paris sur l&rsquo;intelligence artificielle prend fin, il est crucial de rappeler que l&rsquo;avenir de cette technologie ne peut \u00eatre envisag\u00e9 qu&rsquo;\u00e0 l&rsquo;\u00e9chelle europ\u00e9enne. Les initiatives isol\u00e9es, bien que louables, risquent de fragmenter les efforts et de laisser l&rsquo;Europe en retrait face aux g\u00e9ants mondiaux. L&rsquo;Union europ\u00e9enne doit imp\u00e9rativement adopter une... <\/p>\n<div class=\"pmpro_content_message\">Artikel alleen beschikbaar voor abonnees.<br \/><a href=\"https:\/\/territorialchallenges.com\/wp-login.php\">Login<\/a><br \/><a href=\"https:\/\/territorialchallenges.com\/nl\/wp-login.php\/?action=register\">Register<\/a><\/div>","protected":false},"author":11,"featured_media":123942,"comment_status":"closed","ping_status":"closed","sticky":true,"template":"","format":"standard","meta":{"pmpro_default_level":0,"footnotes":""},"categories":[130,117],"tags":[],"blocksy_meta":"","yoast_head":"<!-- This site is optimized with the Yoast SEO plugin v21.5 - https:\/\/yoast.com\/wordpress\/plugins\/seo\/ -->\n<title>L&#039;Intelligence Artificielle : un d\u00e9fi europ\u00e9en, pas seulement fran\u00e7ais - Territorial Challenges<\/title>\n<meta name=\"robots\" content=\"index, follow, max-snippet:-1, max-image-preview:large, max-video-preview:-1\" \/>\n<link rel=\"canonical\" href=\"https:\/\/territorialchallenges.com\/nl\/2025\/02\/12\/lintelligence-artificielle-un-defi-europeen-pas-seulement-francais\/123941\/\" \/>\n<meta property=\"og:locale\" content=\"nl_NL\" \/>\n<meta property=\"og:type\" content=\"article\" \/>\n<meta property=\"og:title\" content=\"L&#039;Intelligence Artificielle : un d\u00e9fi europ\u00e9en, pas seulement fran\u00e7ais - Territorial Challenges\" \/>\n<meta property=\"og:description\" content=\"Alors que le sommet \u00e0 Paris sur l&rsquo;intelligence artificielle prend fin, il est crucial de rappeler que l&rsquo;avenir de cette technologie ne peut \u00eatre envisag\u00e9 qu&rsquo;\u00e0 l&rsquo;\u00e9chelle europ\u00e9enne. Les initiatives isol\u00e9es, bien que louables, risquent de fragmenter les efforts et de laisser l&rsquo;Europe en retrait face aux g\u00e9ants mondiaux. L&rsquo;Union europ\u00e9enne doit imp\u00e9rativement adopter une [&hellip;]\" \/>\n<meta property=\"og:url\" content=\"https:\/\/territorialchallenges.com\/nl\/2025\/02\/12\/lintelligence-artificielle-un-defi-europeen-pas-seulement-francais\/123941\/\" \/>\n<meta property=\"og:site_name\" content=\"Territorial Challenges\" \/>\n<meta property=\"article:published_time\" content=\"2025-02-12T09:07:10+00:00\" \/>\n<meta property=\"article:modified_time\" content=\"2025-02-12T09:07:12+00:00\" \/>\n<meta property=\"og:image\" content=\"https:\/\/territorialchallenges.com\/wp-content\/uploads\/2025\/02\/ReflexionFaiteImage.jpg\" \/>\n\t<meta property=\"og:image:width\" content=\"400\" \/>\n\t<meta property=\"og:image:height\" content=\"391\" \/>\n\t<meta property=\"og:image:type\" content=\"image\/jpeg\" \/>\n<meta name=\"author\" content=\"ni.abdi\" \/>\n<meta name=\"twitter:card\" content=\"summary_large_image\" \/>\n<meta name=\"twitter:creator\" content=\"@Ni.abdi\" \/>\n<meta name=\"twitter:label1\" content=\"Geschreven door\" \/>\n\t<meta name=\"twitter:data1\" content=\"ni.abdi\" \/>\n\t<meta name=\"twitter:label2\" content=\"Geschatte leestijd\" \/>\n\t<meta name=\"twitter:data2\" content=\"4 minuten\" \/>\n<script type=\"application\/ld+json\" class=\"yoast-schema-graph\">{\"@context\":\"https:\/\/schema.org\",\"@graph\":[{\"@type\":\"Article\",\"@id\":\"https:\/\/territorialchallenges.com\/2025\/02\/12\/lintelligence-artificielle-un-defi-europeen-pas-seulement-francais\/123941\/#article\",\"isPartOf\":{\"@id\":\"https:\/\/territorialchallenges.com\/2025\/02\/12\/lintelligence-artificielle-un-defi-europeen-pas-seulement-francais\/123941\/\"},\"author\":{\"name\":\"ni.abdi\",\"@id\":\"https:\/\/territorialchallenges.com\/#\/schema\/person\/098f145c7c61a021c425e010f840080f\"},\"headline\":\"L&rsquo;Intelligence Artificielle : un d\u00e9fi europ\u00e9en, pas seulement fran\u00e7ais\",\"datePublished\":\"2025-02-12T09:07:10+00:00\",\"dateModified\":\"2025-02-12T09:07:12+00:00\",\"mainEntityOfPage\":{\"@id\":\"https:\/\/territorialchallenges.com\/2025\/02\/12\/lintelligence-artificielle-un-defi-europeen-pas-seulement-francais\/123941\/\"},\"wordCount\":758,\"publisher\":{\"@id\":\"https:\/\/territorialchallenges.com\/#organization\"},\"articleSection\":[\"R\u00e9flexion faite\",\"\u00c9cosyst\u00e8me\"],\"inLanguage\":\"nl-NL\"},{\"@type\":\"WebPage\",\"@id\":\"https:\/\/territorialchallenges.com\/2025\/02\/12\/lintelligence-artificielle-un-defi-europeen-pas-seulement-francais\/123941\/\",\"url\":\"https:\/\/territorialchallenges.com\/2025\/02\/12\/lintelligence-artificielle-un-defi-europeen-pas-seulement-francais\/123941\/\",\"name\":\"L'Intelligence Artificielle : un d\u00e9fi europ\u00e9en, pas seulement fran\u00e7ais - Territorial Challenges\",\"isPartOf\":{\"@id\":\"https:\/\/territorialchallenges.com\/#website\"},\"datePublished\":\"2025-02-12T09:07:10+00:00\",\"dateModified\":\"2025-02-12T09:07:12+00:00\",\"breadcrumb\":{\"@id\":\"https:\/\/territorialchallenges.com\/2025\/02\/12\/lintelligence-artificielle-un-defi-europeen-pas-seulement-francais\/123941\/#breadcrumb\"},\"inLanguage\":\"nl-NL\",\"potentialAction\":[{\"@type\":\"ReadAction\",\"target\":[\"https:\/\/territorialchallenges.com\/2025\/02\/12\/lintelligence-artificielle-un-defi-europeen-pas-seulement-francais\/123941\/\"]}]},{\"@type\":\"BreadcrumbList\",\"@id\":\"https:\/\/territorialchallenges.com\/2025\/02\/12\/lintelligence-artificielle-un-defi-europeen-pas-seulement-francais\/123941\/#breadcrumb\",\"itemListElement\":[{\"@type\":\"ListItem\",\"position\":1,\"name\":\"Home\",\"item\":\"https:\/\/territorialchallenges.com\/\"},{\"@type\":\"ListItem\",\"position\":2,\"name\":\"L&rsquo;Intelligence Artificielle : un d\u00e9fi europ\u00e9en, pas seulement fran\u00e7ais\"}]},{\"@type\":\"WebSite\",\"@id\":\"https:\/\/territorialchallenges.com\/#website\",\"url\":\"https:\/\/territorialchallenges.com\/\",\"name\":\"Territorial Challenges\",\"description\":\"Veille Internationale - Strat\u00e9gie Intelligentes - Bonnes pratiques\",\"publisher\":{\"@id\":\"https:\/\/territorialchallenges.com\/#organization\"},\"potentialAction\":[{\"@type\":\"SearchAction\",\"target\":{\"@type\":\"EntryPoint\",\"urlTemplate\":\"https:\/\/territorialchallenges.com\/?s={search_term_string}\"},\"query-input\":\"required name=search_term_string\"}],\"inLanguage\":\"nl-NL\"},{\"@type\":\"Organization\",\"@id\":\"https:\/\/territorialchallenges.com\/#organization\",\"name\":\"Territorial Challenges\",\"url\":\"https:\/\/territorialchallenges.com\/\",\"logo\":{\"@type\":\"ImageObject\",\"inLanguage\":\"nl-NL\",\"@id\":\"https:\/\/territorialchallenges.com\/#\/schema\/logo\/image\/\",\"url\":\"https:\/\/territorialchallenges.com\/wp-content\/uploads\/2023\/10\/logo-1.png\",\"contentUrl\":\"https:\/\/territorialchallenges.com\/wp-content\/uploads\/2023\/10\/logo-1.png\",\"width\":1832,\"height\":576,\"caption\":\"Territorial Challenges\"},\"image\":{\"@id\":\"https:\/\/territorialchallenges.com\/#\/schema\/logo\/image\/\"}},{\"@type\":\"Person\",\"@id\":\"https:\/\/territorialchallenges.com\/#\/schema\/person\/098f145c7c61a021c425e010f840080f\",\"name\":\"ni.abdi\",\"image\":{\"@type\":\"ImageObject\",\"inLanguage\":\"nl-NL\",\"@id\":\"https:\/\/territorialchallenges.com\/#\/schema\/person\/image\/\",\"url\":\"https:\/\/secure.gravatar.com\/avatar\/2a2f2491f3c80039986ba989b1e4b510?s=96&d=identicon&r=g\",\"contentUrl\":\"https:\/\/secure.gravatar.com\/avatar\/2a2f2491f3c80039986ba989b1e4b510?s=96&d=identicon&r=g\",\"caption\":\"ni.abdi\"},\"sameAs\":[\"https:\/\/twitter.com\/Ni.abdi\"],\"url\":\"https:\/\/territorialchallenges.com\/nl\/author\/ni-abdi\/\"}]}<\/script>\n<!-- \/ Yoast SEO plugin. -->","yoast_head_json":{"title":"L'Intelligence Artificielle : un d\u00e9fi europ\u00e9en, pas seulement fran\u00e7ais - Territorial Challenges","robots":{"index":"index","follow":"follow","max-snippet":"max-snippet:-1","max-image-preview":"max-image-preview:large","max-video-preview":"max-video-preview:-1"},"canonical":"https:\/\/territorialchallenges.com\/nl\/2025\/02\/12\/lintelligence-artificielle-un-defi-europeen-pas-seulement-francais\/123941\/","og_locale":"nl_NL","og_type":"article","og_title":"L'Intelligence Artificielle : un d\u00e9fi europ\u00e9en, pas seulement fran\u00e7ais - Territorial Challenges","og_description":"Alors que le sommet \u00e0 Paris sur l&rsquo;intelligence artificielle prend fin, il est crucial de rappeler que l&rsquo;avenir de cette technologie ne peut \u00eatre envisag\u00e9 qu&rsquo;\u00e0 l&rsquo;\u00e9chelle europ\u00e9enne. Les initiatives isol\u00e9es, bien que louables, risquent de fragmenter les efforts et de laisser l&rsquo;Europe en retrait face aux g\u00e9ants mondiaux. L&rsquo;Union europ\u00e9enne doit imp\u00e9rativement adopter une [&hellip;]","og_url":"https:\/\/territorialchallenges.com\/nl\/2025\/02\/12\/lintelligence-artificielle-un-defi-europeen-pas-seulement-francais\/123941\/","og_site_name":"Territorial Challenges","article_published_time":"2025-02-12T09:07:10+00:00","article_modified_time":"2025-02-12T09:07:12+00:00","og_image":[{"width":400,"height":391,"url":"https:\/\/territorialchallenges.com\/wp-content\/uploads\/2025\/02\/ReflexionFaiteImage.jpg","type":"image\/jpeg"}],"author":"ni.abdi","twitter_card":"summary_large_image","twitter_creator":"@Ni.abdi","twitter_misc":{"Geschreven door":"ni.abdi","Geschatte leestijd":"4 minuten"},"schema":{"@context":"https:\/\/schema.org","@graph":[{"@type":"Article","@id":"https:\/\/territorialchallenges.com\/2025\/02\/12\/lintelligence-artificielle-un-defi-europeen-pas-seulement-francais\/123941\/#article","isPartOf":{"@id":"https:\/\/territorialchallenges.com\/2025\/02\/12\/lintelligence-artificielle-un-defi-europeen-pas-seulement-francais\/123941\/"},"author":{"name":"ni.abdi","@id":"https:\/\/territorialchallenges.com\/#\/schema\/person\/098f145c7c61a021c425e010f840080f"},"headline":"L&rsquo;Intelligence Artificielle : un d\u00e9fi europ\u00e9en, pas seulement fran\u00e7ais","datePublished":"2025-02-12T09:07:10+00:00","dateModified":"2025-02-12T09:07:12+00:00","mainEntityOfPage":{"@id":"https:\/\/territorialchallenges.com\/2025\/02\/12\/lintelligence-artificielle-un-defi-europeen-pas-seulement-francais\/123941\/"},"wordCount":758,"publisher":{"@id":"https:\/\/territorialchallenges.com\/#organization"},"articleSection":["R\u00e9flexion faite","\u00c9cosyst\u00e8me"],"inLanguage":"nl-NL"},{"@type":"WebPage","@id":"https:\/\/territorialchallenges.com\/2025\/02\/12\/lintelligence-artificielle-un-defi-europeen-pas-seulement-francais\/123941\/","url":"https:\/\/territorialchallenges.com\/2025\/02\/12\/lintelligence-artificielle-un-defi-europeen-pas-seulement-francais\/123941\/","name":"L'Intelligence Artificielle : un d\u00e9fi europ\u00e9en, pas seulement fran\u00e7ais - Territorial Challenges","isPartOf":{"@id":"https:\/\/territorialchallenges.com\/#website"},"datePublished":"2025-02-12T09:07:10+00:00","dateModified":"2025-02-12T09:07:12+00:00","breadcrumb":{"@id":"https:\/\/territorialchallenges.com\/2025\/02\/12\/lintelligence-artificielle-un-defi-europeen-pas-seulement-francais\/123941\/#breadcrumb"},"inLanguage":"nl-NL","potentialAction":[{"@type":"ReadAction","target":["https:\/\/territorialchallenges.com\/2025\/02\/12\/lintelligence-artificielle-un-defi-europeen-pas-seulement-francais\/123941\/"]}]},{"@type":"BreadcrumbList","@id":"https:\/\/territorialchallenges.com\/2025\/02\/12\/lintelligence-artificielle-un-defi-europeen-pas-seulement-francais\/123941\/#breadcrumb","itemListElement":[{"@type":"ListItem","position":1,"name":"Home","item":"https:\/\/territorialchallenges.com\/"},{"@type":"ListItem","position":2,"name":"L&rsquo;Intelligence Artificielle : un d\u00e9fi europ\u00e9en, pas seulement fran\u00e7ais"}]},{"@type":"WebSite","@id":"https:\/\/territorialchallenges.com\/#website","url":"https:\/\/territorialchallenges.com\/","name":"Territoriale uitdagingen","description":"Internationale monitoring - Slimme strategie\u00ebn - Beste praktijken","publisher":{"@id":"https:\/\/territorialchallenges.com\/#organization"},"potentialAction":[{"@type":"SearchAction","target":{"@type":"EntryPoint","urlTemplate":"https:\/\/territorialchallenges.com\/?s={search_term_string}"},"query-input":"required name=search_term_string"}],"inLanguage":"nl-NL"},{"@type":"Organization","@id":"https:\/\/territorialchallenges.com\/#organization","name":"Territoriale uitdagingen","url":"https:\/\/territorialchallenges.com\/","logo":{"@type":"ImageObject","inLanguage":"nl-NL","@id":"https:\/\/territorialchallenges.com\/#\/schema\/logo\/image\/","url":"https:\/\/territorialchallenges.com\/wp-content\/uploads\/2023\/10\/logo-1.png","contentUrl":"https:\/\/territorialchallenges.com\/wp-content\/uploads\/2023\/10\/logo-1.png","width":1832,"height":576,"caption":"Territorial Challenges"},"image":{"@id":"https:\/\/territorialchallenges.com\/#\/schema\/logo\/image\/"}},{"@type":"Person","@id":"https:\/\/territorialchallenges.com\/#\/schema\/person\/098f145c7c61a021c425e010f840080f","name":"ni.abdi","image":{"@type":"ImageObject","inLanguage":"nl-NL","@id":"https:\/\/territorialchallenges.com\/#\/schema\/person\/image\/","url":"https:\/\/secure.gravatar.com\/avatar\/2a2f2491f3c80039986ba989b1e4b510?s=96&d=identicon&r=g","contentUrl":"https:\/\/secure.gravatar.com\/avatar\/2a2f2491f3c80039986ba989b1e4b510?s=96&d=identicon&r=g","caption":"ni.abdi"},"sameAs":["https:\/\/twitter.com\/Ni.abdi"],"url":"https:\/\/territorialchallenges.com\/nl\/author\/ni-abdi\/"}]}},"_links":{"self":[{"href":"https:\/\/territorialchallenges.com\/nl\/wp-json\/wp\/v2\/posts\/123941"}],"collection":[{"href":"https:\/\/territorialchallenges.com\/nl\/wp-json\/wp\/v2\/posts"}],"about":[{"href":"https:\/\/territorialchallenges.com\/nl\/wp-json\/wp\/v2\/types\/post"}],"author":[{"embeddable":true,"href":"https:\/\/territorialchallenges.com\/nl\/wp-json\/wp\/v2\/users\/11"}],"replies":[{"embeddable":true,"href":"https:\/\/territorialchallenges.com\/nl\/wp-json\/wp\/v2\/comments?post=123941"}],"version-history":[{"count":1,"href":"https:\/\/territorialchallenges.com\/nl\/wp-json\/wp\/v2\/posts\/123941\/revisions"}],"predecessor-version":[{"id":123943,"href":"https:\/\/territorialchallenges.com\/nl\/wp-json\/wp\/v2\/posts\/123941\/revisions\/123943"}],"wp:featuredmedia":[{"embeddable":true,"href":"https:\/\/territorialchallenges.com\/nl\/wp-json\/wp\/v2\/media\/123942"}],"wp:attachment":[{"href":"https:\/\/territorialchallenges.com\/nl\/wp-json\/wp\/v2\/media?parent=123941"}],"wp:term":[{"taxonomy":"category","embeddable":true,"href":"https:\/\/territorialchallenges.com\/nl\/wp-json\/wp\/v2\/categories?post=123941"},{"taxonomy":"post_tag","embeddable":true,"href":"https:\/\/territorialchallenges.com\/nl\/wp-json\/wp\/v2\/tags?post=123941"}],"curies":[{"name":"wp","href":"https:\/\/api.w.org\/{rel}","templated":true}]}}