{"id":123903,"date":"2025-02-04T21:19:33","date_gmt":"2025-02-04T20:19:33","guid":{"rendered":"https:\/\/territorialchallenges.com\/?p=123903"},"modified":"2025-02-04T21:19:35","modified_gmt":"2025-02-04T20:19:35","slug":"moritz-grater-larchitecte-de-linnovation-a-heilbronn","status":"publish","type":"post","link":"https:\/\/territorialchallenges.com\/nl\/2025\/02\/04\/moritz-grater-larchitecte-de-linnovation-a-heilbronn\/123903\/","title":{"rendered":"Moritz Gr\u00e4ter: De architect van innovatie in Heilbronn"},"content":{"rendered":"<p>Moritz Gr\u00e4ter, CEO van het Innovation Park Artificial Intelligence (IPAI) in Heilbronn, is een visionair die vastbesloten is om deze stad in Baden-W\u00fcrttemberg te transformeren tot een Europese hotspot voor kunstmatige intelligentie. Met een carri\u00e8re vol innovatie en leiderschap bouwt hij aan een invloedrijk ecosysteem waar bedrijven, startups en onderzoekers samenwerken om de technologische toekomst vorm te geven. Moritz Gr\u00e4ter\u2026 <\/p>\n<div class=\"pmpro_content_message\">Artikel alleen beschikbaar voor abonnees.<br \/><a href=\"https:\/\/territorialchallenges.com\/wp-login.php\">Login<\/a><br \/><a href=\"https:\/\/territorialchallenges.com\/nl\/wp-login.php\/?action=register\">Register<\/a><\/div>","protected":false},"excerpt":{"rendered":"<p>Moritz Gr\u00e4ter, PDG de l&rsquo;Innovation Park Artificial Intelligence (IPAI) \u00e0 Heilbronn, est un visionnaire d\u00e9termin\u00e9 \u00e0 transformer cette ville du Bade-Wurtemberg en un haut lieu europ\u00e9en de l&rsquo;intelligence artificielle. Avec une carri\u00e8re riche en innovations et en leadership, il construit un \u00e9cosyst\u00e8me influent o\u00f9 entreprises, startups et chercheurs collaborent pour fa\u00e7onner l&rsquo;avenir technologique. Moritz Gr\u00e4ter... <\/p>\n<div class=\"pmpro_content_message\">Artikel alleen beschikbaar voor abonnees.<br \/><a href=\"https:\/\/territorialchallenges.com\/wp-login.php\">Login<\/a><br \/><a href=\"https:\/\/territorialchallenges.com\/nl\/wp-login.php\/?action=register\">Register<\/a><\/div>","protected":false},"author":11,"featured_media":123904,"comment_status":"closed","ping_status":"closed","sticky":true,"template":"","format":"standard","meta":{"pmpro_default_level":0,"footnotes":""},"categories":[126,117],"tags":[],"blocksy_meta":"","yoast_head":"<!-- This site is optimized with the Yoast SEO plugin v21.5 - https:\/\/yoast.com\/wordpress\/plugins\/seo\/ -->\n<title>Moritz Gr\u00e4ter : L&#039;architecte de l&#039;innovation \u00e0 Heilbronn - Territorial Challenges<\/title>\n<meta name=\"robots\" content=\"index, follow, max-snippet:-1, max-image-preview:large, max-video-preview:-1\" \/>\n<link rel=\"canonical\" href=\"https:\/\/territorialchallenges.com\/nl\/2025\/02\/04\/moritz-grater-larchitecte-de-linnovation-a-heilbronn\/123903\/\" \/>\n<meta property=\"og:locale\" content=\"nl_NL\" \/>\n<meta property=\"og:type\" content=\"article\" \/>\n<meta property=\"og:title\" content=\"Moritz Gr\u00e4ter : L&#039;architecte de l&#039;innovation \u00e0 Heilbronn - Territorial Challenges\" \/>\n<meta property=\"og:description\" content=\"Moritz Gr\u00e4ter, PDG de l&rsquo;Innovation Park Artificial Intelligence (IPAI) \u00e0 Heilbronn, est un visionnaire d\u00e9termin\u00e9 \u00e0 transformer cette ville du Bade-Wurtemberg en un haut lieu europ\u00e9en de l&rsquo;intelligence artificielle. Avec une carri\u00e8re riche en innovations et en leadership, il construit un \u00e9cosyst\u00e8me influent o\u00f9 entreprises, startups et chercheurs collaborent pour fa\u00e7onner l&rsquo;avenir technologique. Moritz Gr\u00e4ter [&hellip;]\" \/>\n<meta property=\"og:url\" content=\"https:\/\/territorialchallenges.com\/nl\/2025\/02\/04\/moritz-grater-larchitecte-de-linnovation-a-heilbronn\/123903\/\" \/>\n<meta property=\"og:site_name\" content=\"Territorial Challenges\" \/>\n<meta property=\"article:published_time\" content=\"2025-02-04T20:19:33+00:00\" \/>\n<meta property=\"article:modified_time\" content=\"2025-02-04T20:19:35+00:00\" \/>\n<meta property=\"og:image\" content=\"https:\/\/territorialchallenges.com\/wp-content\/uploads\/2025\/02\/OnparledeuxMoritzIpai.jpg\" \/>\n\t<meta property=\"og:image:width\" content=\"1612\" \/>\n\t<meta property=\"og:image:height\" content=\"1619\" \/>\n\t<meta property=\"og:image:type\" content=\"image\/jpeg\" \/>\n<meta name=\"author\" content=\"ni.abdi\" \/>\n<meta name=\"twitter:card\" content=\"summary_large_image\" \/>\n<meta name=\"twitter:creator\" content=\"@Ni.abdi\" \/>\n<meta name=\"twitter:label1\" content=\"Geschreven door\" \/>\n\t<meta name=\"twitter:data1\" content=\"ni.abdi\" \/>\n\t<meta name=\"twitter:label2\" content=\"Geschatte leestijd\" \/>\n\t<meta name=\"twitter:data2\" content=\"4 minuten\" \/>\n<script type=\"application\/ld+json\" class=\"yoast-schema-graph\">{\"@context\":\"https:\/\/schema.org\",\"@graph\":[{\"@type\":\"Article\",\"@id\":\"https:\/\/territorialchallenges.com\/2025\/02\/04\/moritz-grater-larchitecte-de-linnovation-a-heilbronn\/123903\/#article\",\"isPartOf\":{\"@id\":\"https:\/\/territorialchallenges.com\/2025\/02\/04\/moritz-grater-larchitecte-de-linnovation-a-heilbronn\/123903\/\"},\"author\":{\"name\":\"ni.abdi\",\"@id\":\"https:\/\/territorialchallenges.com\/#\/schema\/person\/098f145c7c61a021c425e010f840080f\"},\"headline\":\"Moritz Gr\u00e4ter : L&rsquo;architecte de l&rsquo;innovation \u00e0 Heilbronn\",\"datePublished\":\"2025-02-04T20:19:33+00:00\",\"dateModified\":\"2025-02-04T20:19:35+00:00\",\"mainEntityOfPage\":{\"@id\":\"https:\/\/territorialchallenges.com\/2025\/02\/04\/moritz-grater-larchitecte-de-linnovation-a-heilbronn\/123903\/\"},\"wordCount\":812,\"publisher\":{\"@id\":\"https:\/\/territorialchallenges.com\/#organization\"},\"articleSection\":[\"On parle d'eux\",\"\u00c9cosyst\u00e8me\"],\"inLanguage\":\"nl-NL\"},{\"@type\":\"WebPage\",\"@id\":\"https:\/\/territorialchallenges.com\/2025\/02\/04\/moritz-grater-larchitecte-de-linnovation-a-heilbronn\/123903\/\",\"url\":\"https:\/\/territorialchallenges.com\/2025\/02\/04\/moritz-grater-larchitecte-de-linnovation-a-heilbronn\/123903\/\",\"name\":\"Moritz Gr\u00e4ter : L'architecte de l'innovation \u00e0 Heilbronn - Territorial Challenges\",\"isPartOf\":{\"@id\":\"https:\/\/territorialchallenges.com\/#website\"},\"datePublished\":\"2025-02-04T20:19:33+00:00\",\"dateModified\":\"2025-02-04T20:19:35+00:00\",\"breadcrumb\":{\"@id\":\"https:\/\/territorialchallenges.com\/2025\/02\/04\/moritz-grater-larchitecte-de-linnovation-a-heilbronn\/123903\/#breadcrumb\"},\"inLanguage\":\"nl-NL\",\"potentialAction\":[{\"@type\":\"ReadAction\",\"target\":[\"https:\/\/territorialchallenges.com\/2025\/02\/04\/moritz-grater-larchitecte-de-linnovation-a-heilbronn\/123903\/\"]}]},{\"@type\":\"BreadcrumbList\",\"@id\":\"https:\/\/territorialchallenges.com\/2025\/02\/04\/moritz-grater-larchitecte-de-linnovation-a-heilbronn\/123903\/#breadcrumb\",\"itemListElement\":[{\"@type\":\"ListItem\",\"position\":1,\"name\":\"Home\",\"item\":\"https:\/\/territorialchallenges.com\/\"},{\"@type\":\"ListItem\",\"position\":2,\"name\":\"Moritz Gr\u00e4ter : L&rsquo;architecte de l&rsquo;innovation \u00e0 Heilbronn\"}]},{\"@type\":\"WebSite\",\"@id\":\"https:\/\/territorialchallenges.com\/#website\",\"url\":\"https:\/\/territorialchallenges.com\/\",\"name\":\"Territorial Challenges\",\"description\":\"Veille Internationale - Strat\u00e9gie Intelligentes - Bonnes pratiques\",\"publisher\":{\"@id\":\"https:\/\/territorialchallenges.com\/#organization\"},\"potentialAction\":[{\"@type\":\"SearchAction\",\"target\":{\"@type\":\"EntryPoint\",\"urlTemplate\":\"https:\/\/territorialchallenges.com\/?s={search_term_string}\"},\"query-input\":\"required name=search_term_string\"}],\"inLanguage\":\"nl-NL\"},{\"@type\":\"Organization\",\"@id\":\"https:\/\/territorialchallenges.com\/#organization\",\"name\":\"Territorial Challenges\",\"url\":\"https:\/\/territorialchallenges.com\/\",\"logo\":{\"@type\":\"ImageObject\",\"inLanguage\":\"nl-NL\",\"@id\":\"https:\/\/territorialchallenges.com\/#\/schema\/logo\/image\/\",\"url\":\"https:\/\/territorialchallenges.com\/wp-content\/uploads\/2023\/10\/logo-1.png\",\"contentUrl\":\"https:\/\/territorialchallenges.com\/wp-content\/uploads\/2023\/10\/logo-1.png\",\"width\":1832,\"height\":576,\"caption\":\"Territorial Challenges\"},\"image\":{\"@id\":\"https:\/\/territorialchallenges.com\/#\/schema\/logo\/image\/\"}},{\"@type\":\"Person\",\"@id\":\"https:\/\/territorialchallenges.com\/#\/schema\/person\/098f145c7c61a021c425e010f840080f\",\"name\":\"ni.abdi\",\"image\":{\"@type\":\"ImageObject\",\"inLanguage\":\"nl-NL\",\"@id\":\"https:\/\/territorialchallenges.com\/#\/schema\/person\/image\/\",\"url\":\"https:\/\/secure.gravatar.com\/avatar\/2a2f2491f3c80039986ba989b1e4b510?s=96&d=identicon&r=g\",\"contentUrl\":\"https:\/\/secure.gravatar.com\/avatar\/2a2f2491f3c80039986ba989b1e4b510?s=96&d=identicon&r=g\",\"caption\":\"ni.abdi\"},\"sameAs\":[\"https:\/\/twitter.com\/Ni.abdi\"],\"url\":\"https:\/\/territorialchallenges.com\/nl\/author\/ni-abdi\/\"}]}<\/script>\n<!-- \/ Yoast SEO plugin. -->","yoast_head_json":{"title":"Moritz Gr\u00e4ter : L'architecte de l'innovation \u00e0 Heilbronn - Territorial Challenges","robots":{"index":"index","follow":"follow","max-snippet":"max-snippet:-1","max-image-preview":"max-image-preview:large","max-video-preview":"max-video-preview:-1"},"canonical":"https:\/\/territorialchallenges.com\/nl\/2025\/02\/04\/moritz-grater-larchitecte-de-linnovation-a-heilbronn\/123903\/","og_locale":"nl_NL","og_type":"article","og_title":"Moritz Gr\u00e4ter : L'architecte de l'innovation \u00e0 Heilbronn - Territorial Challenges","og_description":"Moritz Gr\u00e4ter, PDG de l&rsquo;Innovation Park Artificial Intelligence (IPAI) \u00e0 Heilbronn, est un visionnaire d\u00e9termin\u00e9 \u00e0 transformer cette ville du Bade-Wurtemberg en un haut lieu europ\u00e9en de l&rsquo;intelligence artificielle. Avec une carri\u00e8re riche en innovations et en leadership, il construit un \u00e9cosyst\u00e8me influent o\u00f9 entreprises, startups et chercheurs collaborent pour fa\u00e7onner l&rsquo;avenir technologique. Moritz Gr\u00e4ter [&hellip;]","og_url":"https:\/\/territorialchallenges.com\/nl\/2025\/02\/04\/moritz-grater-larchitecte-de-linnovation-a-heilbronn\/123903\/","og_site_name":"Territorial Challenges","article_published_time":"2025-02-04T20:19:33+00:00","article_modified_time":"2025-02-04T20:19:35+00:00","og_image":[{"width":1612,"height":1619,"url":"https:\/\/territorialchallenges.com\/wp-content\/uploads\/2025\/02\/OnparledeuxMoritzIpai.jpg","type":"image\/jpeg"}],"author":"ni.abdi","twitter_card":"summary_large_image","twitter_creator":"@Ni.abdi","twitter_misc":{"Geschreven door":"ni.abdi","Geschatte leestijd":"4 minuten"},"schema":{"@context":"https:\/\/schema.org","@graph":[{"@type":"Article","@id":"https:\/\/territorialchallenges.com\/2025\/02\/04\/moritz-grater-larchitecte-de-linnovation-a-heilbronn\/123903\/#article","isPartOf":{"@id":"https:\/\/territorialchallenges.com\/2025\/02\/04\/moritz-grater-larchitecte-de-linnovation-a-heilbronn\/123903\/"},"author":{"name":"ni.abdi","@id":"https:\/\/territorialchallenges.com\/#\/schema\/person\/098f145c7c61a021c425e010f840080f"},"headline":"Moritz Gr\u00e4ter : L&rsquo;architecte de l&rsquo;innovation \u00e0 Heilbronn","datePublished":"2025-02-04T20:19:33+00:00","dateModified":"2025-02-04T20:19:35+00:00","mainEntityOfPage":{"@id":"https:\/\/territorialchallenges.com\/2025\/02\/04\/moritz-grater-larchitecte-de-linnovation-a-heilbronn\/123903\/"},"wordCount":812,"publisher":{"@id":"https:\/\/territorialchallenges.com\/#organization"},"articleSection":["On parle d'eux","\u00c9cosyst\u00e8me"],"inLanguage":"nl-NL"},{"@type":"WebPage","@id":"https:\/\/territorialchallenges.com\/2025\/02\/04\/moritz-grater-larchitecte-de-linnovation-a-heilbronn\/123903\/","url":"https:\/\/territorialchallenges.com\/2025\/02\/04\/moritz-grater-larchitecte-de-linnovation-a-heilbronn\/123903\/","name":"Moritz Gr\u00e4ter : L'architecte de l'innovation \u00e0 Heilbronn - Territorial Challenges","isPartOf":{"@id":"https:\/\/territorialchallenges.com\/#website"},"datePublished":"2025-02-04T20:19:33+00:00","dateModified":"2025-02-04T20:19:35+00:00","breadcrumb":{"@id":"https:\/\/territorialchallenges.com\/2025\/02\/04\/moritz-grater-larchitecte-de-linnovation-a-heilbronn\/123903\/#breadcrumb"},"inLanguage":"nl-NL","potentialAction":[{"@type":"ReadAction","target":["https:\/\/territorialchallenges.com\/2025\/02\/04\/moritz-grater-larchitecte-de-linnovation-a-heilbronn\/123903\/"]}]},{"@type":"BreadcrumbList","@id":"https:\/\/territorialchallenges.com\/2025\/02\/04\/moritz-grater-larchitecte-de-linnovation-a-heilbronn\/123903\/#breadcrumb","itemListElement":[{"@type":"ListItem","position":1,"name":"Home","item":"https:\/\/territorialchallenges.com\/"},{"@type":"ListItem","position":2,"name":"Moritz Gr\u00e4ter : L&rsquo;architecte de l&rsquo;innovation \u00e0 Heilbronn"}]},{"@type":"WebSite","@id":"https:\/\/territorialchallenges.com\/#website","url":"https:\/\/territorialchallenges.com\/","name":"Territoriale uitdagingen","description":"Internationale monitoring - Slimme strategie\u00ebn - Beste praktijken","publisher":{"@id":"https:\/\/territorialchallenges.com\/#organization"},"potentialAction":[{"@type":"SearchAction","target":{"@type":"EntryPoint","urlTemplate":"https:\/\/territorialchallenges.com\/?s={search_term_string}"},"query-input":"required name=search_term_string"}],"inLanguage":"nl-NL"},{"@type":"Organization","@id":"https:\/\/territorialchallenges.com\/#organization","name":"Territoriale uitdagingen","url":"https:\/\/territorialchallenges.com\/","logo":{"@type":"ImageObject","inLanguage":"nl-NL","@id":"https:\/\/territorialchallenges.com\/#\/schema\/logo\/image\/","url":"https:\/\/territorialchallenges.com\/wp-content\/uploads\/2023\/10\/logo-1.png","contentUrl":"https:\/\/territorialchallenges.com\/wp-content\/uploads\/2023\/10\/logo-1.png","width":1832,"height":576,"caption":"Territorial Challenges"},"image":{"@id":"https:\/\/territorialchallenges.com\/#\/schema\/logo\/image\/"}},{"@type":"Person","@id":"https:\/\/territorialchallenges.com\/#\/schema\/person\/098f145c7c61a021c425e010f840080f","name":"ni.abdi","image":{"@type":"ImageObject","inLanguage":"nl-NL","@id":"https:\/\/territorialchallenges.com\/#\/schema\/person\/image\/","url":"https:\/\/secure.gravatar.com\/avatar\/2a2f2491f3c80039986ba989b1e4b510?s=96&d=identicon&r=g","contentUrl":"https:\/\/secure.gravatar.com\/avatar\/2a2f2491f3c80039986ba989b1e4b510?s=96&d=identicon&r=g","caption":"ni.abdi"},"sameAs":["https:\/\/twitter.com\/Ni.abdi"],"url":"https:\/\/territorialchallenges.com\/nl\/author\/ni-abdi\/"}]}},"_links":{"self":[{"href":"https:\/\/territorialchallenges.com\/nl\/wp-json\/wp\/v2\/posts\/123903"}],"collection":[{"href":"https:\/\/territorialchallenges.com\/nl\/wp-json\/wp\/v2\/posts"}],"about":[{"href":"https:\/\/territorialchallenges.com\/nl\/wp-json\/wp\/v2\/types\/post"}],"author":[{"embeddable":true,"href":"https:\/\/territorialchallenges.com\/nl\/wp-json\/wp\/v2\/users\/11"}],"replies":[{"embeddable":true,"href":"https:\/\/territorialchallenges.com\/nl\/wp-json\/wp\/v2\/comments?post=123903"}],"version-history":[{"count":1,"href":"https:\/\/territorialchallenges.com\/nl\/wp-json\/wp\/v2\/posts\/123903\/revisions"}],"predecessor-version":[{"id":123905,"href":"https:\/\/territorialchallenges.com\/nl\/wp-json\/wp\/v2\/posts\/123903\/revisions\/123905"}],"wp:featuredmedia":[{"embeddable":true,"href":"https:\/\/territorialchallenges.com\/nl\/wp-json\/wp\/v2\/media\/123904"}],"wp:attachment":[{"href":"https:\/\/territorialchallenges.com\/nl\/wp-json\/wp\/v2\/media?parent=123903"}],"wp:term":[{"taxonomy":"category","embeddable":true,"href":"https:\/\/territorialchallenges.com\/nl\/wp-json\/wp\/v2\/categories?post=123903"},{"taxonomy":"post_tag","embeddable":true,"href":"https:\/\/territorialchallenges.com\/nl\/wp-json\/wp\/v2\/tags?post=123903"}],"curies":[{"name":"wp","href":"https:\/\/api.w.org\/{rel}","templated":true}]}}