{"id":123835,"date":"2025-01-29T11:11:18","date_gmt":"2025-01-29T10:11:18","guid":{"rendered":"https:\/\/territorialchallenges.com\/?p=123835"},"modified":"2025-01-29T11:11:20","modified_gmt":"2025-01-29T10:11:20","slug":"lunion-francaise-et-leurope-une-analyse-des-enjeux-industriels-a-travers-les-produits","status":"publish","type":"post","link":"https:\/\/territorialchallenges.com\/nl\/2025\/01\/29\/lunion-francaise-et-leurope-une-analyse-des-enjeux-industriels-a-travers-les-produits\/123835\/","title":{"rendered":"De Franse Unie en Europa: een analyse van industri\u00eble kwesties via producten"},"content":{"rendered":"<p>Het document &quot;De Franse Unie en Europa. Product-by-Product Studies&quot;, geschreven door de Studie- en Verbindingscommissie van de Werkgevers van de Franse Unie in 1953, beschrijft de uitdagingen en vooruitzichten van de integratie van de Franse industrie in een toekomstige Europese gemeenschap. Aan de hand van het voorbeeld van de mechanische en metallurgische industrie onderzoekt deze tekst de economische implicaties,\u2026 <\/p>\n<div class=\"pmpro_content_message\">Artikel alleen beschikbaar voor abonnees.<br \/><a href=\"https:\/\/territorialchallenges.com\/wp-login.php\">Login<\/a><br \/><a href=\"https:\/\/territorialchallenges.com\/nl\/wp-login.php\/?action=register\">Register<\/a><\/div>","protected":false},"excerpt":{"rendered":"<p>Le document L&rsquo;Union Fran\u00e7aise et l&rsquo;Europe. Etudes produit par produit, r\u00e9dig\u00e9 par le Comit\u00e9 d&rsquo;\u00e9tudes et de liaison du patronat de l&rsquo;Union fran\u00e7aise en 1953, pr\u00e9sente les d\u00e9fis et perspectives d&rsquo;une int\u00e9gration des industries fran\u00e7aises au sein d&rsquo;une future communaut\u00e9 europ\u00e9enne. \u00c0 travers l&rsquo;exemple des industries m\u00e9caniques et m\u00e9tallurgiques, ce texte explore les implications \u00e9conomiques,... <\/p>\n<div class=\"pmpro_content_message\">Artikel alleen beschikbaar voor abonnees.<br \/><a href=\"https:\/\/territorialchallenges.com\/wp-login.php\">Login<\/a><br \/><a href=\"https:\/\/territorialchallenges.com\/nl\/wp-login.php\/?action=register\">Register<\/a><\/div>","protected":false},"author":11,"featured_media":123836,"comment_status":"closed","ping_status":"closed","sticky":true,"template":"","format":"standard","meta":{"pmpro_default_level":0,"footnotes":""},"categories":[121],"tags":[],"blocksy_meta":"","yoast_head":"<!-- This site is optimized with the Yoast SEO plugin v21.5 - https:\/\/yoast.com\/wordpress\/plugins\/seo\/ -->\n<title>L&#039;Union Fran\u00e7aise et l&#039;Europe : une analyse des enjeux industriels \u00e0 travers les produits - Territorial Challenges<\/title>\n<meta name=\"robots\" content=\"index, follow, max-snippet:-1, max-image-preview:large, max-video-preview:-1\" \/>\n<link rel=\"canonical\" href=\"https:\/\/territorialchallenges.com\/nl\/2025\/01\/29\/lunion-francaise-et-leurope-une-analyse-des-enjeux-industriels-a-travers-les-produits\/123835\/\" \/>\n<meta property=\"og:locale\" content=\"nl_NL\" \/>\n<meta property=\"og:type\" content=\"article\" \/>\n<meta property=\"og:title\" content=\"L&#039;Union Fran\u00e7aise et l&#039;Europe : une analyse des enjeux industriels \u00e0 travers les produits - Territorial Challenges\" \/>\n<meta property=\"og:description\" content=\"Le document L&rsquo;Union Fran\u00e7aise et l&rsquo;Europe. Etudes produit par produit, r\u00e9dig\u00e9 par le Comit\u00e9 d&rsquo;\u00e9tudes et de liaison du patronat de l&rsquo;Union fran\u00e7aise en 1953, pr\u00e9sente les d\u00e9fis et perspectives d&rsquo;une int\u00e9gration des industries fran\u00e7aises au sein d&rsquo;une future communaut\u00e9 europ\u00e9enne. \u00c0 travers l&rsquo;exemple des industries m\u00e9caniques et m\u00e9tallurgiques, ce texte explore les implications \u00e9conomiques, [&hellip;]\" \/>\n<meta property=\"og:url\" content=\"https:\/\/territorialchallenges.com\/nl\/2025\/01\/29\/lunion-francaise-et-leurope-une-analyse-des-enjeux-industriels-a-travers-les-produits\/123835\/\" \/>\n<meta property=\"og:site_name\" content=\"Territorial Challenges\" \/>\n<meta property=\"article:published_time\" content=\"2025-01-29T10:11:18+00:00\" \/>\n<meta property=\"article:modified_time\" content=\"2025-01-29T10:11:20+00:00\" \/>\n<meta property=\"og:image\" content=\"https:\/\/territorialchallenges.com\/wp-content\/uploads\/2025\/01\/MemoireLUnion_francaise_et_lEurope_Etudes_.Comite_detudes_bpt6k3354931k.jpeg\" \/>\n\t<meta property=\"og:image:width\" content=\"1024\" \/>\n\t<meta property=\"og:image:height\" content=\"1377\" \/>\n\t<meta property=\"og:image:type\" content=\"image\/jpeg\" \/>\n<meta name=\"author\" content=\"ni.abdi\" \/>\n<meta name=\"twitter:card\" content=\"summary_large_image\" \/>\n<meta name=\"twitter:creator\" content=\"@Ni.abdi\" \/>\n<meta name=\"twitter:label1\" content=\"Geschreven door\" \/>\n\t<meta name=\"twitter:data1\" content=\"ni.abdi\" \/>\n\t<meta name=\"twitter:label2\" content=\"Geschatte leestijd\" \/>\n\t<meta name=\"twitter:data2\" content=\"5 minuten\" \/>\n<script type=\"application\/ld+json\" class=\"yoast-schema-graph\">{\"@context\":\"https:\/\/schema.org\",\"@graph\":[{\"@type\":\"Article\",\"@id\":\"https:\/\/territorialchallenges.com\/2025\/01\/29\/lunion-francaise-et-leurope-une-analyse-des-enjeux-industriels-a-travers-les-produits\/123835\/#article\",\"isPartOf\":{\"@id\":\"https:\/\/territorialchallenges.com\/2025\/01\/29\/lunion-francaise-et-leurope-une-analyse-des-enjeux-industriels-a-travers-les-produits\/123835\/\"},\"author\":{\"name\":\"ni.abdi\",\"@id\":\"https:\/\/territorialchallenges.com\/#\/schema\/person\/098f145c7c61a021c425e010f840080f\"},\"headline\":\"L&rsquo;Union Fran\u00e7aise et l&rsquo;Europe : une analyse des enjeux industriels \u00e0 travers les produits\",\"datePublished\":\"2025-01-29T10:11:18+00:00\",\"dateModified\":\"2025-01-29T10:11:20+00:00\",\"mainEntityOfPage\":{\"@id\":\"https:\/\/territorialchallenges.com\/2025\/01\/29\/lunion-francaise-et-leurope-une-analyse-des-enjeux-industriels-a-travers-les-produits\/123835\/\"},\"wordCount\":1159,\"publisher\":{\"@id\":\"https:\/\/territorialchallenges.com\/#organization\"},\"articleSection\":[\"M\u00e9moire\"],\"inLanguage\":\"nl-NL\"},{\"@type\":\"WebPage\",\"@id\":\"https:\/\/territorialchallenges.com\/2025\/01\/29\/lunion-francaise-et-leurope-une-analyse-des-enjeux-industriels-a-travers-les-produits\/123835\/\",\"url\":\"https:\/\/territorialchallenges.com\/2025\/01\/29\/lunion-francaise-et-leurope-une-analyse-des-enjeux-industriels-a-travers-les-produits\/123835\/\",\"name\":\"L'Union Fran\u00e7aise et l'Europe : une analyse des enjeux industriels \u00e0 travers les produits - Territorial Challenges\",\"isPartOf\":{\"@id\":\"https:\/\/territorialchallenges.com\/#website\"},\"datePublished\":\"2025-01-29T10:11:18+00:00\",\"dateModified\":\"2025-01-29T10:11:20+00:00\",\"breadcrumb\":{\"@id\":\"https:\/\/territorialchallenges.com\/2025\/01\/29\/lunion-francaise-et-leurope-une-analyse-des-enjeux-industriels-a-travers-les-produits\/123835\/#breadcrumb\"},\"inLanguage\":\"nl-NL\",\"potentialAction\":[{\"@type\":\"ReadAction\",\"target\":[\"https:\/\/territorialchallenges.com\/2025\/01\/29\/lunion-francaise-et-leurope-une-analyse-des-enjeux-industriels-a-travers-les-produits\/123835\/\"]}]},{\"@type\":\"BreadcrumbList\",\"@id\":\"https:\/\/territorialchallenges.com\/2025\/01\/29\/lunion-francaise-et-leurope-une-analyse-des-enjeux-industriels-a-travers-les-produits\/123835\/#breadcrumb\",\"itemListElement\":[{\"@type\":\"ListItem\",\"position\":1,\"name\":\"Home\",\"item\":\"https:\/\/territorialchallenges.com\/\"},{\"@type\":\"ListItem\",\"position\":2,\"name\":\"L&rsquo;Union Fran\u00e7aise et l&rsquo;Europe : une analyse des enjeux industriels \u00e0 travers les produits\"}]},{\"@type\":\"WebSite\",\"@id\":\"https:\/\/territorialchallenges.com\/#website\",\"url\":\"https:\/\/territorialchallenges.com\/\",\"name\":\"Territorial Challenges\",\"description\":\"Veille Internationale - Strat\u00e9gie Intelligentes - Bonnes pratiques\",\"publisher\":{\"@id\":\"https:\/\/territorialchallenges.com\/#organization\"},\"potentialAction\":[{\"@type\":\"SearchAction\",\"target\":{\"@type\":\"EntryPoint\",\"urlTemplate\":\"https:\/\/territorialchallenges.com\/?s={search_term_string}\"},\"query-input\":\"required name=search_term_string\"}],\"inLanguage\":\"nl-NL\"},{\"@type\":\"Organization\",\"@id\":\"https:\/\/territorialchallenges.com\/#organization\",\"name\":\"Territorial Challenges\",\"url\":\"https:\/\/territorialchallenges.com\/\",\"logo\":{\"@type\":\"ImageObject\",\"inLanguage\":\"nl-NL\",\"@id\":\"https:\/\/territorialchallenges.com\/#\/schema\/logo\/image\/\",\"url\":\"https:\/\/territorialchallenges.com\/wp-content\/uploads\/2023\/10\/logo-1.png\",\"contentUrl\":\"https:\/\/territorialchallenges.com\/wp-content\/uploads\/2023\/10\/logo-1.png\",\"width\":1832,\"height\":576,\"caption\":\"Territorial Challenges\"},\"image\":{\"@id\":\"https:\/\/territorialchallenges.com\/#\/schema\/logo\/image\/\"}},{\"@type\":\"Person\",\"@id\":\"https:\/\/territorialchallenges.com\/#\/schema\/person\/098f145c7c61a021c425e010f840080f\",\"name\":\"ni.abdi\",\"image\":{\"@type\":\"ImageObject\",\"inLanguage\":\"nl-NL\",\"@id\":\"https:\/\/territorialchallenges.com\/#\/schema\/person\/image\/\",\"url\":\"https:\/\/secure.gravatar.com\/avatar\/2a2f2491f3c80039986ba989b1e4b510?s=96&d=identicon&r=g\",\"contentUrl\":\"https:\/\/secure.gravatar.com\/avatar\/2a2f2491f3c80039986ba989b1e4b510?s=96&d=identicon&r=g\",\"caption\":\"ni.abdi\"},\"sameAs\":[\"https:\/\/twitter.com\/Ni.abdi\"],\"url\":\"https:\/\/territorialchallenges.com\/nl\/author\/ni-abdi\/\"}]}<\/script>\n<!-- \/ Yoast SEO plugin. -->","yoast_head_json":{"title":"L'Union Fran\u00e7aise et l'Europe : une analyse des enjeux industriels \u00e0 travers les produits - Territorial Challenges","robots":{"index":"index","follow":"follow","max-snippet":"max-snippet:-1","max-image-preview":"max-image-preview:large","max-video-preview":"max-video-preview:-1"},"canonical":"https:\/\/territorialchallenges.com\/nl\/2025\/01\/29\/lunion-francaise-et-leurope-une-analyse-des-enjeux-industriels-a-travers-les-produits\/123835\/","og_locale":"nl_NL","og_type":"article","og_title":"L'Union Fran\u00e7aise et l'Europe : une analyse des enjeux industriels \u00e0 travers les produits - Territorial Challenges","og_description":"Le document L&rsquo;Union Fran\u00e7aise et l&rsquo;Europe. Etudes produit par produit, r\u00e9dig\u00e9 par le Comit\u00e9 d&rsquo;\u00e9tudes et de liaison du patronat de l&rsquo;Union fran\u00e7aise en 1953, pr\u00e9sente les d\u00e9fis et perspectives d&rsquo;une int\u00e9gration des industries fran\u00e7aises au sein d&rsquo;une future communaut\u00e9 europ\u00e9enne. \u00c0 travers l&rsquo;exemple des industries m\u00e9caniques et m\u00e9tallurgiques, ce texte explore les implications \u00e9conomiques, [&hellip;]","og_url":"https:\/\/territorialchallenges.com\/nl\/2025\/01\/29\/lunion-francaise-et-leurope-une-analyse-des-enjeux-industriels-a-travers-les-produits\/123835\/","og_site_name":"Territorial Challenges","article_published_time":"2025-01-29T10:11:18+00:00","article_modified_time":"2025-01-29T10:11:20+00:00","og_image":[{"width":1024,"height":1377,"url":"https:\/\/territorialchallenges.com\/wp-content\/uploads\/2025\/01\/MemoireLUnion_francaise_et_lEurope_Etudes_.Comite_detudes_bpt6k3354931k.jpeg","type":"image\/jpeg"}],"author":"ni.abdi","twitter_card":"summary_large_image","twitter_creator":"@Ni.abdi","twitter_misc":{"Geschreven door":"ni.abdi","Geschatte leestijd":"5 minuten"},"schema":{"@context":"https:\/\/schema.org","@graph":[{"@type":"Article","@id":"https:\/\/territorialchallenges.com\/2025\/01\/29\/lunion-francaise-et-leurope-une-analyse-des-enjeux-industriels-a-travers-les-produits\/123835\/#article","isPartOf":{"@id":"https:\/\/territorialchallenges.com\/2025\/01\/29\/lunion-francaise-et-leurope-une-analyse-des-enjeux-industriels-a-travers-les-produits\/123835\/"},"author":{"name":"ni.abdi","@id":"https:\/\/territorialchallenges.com\/#\/schema\/person\/098f145c7c61a021c425e010f840080f"},"headline":"L&rsquo;Union Fran\u00e7aise et l&rsquo;Europe : une analyse des enjeux industriels \u00e0 travers les produits","datePublished":"2025-01-29T10:11:18+00:00","dateModified":"2025-01-29T10:11:20+00:00","mainEntityOfPage":{"@id":"https:\/\/territorialchallenges.com\/2025\/01\/29\/lunion-francaise-et-leurope-une-analyse-des-enjeux-industriels-a-travers-les-produits\/123835\/"},"wordCount":1159,"publisher":{"@id":"https:\/\/territorialchallenges.com\/#organization"},"articleSection":["M\u00e9moire"],"inLanguage":"nl-NL"},{"@type":"WebPage","@id":"https:\/\/territorialchallenges.com\/2025\/01\/29\/lunion-francaise-et-leurope-une-analyse-des-enjeux-industriels-a-travers-les-produits\/123835\/","url":"https:\/\/territorialchallenges.com\/2025\/01\/29\/lunion-francaise-et-leurope-une-analyse-des-enjeux-industriels-a-travers-les-produits\/123835\/","name":"L'Union Fran\u00e7aise et l'Europe : une analyse des enjeux industriels \u00e0 travers les produits - Territorial Challenges","isPartOf":{"@id":"https:\/\/territorialchallenges.com\/#website"},"datePublished":"2025-01-29T10:11:18+00:00","dateModified":"2025-01-29T10:11:20+00:00","breadcrumb":{"@id":"https:\/\/territorialchallenges.com\/2025\/01\/29\/lunion-francaise-et-leurope-une-analyse-des-enjeux-industriels-a-travers-les-produits\/123835\/#breadcrumb"},"inLanguage":"nl-NL","potentialAction":[{"@type":"ReadAction","target":["https:\/\/territorialchallenges.com\/2025\/01\/29\/lunion-francaise-et-leurope-une-analyse-des-enjeux-industriels-a-travers-les-produits\/123835\/"]}]},{"@type":"BreadcrumbList","@id":"https:\/\/territorialchallenges.com\/2025\/01\/29\/lunion-francaise-et-leurope-une-analyse-des-enjeux-industriels-a-travers-les-produits\/123835\/#breadcrumb","itemListElement":[{"@type":"ListItem","position":1,"name":"Home","item":"https:\/\/territorialchallenges.com\/"},{"@type":"ListItem","position":2,"name":"L&rsquo;Union Fran\u00e7aise et l&rsquo;Europe : une analyse des enjeux industriels \u00e0 travers les produits"}]},{"@type":"WebSite","@id":"https:\/\/territorialchallenges.com\/#website","url":"https:\/\/territorialchallenges.com\/","name":"Territoriale uitdagingen","description":"Internationale monitoring - Slimme strategie\u00ebn - Beste praktijken","publisher":{"@id":"https:\/\/territorialchallenges.com\/#organization"},"potentialAction":[{"@type":"SearchAction","target":{"@type":"EntryPoint","urlTemplate":"https:\/\/territorialchallenges.com\/?s={search_term_string}"},"query-input":"required name=search_term_string"}],"inLanguage":"nl-NL"},{"@type":"Organization","@id":"https:\/\/territorialchallenges.com\/#organization","name":"Territoriale uitdagingen","url":"https:\/\/territorialchallenges.com\/","logo":{"@type":"ImageObject","inLanguage":"nl-NL","@id":"https:\/\/territorialchallenges.com\/#\/schema\/logo\/image\/","url":"https:\/\/territorialchallenges.com\/wp-content\/uploads\/2023\/10\/logo-1.png","contentUrl":"https:\/\/territorialchallenges.com\/wp-content\/uploads\/2023\/10\/logo-1.png","width":1832,"height":576,"caption":"Territorial Challenges"},"image":{"@id":"https:\/\/territorialchallenges.com\/#\/schema\/logo\/image\/"}},{"@type":"Person","@id":"https:\/\/territorialchallenges.com\/#\/schema\/person\/098f145c7c61a021c425e010f840080f","name":"ni.abdi","image":{"@type":"ImageObject","inLanguage":"nl-NL","@id":"https:\/\/territorialchallenges.com\/#\/schema\/person\/image\/","url":"https:\/\/secure.gravatar.com\/avatar\/2a2f2491f3c80039986ba989b1e4b510?s=96&d=identicon&r=g","contentUrl":"https:\/\/secure.gravatar.com\/avatar\/2a2f2491f3c80039986ba989b1e4b510?s=96&d=identicon&r=g","caption":"ni.abdi"},"sameAs":["https:\/\/twitter.com\/Ni.abdi"],"url":"https:\/\/territorialchallenges.com\/nl\/author\/ni-abdi\/"}]}},"_links":{"self":[{"href":"https:\/\/territorialchallenges.com\/nl\/wp-json\/wp\/v2\/posts\/123835"}],"collection":[{"href":"https:\/\/territorialchallenges.com\/nl\/wp-json\/wp\/v2\/posts"}],"about":[{"href":"https:\/\/territorialchallenges.com\/nl\/wp-json\/wp\/v2\/types\/post"}],"author":[{"embeddable":true,"href":"https:\/\/territorialchallenges.com\/nl\/wp-json\/wp\/v2\/users\/11"}],"replies":[{"embeddable":true,"href":"https:\/\/territorialchallenges.com\/nl\/wp-json\/wp\/v2\/comments?post=123835"}],"version-history":[{"count":1,"href":"https:\/\/territorialchallenges.com\/nl\/wp-json\/wp\/v2\/posts\/123835\/revisions"}],"predecessor-version":[{"id":123837,"href":"https:\/\/territorialchallenges.com\/nl\/wp-json\/wp\/v2\/posts\/123835\/revisions\/123837"}],"wp:featuredmedia":[{"embeddable":true,"href":"https:\/\/territorialchallenges.com\/nl\/wp-json\/wp\/v2\/media\/123836"}],"wp:attachment":[{"href":"https:\/\/territorialchallenges.com\/nl\/wp-json\/wp\/v2\/media?parent=123835"}],"wp:term":[{"taxonomy":"category","embeddable":true,"href":"https:\/\/territorialchallenges.com\/nl\/wp-json\/wp\/v2\/categories?post=123835"},{"taxonomy":"post_tag","embeddable":true,"href":"https:\/\/territorialchallenges.com\/nl\/wp-json\/wp\/v2\/tags?post=123835"}],"curies":[{"name":"wp","href":"https:\/\/api.w.org\/{rel}","templated":true}]}}