{"id":123734,"date":"2025-01-08T10:50:26","date_gmt":"2025-01-08T09:50:26","guid":{"rendered":"https:\/\/territorialchallenges.com\/?p=123734"},"modified":"2025-01-08T10:50:28","modified_gmt":"2025-01-08T09:50:28","slug":"vie-sociale-cahiers-du-cedias-une-reflexion-essentielle-sur-les-politiques-sociales-europeennes","status":"publish","type":"post","link":"https:\/\/territorialchallenges.com\/nl\/2025\/01\/08\/vie-sociale-cahiers-du-cedias-une-reflexion-essentielle-sur-les-politiques-sociales-europeennes\/123734\/","title":{"rendered":"Sociaal leven: CEDIAS-notitieboeken \u2013 een essenti\u00eble reflectie op het Europese sociale beleid"},"content":{"rendered":"<p>CEDIAS Notebooks, uitgegeven door het Centrum voor Sociale Studies, Documentatie, Informatie en Actie (CEDIAS), is een waardevolle bron voor professionals, onderzoekers en studenten in het sociale veld. Het tijdschrift biedt diepgaande reflecties op hedendaagse sociale kwesties en overheidsbeleid op het gebied van sociale actie. <\/p>\n<div class=\"pmpro_content_message\">Artikel alleen beschikbaar voor abonnees.<br \/><a href=\"https:\/\/territorialchallenges.com\/wp-login.php\">Login<\/a><br \/><a href=\"https:\/\/territorialchallenges.com\/nl\/wp-login.php\/?action=register\">Register<\/a><\/div>","protected":false},"excerpt":{"rendered":"<p>Cahiers du CEDIAS, publi\u00e9e par le Centre d&rsquo;\u00c9tudes, de Documentation, d&rsquo;Information et d&rsquo;Action Sociales (CEDIAS), la revue Vie sociale, constitue une ressource pr\u00e9cieuse pour les professionnels, chercheurs et \u00e9tudiants du domaine social. \u00c0 travers une s\u00e9rie d&rsquo;articles, elle propose des r\u00e9flexions approfondies sur les questions sociales contemporaines et les politiques publiques en mati\u00e8re d&rsquo;action sociale.... <\/p>\n<div class=\"pmpro_content_message\">Artikel alleen beschikbaar voor abonnees.<br \/><a href=\"https:\/\/territorialchallenges.com\/wp-login.php\">Login<\/a><br \/><a href=\"https:\/\/territorialchallenges.com\/nl\/wp-login.php\/?action=register\">Register<\/a><\/div>","protected":false},"author":11,"featured_media":123735,"comment_status":"closed","ping_status":"closed","sticky":true,"template":"","format":"standard","meta":{"pmpro_default_level":0,"footnotes":""},"categories":[121],"tags":[],"blocksy_meta":"","yoast_head":"<!-- This site is optimized with the Yoast SEO plugin v21.5 - https:\/\/yoast.com\/wordpress\/plugins\/seo\/ -->\n<title>Vie Sociale : Cahiers du CEDIAS \u2013 une r\u00e9flexion essentielle sur les politiques sociales europ\u00e9ennes - Territorial Challenges<\/title>\n<meta name=\"robots\" content=\"index, follow, max-snippet:-1, max-image-preview:large, max-video-preview:-1\" \/>\n<link rel=\"canonical\" href=\"https:\/\/territorialchallenges.com\/nl\/2025\/01\/08\/vie-sociale-cahiers-du-cedias-une-reflexion-essentielle-sur-les-politiques-sociales-europeennes\/123734\/\" \/>\n<meta property=\"og:locale\" content=\"nl_NL\" \/>\n<meta property=\"og:type\" content=\"article\" \/>\n<meta property=\"og:title\" content=\"Vie Sociale : Cahiers du CEDIAS \u2013 une r\u00e9flexion essentielle sur les politiques sociales europ\u00e9ennes - Territorial Challenges\" \/>\n<meta property=\"og:description\" content=\"Cahiers du CEDIAS, publi\u00e9e par le Centre d&rsquo;\u00c9tudes, de Documentation, d&rsquo;Information et d&rsquo;Action Sociales (CEDIAS), la revue Vie sociale, constitue une ressource pr\u00e9cieuse pour les professionnels, chercheurs et \u00e9tudiants du domaine social. \u00c0 travers une s\u00e9rie d&rsquo;articles, elle propose des r\u00e9flexions approfondies sur les questions sociales contemporaines et les politiques publiques en mati\u00e8re d&rsquo;action sociale. [&hellip;]\" \/>\n<meta property=\"og:url\" content=\"https:\/\/territorialchallenges.com\/nl\/2025\/01\/08\/vie-sociale-cahiers-du-cedias-une-reflexion-essentielle-sur-les-politiques-sociales-europeennes\/123734\/\" \/>\n<meta property=\"og:site_name\" content=\"Territorial Challenges\" \/>\n<meta property=\"article:published_time\" content=\"2025-01-08T09:50:26+00:00\" \/>\n<meta property=\"article:modified_time\" content=\"2025-01-08T09:50:28+00:00\" \/>\n<meta property=\"og:image\" content=\"https:\/\/territorialchallenges.com\/wp-content\/uploads\/2025\/01\/MemoireVie_sociale_Image.jpeg\" \/>\n\t<meta property=\"og:image:width\" content=\"981\" \/>\n\t<meta property=\"og:image:height\" content=\"1566\" \/>\n\t<meta property=\"og:image:type\" content=\"image\/jpeg\" \/>\n<meta name=\"author\" content=\"ni.abdi\" \/>\n<meta name=\"twitter:card\" content=\"summary_large_image\" \/>\n<meta name=\"twitter:creator\" content=\"@Ni.abdi\" \/>\n<meta name=\"twitter:label1\" content=\"Geschreven door\" \/>\n\t<meta name=\"twitter:data1\" content=\"ni.abdi\" \/>\n\t<meta name=\"twitter:label2\" content=\"Geschatte leestijd\" \/>\n\t<meta name=\"twitter:data2\" content=\"5 minuten\" \/>\n<script type=\"application\/ld+json\" class=\"yoast-schema-graph\">{\"@context\":\"https:\/\/schema.org\",\"@graph\":[{\"@type\":\"Article\",\"@id\":\"https:\/\/territorialchallenges.com\/2025\/01\/08\/vie-sociale-cahiers-du-cedias-une-reflexion-essentielle-sur-les-politiques-sociales-europeennes\/123734\/#article\",\"isPartOf\":{\"@id\":\"https:\/\/territorialchallenges.com\/2025\/01\/08\/vie-sociale-cahiers-du-cedias-une-reflexion-essentielle-sur-les-politiques-sociales-europeennes\/123734\/\"},\"author\":{\"name\":\"ni.abdi\",\"@id\":\"https:\/\/territorialchallenges.com\/#\/schema\/person\/098f145c7c61a021c425e010f840080f\"},\"headline\":\"Vie Sociale : Cahiers du CEDIAS \u2013 une r\u00e9flexion essentielle sur les politiques sociales europ\u00e9ennes\",\"datePublished\":\"2025-01-08T09:50:26+00:00\",\"dateModified\":\"2025-01-08T09:50:28+00:00\",\"mainEntityOfPage\":{\"@id\":\"https:\/\/territorialchallenges.com\/2025\/01\/08\/vie-sociale-cahiers-du-cedias-une-reflexion-essentielle-sur-les-politiques-sociales-europeennes\/123734\/\"},\"wordCount\":1026,\"publisher\":{\"@id\":\"https:\/\/territorialchallenges.com\/#organization\"},\"articleSection\":[\"M\u00e9moire\"],\"inLanguage\":\"nl-NL\"},{\"@type\":\"WebPage\",\"@id\":\"https:\/\/territorialchallenges.com\/2025\/01\/08\/vie-sociale-cahiers-du-cedias-une-reflexion-essentielle-sur-les-politiques-sociales-europeennes\/123734\/\",\"url\":\"https:\/\/territorialchallenges.com\/2025\/01\/08\/vie-sociale-cahiers-du-cedias-une-reflexion-essentielle-sur-les-politiques-sociales-europeennes\/123734\/\",\"name\":\"Vie Sociale : Cahiers du CEDIAS \u2013 une r\u00e9flexion essentielle sur les politiques sociales europ\u00e9ennes - Territorial Challenges\",\"isPartOf\":{\"@id\":\"https:\/\/territorialchallenges.com\/#website\"},\"datePublished\":\"2025-01-08T09:50:26+00:00\",\"dateModified\":\"2025-01-08T09:50:28+00:00\",\"breadcrumb\":{\"@id\":\"https:\/\/territorialchallenges.com\/2025\/01\/08\/vie-sociale-cahiers-du-cedias-une-reflexion-essentielle-sur-les-politiques-sociales-europeennes\/123734\/#breadcrumb\"},\"inLanguage\":\"nl-NL\",\"potentialAction\":[{\"@type\":\"ReadAction\",\"target\":[\"https:\/\/territorialchallenges.com\/2025\/01\/08\/vie-sociale-cahiers-du-cedias-une-reflexion-essentielle-sur-les-politiques-sociales-europeennes\/123734\/\"]}]},{\"@type\":\"BreadcrumbList\",\"@id\":\"https:\/\/territorialchallenges.com\/2025\/01\/08\/vie-sociale-cahiers-du-cedias-une-reflexion-essentielle-sur-les-politiques-sociales-europeennes\/123734\/#breadcrumb\",\"itemListElement\":[{\"@type\":\"ListItem\",\"position\":1,\"name\":\"Home\",\"item\":\"https:\/\/territorialchallenges.com\/\"},{\"@type\":\"ListItem\",\"position\":2,\"name\":\"Vie Sociale : Cahiers du CEDIAS \u2013 une r\u00e9flexion essentielle sur les politiques sociales europ\u00e9ennes\"}]},{\"@type\":\"WebSite\",\"@id\":\"https:\/\/territorialchallenges.com\/#website\",\"url\":\"https:\/\/territorialchallenges.com\/\",\"name\":\"Territorial Challenges\",\"description\":\"Veille Internationale - Strat\u00e9gie Intelligentes - Bonnes pratiques\",\"publisher\":{\"@id\":\"https:\/\/territorialchallenges.com\/#organization\"},\"potentialAction\":[{\"@type\":\"SearchAction\",\"target\":{\"@type\":\"EntryPoint\",\"urlTemplate\":\"https:\/\/territorialchallenges.com\/?s={search_term_string}\"},\"query-input\":\"required name=search_term_string\"}],\"inLanguage\":\"nl-NL\"},{\"@type\":\"Organization\",\"@id\":\"https:\/\/territorialchallenges.com\/#organization\",\"name\":\"Territorial Challenges\",\"url\":\"https:\/\/territorialchallenges.com\/\",\"logo\":{\"@type\":\"ImageObject\",\"inLanguage\":\"nl-NL\",\"@id\":\"https:\/\/territorialchallenges.com\/#\/schema\/logo\/image\/\",\"url\":\"https:\/\/territorialchallenges.com\/wp-content\/uploads\/2023\/10\/logo-1.png\",\"contentUrl\":\"https:\/\/territorialchallenges.com\/wp-content\/uploads\/2023\/10\/logo-1.png\",\"width\":1832,\"height\":576,\"caption\":\"Territorial Challenges\"},\"image\":{\"@id\":\"https:\/\/territorialchallenges.com\/#\/schema\/logo\/image\/\"}},{\"@type\":\"Person\",\"@id\":\"https:\/\/territorialchallenges.com\/#\/schema\/person\/098f145c7c61a021c425e010f840080f\",\"name\":\"ni.abdi\",\"image\":{\"@type\":\"ImageObject\",\"inLanguage\":\"nl-NL\",\"@id\":\"https:\/\/territorialchallenges.com\/#\/schema\/person\/image\/\",\"url\":\"https:\/\/secure.gravatar.com\/avatar\/2a2f2491f3c80039986ba989b1e4b510?s=96&d=identicon&r=g\",\"contentUrl\":\"https:\/\/secure.gravatar.com\/avatar\/2a2f2491f3c80039986ba989b1e4b510?s=96&d=identicon&r=g\",\"caption\":\"ni.abdi\"},\"sameAs\":[\"https:\/\/twitter.com\/Ni.abdi\"],\"url\":\"https:\/\/territorialchallenges.com\/nl\/author\/ni-abdi\/\"}]}<\/script>\n<!-- \/ Yoast SEO plugin. -->","yoast_head_json":{"title":"Vie Sociale : Cahiers du CEDIAS \u2013 une r\u00e9flexion essentielle sur les politiques sociales europ\u00e9ennes - Territorial Challenges","robots":{"index":"index","follow":"follow","max-snippet":"max-snippet:-1","max-image-preview":"max-image-preview:large","max-video-preview":"max-video-preview:-1"},"canonical":"https:\/\/territorialchallenges.com\/nl\/2025\/01\/08\/vie-sociale-cahiers-du-cedias-une-reflexion-essentielle-sur-les-politiques-sociales-europeennes\/123734\/","og_locale":"nl_NL","og_type":"article","og_title":"Vie Sociale : Cahiers du CEDIAS \u2013 une r\u00e9flexion essentielle sur les politiques sociales europ\u00e9ennes - Territorial Challenges","og_description":"Cahiers du CEDIAS, publi\u00e9e par le Centre d&rsquo;\u00c9tudes, de Documentation, d&rsquo;Information et d&rsquo;Action Sociales (CEDIAS), la revue Vie sociale, constitue une ressource pr\u00e9cieuse pour les professionnels, chercheurs et \u00e9tudiants du domaine social. \u00c0 travers une s\u00e9rie d&rsquo;articles, elle propose des r\u00e9flexions approfondies sur les questions sociales contemporaines et les politiques publiques en mati\u00e8re d&rsquo;action sociale. [&hellip;]","og_url":"https:\/\/territorialchallenges.com\/nl\/2025\/01\/08\/vie-sociale-cahiers-du-cedias-une-reflexion-essentielle-sur-les-politiques-sociales-europeennes\/123734\/","og_site_name":"Territorial Challenges","article_published_time":"2025-01-08T09:50:26+00:00","article_modified_time":"2025-01-08T09:50:28+00:00","og_image":[{"width":981,"height":1566,"url":"https:\/\/territorialchallenges.com\/wp-content\/uploads\/2025\/01\/MemoireVie_sociale_Image.jpeg","type":"image\/jpeg"}],"author":"ni.abdi","twitter_card":"summary_large_image","twitter_creator":"@Ni.abdi","twitter_misc":{"Geschreven door":"ni.abdi","Geschatte leestijd":"5 minuten"},"schema":{"@context":"https:\/\/schema.org","@graph":[{"@type":"Article","@id":"https:\/\/territorialchallenges.com\/2025\/01\/08\/vie-sociale-cahiers-du-cedias-une-reflexion-essentielle-sur-les-politiques-sociales-europeennes\/123734\/#article","isPartOf":{"@id":"https:\/\/territorialchallenges.com\/2025\/01\/08\/vie-sociale-cahiers-du-cedias-une-reflexion-essentielle-sur-les-politiques-sociales-europeennes\/123734\/"},"author":{"name":"ni.abdi","@id":"https:\/\/territorialchallenges.com\/#\/schema\/person\/098f145c7c61a021c425e010f840080f"},"headline":"Vie Sociale : Cahiers du CEDIAS \u2013 une r\u00e9flexion essentielle sur les politiques sociales europ\u00e9ennes","datePublished":"2025-01-08T09:50:26+00:00","dateModified":"2025-01-08T09:50:28+00:00","mainEntityOfPage":{"@id":"https:\/\/territorialchallenges.com\/2025\/01\/08\/vie-sociale-cahiers-du-cedias-une-reflexion-essentielle-sur-les-politiques-sociales-europeennes\/123734\/"},"wordCount":1026,"publisher":{"@id":"https:\/\/territorialchallenges.com\/#organization"},"articleSection":["M\u00e9moire"],"inLanguage":"nl-NL"},{"@type":"WebPage","@id":"https:\/\/territorialchallenges.com\/2025\/01\/08\/vie-sociale-cahiers-du-cedias-une-reflexion-essentielle-sur-les-politiques-sociales-europeennes\/123734\/","url":"https:\/\/territorialchallenges.com\/2025\/01\/08\/vie-sociale-cahiers-du-cedias-une-reflexion-essentielle-sur-les-politiques-sociales-europeennes\/123734\/","name":"Vie Sociale : Cahiers du CEDIAS \u2013 une r\u00e9flexion essentielle sur les politiques sociales europ\u00e9ennes - Territorial Challenges","isPartOf":{"@id":"https:\/\/territorialchallenges.com\/#website"},"datePublished":"2025-01-08T09:50:26+00:00","dateModified":"2025-01-08T09:50:28+00:00","breadcrumb":{"@id":"https:\/\/territorialchallenges.com\/2025\/01\/08\/vie-sociale-cahiers-du-cedias-une-reflexion-essentielle-sur-les-politiques-sociales-europeennes\/123734\/#breadcrumb"},"inLanguage":"nl-NL","potentialAction":[{"@type":"ReadAction","target":["https:\/\/territorialchallenges.com\/2025\/01\/08\/vie-sociale-cahiers-du-cedias-une-reflexion-essentielle-sur-les-politiques-sociales-europeennes\/123734\/"]}]},{"@type":"BreadcrumbList","@id":"https:\/\/territorialchallenges.com\/2025\/01\/08\/vie-sociale-cahiers-du-cedias-une-reflexion-essentielle-sur-les-politiques-sociales-europeennes\/123734\/#breadcrumb","itemListElement":[{"@type":"ListItem","position":1,"name":"Home","item":"https:\/\/territorialchallenges.com\/"},{"@type":"ListItem","position":2,"name":"Vie Sociale : Cahiers du CEDIAS \u2013 une r\u00e9flexion essentielle sur les politiques sociales europ\u00e9ennes"}]},{"@type":"WebSite","@id":"https:\/\/territorialchallenges.com\/#website","url":"https:\/\/territorialchallenges.com\/","name":"Territoriale uitdagingen","description":"Internationale monitoring - Slimme strategie\u00ebn - Beste praktijken","publisher":{"@id":"https:\/\/territorialchallenges.com\/#organization"},"potentialAction":[{"@type":"SearchAction","target":{"@type":"EntryPoint","urlTemplate":"https:\/\/territorialchallenges.com\/?s={search_term_string}"},"query-input":"required name=search_term_string"}],"inLanguage":"nl-NL"},{"@type":"Organization","@id":"https:\/\/territorialchallenges.com\/#organization","name":"Territoriale uitdagingen","url":"https:\/\/territorialchallenges.com\/","logo":{"@type":"ImageObject","inLanguage":"nl-NL","@id":"https:\/\/territorialchallenges.com\/#\/schema\/logo\/image\/","url":"https:\/\/territorialchallenges.com\/wp-content\/uploads\/2023\/10\/logo-1.png","contentUrl":"https:\/\/territorialchallenges.com\/wp-content\/uploads\/2023\/10\/logo-1.png","width":1832,"height":576,"caption":"Territorial Challenges"},"image":{"@id":"https:\/\/territorialchallenges.com\/#\/schema\/logo\/image\/"}},{"@type":"Person","@id":"https:\/\/territorialchallenges.com\/#\/schema\/person\/098f145c7c61a021c425e010f840080f","name":"ni.abdi","image":{"@type":"ImageObject","inLanguage":"nl-NL","@id":"https:\/\/territorialchallenges.com\/#\/schema\/person\/image\/","url":"https:\/\/secure.gravatar.com\/avatar\/2a2f2491f3c80039986ba989b1e4b510?s=96&d=identicon&r=g","contentUrl":"https:\/\/secure.gravatar.com\/avatar\/2a2f2491f3c80039986ba989b1e4b510?s=96&d=identicon&r=g","caption":"ni.abdi"},"sameAs":["https:\/\/twitter.com\/Ni.abdi"],"url":"https:\/\/territorialchallenges.com\/nl\/author\/ni-abdi\/"}]}},"_links":{"self":[{"href":"https:\/\/territorialchallenges.com\/nl\/wp-json\/wp\/v2\/posts\/123734"}],"collection":[{"href":"https:\/\/territorialchallenges.com\/nl\/wp-json\/wp\/v2\/posts"}],"about":[{"href":"https:\/\/territorialchallenges.com\/nl\/wp-json\/wp\/v2\/types\/post"}],"author":[{"embeddable":true,"href":"https:\/\/territorialchallenges.com\/nl\/wp-json\/wp\/v2\/users\/11"}],"replies":[{"embeddable":true,"href":"https:\/\/territorialchallenges.com\/nl\/wp-json\/wp\/v2\/comments?post=123734"}],"version-history":[{"count":1,"href":"https:\/\/territorialchallenges.com\/nl\/wp-json\/wp\/v2\/posts\/123734\/revisions"}],"predecessor-version":[{"id":123736,"href":"https:\/\/territorialchallenges.com\/nl\/wp-json\/wp\/v2\/posts\/123734\/revisions\/123736"}],"wp:featuredmedia":[{"embeddable":true,"href":"https:\/\/territorialchallenges.com\/nl\/wp-json\/wp\/v2\/media\/123735"}],"wp:attachment":[{"href":"https:\/\/territorialchallenges.com\/nl\/wp-json\/wp\/v2\/media?parent=123734"}],"wp:term":[{"taxonomy":"category","embeddable":true,"href":"https:\/\/territorialchallenges.com\/nl\/wp-json\/wp\/v2\/categories?post=123734"},{"taxonomy":"post_tag","embeddable":true,"href":"https:\/\/territorialchallenges.com\/nl\/wp-json\/wp\/v2\/tags?post=123734"}],"curies":[{"name":"wp","href":"https:\/\/api.w.org\/{rel}","templated":true}]}}