{"id":123625,"date":"2024-12-11T12:12:39","date_gmt":"2024-12-11T11:12:39","guid":{"rendered":"https:\/\/territorialchallenges.com\/?p=123625"},"modified":"2024-12-11T12:16:53","modified_gmt":"2024-12-11T11:16:53","slug":"laide-memoire-de-technologie-generale-un-temoin-des-savoirs-industriels-de-1961","status":"publish","type":"post","link":"https:\/\/territorialchallenges.com\/nl\/2024\/12\/11\/laide-memoire-de-technologie-generale-un-temoin-des-savoirs-industriels-de-1961\/123625\/","title":{"rendered":"De Algemene Technologie Aide-m\u00e9moire: een getuigenis van industri\u00eble kennis uit 1961"},"content":{"rendered":"<p>De Aide-m\u00e9moire de technologie g\u00e9n\u00e9rale, uitgegeven in 1961 door de Centrale School voor Elektronicatechnici, is een iconisch werk dat de technische kennis van zijn tijd samenvat. Deze handleiding, bedoeld voor professionals en leerlingen, illustreert de precisie en methoden die nodig zijn voor machinale bewerking, metingen en industri\u00eble besturing. Een fascinerende getuigenis van een tijdperk... <\/p>\n<div class=\"pmpro_content_message\">Artikel alleen beschikbaar voor abonnees.<br \/><a href=\"https:\/\/territorialchallenges.com\/wp-login.php\">Login<\/a><br \/><a href=\"https:\/\/territorialchallenges.com\/nl\/wp-login.php\/?action=register\">Register<\/a><\/div>","protected":false},"excerpt":{"rendered":"<p>Publi\u00e9 en 1961 par l\u2019\u00c9cole centrale des techniciens de l\u2019\u00e9lectronique, l\u2019Aide-m\u00e9moire de technologie g\u00e9n\u00e9rale est un ouvrage embl\u00e9matique qui synth\u00e9tise les savoirs techniques de son temps. Con\u00e7u pour les professionnels et apprentis, ce manuel illustre la pr\u00e9cision et les m\u00e9thodes n\u00e9cessaires \u00e0 l\u2019usinage, \u00e0 la mesure et au contr\u00f4le industriel. Un t\u00e9moignage fascinant d\u2019une \u00e9poque... <\/p>\n<div class=\"pmpro_content_message\">Artikel alleen beschikbaar voor abonnees.<br \/><a href=\"https:\/\/territorialchallenges.com\/wp-login.php\">Login<\/a><br \/><a href=\"https:\/\/territorialchallenges.com\/nl\/wp-login.php\/?action=register\">Register<\/a><\/div>","protected":false},"author":11,"featured_media":123626,"comment_status":"closed","ping_status":"closed","sticky":true,"template":"","format":"standard","meta":{"pmpro_default_level":0,"footnotes":""},"categories":[121],"tags":[],"blocksy_meta":"","yoast_head":"<!-- This site is optimized with the Yoast SEO plugin v21.5 - https:\/\/yoast.com\/wordpress\/plugins\/seo\/ -->\n<title>L\u2019Aide-m\u00e9moire de technologie g\u00e9n\u00e9rale : un t\u00e9moin des savoirs industriels de 1961 - Territorial Challenges<\/title>\n<meta name=\"robots\" content=\"index, follow, max-snippet:-1, max-image-preview:large, max-video-preview:-1\" \/>\n<link rel=\"canonical\" href=\"https:\/\/territorialchallenges.com\/nl\/2024\/12\/11\/laide-memoire-de-technologie-generale-un-temoin-des-savoirs-industriels-de-1961\/123625\/\" \/>\n<meta property=\"og:locale\" content=\"nl_NL\" \/>\n<meta property=\"og:type\" content=\"article\" \/>\n<meta property=\"og:title\" content=\"L\u2019Aide-m\u00e9moire de technologie g\u00e9n\u00e9rale : un t\u00e9moin des savoirs industriels de 1961 - Territorial Challenges\" \/>\n<meta property=\"og:description\" content=\"Publi\u00e9 en 1961 par l\u2019\u00c9cole centrale des techniciens de l\u2019\u00e9lectronique, l\u2019Aide-m\u00e9moire de technologie g\u00e9n\u00e9rale est un ouvrage embl\u00e9matique qui synth\u00e9tise les savoirs techniques de son temps. Con\u00e7u pour les professionnels et apprentis, ce manuel illustre la pr\u00e9cision et les m\u00e9thodes n\u00e9cessaires \u00e0 l\u2019usinage, \u00e0 la mesure et au contr\u00f4le industriel. Un t\u00e9moignage fascinant d\u2019une \u00e9poque [&hellip;]\" \/>\n<meta property=\"og:url\" content=\"https:\/\/territorialchallenges.com\/nl\/2024\/12\/11\/laide-memoire-de-technologie-generale-un-temoin-des-savoirs-industriels-de-1961\/123625\/\" \/>\n<meta property=\"og:site_name\" content=\"Territorial Challenges\" \/>\n<meta property=\"article:published_time\" content=\"2024-12-11T11:12:39+00:00\" \/>\n<meta property=\"article:modified_time\" content=\"2024-12-11T11:16:53+00:00\" \/>\n<meta property=\"og:image\" content=\"https:\/\/territorialchallenges.com\/wp-content\/uploads\/2024\/12\/memoireAide-memoire_de_technologie_generale_Ecole_centrale.jpeg\" \/>\n\t<meta property=\"og:image:width\" content=\"1024\" \/>\n\t<meta property=\"og:image:height\" content=\"1260\" \/>\n\t<meta property=\"og:image:type\" content=\"image\/jpeg\" \/>\n<meta name=\"author\" content=\"ni.abdi\" \/>\n<meta name=\"twitter:card\" content=\"summary_large_image\" \/>\n<meta name=\"twitter:creator\" content=\"@Ni.abdi\" \/>\n<meta name=\"twitter:label1\" content=\"Geschreven door\" \/>\n\t<meta name=\"twitter:data1\" content=\"ni.abdi\" \/>\n\t<meta name=\"twitter:label2\" content=\"Geschatte leestijd\" \/>\n\t<meta name=\"twitter:data2\" content=\"3 minuten\" \/>\n<script type=\"application\/ld+json\" class=\"yoast-schema-graph\">{\"@context\":\"https:\/\/schema.org\",\"@graph\":[{\"@type\":\"Article\",\"@id\":\"https:\/\/territorialchallenges.com\/2024\/12\/11\/laide-memoire-de-technologie-generale-un-temoin-des-savoirs-industriels-de-1961\/123625\/#article\",\"isPartOf\":{\"@id\":\"https:\/\/territorialchallenges.com\/2024\/12\/11\/laide-memoire-de-technologie-generale-un-temoin-des-savoirs-industriels-de-1961\/123625\/\"},\"author\":{\"name\":\"ni.abdi\",\"@id\":\"https:\/\/territorialchallenges.com\/#\/schema\/person\/098f145c7c61a021c425e010f840080f\"},\"headline\":\"L\u2019Aide-m\u00e9moire de technologie g\u00e9n\u00e9rale : un t\u00e9moin des savoirs industriels de 1961\",\"datePublished\":\"2024-12-11T11:12:39+00:00\",\"dateModified\":\"2024-12-11T11:16:53+00:00\",\"mainEntityOfPage\":{\"@id\":\"https:\/\/territorialchallenges.com\/2024\/12\/11\/laide-memoire-de-technologie-generale-un-temoin-des-savoirs-industriels-de-1961\/123625\/\"},\"wordCount\":641,\"publisher\":{\"@id\":\"https:\/\/territorialchallenges.com\/#organization\"},\"articleSection\":[\"M\u00e9moire\"],\"inLanguage\":\"nl-NL\"},{\"@type\":\"WebPage\",\"@id\":\"https:\/\/territorialchallenges.com\/2024\/12\/11\/laide-memoire-de-technologie-generale-un-temoin-des-savoirs-industriels-de-1961\/123625\/\",\"url\":\"https:\/\/territorialchallenges.com\/2024\/12\/11\/laide-memoire-de-technologie-generale-un-temoin-des-savoirs-industriels-de-1961\/123625\/\",\"name\":\"L\u2019Aide-m\u00e9moire de technologie g\u00e9n\u00e9rale : un t\u00e9moin des savoirs industriels de 1961 - Territorial Challenges\",\"isPartOf\":{\"@id\":\"https:\/\/territorialchallenges.com\/#website\"},\"datePublished\":\"2024-12-11T11:12:39+00:00\",\"dateModified\":\"2024-12-11T11:16:53+00:00\",\"breadcrumb\":{\"@id\":\"https:\/\/territorialchallenges.com\/2024\/12\/11\/laide-memoire-de-technologie-generale-un-temoin-des-savoirs-industriels-de-1961\/123625\/#breadcrumb\"},\"inLanguage\":\"nl-NL\",\"potentialAction\":[{\"@type\":\"ReadAction\",\"target\":[\"https:\/\/territorialchallenges.com\/2024\/12\/11\/laide-memoire-de-technologie-generale-un-temoin-des-savoirs-industriels-de-1961\/123625\/\"]}]},{\"@type\":\"BreadcrumbList\",\"@id\":\"https:\/\/territorialchallenges.com\/2024\/12\/11\/laide-memoire-de-technologie-generale-un-temoin-des-savoirs-industriels-de-1961\/123625\/#breadcrumb\",\"itemListElement\":[{\"@type\":\"ListItem\",\"position\":1,\"name\":\"Home\",\"item\":\"https:\/\/territorialchallenges.com\/\"},{\"@type\":\"ListItem\",\"position\":2,\"name\":\"L\u2019Aide-m\u00e9moire de technologie g\u00e9n\u00e9rale : un t\u00e9moin des savoirs industriels de 1961\"}]},{\"@type\":\"WebSite\",\"@id\":\"https:\/\/territorialchallenges.com\/#website\",\"url\":\"https:\/\/territorialchallenges.com\/\",\"name\":\"Territorial Challenges\",\"description\":\"Veille Internationale - Strat\u00e9gie Intelligentes - Bonnes pratiques\",\"publisher\":{\"@id\":\"https:\/\/territorialchallenges.com\/#organization\"},\"potentialAction\":[{\"@type\":\"SearchAction\",\"target\":{\"@type\":\"EntryPoint\",\"urlTemplate\":\"https:\/\/territorialchallenges.com\/?s={search_term_string}\"},\"query-input\":\"required name=search_term_string\"}],\"inLanguage\":\"nl-NL\"},{\"@type\":\"Organization\",\"@id\":\"https:\/\/territorialchallenges.com\/#organization\",\"name\":\"Territorial Challenges\",\"url\":\"https:\/\/territorialchallenges.com\/\",\"logo\":{\"@type\":\"ImageObject\",\"inLanguage\":\"nl-NL\",\"@id\":\"https:\/\/territorialchallenges.com\/#\/schema\/logo\/image\/\",\"url\":\"https:\/\/territorialchallenges.com\/wp-content\/uploads\/2023\/10\/logo-1.png\",\"contentUrl\":\"https:\/\/territorialchallenges.com\/wp-content\/uploads\/2023\/10\/logo-1.png\",\"width\":1832,\"height\":576,\"caption\":\"Territorial Challenges\"},\"image\":{\"@id\":\"https:\/\/territorialchallenges.com\/#\/schema\/logo\/image\/\"}},{\"@type\":\"Person\",\"@id\":\"https:\/\/territorialchallenges.com\/#\/schema\/person\/098f145c7c61a021c425e010f840080f\",\"name\":\"ni.abdi\",\"image\":{\"@type\":\"ImageObject\",\"inLanguage\":\"nl-NL\",\"@id\":\"https:\/\/territorialchallenges.com\/#\/schema\/person\/image\/\",\"url\":\"https:\/\/secure.gravatar.com\/avatar\/2a2f2491f3c80039986ba989b1e4b510?s=96&d=identicon&r=g\",\"contentUrl\":\"https:\/\/secure.gravatar.com\/avatar\/2a2f2491f3c80039986ba989b1e4b510?s=96&d=identicon&r=g\",\"caption\":\"ni.abdi\"},\"sameAs\":[\"https:\/\/twitter.com\/Ni.abdi\"],\"url\":\"https:\/\/territorialchallenges.com\/nl\/author\/ni-abdi\/\"}]}<\/script>\n<!-- \/ Yoast SEO plugin. -->","yoast_head_json":{"title":"L\u2019Aide-m\u00e9moire de technologie g\u00e9n\u00e9rale : un t\u00e9moin des savoirs industriels de 1961 - Territorial Challenges","robots":{"index":"index","follow":"follow","max-snippet":"max-snippet:-1","max-image-preview":"max-image-preview:large","max-video-preview":"max-video-preview:-1"},"canonical":"https:\/\/territorialchallenges.com\/nl\/2024\/12\/11\/laide-memoire-de-technologie-generale-un-temoin-des-savoirs-industriels-de-1961\/123625\/","og_locale":"nl_NL","og_type":"article","og_title":"L\u2019Aide-m\u00e9moire de technologie g\u00e9n\u00e9rale : un t\u00e9moin des savoirs industriels de 1961 - Territorial Challenges","og_description":"Publi\u00e9 en 1961 par l\u2019\u00c9cole centrale des techniciens de l\u2019\u00e9lectronique, l\u2019Aide-m\u00e9moire de technologie g\u00e9n\u00e9rale est un ouvrage embl\u00e9matique qui synth\u00e9tise les savoirs techniques de son temps. Con\u00e7u pour les professionnels et apprentis, ce manuel illustre la pr\u00e9cision et les m\u00e9thodes n\u00e9cessaires \u00e0 l\u2019usinage, \u00e0 la mesure et au contr\u00f4le industriel. Un t\u00e9moignage fascinant d\u2019une \u00e9poque [&hellip;]","og_url":"https:\/\/territorialchallenges.com\/nl\/2024\/12\/11\/laide-memoire-de-technologie-generale-un-temoin-des-savoirs-industriels-de-1961\/123625\/","og_site_name":"Territorial Challenges","article_published_time":"2024-12-11T11:12:39+00:00","article_modified_time":"2024-12-11T11:16:53+00:00","og_image":[{"width":1024,"height":1260,"url":"https:\/\/territorialchallenges.com\/wp-content\/uploads\/2024\/12\/memoireAide-memoire_de_technologie_generale_Ecole_centrale.jpeg","type":"image\/jpeg"}],"author":"ni.abdi","twitter_card":"summary_large_image","twitter_creator":"@Ni.abdi","twitter_misc":{"Geschreven door":"ni.abdi","Geschatte leestijd":"3 minuten"},"schema":{"@context":"https:\/\/schema.org","@graph":[{"@type":"Article","@id":"https:\/\/territorialchallenges.com\/2024\/12\/11\/laide-memoire-de-technologie-generale-un-temoin-des-savoirs-industriels-de-1961\/123625\/#article","isPartOf":{"@id":"https:\/\/territorialchallenges.com\/2024\/12\/11\/laide-memoire-de-technologie-generale-un-temoin-des-savoirs-industriels-de-1961\/123625\/"},"author":{"name":"ni.abdi","@id":"https:\/\/territorialchallenges.com\/#\/schema\/person\/098f145c7c61a021c425e010f840080f"},"headline":"L\u2019Aide-m\u00e9moire de technologie g\u00e9n\u00e9rale : un t\u00e9moin des savoirs industriels de 1961","datePublished":"2024-12-11T11:12:39+00:00","dateModified":"2024-12-11T11:16:53+00:00","mainEntityOfPage":{"@id":"https:\/\/territorialchallenges.com\/2024\/12\/11\/laide-memoire-de-technologie-generale-un-temoin-des-savoirs-industriels-de-1961\/123625\/"},"wordCount":641,"publisher":{"@id":"https:\/\/territorialchallenges.com\/#organization"},"articleSection":["M\u00e9moire"],"inLanguage":"nl-NL"},{"@type":"WebPage","@id":"https:\/\/territorialchallenges.com\/2024\/12\/11\/laide-memoire-de-technologie-generale-un-temoin-des-savoirs-industriels-de-1961\/123625\/","url":"https:\/\/territorialchallenges.com\/2024\/12\/11\/laide-memoire-de-technologie-generale-un-temoin-des-savoirs-industriels-de-1961\/123625\/","name":"L\u2019Aide-m\u00e9moire de technologie g\u00e9n\u00e9rale : un t\u00e9moin des savoirs industriels de 1961 - Territorial Challenges","isPartOf":{"@id":"https:\/\/territorialchallenges.com\/#website"},"datePublished":"2024-12-11T11:12:39+00:00","dateModified":"2024-12-11T11:16:53+00:00","breadcrumb":{"@id":"https:\/\/territorialchallenges.com\/2024\/12\/11\/laide-memoire-de-technologie-generale-un-temoin-des-savoirs-industriels-de-1961\/123625\/#breadcrumb"},"inLanguage":"nl-NL","potentialAction":[{"@type":"ReadAction","target":["https:\/\/territorialchallenges.com\/2024\/12\/11\/laide-memoire-de-technologie-generale-un-temoin-des-savoirs-industriels-de-1961\/123625\/"]}]},{"@type":"BreadcrumbList","@id":"https:\/\/territorialchallenges.com\/2024\/12\/11\/laide-memoire-de-technologie-generale-un-temoin-des-savoirs-industriels-de-1961\/123625\/#breadcrumb","itemListElement":[{"@type":"ListItem","position":1,"name":"Home","item":"https:\/\/territorialchallenges.com\/"},{"@type":"ListItem","position":2,"name":"L\u2019Aide-m\u00e9moire de technologie g\u00e9n\u00e9rale : un t\u00e9moin des savoirs industriels de 1961"}]},{"@type":"WebSite","@id":"https:\/\/territorialchallenges.com\/#website","url":"https:\/\/territorialchallenges.com\/","name":"Territoriale uitdagingen","description":"Internationale monitoring - Slimme strategie\u00ebn - Beste praktijken","publisher":{"@id":"https:\/\/territorialchallenges.com\/#organization"},"potentialAction":[{"@type":"SearchAction","target":{"@type":"EntryPoint","urlTemplate":"https:\/\/territorialchallenges.com\/?s={search_term_string}"},"query-input":"required name=search_term_string"}],"inLanguage":"nl-NL"},{"@type":"Organization","@id":"https:\/\/territorialchallenges.com\/#organization","name":"Territoriale uitdagingen","url":"https:\/\/territorialchallenges.com\/","logo":{"@type":"ImageObject","inLanguage":"nl-NL","@id":"https:\/\/territorialchallenges.com\/#\/schema\/logo\/image\/","url":"https:\/\/territorialchallenges.com\/wp-content\/uploads\/2023\/10\/logo-1.png","contentUrl":"https:\/\/territorialchallenges.com\/wp-content\/uploads\/2023\/10\/logo-1.png","width":1832,"height":576,"caption":"Territorial Challenges"},"image":{"@id":"https:\/\/territorialchallenges.com\/#\/schema\/logo\/image\/"}},{"@type":"Person","@id":"https:\/\/territorialchallenges.com\/#\/schema\/person\/098f145c7c61a021c425e010f840080f","name":"ni.abdi","image":{"@type":"ImageObject","inLanguage":"nl-NL","@id":"https:\/\/territorialchallenges.com\/#\/schema\/person\/image\/","url":"https:\/\/secure.gravatar.com\/avatar\/2a2f2491f3c80039986ba989b1e4b510?s=96&d=identicon&r=g","contentUrl":"https:\/\/secure.gravatar.com\/avatar\/2a2f2491f3c80039986ba989b1e4b510?s=96&d=identicon&r=g","caption":"ni.abdi"},"sameAs":["https:\/\/twitter.com\/Ni.abdi"],"url":"https:\/\/territorialchallenges.com\/nl\/author\/ni-abdi\/"}]}},"_links":{"self":[{"href":"https:\/\/territorialchallenges.com\/nl\/wp-json\/wp\/v2\/posts\/123625"}],"collection":[{"href":"https:\/\/territorialchallenges.com\/nl\/wp-json\/wp\/v2\/posts"}],"about":[{"href":"https:\/\/territorialchallenges.com\/nl\/wp-json\/wp\/v2\/types\/post"}],"author":[{"embeddable":true,"href":"https:\/\/territorialchallenges.com\/nl\/wp-json\/wp\/v2\/users\/11"}],"replies":[{"embeddable":true,"href":"https:\/\/territorialchallenges.com\/nl\/wp-json\/wp\/v2\/comments?post=123625"}],"version-history":[{"count":2,"href":"https:\/\/territorialchallenges.com\/nl\/wp-json\/wp\/v2\/posts\/123625\/revisions"}],"predecessor-version":[{"id":123629,"href":"https:\/\/territorialchallenges.com\/nl\/wp-json\/wp\/v2\/posts\/123625\/revisions\/123629"}],"wp:featuredmedia":[{"embeddable":true,"href":"https:\/\/territorialchallenges.com\/nl\/wp-json\/wp\/v2\/media\/123626"}],"wp:attachment":[{"href":"https:\/\/territorialchallenges.com\/nl\/wp-json\/wp\/v2\/media?parent=123625"}],"wp:term":[{"taxonomy":"category","embeddable":true,"href":"https:\/\/territorialchallenges.com\/nl\/wp-json\/wp\/v2\/categories?post=123625"},{"taxonomy":"post_tag","embeddable":true,"href":"https:\/\/territorialchallenges.com\/nl\/wp-json\/wp\/v2\/tags?post=123625"}],"curies":[{"name":"wp","href":"https:\/\/api.w.org\/{rel}","templated":true}]}}