{"id":123568,"date":"2024-11-24T13:01:09","date_gmt":"2024-11-24T12:01:09","guid":{"rendered":"https:\/\/territorialchallenges.com\/?p=123568"},"modified":"2024-11-24T13:01:12","modified_gmt":"2024-11-24T12:01:12","slug":"le-sous-groupe-data-for-energy-d4e-un-pas-decisif-vers-la-transition-energetique-europeenne","status":"publish","type":"post","link":"https:\/\/territorialchallenges.com\/nl\/2024\/11\/24\/le-sous-groupe-data-for-energy-d4e-un-pas-decisif-vers-la-transition-energetique-europeenne\/123568\/","title":{"rendered":"De subgroep \u2018Data for Energy\u2019 (D4E): een beslissende stap richting de Europese energietransitie"},"content":{"rendered":"<p>De subgroep Data for Energy (D4E) van de Smart Energy Expert Group van de Europese Commissie heeft haar eerste vergadering gehouden, een cruciale stap in de co\u00f6rdinatie van data-uitwisseling voor de energietransitie. Dit artikel onderzoekt de doelstellingen, uitdagingen en eerste acties van deze groep, die essentieel is voor de\u2026 <\/p>\n<div class=\"pmpro_content_message\">Artikel alleen beschikbaar voor abonnees.<br \/><a href=\"https:\/\/territorialchallenges.com\/wp-login.php\">Login<\/a><br \/><a href=\"https:\/\/territorialchallenges.com\/nl\/wp-login.php\/?action=register\">Register<\/a><\/div>","protected":false},"excerpt":{"rendered":"<p>Le sous-groupe \u00ab Data for Energy \u00bb (D4E) du groupe d\u2019experts sur l\u2019\u00e9nergie intelligente de la Commission europ\u00e9enne a tenu sa premi\u00e8re r\u00e9union, marquant une \u00e9tape cruciale dans la coordination des \u00e9changes de donn\u00e9es pour la transition \u00e9nerg\u00e9tique. Cet article explore les objectifs, les d\u00e9fis et les premi\u00e8res actions de ce groupe, essentiel pour la... <\/p>\n<div class=\"pmpro_content_message\">Artikel alleen beschikbaar voor abonnees.<br \/><a href=\"https:\/\/territorialchallenges.com\/wp-login.php\">Login<\/a><br \/><a href=\"https:\/\/territorialchallenges.com\/nl\/wp-login.php\/?action=register\">Register<\/a><\/div>","protected":false},"author":11,"featured_media":123569,"comment_status":"closed","ping_status":"closed","sticky":true,"template":"","format":"standard","meta":{"pmpro_default_level":0,"footnotes":""},"categories":[18,127],"tags":[],"blocksy_meta":"","yoast_head":"<!-- This site is optimized with the Yoast SEO plugin v21.5 - https:\/\/yoast.com\/wordpress\/plugins\/seo\/ -->\n<title>Le sous-groupe \u00ab Data for Energy \u00bb (D4E) : un pas d\u00e9cisif vers la transition \u00e9nerg\u00e9tique europ\u00e9enne - Territorial Challenges<\/title>\n<meta name=\"robots\" content=\"index, follow, max-snippet:-1, max-image-preview:large, max-video-preview:-1\" \/>\n<link rel=\"canonical\" href=\"https:\/\/territorialchallenges.com\/nl\/2024\/11\/24\/le-sous-groupe-data-for-energy-d4e-un-pas-decisif-vers-la-transition-energetique-europeenne\/123568\/\" \/>\n<meta property=\"og:locale\" content=\"nl_NL\" \/>\n<meta property=\"og:type\" content=\"article\" \/>\n<meta property=\"og:title\" content=\"Le sous-groupe \u00ab Data for Energy \u00bb (D4E) : un pas d\u00e9cisif vers la transition \u00e9nerg\u00e9tique europ\u00e9enne - Territorial Challenges\" \/>\n<meta property=\"og:description\" content=\"Le sous-groupe \u00ab Data for Energy \u00bb (D4E) du groupe d\u2019experts sur l\u2019\u00e9nergie intelligente de la Commission europ\u00e9enne a tenu sa premi\u00e8re r\u00e9union, marquant une \u00e9tape cruciale dans la coordination des \u00e9changes de donn\u00e9es pour la transition \u00e9nerg\u00e9tique. Cet article explore les objectifs, les d\u00e9fis et les premi\u00e8res actions de ce groupe, essentiel pour la [&hellip;]\" \/>\n<meta property=\"og:url\" content=\"https:\/\/territorialchallenges.com\/nl\/2024\/11\/24\/le-sous-groupe-data-for-energy-d4e-un-pas-decisif-vers-la-transition-energetique-europeenne\/123568\/\" \/>\n<meta property=\"og:site_name\" content=\"Territorial Challenges\" \/>\n<meta property=\"article:published_time\" content=\"2024-11-24T12:01:09+00:00\" \/>\n<meta property=\"article:modified_time\" content=\"2024-11-24T12:01:12+00:00\" \/>\n<meta property=\"og:image\" content=\"https:\/\/territorialchallenges.com\/wp-content\/uploads\/2024\/11\/transitionenergetique.jpg\" \/>\n\t<meta property=\"og:image:width\" content=\"712\" \/>\n\t<meta property=\"og:image:height\" content=\"397\" \/>\n\t<meta property=\"og:image:type\" content=\"image\/jpeg\" \/>\n<meta name=\"author\" content=\"ni.abdi\" \/>\n<meta name=\"twitter:card\" content=\"summary_large_image\" \/>\n<meta name=\"twitter:creator\" content=\"@Ni.abdi\" \/>\n<meta name=\"twitter:label1\" content=\"Geschreven door\" \/>\n\t<meta name=\"twitter:data1\" content=\"ni.abdi\" \/>\n\t<meta name=\"twitter:label2\" content=\"Geschatte leestijd\" \/>\n\t<meta name=\"twitter:data2\" content=\"3 minuten\" \/>\n<script type=\"application\/ld+json\" class=\"yoast-schema-graph\">{\"@context\":\"https:\/\/schema.org\",\"@graph\":[{\"@type\":\"Article\",\"@id\":\"https:\/\/territorialchallenges.com\/2024\/11\/24\/le-sous-groupe-data-for-energy-d4e-un-pas-decisif-vers-la-transition-energetique-europeenne\/123568\/#article\",\"isPartOf\":{\"@id\":\"https:\/\/territorialchallenges.com\/2024\/11\/24\/le-sous-groupe-data-for-energy-d4e-un-pas-decisif-vers-la-transition-energetique-europeenne\/123568\/\"},\"author\":{\"name\":\"ni.abdi\",\"@id\":\"https:\/\/territorialchallenges.com\/#\/schema\/person\/098f145c7c61a021c425e010f840080f\"},\"headline\":\"Le sous-groupe \u00ab Data for Energy \u00bb (D4E) : un pas d\u00e9cisif vers la transition \u00e9nerg\u00e9tique europ\u00e9enne\",\"datePublished\":\"2024-11-24T12:01:09+00:00\",\"dateModified\":\"2024-11-24T12:01:12+00:00\",\"mainEntityOfPage\":{\"@id\":\"https:\/\/territorialchallenges.com\/2024\/11\/24\/le-sous-groupe-data-for-energy-d4e-un-pas-decisif-vers-la-transition-energetique-europeenne\/123568\/\"},\"wordCount\":709,\"publisher\":{\"@id\":\"https:\/\/territorialchallenges.com\/#organization\"},\"articleSection\":[\"Transition \u00c9nerg\u00e9tique\",\"Actualit\u00e9 Europe\"],\"inLanguage\":\"nl-NL\"},{\"@type\":\"WebPage\",\"@id\":\"https:\/\/territorialchallenges.com\/2024\/11\/24\/le-sous-groupe-data-for-energy-d4e-un-pas-decisif-vers-la-transition-energetique-europeenne\/123568\/\",\"url\":\"https:\/\/territorialchallenges.com\/2024\/11\/24\/le-sous-groupe-data-for-energy-d4e-un-pas-decisif-vers-la-transition-energetique-europeenne\/123568\/\",\"name\":\"Le sous-groupe \u00ab Data for Energy \u00bb (D4E) : un pas d\u00e9cisif vers la transition \u00e9nerg\u00e9tique europ\u00e9enne - Territorial Challenges\",\"isPartOf\":{\"@id\":\"https:\/\/territorialchallenges.com\/#website\"},\"datePublished\":\"2024-11-24T12:01:09+00:00\",\"dateModified\":\"2024-11-24T12:01:12+00:00\",\"breadcrumb\":{\"@id\":\"https:\/\/territorialchallenges.com\/2024\/11\/24\/le-sous-groupe-data-for-energy-d4e-un-pas-decisif-vers-la-transition-energetique-europeenne\/123568\/#breadcrumb\"},\"inLanguage\":\"nl-NL\",\"potentialAction\":[{\"@type\":\"ReadAction\",\"target\":[\"https:\/\/territorialchallenges.com\/2024\/11\/24\/le-sous-groupe-data-for-energy-d4e-un-pas-decisif-vers-la-transition-energetique-europeenne\/123568\/\"]}]},{\"@type\":\"BreadcrumbList\",\"@id\":\"https:\/\/territorialchallenges.com\/2024\/11\/24\/le-sous-groupe-data-for-energy-d4e-un-pas-decisif-vers-la-transition-energetique-europeenne\/123568\/#breadcrumb\",\"itemListElement\":[{\"@type\":\"ListItem\",\"position\":1,\"name\":\"Home\",\"item\":\"https:\/\/territorialchallenges.com\/\"},{\"@type\":\"ListItem\",\"position\":2,\"name\":\"Le sous-groupe \u00ab Data for Energy \u00bb (D4E) : un pas d\u00e9cisif vers la transition \u00e9nerg\u00e9tique europ\u00e9enne\"}]},{\"@type\":\"WebSite\",\"@id\":\"https:\/\/territorialchallenges.com\/#website\",\"url\":\"https:\/\/territorialchallenges.com\/\",\"name\":\"Territorial Challenges\",\"description\":\"Veille Internationale - Strat\u00e9gie Intelligentes - Bonnes pratiques\",\"publisher\":{\"@id\":\"https:\/\/territorialchallenges.com\/#organization\"},\"potentialAction\":[{\"@type\":\"SearchAction\",\"target\":{\"@type\":\"EntryPoint\",\"urlTemplate\":\"https:\/\/territorialchallenges.com\/?s={search_term_string}\"},\"query-input\":\"required name=search_term_string\"}],\"inLanguage\":\"nl-NL\"},{\"@type\":\"Organization\",\"@id\":\"https:\/\/territorialchallenges.com\/#organization\",\"name\":\"Territorial Challenges\",\"url\":\"https:\/\/territorialchallenges.com\/\",\"logo\":{\"@type\":\"ImageObject\",\"inLanguage\":\"nl-NL\",\"@id\":\"https:\/\/territorialchallenges.com\/#\/schema\/logo\/image\/\",\"url\":\"https:\/\/territorialchallenges.com\/wp-content\/uploads\/2023\/10\/logo-1.png\",\"contentUrl\":\"https:\/\/territorialchallenges.com\/wp-content\/uploads\/2023\/10\/logo-1.png\",\"width\":1832,\"height\":576,\"caption\":\"Territorial Challenges\"},\"image\":{\"@id\":\"https:\/\/territorialchallenges.com\/#\/schema\/logo\/image\/\"}},{\"@type\":\"Person\",\"@id\":\"https:\/\/territorialchallenges.com\/#\/schema\/person\/098f145c7c61a021c425e010f840080f\",\"name\":\"ni.abdi\",\"image\":{\"@type\":\"ImageObject\",\"inLanguage\":\"nl-NL\",\"@id\":\"https:\/\/territorialchallenges.com\/#\/schema\/person\/image\/\",\"url\":\"https:\/\/secure.gravatar.com\/avatar\/2a2f2491f3c80039986ba989b1e4b510?s=96&d=identicon&r=g\",\"contentUrl\":\"https:\/\/secure.gravatar.com\/avatar\/2a2f2491f3c80039986ba989b1e4b510?s=96&d=identicon&r=g\",\"caption\":\"ni.abdi\"},\"sameAs\":[\"https:\/\/twitter.com\/Ni.abdi\"],\"url\":\"https:\/\/territorialchallenges.com\/nl\/author\/ni-abdi\/\"}]}<\/script>\n<!-- \/ Yoast SEO plugin. -->","yoast_head_json":{"title":"Le sous-groupe \u00ab Data for Energy \u00bb (D4E) : un pas d\u00e9cisif vers la transition \u00e9nerg\u00e9tique europ\u00e9enne - Territorial Challenges","robots":{"index":"index","follow":"follow","max-snippet":"max-snippet:-1","max-image-preview":"max-image-preview:large","max-video-preview":"max-video-preview:-1"},"canonical":"https:\/\/territorialchallenges.com\/nl\/2024\/11\/24\/le-sous-groupe-data-for-energy-d4e-un-pas-decisif-vers-la-transition-energetique-europeenne\/123568\/","og_locale":"nl_NL","og_type":"article","og_title":"Le sous-groupe \u00ab Data for Energy \u00bb (D4E) : un pas d\u00e9cisif vers la transition \u00e9nerg\u00e9tique europ\u00e9enne - Territorial Challenges","og_description":"Le sous-groupe \u00ab Data for Energy \u00bb (D4E) du groupe d\u2019experts sur l\u2019\u00e9nergie intelligente de la Commission europ\u00e9enne a tenu sa premi\u00e8re r\u00e9union, marquant une \u00e9tape cruciale dans la coordination des \u00e9changes de donn\u00e9es pour la transition \u00e9nerg\u00e9tique. Cet article explore les objectifs, les d\u00e9fis et les premi\u00e8res actions de ce groupe, essentiel pour la [&hellip;]","og_url":"https:\/\/territorialchallenges.com\/nl\/2024\/11\/24\/le-sous-groupe-data-for-energy-d4e-un-pas-decisif-vers-la-transition-energetique-europeenne\/123568\/","og_site_name":"Territorial Challenges","article_published_time":"2024-11-24T12:01:09+00:00","article_modified_time":"2024-11-24T12:01:12+00:00","og_image":[{"width":712,"height":397,"url":"https:\/\/territorialchallenges.com\/wp-content\/uploads\/2024\/11\/transitionenergetique.jpg","type":"image\/jpeg"}],"author":"ni.abdi","twitter_card":"summary_large_image","twitter_creator":"@Ni.abdi","twitter_misc":{"Geschreven door":"ni.abdi","Geschatte leestijd":"3 minuten"},"schema":{"@context":"https:\/\/schema.org","@graph":[{"@type":"Article","@id":"https:\/\/territorialchallenges.com\/2024\/11\/24\/le-sous-groupe-data-for-energy-d4e-un-pas-decisif-vers-la-transition-energetique-europeenne\/123568\/#article","isPartOf":{"@id":"https:\/\/territorialchallenges.com\/2024\/11\/24\/le-sous-groupe-data-for-energy-d4e-un-pas-decisif-vers-la-transition-energetique-europeenne\/123568\/"},"author":{"name":"ni.abdi","@id":"https:\/\/territorialchallenges.com\/#\/schema\/person\/098f145c7c61a021c425e010f840080f"},"headline":"Le sous-groupe \u00ab Data for Energy \u00bb (D4E) : un pas d\u00e9cisif vers la transition \u00e9nerg\u00e9tique europ\u00e9enne","datePublished":"2024-11-24T12:01:09+00:00","dateModified":"2024-11-24T12:01:12+00:00","mainEntityOfPage":{"@id":"https:\/\/territorialchallenges.com\/2024\/11\/24\/le-sous-groupe-data-for-energy-d4e-un-pas-decisif-vers-la-transition-energetique-europeenne\/123568\/"},"wordCount":709,"publisher":{"@id":"https:\/\/territorialchallenges.com\/#organization"},"articleSection":["Transition \u00c9nerg\u00e9tique","Actualit\u00e9 Europe"],"inLanguage":"nl-NL"},{"@type":"WebPage","@id":"https:\/\/territorialchallenges.com\/2024\/11\/24\/le-sous-groupe-data-for-energy-d4e-un-pas-decisif-vers-la-transition-energetique-europeenne\/123568\/","url":"https:\/\/territorialchallenges.com\/2024\/11\/24\/le-sous-groupe-data-for-energy-d4e-un-pas-decisif-vers-la-transition-energetique-europeenne\/123568\/","name":"Le sous-groupe \u00ab Data for Energy \u00bb (D4E) : un pas d\u00e9cisif vers la transition \u00e9nerg\u00e9tique europ\u00e9enne - Territorial Challenges","isPartOf":{"@id":"https:\/\/territorialchallenges.com\/#website"},"datePublished":"2024-11-24T12:01:09+00:00","dateModified":"2024-11-24T12:01:12+00:00","breadcrumb":{"@id":"https:\/\/territorialchallenges.com\/2024\/11\/24\/le-sous-groupe-data-for-energy-d4e-un-pas-decisif-vers-la-transition-energetique-europeenne\/123568\/#breadcrumb"},"inLanguage":"nl-NL","potentialAction":[{"@type":"ReadAction","target":["https:\/\/territorialchallenges.com\/2024\/11\/24\/le-sous-groupe-data-for-energy-d4e-un-pas-decisif-vers-la-transition-energetique-europeenne\/123568\/"]}]},{"@type":"BreadcrumbList","@id":"https:\/\/territorialchallenges.com\/2024\/11\/24\/le-sous-groupe-data-for-energy-d4e-un-pas-decisif-vers-la-transition-energetique-europeenne\/123568\/#breadcrumb","itemListElement":[{"@type":"ListItem","position":1,"name":"Home","item":"https:\/\/territorialchallenges.com\/"},{"@type":"ListItem","position":2,"name":"Le sous-groupe \u00ab Data for Energy \u00bb (D4E) : un pas d\u00e9cisif vers la transition \u00e9nerg\u00e9tique europ\u00e9enne"}]},{"@type":"WebSite","@id":"https:\/\/territorialchallenges.com\/#website","url":"https:\/\/territorialchallenges.com\/","name":"Territoriale uitdagingen","description":"Internationale monitoring - Slimme strategie\u00ebn - Beste praktijken","publisher":{"@id":"https:\/\/territorialchallenges.com\/#organization"},"potentialAction":[{"@type":"SearchAction","target":{"@type":"EntryPoint","urlTemplate":"https:\/\/territorialchallenges.com\/?s={search_term_string}"},"query-input":"required name=search_term_string"}],"inLanguage":"nl-NL"},{"@type":"Organization","@id":"https:\/\/territorialchallenges.com\/#organization","name":"Territoriale uitdagingen","url":"https:\/\/territorialchallenges.com\/","logo":{"@type":"ImageObject","inLanguage":"nl-NL","@id":"https:\/\/territorialchallenges.com\/#\/schema\/logo\/image\/","url":"https:\/\/territorialchallenges.com\/wp-content\/uploads\/2023\/10\/logo-1.png","contentUrl":"https:\/\/territorialchallenges.com\/wp-content\/uploads\/2023\/10\/logo-1.png","width":1832,"height":576,"caption":"Territorial Challenges"},"image":{"@id":"https:\/\/territorialchallenges.com\/#\/schema\/logo\/image\/"}},{"@type":"Person","@id":"https:\/\/territorialchallenges.com\/#\/schema\/person\/098f145c7c61a021c425e010f840080f","name":"ni.abdi","image":{"@type":"ImageObject","inLanguage":"nl-NL","@id":"https:\/\/territorialchallenges.com\/#\/schema\/person\/image\/","url":"https:\/\/secure.gravatar.com\/avatar\/2a2f2491f3c80039986ba989b1e4b510?s=96&d=identicon&r=g","contentUrl":"https:\/\/secure.gravatar.com\/avatar\/2a2f2491f3c80039986ba989b1e4b510?s=96&d=identicon&r=g","caption":"ni.abdi"},"sameAs":["https:\/\/twitter.com\/Ni.abdi"],"url":"https:\/\/territorialchallenges.com\/nl\/author\/ni-abdi\/"}]}},"_links":{"self":[{"href":"https:\/\/territorialchallenges.com\/nl\/wp-json\/wp\/v2\/posts\/123568"}],"collection":[{"href":"https:\/\/territorialchallenges.com\/nl\/wp-json\/wp\/v2\/posts"}],"about":[{"href":"https:\/\/territorialchallenges.com\/nl\/wp-json\/wp\/v2\/types\/post"}],"author":[{"embeddable":true,"href":"https:\/\/territorialchallenges.com\/nl\/wp-json\/wp\/v2\/users\/11"}],"replies":[{"embeddable":true,"href":"https:\/\/territorialchallenges.com\/nl\/wp-json\/wp\/v2\/comments?post=123568"}],"version-history":[{"count":1,"href":"https:\/\/territorialchallenges.com\/nl\/wp-json\/wp\/v2\/posts\/123568\/revisions"}],"predecessor-version":[{"id":123570,"href":"https:\/\/territorialchallenges.com\/nl\/wp-json\/wp\/v2\/posts\/123568\/revisions\/123570"}],"wp:featuredmedia":[{"embeddable":true,"href":"https:\/\/territorialchallenges.com\/nl\/wp-json\/wp\/v2\/media\/123569"}],"wp:attachment":[{"href":"https:\/\/territorialchallenges.com\/nl\/wp-json\/wp\/v2\/media?parent=123568"}],"wp:term":[{"taxonomy":"category","embeddable":true,"href":"https:\/\/territorialchallenges.com\/nl\/wp-json\/wp\/v2\/categories?post=123568"},{"taxonomy":"post_tag","embeddable":true,"href":"https:\/\/territorialchallenges.com\/nl\/wp-json\/wp\/v2\/tags?post=123568"}],"curies":[{"name":"wp","href":"https:\/\/api.w.org\/{rel}","templated":true}]}}