{"id":123554,"date":"2024-11-14T18:12:00","date_gmt":"2024-11-14T17:12:00","guid":{"rendered":"https:\/\/territorialchallenges.com\/?p=123554"},"modified":"2024-11-14T18:12:03","modified_gmt":"2024-11-14T17:12:03","slug":"lutilisation-des-technologies-numeriques-dans-la-reduction-des-risques-et-catastrophes-climatiques","status":"publish","type":"post","link":"https:\/\/territorialchallenges.com\/nl\/2024\/11\/14\/lutilisation-des-technologies-numeriques-dans-la-reduction-des-risques-et-catastrophes-climatiques\/123554\/","title":{"rendered":"Het gebruik van digitale technologie\u00ebn bij het verminderen van klimaatrisico&#039;s en rampen"},"content":{"rendered":"<p>De overstromingen die Valencia, Spanje en Midden-Europese landen deze herfst troffen, hebben opnieuw de dringende noodzaak onderstreept van digitale technologie\u00ebn om klimaatcrises te voorkomen en te anticiperen. Deze tragische gebeurtenissen onderstrepen de noodzaak van aanhoudende collectieve actie en het benutten van opkomende technologie\u00ebn om\u2026 <\/p>\n<div class=\"pmpro_content_message\">Artikel alleen beschikbaar voor abonnees.<br \/><a href=\"https:\/\/territorialchallenges.com\/wp-login.php\">Login<\/a><br \/><a href=\"https:\/\/territorialchallenges.com\/nl\/wp-login.php\/?action=register\">Register<\/a><\/div>","protected":false},"excerpt":{"rendered":"<p>Les inondations qui ont frapp\u00e9 Valence en Espagne et les pays d&rsquo;Europe Centrale cet automne 2024 ont une fois de plus mis en lumi\u00e8re l&rsquo;urgence de d\u00e9velopper des technologies num\u00e9riques pour pr\u00e9venir et anticiper les crises climatiques. Ces \u00e9v\u00e9nements tragiques soulignent la n\u00e9cessit\u00e9 d&rsquo;une action collective soutenue et de l&rsquo;exploitation des technologies \u00e9mergentes pour am\u00e9liorer... <\/p>\n<div class=\"pmpro_content_message\">Artikel alleen beschikbaar voor abonnees.<br \/><a href=\"https:\/\/territorialchallenges.com\/wp-login.php\">Login<\/a><br \/><a href=\"https:\/\/territorialchallenges.com\/nl\/wp-login.php\/?action=register\">Register<\/a><\/div>","protected":false},"author":11,"featured_media":123555,"comment_status":"closed","ping_status":"closed","sticky":true,"template":"","format":"standard","meta":{"pmpro_default_level":0,"footnotes":""},"categories":[130,117],"tags":[],"blocksy_meta":"","yoast_head":"<!-- This site is optimized with the Yoast SEO plugin v21.5 - https:\/\/yoast.com\/wordpress\/plugins\/seo\/ -->\n<title>L&#039;utilisation des technologies num\u00e9riques dans la r\u00e9duction des risques et catastrophes climatiques - Territorial Challenges<\/title>\n<meta name=\"robots\" content=\"index, follow, max-snippet:-1, max-image-preview:large, max-video-preview:-1\" \/>\n<link rel=\"canonical\" href=\"https:\/\/territorialchallenges.com\/nl\/2024\/11\/14\/lutilisation-des-technologies-numeriques-dans-la-reduction-des-risques-et-catastrophes-climatiques\/123554\/\" \/>\n<meta property=\"og:locale\" content=\"nl_NL\" \/>\n<meta property=\"og:type\" content=\"article\" \/>\n<meta property=\"og:title\" content=\"L&#039;utilisation des technologies num\u00e9riques dans la r\u00e9duction des risques et catastrophes climatiques - Territorial Challenges\" \/>\n<meta property=\"og:description\" content=\"Les inondations qui ont frapp\u00e9 Valence en Espagne et les pays d&rsquo;Europe Centrale cet automne 2024 ont une fois de plus mis en lumi\u00e8re l&rsquo;urgence de d\u00e9velopper des technologies num\u00e9riques pour pr\u00e9venir et anticiper les crises climatiques. Ces \u00e9v\u00e9nements tragiques soulignent la n\u00e9cessit\u00e9 d&rsquo;une action collective soutenue et de l&rsquo;exploitation des technologies \u00e9mergentes pour am\u00e9liorer [&hellip;]\" \/>\n<meta property=\"og:url\" content=\"https:\/\/territorialchallenges.com\/nl\/2024\/11\/14\/lutilisation-des-technologies-numeriques-dans-la-reduction-des-risques-et-catastrophes-climatiques\/123554\/\" \/>\n<meta property=\"og:site_name\" content=\"Territorial Challenges\" \/>\n<meta property=\"article:published_time\" content=\"2024-11-14T17:12:00+00:00\" \/>\n<meta property=\"article:modified_time\" content=\"2024-11-14T17:12:03+00:00\" \/>\n<meta property=\"og:image\" content=\"https:\/\/territorialchallenges.com\/wp-content\/uploads\/2024\/11\/reflexionfaiteimage.jpg\" \/>\n\t<meta property=\"og:image:width\" content=\"1280\" \/>\n\t<meta property=\"og:image:height\" content=\"853\" \/>\n\t<meta property=\"og:image:type\" content=\"image\/jpeg\" \/>\n<meta name=\"author\" content=\"ni.abdi\" \/>\n<meta name=\"twitter:card\" content=\"summary_large_image\" \/>\n<meta name=\"twitter:creator\" content=\"@Ni.abdi\" \/>\n<meta name=\"twitter:label1\" content=\"Geschreven door\" \/>\n\t<meta name=\"twitter:data1\" content=\"ni.abdi\" \/>\n\t<meta name=\"twitter:label2\" content=\"Geschatte leestijd\" \/>\n\t<meta name=\"twitter:data2\" content=\"5 minuten\" \/>\n<script type=\"application\/ld+json\" class=\"yoast-schema-graph\">{\"@context\":\"https:\/\/schema.org\",\"@graph\":[{\"@type\":\"Article\",\"@id\":\"https:\/\/territorialchallenges.com\/2024\/11\/14\/lutilisation-des-technologies-numeriques-dans-la-reduction-des-risques-et-catastrophes-climatiques\/123554\/#article\",\"isPartOf\":{\"@id\":\"https:\/\/territorialchallenges.com\/2024\/11\/14\/lutilisation-des-technologies-numeriques-dans-la-reduction-des-risques-et-catastrophes-climatiques\/123554\/\"},\"author\":{\"name\":\"ni.abdi\",\"@id\":\"https:\/\/territorialchallenges.com\/#\/schema\/person\/098f145c7c61a021c425e010f840080f\"},\"headline\":\"L&rsquo;utilisation des technologies num\u00e9riques dans la r\u00e9duction des risques et catastrophes climatiques\",\"datePublished\":\"2024-11-14T17:12:00+00:00\",\"dateModified\":\"2024-11-14T17:12:03+00:00\",\"mainEntityOfPage\":{\"@id\":\"https:\/\/territorialchallenges.com\/2024\/11\/14\/lutilisation-des-technologies-numeriques-dans-la-reduction-des-risques-et-catastrophes-climatiques\/123554\/\"},\"wordCount\":981,\"publisher\":{\"@id\":\"https:\/\/territorialchallenges.com\/#organization\"},\"articleSection\":[\"R\u00e9flexion faite\",\"\u00c9cosyst\u00e8me\"],\"inLanguage\":\"nl-NL\"},{\"@type\":\"WebPage\",\"@id\":\"https:\/\/territorialchallenges.com\/2024\/11\/14\/lutilisation-des-technologies-numeriques-dans-la-reduction-des-risques-et-catastrophes-climatiques\/123554\/\",\"url\":\"https:\/\/territorialchallenges.com\/2024\/11\/14\/lutilisation-des-technologies-numeriques-dans-la-reduction-des-risques-et-catastrophes-climatiques\/123554\/\",\"name\":\"L'utilisation des technologies num\u00e9riques dans la r\u00e9duction des risques et catastrophes climatiques - Territorial Challenges\",\"isPartOf\":{\"@id\":\"https:\/\/territorialchallenges.com\/#website\"},\"datePublished\":\"2024-11-14T17:12:00+00:00\",\"dateModified\":\"2024-11-14T17:12:03+00:00\",\"breadcrumb\":{\"@id\":\"https:\/\/territorialchallenges.com\/2024\/11\/14\/lutilisation-des-technologies-numeriques-dans-la-reduction-des-risques-et-catastrophes-climatiques\/123554\/#breadcrumb\"},\"inLanguage\":\"nl-NL\",\"potentialAction\":[{\"@type\":\"ReadAction\",\"target\":[\"https:\/\/territorialchallenges.com\/2024\/11\/14\/lutilisation-des-technologies-numeriques-dans-la-reduction-des-risques-et-catastrophes-climatiques\/123554\/\"]}]},{\"@type\":\"BreadcrumbList\",\"@id\":\"https:\/\/territorialchallenges.com\/2024\/11\/14\/lutilisation-des-technologies-numeriques-dans-la-reduction-des-risques-et-catastrophes-climatiques\/123554\/#breadcrumb\",\"itemListElement\":[{\"@type\":\"ListItem\",\"position\":1,\"name\":\"Home\",\"item\":\"https:\/\/territorialchallenges.com\/\"},{\"@type\":\"ListItem\",\"position\":2,\"name\":\"L&rsquo;utilisation des technologies num\u00e9riques dans la r\u00e9duction des risques et catastrophes climatiques\"}]},{\"@type\":\"WebSite\",\"@id\":\"https:\/\/territorialchallenges.com\/#website\",\"url\":\"https:\/\/territorialchallenges.com\/\",\"name\":\"Territorial Challenges\",\"description\":\"Veille Internationale - Strat\u00e9gie Intelligentes - Bonnes pratiques\",\"publisher\":{\"@id\":\"https:\/\/territorialchallenges.com\/#organization\"},\"potentialAction\":[{\"@type\":\"SearchAction\",\"target\":{\"@type\":\"EntryPoint\",\"urlTemplate\":\"https:\/\/territorialchallenges.com\/?s={search_term_string}\"},\"query-input\":\"required name=search_term_string\"}],\"inLanguage\":\"nl-NL\"},{\"@type\":\"Organization\",\"@id\":\"https:\/\/territorialchallenges.com\/#organization\",\"name\":\"Territorial Challenges\",\"url\":\"https:\/\/territorialchallenges.com\/\",\"logo\":{\"@type\":\"ImageObject\",\"inLanguage\":\"nl-NL\",\"@id\":\"https:\/\/territorialchallenges.com\/#\/schema\/logo\/image\/\",\"url\":\"https:\/\/territorialchallenges.com\/wp-content\/uploads\/2023\/10\/logo-1.png\",\"contentUrl\":\"https:\/\/territorialchallenges.com\/wp-content\/uploads\/2023\/10\/logo-1.png\",\"width\":1832,\"height\":576,\"caption\":\"Territorial Challenges\"},\"image\":{\"@id\":\"https:\/\/territorialchallenges.com\/#\/schema\/logo\/image\/\"}},{\"@type\":\"Person\",\"@id\":\"https:\/\/territorialchallenges.com\/#\/schema\/person\/098f145c7c61a021c425e010f840080f\",\"name\":\"ni.abdi\",\"image\":{\"@type\":\"ImageObject\",\"inLanguage\":\"nl-NL\",\"@id\":\"https:\/\/territorialchallenges.com\/#\/schema\/person\/image\/\",\"url\":\"https:\/\/secure.gravatar.com\/avatar\/2a2f2491f3c80039986ba989b1e4b510?s=96&d=identicon&r=g\",\"contentUrl\":\"https:\/\/secure.gravatar.com\/avatar\/2a2f2491f3c80039986ba989b1e4b510?s=96&d=identicon&r=g\",\"caption\":\"ni.abdi\"},\"sameAs\":[\"https:\/\/twitter.com\/Ni.abdi\"],\"url\":\"https:\/\/territorialchallenges.com\/nl\/author\/ni-abdi\/\"}]}<\/script>\n<!-- \/ Yoast SEO plugin. -->","yoast_head_json":{"title":"L'utilisation des technologies num\u00e9riques dans la r\u00e9duction des risques et catastrophes climatiques - Territorial Challenges","robots":{"index":"index","follow":"follow","max-snippet":"max-snippet:-1","max-image-preview":"max-image-preview:large","max-video-preview":"max-video-preview:-1"},"canonical":"https:\/\/territorialchallenges.com\/nl\/2024\/11\/14\/lutilisation-des-technologies-numeriques-dans-la-reduction-des-risques-et-catastrophes-climatiques\/123554\/","og_locale":"nl_NL","og_type":"article","og_title":"L'utilisation des technologies num\u00e9riques dans la r\u00e9duction des risques et catastrophes climatiques - Territorial Challenges","og_description":"Les inondations qui ont frapp\u00e9 Valence en Espagne et les pays d&rsquo;Europe Centrale cet automne 2024 ont une fois de plus mis en lumi\u00e8re l&rsquo;urgence de d\u00e9velopper des technologies num\u00e9riques pour pr\u00e9venir et anticiper les crises climatiques. Ces \u00e9v\u00e9nements tragiques soulignent la n\u00e9cessit\u00e9 d&rsquo;une action collective soutenue et de l&rsquo;exploitation des technologies \u00e9mergentes pour am\u00e9liorer [&hellip;]","og_url":"https:\/\/territorialchallenges.com\/nl\/2024\/11\/14\/lutilisation-des-technologies-numeriques-dans-la-reduction-des-risques-et-catastrophes-climatiques\/123554\/","og_site_name":"Territorial Challenges","article_published_time":"2024-11-14T17:12:00+00:00","article_modified_time":"2024-11-14T17:12:03+00:00","og_image":[{"width":1280,"height":853,"url":"https:\/\/territorialchallenges.com\/wp-content\/uploads\/2024\/11\/reflexionfaiteimage.jpg","type":"image\/jpeg"}],"author":"ni.abdi","twitter_card":"summary_large_image","twitter_creator":"@Ni.abdi","twitter_misc":{"Geschreven door":"ni.abdi","Geschatte leestijd":"5 minuten"},"schema":{"@context":"https:\/\/schema.org","@graph":[{"@type":"Article","@id":"https:\/\/territorialchallenges.com\/2024\/11\/14\/lutilisation-des-technologies-numeriques-dans-la-reduction-des-risques-et-catastrophes-climatiques\/123554\/#article","isPartOf":{"@id":"https:\/\/territorialchallenges.com\/2024\/11\/14\/lutilisation-des-technologies-numeriques-dans-la-reduction-des-risques-et-catastrophes-climatiques\/123554\/"},"author":{"name":"ni.abdi","@id":"https:\/\/territorialchallenges.com\/#\/schema\/person\/098f145c7c61a021c425e010f840080f"},"headline":"L&rsquo;utilisation des technologies num\u00e9riques dans la r\u00e9duction des risques et catastrophes climatiques","datePublished":"2024-11-14T17:12:00+00:00","dateModified":"2024-11-14T17:12:03+00:00","mainEntityOfPage":{"@id":"https:\/\/territorialchallenges.com\/2024\/11\/14\/lutilisation-des-technologies-numeriques-dans-la-reduction-des-risques-et-catastrophes-climatiques\/123554\/"},"wordCount":981,"publisher":{"@id":"https:\/\/territorialchallenges.com\/#organization"},"articleSection":["R\u00e9flexion faite","\u00c9cosyst\u00e8me"],"inLanguage":"nl-NL"},{"@type":"WebPage","@id":"https:\/\/territorialchallenges.com\/2024\/11\/14\/lutilisation-des-technologies-numeriques-dans-la-reduction-des-risques-et-catastrophes-climatiques\/123554\/","url":"https:\/\/territorialchallenges.com\/2024\/11\/14\/lutilisation-des-technologies-numeriques-dans-la-reduction-des-risques-et-catastrophes-climatiques\/123554\/","name":"L'utilisation des technologies num\u00e9riques dans la r\u00e9duction des risques et catastrophes climatiques - Territorial Challenges","isPartOf":{"@id":"https:\/\/territorialchallenges.com\/#website"},"datePublished":"2024-11-14T17:12:00+00:00","dateModified":"2024-11-14T17:12:03+00:00","breadcrumb":{"@id":"https:\/\/territorialchallenges.com\/2024\/11\/14\/lutilisation-des-technologies-numeriques-dans-la-reduction-des-risques-et-catastrophes-climatiques\/123554\/#breadcrumb"},"inLanguage":"nl-NL","potentialAction":[{"@type":"ReadAction","target":["https:\/\/territorialchallenges.com\/2024\/11\/14\/lutilisation-des-technologies-numeriques-dans-la-reduction-des-risques-et-catastrophes-climatiques\/123554\/"]}]},{"@type":"BreadcrumbList","@id":"https:\/\/territorialchallenges.com\/2024\/11\/14\/lutilisation-des-technologies-numeriques-dans-la-reduction-des-risques-et-catastrophes-climatiques\/123554\/#breadcrumb","itemListElement":[{"@type":"ListItem","position":1,"name":"Home","item":"https:\/\/territorialchallenges.com\/"},{"@type":"ListItem","position":2,"name":"L&rsquo;utilisation des technologies num\u00e9riques dans la r\u00e9duction des risques et catastrophes climatiques"}]},{"@type":"WebSite","@id":"https:\/\/territorialchallenges.com\/#website","url":"https:\/\/territorialchallenges.com\/","name":"Territoriale uitdagingen","description":"Internationale monitoring - Slimme strategie\u00ebn - Beste praktijken","publisher":{"@id":"https:\/\/territorialchallenges.com\/#organization"},"potentialAction":[{"@type":"SearchAction","target":{"@type":"EntryPoint","urlTemplate":"https:\/\/territorialchallenges.com\/?s={search_term_string}"},"query-input":"required name=search_term_string"}],"inLanguage":"nl-NL"},{"@type":"Organization","@id":"https:\/\/territorialchallenges.com\/#organization","name":"Territoriale uitdagingen","url":"https:\/\/territorialchallenges.com\/","logo":{"@type":"ImageObject","inLanguage":"nl-NL","@id":"https:\/\/territorialchallenges.com\/#\/schema\/logo\/image\/","url":"https:\/\/territorialchallenges.com\/wp-content\/uploads\/2023\/10\/logo-1.png","contentUrl":"https:\/\/territorialchallenges.com\/wp-content\/uploads\/2023\/10\/logo-1.png","width":1832,"height":576,"caption":"Territorial Challenges"},"image":{"@id":"https:\/\/territorialchallenges.com\/#\/schema\/logo\/image\/"}},{"@type":"Person","@id":"https:\/\/territorialchallenges.com\/#\/schema\/person\/098f145c7c61a021c425e010f840080f","name":"ni.abdi","image":{"@type":"ImageObject","inLanguage":"nl-NL","@id":"https:\/\/territorialchallenges.com\/#\/schema\/person\/image\/","url":"https:\/\/secure.gravatar.com\/avatar\/2a2f2491f3c80039986ba989b1e4b510?s=96&d=identicon&r=g","contentUrl":"https:\/\/secure.gravatar.com\/avatar\/2a2f2491f3c80039986ba989b1e4b510?s=96&d=identicon&r=g","caption":"ni.abdi"},"sameAs":["https:\/\/twitter.com\/Ni.abdi"],"url":"https:\/\/territorialchallenges.com\/nl\/author\/ni-abdi\/"}]}},"_links":{"self":[{"href":"https:\/\/territorialchallenges.com\/nl\/wp-json\/wp\/v2\/posts\/123554"}],"collection":[{"href":"https:\/\/territorialchallenges.com\/nl\/wp-json\/wp\/v2\/posts"}],"about":[{"href":"https:\/\/territorialchallenges.com\/nl\/wp-json\/wp\/v2\/types\/post"}],"author":[{"embeddable":true,"href":"https:\/\/territorialchallenges.com\/nl\/wp-json\/wp\/v2\/users\/11"}],"replies":[{"embeddable":true,"href":"https:\/\/territorialchallenges.com\/nl\/wp-json\/wp\/v2\/comments?post=123554"}],"version-history":[{"count":1,"href":"https:\/\/territorialchallenges.com\/nl\/wp-json\/wp\/v2\/posts\/123554\/revisions"}],"predecessor-version":[{"id":123556,"href":"https:\/\/territorialchallenges.com\/nl\/wp-json\/wp\/v2\/posts\/123554\/revisions\/123556"}],"wp:featuredmedia":[{"embeddable":true,"href":"https:\/\/territorialchallenges.com\/nl\/wp-json\/wp\/v2\/media\/123555"}],"wp:attachment":[{"href":"https:\/\/territorialchallenges.com\/nl\/wp-json\/wp\/v2\/media?parent=123554"}],"wp:term":[{"taxonomy":"category","embeddable":true,"href":"https:\/\/territorialchallenges.com\/nl\/wp-json\/wp\/v2\/categories?post=123554"},{"taxonomy":"post_tag","embeddable":true,"href":"https:\/\/territorialchallenges.com\/nl\/wp-json\/wp\/v2\/tags?post=123554"}],"curies":[{"name":"wp","href":"https:\/\/api.w.org\/{rel}","templated":true}]}}